{"id":109639,"date":"2023-11-15T14:25:09","date_gmt":"2023-11-15T13:25:09","guid":{"rendered":"https:\/\/batijournal.com\/?p=109639"},"modified":"2023-11-15T14:25:09","modified_gmt":"2023-11-15T13:25:09","slug":"corinne-belier-prend-la-direction-du-laboratoire-de-recherche-des-monuments-historiques","status":"publish","type":"post","link":"https:\/\/batijournal.com\/index.php\/corinne-belier-prend-la-direction-du-laboratoire-de-recherche-des-monuments-historiques\/109639\/","title":{"rendered":"Corinne B\u00e9lier prend la direction du Laboratoire de recherche des monuments historiques"},"content":{"rendered":"<p>Corinne B\u00e9lier, conservatrice g\u00e9n\u00e9rale du patrimoine, a pris la direction du Laboratoire de recherche des monuments historiques depuis le 1er novembre 2023. Elle succ\u00e8de \u00e0 Aline Magnien, conservatrice g\u00e9n\u00e9rale du patrimoine, qui vient de faire valoir ses droits \u00e0 la retraite.<\/p>\n<p>Dipl\u00f4m\u00e9e d\u2019HEC et titulaire d\u2019un DEA en histoire de l\u2019architecture (Paris I Panth\u00e9on-Sorbonne), Corinne B\u00e9lier a int\u00e9gr\u00e9 l\u2019Institut national du patrimoine en 1993 dans le corps des conservateurs du patrimoine, sp\u00e9cialit\u00e9 monuments historiques. En 1995, elle a rejoint la direction r\u00e9gionale des affaires culturelles d\u2019\u00cele-de-France en tant que conservatrice r\u00e9gionale adjointe des monuments historiques. \u00c0 partir de 1999, membre de l\u2019\u00e9quipe de pr\u00e9figuration de l\u2019actuelle Cit\u00e9 de l\u2019Architecture et du Patrimoine (CAPA), elle a port\u00e9 la cr\u00e9ation de la Galerie d\u2019architecture moderne et contemporaine. Responsable de cette galerie entre 2007 et 2014, Corinne B\u00e9lier dirigeait depuis lors le d\u00e9partement des Collections et le mus\u00e9e des Monuments fran\u00e7ais de la CAPA.<\/p>\n<p>Corinne B\u00e9lier pourra s\u2019appuyer dans ses nouvelles fonctions sur une exp\u00e9rience confirm\u00e9e de conduite de projets complexes et de direction de services scientifiques et mus\u00e9aux aux enjeux patrimoniaux majeurs autant que sur un r\u00e9seau et sur une expertise scientifique approfondie, qu\u2019elle a d\u00e9velopp\u00e9s en qualit\u00e9 de commissaire de nombreuses expositions et de membre de plusieurs conseils scientifiques dans le domaine du patrimoine et de l\u2019architecture, en France et \u00e0 l\u2019\u00e9tranger. Elle aura notamment la responsabilit\u00e9 d\u2019accompagner au plan scientifique la fin de la restauration de la cath\u00e9drale Notre-Dame de Paris, d\u2019engager le LRMH dans des programmes de recherche sur les mat\u00e9riaux en lien avec le changement climatique et de suivre les travaux d\u2019extension et de modernisation des locaux du LRMH.<\/p>\n<p><a href=\"https:\/\/www.lrmh.fr\">https:\/\/www.lrmh.fr<\/a><\/p>\n<p>&nbsp;<\/p>\n","protected":false},"excerpt":{"rendered":"<p>Corinne B\u00e9lier, conservatrice g\u00e9n\u00e9rale du patrimoine, a pris la direction du Laboratoire de recherche des monuments historiques depuis le 1er novembre 2023. Elle succ\u00e8de \u00e0 Aline Magnien, conservatrice g\u00e9n\u00e9rale du patrimoine, qui vient de faire valoir ses droits \u00e0 la retraite. Dipl\u00f4m\u00e9e d\u2019HEC et titulaire d\u2019un DEA en histoire de l\u2019architecture (Paris I Panth\u00e9on-Sorbonne), Corinne [&hellip;]<\/p>\n","protected":false},"author":17,"featured_media":109640,"comment_status":"closed","ping_status":"closed","sticky":false,"template":"","format":"standard","meta":{"_et_pb_use_builder":"","_et_pb_old_content":"","_et_gb_content_width":"","footnotes":""},"categories":[10530,6362,10789,10785],"tags":[13192,13191],"class_list":["post-109639","post","type-post","status-publish","format-standard","has-post-thumbnail","hentry","category-actualites","category-services-equipements","category-publications-atrium","category-atrium","tag-laboratoire-de-recherche-des-monuments-historiques","tag-lrmh"],"yoast_head":"<!-- This site is optimized with the Yoast SEO plugin v27.4 - https:\/\/yoast.com\/product\/yoast-seo-wordpress\/ -->\n<title>Corinne B\u00e9lier prend la direction du Laboratoire de recherche des monuments historiques<\/title>\n<meta name=\"robots\" content=\"index, follow, max-snippet:-1, max-image-preview:large, max-video-preview:-1\" \/>\n<link rel=\"canonical\" href=\"https:\/\/batijournal.com\/index.php\/corinne-belier-prend-la-direction-du-laboratoire-de-recherche-des-monuments-historiques\/109639\/\" \/>\n<meta property=\"og:locale\" content=\"fr_FR\" \/>\n<meta property=\"og:type\" content=\"article\" \/>\n<meta property=\"og:title\" content=\"Corinne B\u00e9lier prend la direction du Laboratoire de recherche des monuments historiques\" \/>\n<meta property=\"og:description\" content=\"Corinne B\u00e9lier, conservatrice g\u00e9n\u00e9rale du patrimoine, a pris la direction du Laboratoire de recherche des monuments historiques depuis le 1er novembre 2023. Elle succ\u00e8de \u00e0 Aline Magnien, conservatrice g\u00e9n\u00e9rale du patrimoine, qui vient de faire valoir ses droits \u00e0 la retraite. Dipl\u00f4m\u00e9e d\u2019HEC et titulaire d\u2019un DEA en histoire de l\u2019architecture (Paris I Panth\u00e9on-Sorbonne), Corinne [&hellip;]\" \/>\n<meta property=\"og:url\" content=\"https:\/\/batijournal.com\/index.php\/corinne-belier-prend-la-direction-du-laboratoire-de-recherche-des-monuments-historiques\/109639\/\" \/>\n<meta property=\"og:site_name\" content=\"Batijournal\" \/>\n<meta property=\"article:published_time\" content=\"2023-11-15T13:25:09+00:00\" \/>\n<meta property=\"og:image\" content=\"https:\/\/batijournal.com\/wp-content\/uploads\/2023\/11\/LRMH.png\" \/>\n\t<meta property=\"og:image:width\" content=\"835\" \/>\n\t<meta property=\"og:image:height\" content=\"515\" \/>\n\t<meta property=\"og:image:type\" content=\"image\/png\" \/>\n<meta name=\"author\" content=\"St\u00e9phane Miget\" \/>\n<meta name=\"twitter:card\" content=\"summary_large_image\" \/>\n<meta name=\"twitter:creator\" content=\"@bati_journal\" \/>\n<meta name=\"twitter:site\" content=\"@bati_journal\" \/>\n<meta name=\"twitter:label1\" content=\"\u00c9crit par\" \/>\n\t<meta name=\"twitter:data1\" content=\"St\u00e9phane Miget\" \/>\n\t<meta name=\"twitter:label2\" content=\"Dur\u00e9e de lecture estim\u00e9e\" \/>\n\t<meta name=\"twitter:data2\" content=\"2 minutes\" \/>\n<script type=\"application\/ld+json\" class=\"yoast-schema-graph\">{\"@context\":\"https:\\\/\\\/schema.org\",\"@graph\":[{\"@type\":\"Article\",\"@id\":\"https:\\\/\\\/batijournal.com\\\/index.php\\\/corinne-belier-prend-la-direction-du-laboratoire-de-recherche-des-monuments-historiques\\\/109639\\\/#article\",\"isPartOf\":{\"@id\":\"https:\\\/\\\/batijournal.com\\\/index.php\\\/corinne-belier-prend-la-direction-du-laboratoire-de-recherche-des-monuments-historiques\\\/109639\\\/\"},\"author\":{\"name\":\"St\u00e9phane Miget\",\"@id\":\"https:\\\/\\\/batijournal.com\\\/#\\\/schema\\\/person\\\/1dc96ec6957aa1ccb25ebe78bb19f100\"},\"headline\":\"Corinne B\u00e9lier prend la direction du Laboratoire de recherche des monuments historiques\",\"datePublished\":\"2023-11-15T13:25:09+00:00\",\"mainEntityOfPage\":{\"@id\":\"https:\\\/\\\/batijournal.com\\\/index.php\\\/corinne-belier-prend-la-direction-du-laboratoire-de-recherche-des-monuments-historiques\\\/109639\\\/\"},\"wordCount\":324,\"image\":{\"@id\":\"https:\\\/\\\/batijournal.com\\\/index.php\\\/corinne-belier-prend-la-direction-du-laboratoire-de-recherche-des-monuments-historiques\\\/109639\\\/#primaryimage\"},\"thumbnailUrl\":\"https:\\\/\\\/batijournal.com\\\/wp-content\\\/uploads\\\/2023\\\/11\\\/LRMH.png\",\"keywords\":[\"Laboratoire de recherche des monuments historiques\",\"LRMH\"],\"articleSection\":[\"Actualit\u00e9s\",\"Divers\",\"zz_Actualit\u00e9s - Atrium\",\"zz_Atrium Patrimoine\"],\"inLanguage\":\"fr-FR\"},{\"@type\":\"WebPage\",\"@id\":\"https:\\\/\\\/batijournal.com\\\/index.php\\\/corinne-belier-prend-la-direction-du-laboratoire-de-recherche-des-monuments-historiques\\\/109639\\\/\",\"url\":\"https:\\\/\\\/batijournal.com\\\/index.php\\\/corinne-belier-prend-la-direction-du-laboratoire-de-recherche-des-monuments-historiques\\\/109639\\\/\",\"name\":\"Corinne B\u00e9lier prend la direction du Laboratoire de recherche des monuments historiques\",\"isPartOf\":{\"@id\":\"https:\\\/\\\/batijournal.com\\\/#website\"},\"primaryImageOfPage\":{\"@id\":\"https:\\\/\\\/batijournal.com\\\/index.php\\\/corinne-belier-prend-la-direction-du-laboratoire-de-recherche-des-monuments-historiques\\\/109639\\\/#primaryimage\"},\"image\":{\"@id\":\"https:\\\/\\\/batijournal.com\\\/index.php\\\/corinne-belier-prend-la-direction-du-laboratoire-de-recherche-des-monuments-historiques\\\/109639\\\/#primaryimage\"},\"thumbnailUrl\":\"https:\\\/\\\/batijournal.com\\\/wp-content\\\/uploads\\\/2023\\\/11\\\/LRMH.png\",\"datePublished\":\"2023-11-15T13:25:09+00:00\",\"author\":{\"@id\":\"https:\\\/\\\/batijournal.com\\\/#\\\/schema\\\/person\\\/1dc96ec6957aa1ccb25ebe78bb19f100\"},\"breadcrumb\":{\"@id\":\"https:\\\/\\\/batijournal.com\\\/index.php\\\/corinne-belier-prend-la-direction-du-laboratoire-de-recherche-des-monuments-historiques\\\/109639\\\/#breadcrumb\"},\"inLanguage\":\"fr-FR\",\"potentialAction\":[{\"@type\":\"ReadAction\",\"target\":[\"https:\\\/\\\/batijournal.com\\\/index.php\\\/corinne-belier-prend-la-direction-du-laboratoire-de-recherche-des-monuments-historiques\\\/109639\\\/\"]}]},{\"@type\":\"ImageObject\",\"inLanguage\":\"fr-FR\",\"@id\":\"https:\\\/\\\/batijournal.com\\\/index.php\\\/corinne-belier-prend-la-direction-du-laboratoire-de-recherche-des-monuments-historiques\\\/109639\\\/#primaryimage\",\"url\":\"https:\\\/\\\/batijournal.com\\\/wp-content\\\/uploads\\\/2023\\\/11\\\/LRMH.png\",\"contentUrl\":\"https:\\\/\\\/batijournal.com\\\/wp-content\\\/uploads\\\/2023\\\/11\\\/LRMH.png\",\"width\":835,\"height\":515},{\"@type\":\"BreadcrumbList\",\"@id\":\"https:\\\/\\\/batijournal.com\\\/index.php\\\/corinne-belier-prend-la-direction-du-laboratoire-de-recherche-des-monuments-historiques\\\/109639\\\/#breadcrumb\",\"itemListElement\":[{\"@type\":\"ListItem\",\"position\":1,\"name\":\"Accueil\",\"item\":\"https:\\\/\\\/batijournal.com\\\/\"},{\"@type\":\"ListItem\",\"position\":2,\"name\":\"Actualit\u00e9s\",\"item\":\"https:\\\/\\\/batijournal.com\\\/index.php\\\/category\\\/actualites\\\/\"},{\"@type\":\"ListItem\",\"position\":3,\"name\":\"Corinne B\u00e9lier prend la direction du Laboratoire de recherche des monuments historiques\"}]},{\"@type\":\"WebSite\",\"@id\":\"https:\\\/\\\/batijournal.com\\\/#website\",\"url\":\"https:\\\/\\\/batijournal.com\\\/\",\"name\":\"Batijournal\",\"description\":\"L&#039;actualit\u00e9 du b\u00e2timent\",\"potentialAction\":[{\"@type\":\"SearchAction\",\"target\":{\"@type\":\"EntryPoint\",\"urlTemplate\":\"https:\\\/\\\/batijournal.com\\\/?s={search_term_string}\"},\"query-input\":{\"@type\":\"PropertyValueSpecification\",\"valueRequired\":true,\"valueName\":\"search_term_string\"}}],\"inLanguage\":\"fr-FR\"},{\"@type\":\"Person\",\"@id\":\"https:\\\/\\\/batijournal.com\\\/#\\\/schema\\\/person\\\/1dc96ec6957aa1ccb25ebe78bb19f100\",\"name\":\"St\u00e9phane Miget\",\"image\":{\"@type\":\"ImageObject\",\"inLanguage\":\"fr-FR\",\"@id\":\"https:\\\/\\\/secure.gravatar.com\\\/avatar\\\/89915563d925342126b8ef0281b93d9d7fc337043e8df017f780908eb9644451?s=96&d=mm&r=g\",\"url\":\"https:\\\/\\\/secure.gravatar.com\\\/avatar\\\/89915563d925342126b8ef0281b93d9d7fc337043e8df017f780908eb9644451?s=96&d=mm&r=g\",\"contentUrl\":\"https:\\\/\\\/secure.gravatar.com\\\/avatar\\\/89915563d925342126b8ef0281b93d9d7fc337043e8df017f780908eb9644451?s=96&d=mm&r=g\",\"caption\":\"St\u00e9phane Miget\"},\"url\":\"https:\\\/\\\/batijournal.com\\\/index.php\\\/author\\\/stephane\\\/\"}]}<\/script>\n<!-- \/ Yoast SEO plugin. -->","yoast_head_json":{"title":"Corinne B\u00e9lier prend la direction du Laboratoire de recherche des monuments historiques","robots":{"index":"index","follow":"follow","max-snippet":"max-snippet:-1","max-image-preview":"max-image-preview:large","max-video-preview":"max-video-preview:-1"},"canonical":"https:\/\/batijournal.com\/index.php\/corinne-belier-prend-la-direction-du-laboratoire-de-recherche-des-monuments-historiques\/109639\/","og_locale":"fr_FR","og_type":"article","og_title":"Corinne B\u00e9lier prend la direction du Laboratoire de recherche des monuments historiques","og_description":"Corinne B\u00e9lier, conservatrice g\u00e9n\u00e9rale du patrimoine, a pris la direction du Laboratoire de recherche des monuments historiques depuis le 1er novembre 2023. Elle succ\u00e8de \u00e0 Aline Magnien, conservatrice g\u00e9n\u00e9rale du patrimoine, qui vient de faire valoir ses droits \u00e0 la retraite. Dipl\u00f4m\u00e9e d\u2019HEC et titulaire d\u2019un DEA en histoire de l\u2019architecture (Paris I Panth\u00e9on-Sorbonne), Corinne [&hellip;]","og_url":"https:\/\/batijournal.com\/index.php\/corinne-belier-prend-la-direction-du-laboratoire-de-recherche-des-monuments-historiques\/109639\/","og_site_name":"Batijournal","article_published_time":"2023-11-15T13:25:09+00:00","og_image":[{"width":835,"height":515,"url":"https:\/\/batijournal.com\/wp-content\/uploads\/2023\/11\/LRMH.png","type":"image\/png"}],"author":"St\u00e9phane Miget","twitter_card":"summary_large_image","twitter_creator":"@bati_journal","twitter_site":"@bati_journal","twitter_misc":{"\u00c9crit par":"St\u00e9phane Miget","Dur\u00e9e de lecture estim\u00e9e":"2 minutes"},"schema":{"@context":"https:\/\/schema.org","@graph":[{"@type":"Article","@id":"https:\/\/batijournal.com\/index.php\/corinne-belier-prend-la-direction-du-laboratoire-de-recherche-des-monuments-historiques\/109639\/#article","isPartOf":{"@id":"https:\/\/batijournal.com\/index.php\/corinne-belier-prend-la-direction-du-laboratoire-de-recherche-des-monuments-historiques\/109639\/"},"author":{"name":"St\u00e9phane Miget","@id":"https:\/\/batijournal.com\/#\/schema\/person\/1dc96ec6957aa1ccb25ebe78bb19f100"},"headline":"Corinne B\u00e9lier prend la direction du Laboratoire de recherche des monuments historiques","datePublished":"2023-11-15T13:25:09+00:00","mainEntityOfPage":{"@id":"https:\/\/batijournal.com\/index.php\/corinne-belier-prend-la-direction-du-laboratoire-de-recherche-des-monuments-historiques\/109639\/"},"wordCount":324,"image":{"@id":"https:\/\/batijournal.com\/index.php\/corinne-belier-prend-la-direction-du-laboratoire-de-recherche-des-monuments-historiques\/109639\/#primaryimage"},"thumbnailUrl":"https:\/\/batijournal.com\/wp-content\/uploads\/2023\/11\/LRMH.png","keywords":["Laboratoire de recherche des monuments historiques","LRMH"],"articleSection":["Actualit\u00e9s","Divers","zz_Actualit\u00e9s - Atrium","zz_Atrium Patrimoine"],"inLanguage":"fr-FR"},{"@type":"WebPage","@id":"https:\/\/batijournal.com\/index.php\/corinne-belier-prend-la-direction-du-laboratoire-de-recherche-des-monuments-historiques\/109639\/","url":"https:\/\/batijournal.com\/index.php\/corinne-belier-prend-la-direction-du-laboratoire-de-recherche-des-monuments-historiques\/109639\/","name":"Corinne B\u00e9lier prend la direction du Laboratoire de recherche des monuments historiques","isPartOf":{"@id":"https:\/\/batijournal.com\/#website"},"primaryImageOfPage":{"@id":"https:\/\/batijournal.com\/index.php\/corinne-belier-prend-la-direction-du-laboratoire-de-recherche-des-monuments-historiques\/109639\/#primaryimage"},"image":{"@id":"https:\/\/batijournal.com\/index.php\/corinne-belier-prend-la-direction-du-laboratoire-de-recherche-des-monuments-historiques\/109639\/#primaryimage"},"thumbnailUrl":"https:\/\/batijournal.com\/wp-content\/uploads\/2023\/11\/LRMH.png","datePublished":"2023-11-15T13:25:09+00:00","author":{"@id":"https:\/\/batijournal.com\/#\/schema\/person\/1dc96ec6957aa1ccb25ebe78bb19f100"},"breadcrumb":{"@id":"https:\/\/batijournal.com\/index.php\/corinne-belier-prend-la-direction-du-laboratoire-de-recherche-des-monuments-historiques\/109639\/#breadcrumb"},"inLanguage":"fr-FR","potentialAction":[{"@type":"ReadAction","target":["https:\/\/batijournal.com\/index.php\/corinne-belier-prend-la-direction-du-laboratoire-de-recherche-des-monuments-historiques\/109639\/"]}]},{"@type":"ImageObject","inLanguage":"fr-FR","@id":"https:\/\/batijournal.com\/index.php\/corinne-belier-prend-la-direction-du-laboratoire-de-recherche-des-monuments-historiques\/109639\/#primaryimage","url":"https:\/\/batijournal.com\/wp-content\/uploads\/2023\/11\/LRMH.png","contentUrl":"https:\/\/batijournal.com\/wp-content\/uploads\/2023\/11\/LRMH.png","width":835,"height":515},{"@type":"BreadcrumbList","@id":"https:\/\/batijournal.com\/index.php\/corinne-belier-prend-la-direction-du-laboratoire-de-recherche-des-monuments-historiques\/109639\/#breadcrumb","itemListElement":[{"@type":"ListItem","position":1,"name":"Accueil","item":"https:\/\/batijournal.com\/"},{"@type":"ListItem","position":2,"name":"Actualit\u00e9s","item":"https:\/\/batijournal.com\/index.php\/category\/actualites\/"},{"@type":"ListItem","position":3,"name":"Corinne B\u00e9lier prend la direction du Laboratoire de recherche des monuments historiques"}]},{"@type":"WebSite","@id":"https:\/\/batijournal.com\/#website","url":"https:\/\/batijournal.com\/","name":"Batijournal","description":"L&#039;actualit\u00e9 du b\u00e2timent","potentialAction":[{"@type":"SearchAction","target":{"@type":"EntryPoint","urlTemplate":"https:\/\/batijournal.com\/?s={search_term_string}"},"query-input":{"@type":"PropertyValueSpecification","valueRequired":true,"valueName":"search_term_string"}}],"inLanguage":"fr-FR"},{"@type":"Person","@id":"https:\/\/batijournal.com\/#\/schema\/person\/1dc96ec6957aa1ccb25ebe78bb19f100","name":"St\u00e9phane Miget","image":{"@type":"ImageObject","inLanguage":"fr-FR","@id":"https:\/\/secure.gravatar.com\/avatar\/89915563d925342126b8ef0281b93d9d7fc337043e8df017f780908eb9644451?s=96&d=mm&r=g","url":"https:\/\/secure.gravatar.com\/avatar\/89915563d925342126b8ef0281b93d9d7fc337043e8df017f780908eb9644451?s=96&d=mm&r=g","contentUrl":"https:\/\/secure.gravatar.com\/avatar\/89915563d925342126b8ef0281b93d9d7fc337043e8df017f780908eb9644451?s=96&d=mm&r=g","caption":"St\u00e9phane Miget"},"url":"https:\/\/batijournal.com\/index.php\/author\/stephane\/"}]}},"_links":{"self":[{"href":"https:\/\/batijournal.com\/index.php\/wp-json\/wp\/v2\/posts\/109639","targetHints":{"allow":["GET"]}}],"collection":[{"href":"https:\/\/batijournal.com\/index.php\/wp-json\/wp\/v2\/posts"}],"about":[{"href":"https:\/\/batijournal.com\/index.php\/wp-json\/wp\/v2\/types\/post"}],"author":[{"embeddable":true,"href":"https:\/\/batijournal.com\/index.php\/wp-json\/wp\/v2\/users\/17"}],"replies":[{"embeddable":true,"href":"https:\/\/batijournal.com\/index.php\/wp-json\/wp\/v2\/comments?post=109639"}],"version-history":[{"count":0,"href":"https:\/\/batijournal.com\/index.php\/wp-json\/wp\/v2\/posts\/109639\/revisions"}],"wp:featuredmedia":[{"embeddable":true,"href":"https:\/\/batijournal.com\/index.php\/wp-json\/wp\/v2\/media\/109640"}],"wp:attachment":[{"href":"https:\/\/batijournal.com\/index.php\/wp-json\/wp\/v2\/media?parent=109639"}],"wp:term":[{"taxonomy":"category","embeddable":true,"href":"https:\/\/batijournal.com\/index.php\/wp-json\/wp\/v2\/categories?post=109639"},{"taxonomy":"post_tag","embeddable":true,"href":"https:\/\/batijournal.com\/index.php\/wp-json\/wp\/v2\/tags?post=109639"}],"curies":[{"name":"wp","href":"https:\/\/api.w.org\/{rel}","templated":true}]}}