{"id":109659,"date":"2023-11-22T11:07:09","date_gmt":"2023-11-22T10:07:09","guid":{"rendered":"https:\/\/batijournal.com\/?p=109659"},"modified":"2023-11-22T11:07:09","modified_gmt":"2023-11-22T10:07:09","slug":"synergie-commerciale-autour-de-solutions-photovoltaiques","status":"publish","type":"post","link":"https:\/\/batijournal.com\/index.php\/synergie-commerciale-autour-de-solutions-photovoltaiques\/109659\/","title":{"rendered":"Synergie commerciale autour de solutions photovolta\u00efques"},"content":{"rendered":"<p>POwR Group, sp\u00e9cialiste de la distribution de solutions photovolta\u00efques pour les professionnels depuis 2010 poursuit son d\u00e9veloppement et se renforce dans le Sud- Est en prenant une participation majoritaire au capital de la soci\u00e9t\u00e9 DOMOS GREEN ENERGY (sp\u00e9cialiste de la distribution de syst\u00e8mes solaires photovolta\u00efques pour le march\u00e9 r\u00e9sidentiel) afin de l\u2019accompagner dans son d\u00e9veloppement. Le rapprochement de POwR Group et de DOMOS Green Energy va permettre \u00e0 POWR Group d\u2019int\u00e9grer rapidement des comp\u00e9tences compl\u00e9mentaires pour r\u00e9pondre aux besoins croissants du march\u00e9 r\u00e9sidentiel fran\u00e7ais. Le stockage de l\u2019\u00e9nergie solaire, la recharge intelligente des v\u00e9hicules \u00e9lectriques, les synergies \u00e9videntes avec le domaine du g\u00e9nie climatique et ses solutions de chauffage et climatisation r\u00e9versibles seront les pr\u00e9occupations prioritaires du groupement pour les prochaines ann\u00e9es.<\/p>\n","protected":false},"excerpt":{"rendered":"<p>POwR Group, sp\u00e9cialiste de la distribution de solutions photovolta\u00efques pour les professionnels depuis 2010 poursuit son d\u00e9veloppement et se renforce dans le Sud- Est en prenant une participation majoritaire au capital de la soci\u00e9t\u00e9 DOMOS GREEN ENERGY (sp\u00e9cialiste de la distribution de syst\u00e8mes solaires photovolta\u00efques pour le march\u00e9 r\u00e9sidentiel) afin de l\u2019accompagner dans son d\u00e9veloppement. [&hellip;]<\/p>\n","protected":false},"author":17,"featured_media":109660,"comment_status":"closed","ping_status":"closed","sticky":false,"template":"","format":"standard","meta":{"_et_pb_use_builder":"","_et_pb_old_content":"","_et_gb_content_width":"","footnotes":""},"categories":[10530,6345,10781,10778],"tags":[464],"class_list":["post-109659","post","type-post","status-publish","format-standard","has-post-thumbnail","hentry","category-actualites","category-economie-marches","category-publications-planete","category-planete","tag-photovoltaique"],"yoast_head":"<!-- This site is optimized with the Yoast SEO plugin v27.4 - https:\/\/yoast.com\/product\/yoast-seo-wordpress\/ -->\n<title>Synergie commerciale autour de solutions photovolta\u00efques<\/title>\n<meta name=\"robots\" content=\"index, follow, max-snippet:-1, max-image-preview:large, max-video-preview:-1\" \/>\n<link rel=\"canonical\" href=\"https:\/\/batijournal.com\/index.php\/synergie-commerciale-autour-de-solutions-photovoltaiques\/109659\/\" \/>\n<meta property=\"og:locale\" content=\"fr_FR\" \/>\n<meta property=\"og:type\" content=\"article\" \/>\n<meta property=\"og:title\" content=\"Synergie commerciale autour de solutions photovolta\u00efques\" \/>\n<meta property=\"og:description\" content=\"POwR Group, sp\u00e9cialiste de la distribution de solutions photovolta\u00efques pour les professionnels depuis 2010 poursuit son d\u00e9veloppement et se renforce dans le Sud- Est en prenant une participation majoritaire au capital de la soci\u00e9t\u00e9 DOMOS GREEN ENERGY (sp\u00e9cialiste de la distribution de syst\u00e8mes solaires photovolta\u00efques pour le march\u00e9 r\u00e9sidentiel) afin de l\u2019accompagner dans son d\u00e9veloppement. [&hellip;]\" \/>\n<meta property=\"og:url\" content=\"https:\/\/batijournal.com\/index.php\/synergie-commerciale-autour-de-solutions-photovoltaiques\/109659\/\" \/>\n<meta property=\"og:site_name\" content=\"Batijournal\" \/>\n<meta property=\"article:published_time\" content=\"2023-11-22T10:07:09+00:00\" \/>\n<meta property=\"og:image\" content=\"https:\/\/batijournal.com\/wp-content\/uploads\/2023\/11\/reseau-pwr-photovoltaique.png\" \/>\n\t<meta property=\"og:image:width\" content=\"1440\" \/>\n\t<meta property=\"og:image:height\" content=\"811\" \/>\n\t<meta property=\"og:image:type\" content=\"image\/png\" \/>\n<meta name=\"author\" content=\"St\u00e9phane Miget\" \/>\n<meta name=\"twitter:card\" content=\"summary_large_image\" \/>\n<meta name=\"twitter:creator\" content=\"@bati_journal\" \/>\n<meta name=\"twitter:site\" content=\"@bati_journal\" \/>\n<meta name=\"twitter:label1\" content=\"\u00c9crit par\" \/>\n\t<meta name=\"twitter:data1\" content=\"St\u00e9phane Miget\" \/>\n\t<meta name=\"twitter:label2\" content=\"Dur\u00e9e de lecture estim\u00e9e\" \/>\n\t<meta name=\"twitter:data2\" content=\"1 minute\" \/>\n<script type=\"application\/ld+json\" class=\"yoast-schema-graph\">{\"@context\":\"https:\\\/\\\/schema.org\",\"@graph\":[{\"@type\":\"Article\",\"@id\":\"https:\\\/\\\/batijournal.com\\\/index.php\\\/synergie-commerciale-autour-de-solutions-photovoltaiques\\\/109659\\\/#article\",\"isPartOf\":{\"@id\":\"https:\\\/\\\/batijournal.com\\\/index.php\\\/synergie-commerciale-autour-de-solutions-photovoltaiques\\\/109659\\\/\"},\"author\":{\"name\":\"St\u00e9phane Miget\",\"@id\":\"https:\\\/\\\/batijournal.com\\\/#\\\/schema\\\/person\\\/1dc96ec6957aa1ccb25ebe78bb19f100\"},\"headline\":\"Synergie commerciale autour de solutions photovolta\u00efques\",\"datePublished\":\"2023-11-22T10:07:09+00:00\",\"mainEntityOfPage\":{\"@id\":\"https:\\\/\\\/batijournal.com\\\/index.php\\\/synergie-commerciale-autour-de-solutions-photovoltaiques\\\/109659\\\/\"},\"wordCount\":150,\"image\":{\"@id\":\"https:\\\/\\\/batijournal.com\\\/index.php\\\/synergie-commerciale-autour-de-solutions-photovoltaiques\\\/109659\\\/#primaryimage\"},\"thumbnailUrl\":\"https:\\\/\\\/batijournal.com\\\/wp-content\\\/uploads\\\/2023\\\/11\\\/reseau-pwr-photovoltaique.png\",\"keywords\":[\"photovolta\u00efque\"],\"articleSection\":[\"Actualit\u00e9s\",\"\u00c9conomie &amp; March\u00e9s\",\"zz_Actualit\u00e9s - Plan\u00e8te\",\"zz_Plan\u00e8te B\u00e2timent\"],\"inLanguage\":\"fr-FR\"},{\"@type\":\"WebPage\",\"@id\":\"https:\\\/\\\/batijournal.com\\\/index.php\\\/synergie-commerciale-autour-de-solutions-photovoltaiques\\\/109659\\\/\",\"url\":\"https:\\\/\\\/batijournal.com\\\/index.php\\\/synergie-commerciale-autour-de-solutions-photovoltaiques\\\/109659\\\/\",\"name\":\"Synergie commerciale autour de solutions photovolta\u00efques\",\"isPartOf\":{\"@id\":\"https:\\\/\\\/batijournal.com\\\/#website\"},\"primaryImageOfPage\":{\"@id\":\"https:\\\/\\\/batijournal.com\\\/index.php\\\/synergie-commerciale-autour-de-solutions-photovoltaiques\\\/109659\\\/#primaryimage\"},\"image\":{\"@id\":\"https:\\\/\\\/batijournal.com\\\/index.php\\\/synergie-commerciale-autour-de-solutions-photovoltaiques\\\/109659\\\/#primaryimage\"},\"thumbnailUrl\":\"https:\\\/\\\/batijournal.com\\\/wp-content\\\/uploads\\\/2023\\\/11\\\/reseau-pwr-photovoltaique.png\",\"datePublished\":\"2023-11-22T10:07:09+00:00\",\"author\":{\"@id\":\"https:\\\/\\\/batijournal.com\\\/#\\\/schema\\\/person\\\/1dc96ec6957aa1ccb25ebe78bb19f100\"},\"breadcrumb\":{\"@id\":\"https:\\\/\\\/batijournal.com\\\/index.php\\\/synergie-commerciale-autour-de-solutions-photovoltaiques\\\/109659\\\/#breadcrumb\"},\"inLanguage\":\"fr-FR\",\"potentialAction\":[{\"@type\":\"ReadAction\",\"target\":[\"https:\\\/\\\/batijournal.com\\\/index.php\\\/synergie-commerciale-autour-de-solutions-photovoltaiques\\\/109659\\\/\"]}]},{\"@type\":\"ImageObject\",\"inLanguage\":\"fr-FR\",\"@id\":\"https:\\\/\\\/batijournal.com\\\/index.php\\\/synergie-commerciale-autour-de-solutions-photovoltaiques\\\/109659\\\/#primaryimage\",\"url\":\"https:\\\/\\\/batijournal.com\\\/wp-content\\\/uploads\\\/2023\\\/11\\\/reseau-pwr-photovoltaique.png\",\"contentUrl\":\"https:\\\/\\\/batijournal.com\\\/wp-content\\\/uploads\\\/2023\\\/11\\\/reseau-pwr-photovoltaique.png\",\"width\":1440,\"height\":811},{\"@type\":\"BreadcrumbList\",\"@id\":\"https:\\\/\\\/batijournal.com\\\/index.php\\\/synergie-commerciale-autour-de-solutions-photovoltaiques\\\/109659\\\/#breadcrumb\",\"itemListElement\":[{\"@type\":\"ListItem\",\"position\":1,\"name\":\"Accueil\",\"item\":\"https:\\\/\\\/batijournal.com\\\/\"},{\"@type\":\"ListItem\",\"position\":2,\"name\":\"Actualit\u00e9s\",\"item\":\"https:\\\/\\\/batijournal.com\\\/index.php\\\/category\\\/actualites\\\/\"},{\"@type\":\"ListItem\",\"position\":3,\"name\":\"Synergie commerciale autour de solutions photovolta\u00efques\"}]},{\"@type\":\"WebSite\",\"@id\":\"https:\\\/\\\/batijournal.com\\\/#website\",\"url\":\"https:\\\/\\\/batijournal.com\\\/\",\"name\":\"Batijournal\",\"description\":\"L&#039;actualit\u00e9 du b\u00e2timent\",\"potentialAction\":[{\"@type\":\"SearchAction\",\"target\":{\"@type\":\"EntryPoint\",\"urlTemplate\":\"https:\\\/\\\/batijournal.com\\\/?s={search_term_string}\"},\"query-input\":{\"@type\":\"PropertyValueSpecification\",\"valueRequired\":true,\"valueName\":\"search_term_string\"}}],\"inLanguage\":\"fr-FR\"},{\"@type\":\"Person\",\"@id\":\"https:\\\/\\\/batijournal.com\\\/#\\\/schema\\\/person\\\/1dc96ec6957aa1ccb25ebe78bb19f100\",\"name\":\"St\u00e9phane Miget\",\"image\":{\"@type\":\"ImageObject\",\"inLanguage\":\"fr-FR\",\"@id\":\"https:\\\/\\\/secure.gravatar.com\\\/avatar\\\/89915563d925342126b8ef0281b93d9d7fc337043e8df017f780908eb9644451?s=96&d=mm&r=g\",\"url\":\"https:\\\/\\\/secure.gravatar.com\\\/avatar\\\/89915563d925342126b8ef0281b93d9d7fc337043e8df017f780908eb9644451?s=96&d=mm&r=g\",\"contentUrl\":\"https:\\\/\\\/secure.gravatar.com\\\/avatar\\\/89915563d925342126b8ef0281b93d9d7fc337043e8df017f780908eb9644451?s=96&d=mm&r=g\",\"caption\":\"St\u00e9phane Miget\"},\"url\":\"https:\\\/\\\/batijournal.com\\\/index.php\\\/author\\\/stephane\\\/\"}]}<\/script>\n<!-- \/ Yoast SEO plugin. -->","yoast_head_json":{"title":"Synergie commerciale autour de solutions photovolta\u00efques","robots":{"index":"index","follow":"follow","max-snippet":"max-snippet:-1","max-image-preview":"max-image-preview:large","max-video-preview":"max-video-preview:-1"},"canonical":"https:\/\/batijournal.com\/index.php\/synergie-commerciale-autour-de-solutions-photovoltaiques\/109659\/","og_locale":"fr_FR","og_type":"article","og_title":"Synergie commerciale autour de solutions photovolta\u00efques","og_description":"POwR Group, sp\u00e9cialiste de la distribution de solutions photovolta\u00efques pour les professionnels depuis 2010 poursuit son d\u00e9veloppement et se renforce dans le Sud- Est en prenant une participation majoritaire au capital de la soci\u00e9t\u00e9 DOMOS GREEN ENERGY (sp\u00e9cialiste de la distribution de syst\u00e8mes solaires photovolta\u00efques pour le march\u00e9 r\u00e9sidentiel) afin de l\u2019accompagner dans son d\u00e9veloppement. [&hellip;]","og_url":"https:\/\/batijournal.com\/index.php\/synergie-commerciale-autour-de-solutions-photovoltaiques\/109659\/","og_site_name":"Batijournal","article_published_time":"2023-11-22T10:07:09+00:00","og_image":[{"width":1440,"height":811,"url":"https:\/\/batijournal.com\/wp-content\/uploads\/2023\/11\/reseau-pwr-photovoltaique.png","type":"image\/png"}],"author":"St\u00e9phane Miget","twitter_card":"summary_large_image","twitter_creator":"@bati_journal","twitter_site":"@bati_journal","twitter_misc":{"\u00c9crit par":"St\u00e9phane Miget","Dur\u00e9e de lecture estim\u00e9e":"1 minute"},"schema":{"@context":"https:\/\/schema.org","@graph":[{"@type":"Article","@id":"https:\/\/batijournal.com\/index.php\/synergie-commerciale-autour-de-solutions-photovoltaiques\/109659\/#article","isPartOf":{"@id":"https:\/\/batijournal.com\/index.php\/synergie-commerciale-autour-de-solutions-photovoltaiques\/109659\/"},"author":{"name":"St\u00e9phane Miget","@id":"https:\/\/batijournal.com\/#\/schema\/person\/1dc96ec6957aa1ccb25ebe78bb19f100"},"headline":"Synergie commerciale autour de solutions photovolta\u00efques","datePublished":"2023-11-22T10:07:09+00:00","mainEntityOfPage":{"@id":"https:\/\/batijournal.com\/index.php\/synergie-commerciale-autour-de-solutions-photovoltaiques\/109659\/"},"wordCount":150,"image":{"@id":"https:\/\/batijournal.com\/index.php\/synergie-commerciale-autour-de-solutions-photovoltaiques\/109659\/#primaryimage"},"thumbnailUrl":"https:\/\/batijournal.com\/wp-content\/uploads\/2023\/11\/reseau-pwr-photovoltaique.png","keywords":["photovolta\u00efque"],"articleSection":["Actualit\u00e9s","\u00c9conomie &amp; March\u00e9s","zz_Actualit\u00e9s - Plan\u00e8te","zz_Plan\u00e8te B\u00e2timent"],"inLanguage":"fr-FR"},{"@type":"WebPage","@id":"https:\/\/batijournal.com\/index.php\/synergie-commerciale-autour-de-solutions-photovoltaiques\/109659\/","url":"https:\/\/batijournal.com\/index.php\/synergie-commerciale-autour-de-solutions-photovoltaiques\/109659\/","name":"Synergie commerciale autour de solutions photovolta\u00efques","isPartOf":{"@id":"https:\/\/batijournal.com\/#website"},"primaryImageOfPage":{"@id":"https:\/\/batijournal.com\/index.php\/synergie-commerciale-autour-de-solutions-photovoltaiques\/109659\/#primaryimage"},"image":{"@id":"https:\/\/batijournal.com\/index.php\/synergie-commerciale-autour-de-solutions-photovoltaiques\/109659\/#primaryimage"},"thumbnailUrl":"https:\/\/batijournal.com\/wp-content\/uploads\/2023\/11\/reseau-pwr-photovoltaique.png","datePublished":"2023-11-22T10:07:09+00:00","author":{"@id":"https:\/\/batijournal.com\/#\/schema\/person\/1dc96ec6957aa1ccb25ebe78bb19f100"},"breadcrumb":{"@id":"https:\/\/batijournal.com\/index.php\/synergie-commerciale-autour-de-solutions-photovoltaiques\/109659\/#breadcrumb"},"inLanguage":"fr-FR","potentialAction":[{"@type":"ReadAction","target":["https:\/\/batijournal.com\/index.php\/synergie-commerciale-autour-de-solutions-photovoltaiques\/109659\/"]}]},{"@type":"ImageObject","inLanguage":"fr-FR","@id":"https:\/\/batijournal.com\/index.php\/synergie-commerciale-autour-de-solutions-photovoltaiques\/109659\/#primaryimage","url":"https:\/\/batijournal.com\/wp-content\/uploads\/2023\/11\/reseau-pwr-photovoltaique.png","contentUrl":"https:\/\/batijournal.com\/wp-content\/uploads\/2023\/11\/reseau-pwr-photovoltaique.png","width":1440,"height":811},{"@type":"BreadcrumbList","@id":"https:\/\/batijournal.com\/index.php\/synergie-commerciale-autour-de-solutions-photovoltaiques\/109659\/#breadcrumb","itemListElement":[{"@type":"ListItem","position":1,"name":"Accueil","item":"https:\/\/batijournal.com\/"},{"@type":"ListItem","position":2,"name":"Actualit\u00e9s","item":"https:\/\/batijournal.com\/index.php\/category\/actualites\/"},{"@type":"ListItem","position":3,"name":"Synergie commerciale autour de solutions photovolta\u00efques"}]},{"@type":"WebSite","@id":"https:\/\/batijournal.com\/#website","url":"https:\/\/batijournal.com\/","name":"Batijournal","description":"L&#039;actualit\u00e9 du b\u00e2timent","potentialAction":[{"@type":"SearchAction","target":{"@type":"EntryPoint","urlTemplate":"https:\/\/batijournal.com\/?s={search_term_string}"},"query-input":{"@type":"PropertyValueSpecification","valueRequired":true,"valueName":"search_term_string"}}],"inLanguage":"fr-FR"},{"@type":"Person","@id":"https:\/\/batijournal.com\/#\/schema\/person\/1dc96ec6957aa1ccb25ebe78bb19f100","name":"St\u00e9phane Miget","image":{"@type":"ImageObject","inLanguage":"fr-FR","@id":"https:\/\/secure.gravatar.com\/avatar\/89915563d925342126b8ef0281b93d9d7fc337043e8df017f780908eb9644451?s=96&d=mm&r=g","url":"https:\/\/secure.gravatar.com\/avatar\/89915563d925342126b8ef0281b93d9d7fc337043e8df017f780908eb9644451?s=96&d=mm&r=g","contentUrl":"https:\/\/secure.gravatar.com\/avatar\/89915563d925342126b8ef0281b93d9d7fc337043e8df017f780908eb9644451?s=96&d=mm&r=g","caption":"St\u00e9phane Miget"},"url":"https:\/\/batijournal.com\/index.php\/author\/stephane\/"}]}},"_links":{"self":[{"href":"https:\/\/batijournal.com\/index.php\/wp-json\/wp\/v2\/posts\/109659","targetHints":{"allow":["GET"]}}],"collection":[{"href":"https:\/\/batijournal.com\/index.php\/wp-json\/wp\/v2\/posts"}],"about":[{"href":"https:\/\/batijournal.com\/index.php\/wp-json\/wp\/v2\/types\/post"}],"author":[{"embeddable":true,"href":"https:\/\/batijournal.com\/index.php\/wp-json\/wp\/v2\/users\/17"}],"replies":[{"embeddable":true,"href":"https:\/\/batijournal.com\/index.php\/wp-json\/wp\/v2\/comments?post=109659"}],"version-history":[{"count":0,"href":"https:\/\/batijournal.com\/index.php\/wp-json\/wp\/v2\/posts\/109659\/revisions"}],"wp:featuredmedia":[{"embeddable":true,"href":"https:\/\/batijournal.com\/index.php\/wp-json\/wp\/v2\/media\/109660"}],"wp:attachment":[{"href":"https:\/\/batijournal.com\/index.php\/wp-json\/wp\/v2\/media?parent=109659"}],"wp:term":[{"taxonomy":"category","embeddable":true,"href":"https:\/\/batijournal.com\/index.php\/wp-json\/wp\/v2\/categories?post=109659"},{"taxonomy":"post_tag","embeddable":true,"href":"https:\/\/batijournal.com\/index.php\/wp-json\/wp\/v2\/tags?post=109659"}],"curies":[{"name":"wp","href":"https:\/\/api.w.org\/{rel}","templated":true}]}}