{"id":109661,"date":"2023-11-22T11:17:51","date_gmt":"2023-11-22T10:17:51","guid":{"rendered":"https:\/\/batijournal.com\/?p=109661"},"modified":"2023-11-22T11:17:51","modified_gmt":"2023-11-22T10:17:51","slug":"un-gymnase-a-faible-empreinte-carbone-12-mois-cles-en-main","status":"publish","type":"post","link":"https:\/\/batijournal.com\/index.php\/un-gymnase-a-faible-empreinte-carbone-12-mois-cles-en-main\/109661\/","title":{"rendered":"Un gymnase \u00e0 faible empreinte carbone, 12 mois, cl\u00e9s en main"},"content":{"rendered":"<p>Mathis d\u00e9veloppe une offre \u00ab\u00a0cl\u00e9s en main\u00a0\u00bb pour la construction de tous types de b\u00e2timents publics en bois. \u00c0 l\u2019occasion du salon des maires, l\u2019entreprise a lanc\u00e9 SALTO, un nouveau mod\u00e8le de gymnase qui r\u00e9unit tous les atouts pour construire d\u2019une mani\u00e8re plus vertueuse, pour assurer long\u00e9vit\u00e9 au b\u00e2timent et confort optimal aux usagers. \u00c9co-conception, faible empreinte carbone, sobri\u00e9t\u00e9 \u00e9nerg\u00e9tique, ce gymnase vise l\u2019exemplarit\u00e9 environnementale et permet de r\u00e9aliser des \u00e9conomies d\u2019\u00e9nergie sur tous les fronts. Il offre d\u2019excellents niveaux de performances \u00e9nerg\u00e9tiques et r\u00e9pond ainsi en tout point aux exigences r\u00e9glementaires en vigueur pour limiter l\u2019impact carbone des b\u00e2timents. Mathis accompagne au plus pr\u00e8s les \u00e9lus et responsables de collectivit\u00e9s dans la valorisation technique, financi\u00e8re et \u00e9cologique de leurs projets sur l\u2019ensemble de ses phases de r\u00e9alisation : \u00e9tudes, pr\u00e9fabrication et mise en \u0153uvre, entretien et maintenance. Tous les \u00e9l\u00e9ments de structure en bois des b\u00e2timents sont pr\u00e9fabriqu\u00e9s en usine permettant de mieux rationaliser les diff\u00e9rentes \u00e9tapes du chantier, d\u2019assurer une meilleure qualit\u00e9 de montage sur site, de maintenir la tranquillit\u00e9 des riverains gr\u00e2ce \u00e0 un chantier \u00e0 faible nuisance, de permettre une plus grande rapidit\u00e9 d\u2019ex\u00e9cution et de tenir ainsi le challenge du d\u00e9lai sur 12 mois.<\/p>\n","protected":false},"excerpt":{"rendered":"<p>Mathis d\u00e9veloppe une offre \u00ab\u00a0cl\u00e9s en main\u00a0\u00bb pour la construction de tous types de b\u00e2timents publics en bois. \u00c0 l\u2019occasion du salon des maires, l\u2019entreprise a lanc\u00e9 SALTO, un nouveau mod\u00e8le de gymnase qui r\u00e9unit tous les atouts pour construire d\u2019une mani\u00e8re plus vertueuse, pour assurer long\u00e9vit\u00e9 au b\u00e2timent et confort optimal aux usagers. \u00c9co-conception, [&hellip;]<\/p>\n","protected":false},"author":17,"featured_media":109662,"comment_status":"closed","ping_status":"closed","sticky":false,"template":"","format":"standard","meta":{"_et_pb_use_builder":"","_et_pb_old_content":"","_et_gb_content_width":"","footnotes":""},"categories":[10530,6340,10781,10769,10778,10764],"tags":[374,4982],"class_list":["post-109661","post","type-post","status-publish","format-standard","has-post-thumbnail","hentry","category-actualites","category-architecture-conception","category-publications-planete","category-publications","category-planete","category-woodsurfer","tag-construction-bois-2","tag-gymnase"],"yoast_head":"<!-- This site is optimized with the Yoast SEO plugin v27.4 - https:\/\/yoast.com\/product\/yoast-seo-wordpress\/ -->\n<title>Un gymnase \u00e0 faible empreinte carbone, 12 mois, cl\u00e9s en main<\/title>\n<meta name=\"robots\" content=\"index, follow, max-snippet:-1, max-image-preview:large, max-video-preview:-1\" \/>\n<link rel=\"canonical\" href=\"https:\/\/batijournal.com\/index.php\/un-gymnase-a-faible-empreinte-carbone-12-mois-cles-en-main\/109661\/\" \/>\n<meta property=\"og:locale\" content=\"fr_FR\" \/>\n<meta property=\"og:type\" content=\"article\" \/>\n<meta property=\"og:title\" content=\"Un gymnase \u00e0 faible empreinte carbone, 12 mois, cl\u00e9s en main\" \/>\n<meta property=\"og:description\" content=\"Mathis d\u00e9veloppe une offre \u00ab\u00a0cl\u00e9s en main\u00a0\u00bb pour la construction de tous types de b\u00e2timents publics en bois. \u00c0 l\u2019occasion du salon des maires, l\u2019entreprise a lanc\u00e9 SALTO, un nouveau mod\u00e8le de gymnase qui r\u00e9unit tous les atouts pour construire d\u2019une mani\u00e8re plus vertueuse, pour assurer long\u00e9vit\u00e9 au b\u00e2timent et confort optimal aux usagers. \u00c9co-conception, [&hellip;]\" \/>\n<meta property=\"og:url\" content=\"https:\/\/batijournal.com\/index.php\/un-gymnase-a-faible-empreinte-carbone-12-mois-cles-en-main\/109661\/\" \/>\n<meta property=\"og:site_name\" content=\"Batijournal\" \/>\n<meta property=\"article:published_time\" content=\"2023-11-22T10:17:51+00:00\" \/>\n<meta property=\"og:image\" content=\"https:\/\/batijournal.com\/wp-content\/uploads\/2023\/11\/Gymnase-interieur-SALTO-Mathis.jpg\" \/>\n\t<meta property=\"og:image:width\" content=\"1000\" \/>\n\t<meta property=\"og:image:height\" content=\"612\" \/>\n\t<meta property=\"og:image:type\" content=\"image\/jpeg\" \/>\n<meta name=\"author\" content=\"St\u00e9phane Miget\" \/>\n<meta name=\"twitter:card\" content=\"summary_large_image\" \/>\n<meta name=\"twitter:creator\" content=\"@bati_journal\" \/>\n<meta name=\"twitter:site\" content=\"@bati_journal\" \/>\n<meta name=\"twitter:label1\" content=\"\u00c9crit par\" \/>\n\t<meta name=\"twitter:data1\" content=\"St\u00e9phane Miget\" \/>\n\t<meta name=\"twitter:label2\" content=\"Dur\u00e9e de lecture estim\u00e9e\" \/>\n\t<meta name=\"twitter:data2\" content=\"1 minute\" \/>\n<script type=\"application\/ld+json\" class=\"yoast-schema-graph\">{\"@context\":\"https:\\\/\\\/schema.org\",\"@graph\":[{\"@type\":\"Article\",\"@id\":\"https:\\\/\\\/batijournal.com\\\/index.php\\\/un-gymnase-a-faible-empreinte-carbone-12-mois-cles-en-main\\\/109661\\\/#article\",\"isPartOf\":{\"@id\":\"https:\\\/\\\/batijournal.com\\\/index.php\\\/un-gymnase-a-faible-empreinte-carbone-12-mois-cles-en-main\\\/109661\\\/\"},\"author\":{\"name\":\"St\u00e9phane Miget\",\"@id\":\"https:\\\/\\\/batijournal.com\\\/#\\\/schema\\\/person\\\/1dc96ec6957aa1ccb25ebe78bb19f100\"},\"headline\":\"Un gymnase \u00e0 faible empreinte carbone, 12 mois, cl\u00e9s en main\",\"datePublished\":\"2023-11-22T10:17:51+00:00\",\"mainEntityOfPage\":{\"@id\":\"https:\\\/\\\/batijournal.com\\\/index.php\\\/un-gymnase-a-faible-empreinte-carbone-12-mois-cles-en-main\\\/109661\\\/\"},\"wordCount\":242,\"image\":{\"@id\":\"https:\\\/\\\/batijournal.com\\\/index.php\\\/un-gymnase-a-faible-empreinte-carbone-12-mois-cles-en-main\\\/109661\\\/#primaryimage\"},\"thumbnailUrl\":\"https:\\\/\\\/batijournal.com\\\/wp-content\\\/uploads\\\/2023\\\/11\\\/Gymnase-interieur-SALTO-Mathis.jpg\",\"keywords\":[\"construction bois\",\"gymnase\"],\"articleSection\":[\"Actualit\u00e9s\",\"Architecture &amp; Conception\",\"zz_Actualit\u00e9s - Plan\u00e8te\",\"zz_Actualit\u00e9s - Woodsurfer\",\"zz_Plan\u00e8te B\u00e2timent\",\"zz_Woodsurfer\"],\"inLanguage\":\"fr-FR\"},{\"@type\":\"WebPage\",\"@id\":\"https:\\\/\\\/batijournal.com\\\/index.php\\\/un-gymnase-a-faible-empreinte-carbone-12-mois-cles-en-main\\\/109661\\\/\",\"url\":\"https:\\\/\\\/batijournal.com\\\/index.php\\\/un-gymnase-a-faible-empreinte-carbone-12-mois-cles-en-main\\\/109661\\\/\",\"name\":\"Un gymnase \u00e0 faible empreinte carbone, 12 mois, cl\u00e9s en main\",\"isPartOf\":{\"@id\":\"https:\\\/\\\/batijournal.com\\\/#website\"},\"primaryImageOfPage\":{\"@id\":\"https:\\\/\\\/batijournal.com\\\/index.php\\\/un-gymnase-a-faible-empreinte-carbone-12-mois-cles-en-main\\\/109661\\\/#primaryimage\"},\"image\":{\"@id\":\"https:\\\/\\\/batijournal.com\\\/index.php\\\/un-gymnase-a-faible-empreinte-carbone-12-mois-cles-en-main\\\/109661\\\/#primaryimage\"},\"thumbnailUrl\":\"https:\\\/\\\/batijournal.com\\\/wp-content\\\/uploads\\\/2023\\\/11\\\/Gymnase-interieur-SALTO-Mathis.jpg\",\"datePublished\":\"2023-11-22T10:17:51+00:00\",\"author\":{\"@id\":\"https:\\\/\\\/batijournal.com\\\/#\\\/schema\\\/person\\\/1dc96ec6957aa1ccb25ebe78bb19f100\"},\"breadcrumb\":{\"@id\":\"https:\\\/\\\/batijournal.com\\\/index.php\\\/un-gymnase-a-faible-empreinte-carbone-12-mois-cles-en-main\\\/109661\\\/#breadcrumb\"},\"inLanguage\":\"fr-FR\",\"potentialAction\":[{\"@type\":\"ReadAction\",\"target\":[\"https:\\\/\\\/batijournal.com\\\/index.php\\\/un-gymnase-a-faible-empreinte-carbone-12-mois-cles-en-main\\\/109661\\\/\"]}]},{\"@type\":\"ImageObject\",\"inLanguage\":\"fr-FR\",\"@id\":\"https:\\\/\\\/batijournal.com\\\/index.php\\\/un-gymnase-a-faible-empreinte-carbone-12-mois-cles-en-main\\\/109661\\\/#primaryimage\",\"url\":\"https:\\\/\\\/batijournal.com\\\/wp-content\\\/uploads\\\/2023\\\/11\\\/Gymnase-interieur-SALTO-Mathis.jpg\",\"contentUrl\":\"https:\\\/\\\/batijournal.com\\\/wp-content\\\/uploads\\\/2023\\\/11\\\/Gymnase-interieur-SALTO-Mathis.jpg\",\"width\":1000,\"height\":612},{\"@type\":\"BreadcrumbList\",\"@id\":\"https:\\\/\\\/batijournal.com\\\/index.php\\\/un-gymnase-a-faible-empreinte-carbone-12-mois-cles-en-main\\\/109661\\\/#breadcrumb\",\"itemListElement\":[{\"@type\":\"ListItem\",\"position\":1,\"name\":\"Accueil\",\"item\":\"https:\\\/\\\/batijournal.com\\\/\"},{\"@type\":\"ListItem\",\"position\":2,\"name\":\"Actualit\u00e9s\",\"item\":\"https:\\\/\\\/batijournal.com\\\/index.php\\\/category\\\/actualites\\\/\"},{\"@type\":\"ListItem\",\"position\":3,\"name\":\"Un gymnase \u00e0 faible empreinte carbone, 12 mois, cl\u00e9s en main\"}]},{\"@type\":\"WebSite\",\"@id\":\"https:\\\/\\\/batijournal.com\\\/#website\",\"url\":\"https:\\\/\\\/batijournal.com\\\/\",\"name\":\"Batijournal\",\"description\":\"L&#039;actualit\u00e9 du b\u00e2timent\",\"potentialAction\":[{\"@type\":\"SearchAction\",\"target\":{\"@type\":\"EntryPoint\",\"urlTemplate\":\"https:\\\/\\\/batijournal.com\\\/?s={search_term_string}\"},\"query-input\":{\"@type\":\"PropertyValueSpecification\",\"valueRequired\":true,\"valueName\":\"search_term_string\"}}],\"inLanguage\":\"fr-FR\"},{\"@type\":\"Person\",\"@id\":\"https:\\\/\\\/batijournal.com\\\/#\\\/schema\\\/person\\\/1dc96ec6957aa1ccb25ebe78bb19f100\",\"name\":\"St\u00e9phane Miget\",\"image\":{\"@type\":\"ImageObject\",\"inLanguage\":\"fr-FR\",\"@id\":\"https:\\\/\\\/secure.gravatar.com\\\/avatar\\\/89915563d925342126b8ef0281b93d9d7fc337043e8df017f780908eb9644451?s=96&d=mm&r=g\",\"url\":\"https:\\\/\\\/secure.gravatar.com\\\/avatar\\\/89915563d925342126b8ef0281b93d9d7fc337043e8df017f780908eb9644451?s=96&d=mm&r=g\",\"contentUrl\":\"https:\\\/\\\/secure.gravatar.com\\\/avatar\\\/89915563d925342126b8ef0281b93d9d7fc337043e8df017f780908eb9644451?s=96&d=mm&r=g\",\"caption\":\"St\u00e9phane Miget\"},\"url\":\"https:\\\/\\\/batijournal.com\\\/index.php\\\/author\\\/stephane\\\/\"}]}<\/script>\n<!-- \/ Yoast SEO plugin. -->","yoast_head_json":{"title":"Un gymnase \u00e0 faible empreinte carbone, 12 mois, cl\u00e9s en main","robots":{"index":"index","follow":"follow","max-snippet":"max-snippet:-1","max-image-preview":"max-image-preview:large","max-video-preview":"max-video-preview:-1"},"canonical":"https:\/\/batijournal.com\/index.php\/un-gymnase-a-faible-empreinte-carbone-12-mois-cles-en-main\/109661\/","og_locale":"fr_FR","og_type":"article","og_title":"Un gymnase \u00e0 faible empreinte carbone, 12 mois, cl\u00e9s en main","og_description":"Mathis d\u00e9veloppe une offre \u00ab\u00a0cl\u00e9s en main\u00a0\u00bb pour la construction de tous types de b\u00e2timents publics en bois. \u00c0 l\u2019occasion du salon des maires, l\u2019entreprise a lanc\u00e9 SALTO, un nouveau mod\u00e8le de gymnase qui r\u00e9unit tous les atouts pour construire d\u2019une mani\u00e8re plus vertueuse, pour assurer long\u00e9vit\u00e9 au b\u00e2timent et confort optimal aux usagers. \u00c9co-conception, [&hellip;]","og_url":"https:\/\/batijournal.com\/index.php\/un-gymnase-a-faible-empreinte-carbone-12-mois-cles-en-main\/109661\/","og_site_name":"Batijournal","article_published_time":"2023-11-22T10:17:51+00:00","og_image":[{"width":1000,"height":612,"url":"https:\/\/batijournal.com\/wp-content\/uploads\/2023\/11\/Gymnase-interieur-SALTO-Mathis.jpg","type":"image\/jpeg"}],"author":"St\u00e9phane Miget","twitter_card":"summary_large_image","twitter_creator":"@bati_journal","twitter_site":"@bati_journal","twitter_misc":{"\u00c9crit par":"St\u00e9phane Miget","Dur\u00e9e de lecture estim\u00e9e":"1 minute"},"schema":{"@context":"https:\/\/schema.org","@graph":[{"@type":"Article","@id":"https:\/\/batijournal.com\/index.php\/un-gymnase-a-faible-empreinte-carbone-12-mois-cles-en-main\/109661\/#article","isPartOf":{"@id":"https:\/\/batijournal.com\/index.php\/un-gymnase-a-faible-empreinte-carbone-12-mois-cles-en-main\/109661\/"},"author":{"name":"St\u00e9phane Miget","@id":"https:\/\/batijournal.com\/#\/schema\/person\/1dc96ec6957aa1ccb25ebe78bb19f100"},"headline":"Un gymnase \u00e0 faible empreinte carbone, 12 mois, cl\u00e9s en main","datePublished":"2023-11-22T10:17:51+00:00","mainEntityOfPage":{"@id":"https:\/\/batijournal.com\/index.php\/un-gymnase-a-faible-empreinte-carbone-12-mois-cles-en-main\/109661\/"},"wordCount":242,"image":{"@id":"https:\/\/batijournal.com\/index.php\/un-gymnase-a-faible-empreinte-carbone-12-mois-cles-en-main\/109661\/#primaryimage"},"thumbnailUrl":"https:\/\/batijournal.com\/wp-content\/uploads\/2023\/11\/Gymnase-interieur-SALTO-Mathis.jpg","keywords":["construction bois","gymnase"],"articleSection":["Actualit\u00e9s","Architecture &amp; Conception","zz_Actualit\u00e9s - Plan\u00e8te","zz_Actualit\u00e9s - Woodsurfer","zz_Plan\u00e8te B\u00e2timent","zz_Woodsurfer"],"inLanguage":"fr-FR"},{"@type":"WebPage","@id":"https:\/\/batijournal.com\/index.php\/un-gymnase-a-faible-empreinte-carbone-12-mois-cles-en-main\/109661\/","url":"https:\/\/batijournal.com\/index.php\/un-gymnase-a-faible-empreinte-carbone-12-mois-cles-en-main\/109661\/","name":"Un gymnase \u00e0 faible empreinte carbone, 12 mois, cl\u00e9s en main","isPartOf":{"@id":"https:\/\/batijournal.com\/#website"},"primaryImageOfPage":{"@id":"https:\/\/batijournal.com\/index.php\/un-gymnase-a-faible-empreinte-carbone-12-mois-cles-en-main\/109661\/#primaryimage"},"image":{"@id":"https:\/\/batijournal.com\/index.php\/un-gymnase-a-faible-empreinte-carbone-12-mois-cles-en-main\/109661\/#primaryimage"},"thumbnailUrl":"https:\/\/batijournal.com\/wp-content\/uploads\/2023\/11\/Gymnase-interieur-SALTO-Mathis.jpg","datePublished":"2023-11-22T10:17:51+00:00","author":{"@id":"https:\/\/batijournal.com\/#\/schema\/person\/1dc96ec6957aa1ccb25ebe78bb19f100"},"breadcrumb":{"@id":"https:\/\/batijournal.com\/index.php\/un-gymnase-a-faible-empreinte-carbone-12-mois-cles-en-main\/109661\/#breadcrumb"},"inLanguage":"fr-FR","potentialAction":[{"@type":"ReadAction","target":["https:\/\/batijournal.com\/index.php\/un-gymnase-a-faible-empreinte-carbone-12-mois-cles-en-main\/109661\/"]}]},{"@type":"ImageObject","inLanguage":"fr-FR","@id":"https:\/\/batijournal.com\/index.php\/un-gymnase-a-faible-empreinte-carbone-12-mois-cles-en-main\/109661\/#primaryimage","url":"https:\/\/batijournal.com\/wp-content\/uploads\/2023\/11\/Gymnase-interieur-SALTO-Mathis.jpg","contentUrl":"https:\/\/batijournal.com\/wp-content\/uploads\/2023\/11\/Gymnase-interieur-SALTO-Mathis.jpg","width":1000,"height":612},{"@type":"BreadcrumbList","@id":"https:\/\/batijournal.com\/index.php\/un-gymnase-a-faible-empreinte-carbone-12-mois-cles-en-main\/109661\/#breadcrumb","itemListElement":[{"@type":"ListItem","position":1,"name":"Accueil","item":"https:\/\/batijournal.com\/"},{"@type":"ListItem","position":2,"name":"Actualit\u00e9s","item":"https:\/\/batijournal.com\/index.php\/category\/actualites\/"},{"@type":"ListItem","position":3,"name":"Un gymnase \u00e0 faible empreinte carbone, 12 mois, cl\u00e9s en main"}]},{"@type":"WebSite","@id":"https:\/\/batijournal.com\/#website","url":"https:\/\/batijournal.com\/","name":"Batijournal","description":"L&#039;actualit\u00e9 du b\u00e2timent","potentialAction":[{"@type":"SearchAction","target":{"@type":"EntryPoint","urlTemplate":"https:\/\/batijournal.com\/?s={search_term_string}"},"query-input":{"@type":"PropertyValueSpecification","valueRequired":true,"valueName":"search_term_string"}}],"inLanguage":"fr-FR"},{"@type":"Person","@id":"https:\/\/batijournal.com\/#\/schema\/person\/1dc96ec6957aa1ccb25ebe78bb19f100","name":"St\u00e9phane Miget","image":{"@type":"ImageObject","inLanguage":"fr-FR","@id":"https:\/\/secure.gravatar.com\/avatar\/89915563d925342126b8ef0281b93d9d7fc337043e8df017f780908eb9644451?s=96&d=mm&r=g","url":"https:\/\/secure.gravatar.com\/avatar\/89915563d925342126b8ef0281b93d9d7fc337043e8df017f780908eb9644451?s=96&d=mm&r=g","contentUrl":"https:\/\/secure.gravatar.com\/avatar\/89915563d925342126b8ef0281b93d9d7fc337043e8df017f780908eb9644451?s=96&d=mm&r=g","caption":"St\u00e9phane Miget"},"url":"https:\/\/batijournal.com\/index.php\/author\/stephane\/"}]}},"_links":{"self":[{"href":"https:\/\/batijournal.com\/index.php\/wp-json\/wp\/v2\/posts\/109661","targetHints":{"allow":["GET"]}}],"collection":[{"href":"https:\/\/batijournal.com\/index.php\/wp-json\/wp\/v2\/posts"}],"about":[{"href":"https:\/\/batijournal.com\/index.php\/wp-json\/wp\/v2\/types\/post"}],"author":[{"embeddable":true,"href":"https:\/\/batijournal.com\/index.php\/wp-json\/wp\/v2\/users\/17"}],"replies":[{"embeddable":true,"href":"https:\/\/batijournal.com\/index.php\/wp-json\/wp\/v2\/comments?post=109661"}],"version-history":[{"count":0,"href":"https:\/\/batijournal.com\/index.php\/wp-json\/wp\/v2\/posts\/109661\/revisions"}],"wp:featuredmedia":[{"embeddable":true,"href":"https:\/\/batijournal.com\/index.php\/wp-json\/wp\/v2\/media\/109662"}],"wp:attachment":[{"href":"https:\/\/batijournal.com\/index.php\/wp-json\/wp\/v2\/media?parent=109661"}],"wp:term":[{"taxonomy":"category","embeddable":true,"href":"https:\/\/batijournal.com\/index.php\/wp-json\/wp\/v2\/categories?post=109661"},{"taxonomy":"post_tag","embeddable":true,"href":"https:\/\/batijournal.com\/index.php\/wp-json\/wp\/v2\/tags?post=109661"}],"curies":[{"name":"wp","href":"https:\/\/api.w.org\/{rel}","templated":true}]}}