{"id":109680,"date":"2023-11-23T09:06:18","date_gmt":"2023-11-23T08:06:18","guid":{"rendered":"https:\/\/batijournal.com\/?p=109680"},"modified":"2023-11-23T09:06:18","modified_gmt":"2023-11-23T08:06:18","slug":"myral-presentera-sur-batir-pour-le-climat-la-1re-facade-ite-fabriquee-avec-80-de-dechets","status":"publish","type":"post","link":"https:\/\/batijournal.com\/index.php\/myral-presentera-sur-batir-pour-le-climat-la-1re-facade-ite-fabriquee-avec-80-de-dechets\/109680\/","title":{"rendered":"Myral pr\u00e9sentera sur B\u00e2tir pour le Climat la 1re fa\u00e7ade ITE fabriqu\u00e9e avec 80% de d\u00e9chets"},"content":{"rendered":"<p>L\u2019\u00e9quipe Myral donne rendez-vous le 7 d\u00e9cembre au Parc des Princes \u00e0 Paris pour la deuxi\u00e8me \u00e9dition de B\u00e2tir pour le Climat, \u00e9v\u00e9nement qui a pour but d\u2019accompagner les acteurs de la construction dans leurs transformations pour b\u00e2tir d\u00e9carbon\u00e9. Cette ann\u00e9e, Myral s&rsquo;associe \u00e0 Armacell, fabricant d\u2019isolants \u00e0 base de bouteilles en plastique recycl\u00e9e. L&rsquo;isolant coupl\u00e9 avec un rev\u00eatement-isolant qui int\u00e8gre des d\u00e9chets d\u2019aluminium de plastique PET et du PVC recycl\u00e9s, permet de proposer un syst\u00e8me d\u2019isolation par l\u2019ext\u00e9rieur fabriqu\u00e9 avec 80% de d\u00e9chets.<\/p>\n","protected":false},"excerpt":{"rendered":"<p>L\u2019\u00e9quipe Myral donne rendez-vous le 7 d\u00e9cembre au Parc des Princes \u00e0 Paris pour la deuxi\u00e8me \u00e9dition de B\u00e2tir pour le Climat, \u00e9v\u00e9nement qui a pour but d\u2019accompagner les acteurs de la construction dans leurs transformations pour b\u00e2tir d\u00e9carbon\u00e9. Cette ann\u00e9e, Myral s&rsquo;associe \u00e0 Armacell, fabricant d\u2019isolants \u00e0 base de bouteilles en plastique recycl\u00e9e. L&rsquo;isolant [&hellip;]<\/p>\n","protected":false},"author":17,"featured_media":109681,"comment_status":"closed","ping_status":"closed","sticky":false,"template":"","format":"standard","meta":{"_et_pb_use_builder":"","_et_pb_old_content":"","_et_gb_content_width":"","footnotes":""},"categories":[12818,6356,12820,10771,10774,10778,10780],"tags":[11430,70],"class_list":["post-109680","post","type-post","status-publish","format-standard","has-post-thumbnail","hentry","category-construction","category-produits-solutions-techniques","category-renovation","category-5facades","category-produits-5facades","category-planete","category-produits-planete","tag-economie-circulaire","tag-ite"],"yoast_head":"<!-- This site is optimized with the Yoast SEO plugin v27.4 - https:\/\/yoast.com\/product\/yoast-seo-wordpress\/ -->\n<title>Myral pr\u00e9sentera sur B\u00e2tir pour le Climat la 1re fa\u00e7ade ITE fabriqu\u00e9e avec 80% de d\u00e9chets<\/title>\n<meta name=\"robots\" content=\"index, follow, max-snippet:-1, max-image-preview:large, max-video-preview:-1\" \/>\n<link rel=\"canonical\" href=\"https:\/\/batijournal.com\/index.php\/myral-presentera-sur-batir-pour-le-climat-la-1re-facade-ite-fabriquee-avec-80-de-dechets\/109680\/\" \/>\n<meta property=\"og:locale\" content=\"fr_FR\" \/>\n<meta property=\"og:type\" content=\"article\" \/>\n<meta property=\"og:title\" content=\"Myral pr\u00e9sentera sur B\u00e2tir pour le Climat la 1re fa\u00e7ade ITE fabriqu\u00e9e avec 80% de d\u00e9chets\" \/>\n<meta property=\"og:description\" content=\"L\u2019\u00e9quipe Myral donne rendez-vous le 7 d\u00e9cembre au Parc des Princes \u00e0 Paris pour la deuxi\u00e8me \u00e9dition de B\u00e2tir pour le Climat, \u00e9v\u00e9nement qui a pour but d\u2019accompagner les acteurs de la construction dans leurs transformations pour b\u00e2tir d\u00e9carbon\u00e9. Cette ann\u00e9e, Myral s&rsquo;associe \u00e0 Armacell, fabricant d\u2019isolants \u00e0 base de bouteilles en plastique recycl\u00e9e. L&rsquo;isolant [&hellip;]\" \/>\n<meta property=\"og:url\" content=\"https:\/\/batijournal.com\/index.php\/myral-presentera-sur-batir-pour-le-climat-la-1re-facade-ite-fabriquee-avec-80-de-dechets\/109680\/\" \/>\n<meta property=\"og:site_name\" content=\"Batijournal\" \/>\n<meta property=\"article:published_time\" content=\"2023-11-23T08:06:18+00:00\" \/>\n<meta property=\"og:image\" content=\"https:\/\/batijournal.com\/wp-content\/uploads\/2023\/11\/Myral-X-Armacell-15_11_23.png\" \/>\n\t<meta property=\"og:image:width\" content=\"1143\" \/>\n\t<meta property=\"og:image:height\" content=\"700\" \/>\n\t<meta property=\"og:image:type\" content=\"image\/png\" \/>\n<meta name=\"author\" content=\"St\u00e9phane Miget\" \/>\n<meta name=\"twitter:card\" content=\"summary_large_image\" \/>\n<meta name=\"twitter:creator\" content=\"@bati_journal\" \/>\n<meta name=\"twitter:site\" content=\"@bati_journal\" \/>\n<meta name=\"twitter:label1\" content=\"\u00c9crit par\" \/>\n\t<meta name=\"twitter:data1\" content=\"St\u00e9phane Miget\" \/>\n\t<meta name=\"twitter:label2\" content=\"Dur\u00e9e de lecture estim\u00e9e\" \/>\n\t<meta name=\"twitter:data2\" content=\"1 minute\" \/>\n<script type=\"application\/ld+json\" class=\"yoast-schema-graph\">{\"@context\":\"https:\\\/\\\/schema.org\",\"@graph\":[{\"@type\":\"Article\",\"@id\":\"https:\\\/\\\/batijournal.com\\\/index.php\\\/myral-presentera-sur-batir-pour-le-climat-la-1re-facade-ite-fabriquee-avec-80-de-dechets\\\/109680\\\/#article\",\"isPartOf\":{\"@id\":\"https:\\\/\\\/batijournal.com\\\/index.php\\\/myral-presentera-sur-batir-pour-le-climat-la-1re-facade-ite-fabriquee-avec-80-de-dechets\\\/109680\\\/\"},\"author\":{\"name\":\"St\u00e9phane Miget\",\"@id\":\"https:\\\/\\\/batijournal.com\\\/#\\\/schema\\\/person\\\/1dc96ec6957aa1ccb25ebe78bb19f100\"},\"headline\":\"Myral pr\u00e9sentera sur B\u00e2tir pour le Climat la 1re fa\u00e7ade ITE fabriqu\u00e9e avec 80% de d\u00e9chets\",\"datePublished\":\"2023-11-23T08:06:18+00:00\",\"mainEntityOfPage\":{\"@id\":\"https:\\\/\\\/batijournal.com\\\/index.php\\\/myral-presentera-sur-batir-pour-le-climat-la-1re-facade-ite-fabriquee-avec-80-de-dechets\\\/109680\\\/\"},\"wordCount\":122,\"image\":{\"@id\":\"https:\\\/\\\/batijournal.com\\\/index.php\\\/myral-presentera-sur-batir-pour-le-climat-la-1re-facade-ite-fabriquee-avec-80-de-dechets\\\/109680\\\/#primaryimage\"},\"thumbnailUrl\":\"https:\\\/\\\/batijournal.com\\\/wp-content\\\/uploads\\\/2023\\\/11\\\/Myral-X-Armacell-15_11_23.png\",\"keywords\":[\"\u00e9conomie circulaire\",\"ITE\"],\"articleSection\":[\"Construction\",\"Produits &amp; Solutions techniques\",\"R\u00e9novation\",\"zz_5fa\u00e7ades\",\"zz_Nouveaut\u00e9s Produits - 5fa\u00e7ades\",\"zz_Plan\u00e8te B\u00e2timent\",\"zz_Produits - Plan\u00e8te\"],\"inLanguage\":\"fr-FR\"},{\"@type\":\"WebPage\",\"@id\":\"https:\\\/\\\/batijournal.com\\\/index.php\\\/myral-presentera-sur-batir-pour-le-climat-la-1re-facade-ite-fabriquee-avec-80-de-dechets\\\/109680\\\/\",\"url\":\"https:\\\/\\\/batijournal.com\\\/index.php\\\/myral-presentera-sur-batir-pour-le-climat-la-1re-facade-ite-fabriquee-avec-80-de-dechets\\\/109680\\\/\",\"name\":\"Myral pr\u00e9sentera sur B\u00e2tir pour le Climat la 1re fa\u00e7ade ITE fabriqu\u00e9e avec 80% de d\u00e9chets\",\"isPartOf\":{\"@id\":\"https:\\\/\\\/batijournal.com\\\/#website\"},\"primaryImageOfPage\":{\"@id\":\"https:\\\/\\\/batijournal.com\\\/index.php\\\/myral-presentera-sur-batir-pour-le-climat-la-1re-facade-ite-fabriquee-avec-80-de-dechets\\\/109680\\\/#primaryimage\"},\"image\":{\"@id\":\"https:\\\/\\\/batijournal.com\\\/index.php\\\/myral-presentera-sur-batir-pour-le-climat-la-1re-facade-ite-fabriquee-avec-80-de-dechets\\\/109680\\\/#primaryimage\"},\"thumbnailUrl\":\"https:\\\/\\\/batijournal.com\\\/wp-content\\\/uploads\\\/2023\\\/11\\\/Myral-X-Armacell-15_11_23.png\",\"datePublished\":\"2023-11-23T08:06:18+00:00\",\"author\":{\"@id\":\"https:\\\/\\\/batijournal.com\\\/#\\\/schema\\\/person\\\/1dc96ec6957aa1ccb25ebe78bb19f100\"},\"breadcrumb\":{\"@id\":\"https:\\\/\\\/batijournal.com\\\/index.php\\\/myral-presentera-sur-batir-pour-le-climat-la-1re-facade-ite-fabriquee-avec-80-de-dechets\\\/109680\\\/#breadcrumb\"},\"inLanguage\":\"fr-FR\",\"potentialAction\":[{\"@type\":\"ReadAction\",\"target\":[\"https:\\\/\\\/batijournal.com\\\/index.php\\\/myral-presentera-sur-batir-pour-le-climat-la-1re-facade-ite-fabriquee-avec-80-de-dechets\\\/109680\\\/\"]}]},{\"@type\":\"ImageObject\",\"inLanguage\":\"fr-FR\",\"@id\":\"https:\\\/\\\/batijournal.com\\\/index.php\\\/myral-presentera-sur-batir-pour-le-climat-la-1re-facade-ite-fabriquee-avec-80-de-dechets\\\/109680\\\/#primaryimage\",\"url\":\"https:\\\/\\\/batijournal.com\\\/wp-content\\\/uploads\\\/2023\\\/11\\\/Myral-X-Armacell-15_11_23.png\",\"contentUrl\":\"https:\\\/\\\/batijournal.com\\\/wp-content\\\/uploads\\\/2023\\\/11\\\/Myral-X-Armacell-15_11_23.png\",\"width\":1143,\"height\":700},{\"@type\":\"BreadcrumbList\",\"@id\":\"https:\\\/\\\/batijournal.com\\\/index.php\\\/myral-presentera-sur-batir-pour-le-climat-la-1re-facade-ite-fabriquee-avec-80-de-dechets\\\/109680\\\/#breadcrumb\",\"itemListElement\":[{\"@type\":\"ListItem\",\"position\":1,\"name\":\"Accueil\",\"item\":\"https:\\\/\\\/batijournal.com\\\/\"},{\"@type\":\"ListItem\",\"position\":2,\"name\":\"Produits &amp; Solutions techniques\",\"item\":\"https:\\\/\\\/batijournal.com\\\/index.php\\\/category\\\/produits-solutions-techniques\\\/\"},{\"@type\":\"ListItem\",\"position\":3,\"name\":\"Myral pr\u00e9sentera sur B\u00e2tir pour le Climat la 1re fa\u00e7ade ITE fabriqu\u00e9e avec 80% de d\u00e9chets\"}]},{\"@type\":\"WebSite\",\"@id\":\"https:\\\/\\\/batijournal.com\\\/#website\",\"url\":\"https:\\\/\\\/batijournal.com\\\/\",\"name\":\"Batijournal\",\"description\":\"L&#039;actualit\u00e9 du b\u00e2timent\",\"potentialAction\":[{\"@type\":\"SearchAction\",\"target\":{\"@type\":\"EntryPoint\",\"urlTemplate\":\"https:\\\/\\\/batijournal.com\\\/?s={search_term_string}\"},\"query-input\":{\"@type\":\"PropertyValueSpecification\",\"valueRequired\":true,\"valueName\":\"search_term_string\"}}],\"inLanguage\":\"fr-FR\"},{\"@type\":\"Person\",\"@id\":\"https:\\\/\\\/batijournal.com\\\/#\\\/schema\\\/person\\\/1dc96ec6957aa1ccb25ebe78bb19f100\",\"name\":\"St\u00e9phane Miget\",\"image\":{\"@type\":\"ImageObject\",\"inLanguage\":\"fr-FR\",\"@id\":\"https:\\\/\\\/secure.gravatar.com\\\/avatar\\\/89915563d925342126b8ef0281b93d9d7fc337043e8df017f780908eb9644451?s=96&d=mm&r=g\",\"url\":\"https:\\\/\\\/secure.gravatar.com\\\/avatar\\\/89915563d925342126b8ef0281b93d9d7fc337043e8df017f780908eb9644451?s=96&d=mm&r=g\",\"contentUrl\":\"https:\\\/\\\/secure.gravatar.com\\\/avatar\\\/89915563d925342126b8ef0281b93d9d7fc337043e8df017f780908eb9644451?s=96&d=mm&r=g\",\"caption\":\"St\u00e9phane Miget\"},\"url\":\"https:\\\/\\\/batijournal.com\\\/index.php\\\/author\\\/stephane\\\/\"}]}<\/script>\n<!-- \/ Yoast SEO plugin. -->","yoast_head_json":{"title":"Myral pr\u00e9sentera sur B\u00e2tir pour le Climat la 1re fa\u00e7ade ITE fabriqu\u00e9e avec 80% de d\u00e9chets","robots":{"index":"index","follow":"follow","max-snippet":"max-snippet:-1","max-image-preview":"max-image-preview:large","max-video-preview":"max-video-preview:-1"},"canonical":"https:\/\/batijournal.com\/index.php\/myral-presentera-sur-batir-pour-le-climat-la-1re-facade-ite-fabriquee-avec-80-de-dechets\/109680\/","og_locale":"fr_FR","og_type":"article","og_title":"Myral pr\u00e9sentera sur B\u00e2tir pour le Climat la 1re fa\u00e7ade ITE fabriqu\u00e9e avec 80% de d\u00e9chets","og_description":"L\u2019\u00e9quipe Myral donne rendez-vous le 7 d\u00e9cembre au Parc des Princes \u00e0 Paris pour la deuxi\u00e8me \u00e9dition de B\u00e2tir pour le Climat, \u00e9v\u00e9nement qui a pour but d\u2019accompagner les acteurs de la construction dans leurs transformations pour b\u00e2tir d\u00e9carbon\u00e9. Cette ann\u00e9e, Myral s&rsquo;associe \u00e0 Armacell, fabricant d\u2019isolants \u00e0 base de bouteilles en plastique recycl\u00e9e. L&rsquo;isolant [&hellip;]","og_url":"https:\/\/batijournal.com\/index.php\/myral-presentera-sur-batir-pour-le-climat-la-1re-facade-ite-fabriquee-avec-80-de-dechets\/109680\/","og_site_name":"Batijournal","article_published_time":"2023-11-23T08:06:18+00:00","og_image":[{"width":1143,"height":700,"url":"https:\/\/batijournal.com\/wp-content\/uploads\/2023\/11\/Myral-X-Armacell-15_11_23.png","type":"image\/png"}],"author":"St\u00e9phane Miget","twitter_card":"summary_large_image","twitter_creator":"@bati_journal","twitter_site":"@bati_journal","twitter_misc":{"\u00c9crit par":"St\u00e9phane Miget","Dur\u00e9e de lecture estim\u00e9e":"1 minute"},"schema":{"@context":"https:\/\/schema.org","@graph":[{"@type":"Article","@id":"https:\/\/batijournal.com\/index.php\/myral-presentera-sur-batir-pour-le-climat-la-1re-facade-ite-fabriquee-avec-80-de-dechets\/109680\/#article","isPartOf":{"@id":"https:\/\/batijournal.com\/index.php\/myral-presentera-sur-batir-pour-le-climat-la-1re-facade-ite-fabriquee-avec-80-de-dechets\/109680\/"},"author":{"name":"St\u00e9phane Miget","@id":"https:\/\/batijournal.com\/#\/schema\/person\/1dc96ec6957aa1ccb25ebe78bb19f100"},"headline":"Myral pr\u00e9sentera sur B\u00e2tir pour le Climat la 1re fa\u00e7ade ITE fabriqu\u00e9e avec 80% de d\u00e9chets","datePublished":"2023-11-23T08:06:18+00:00","mainEntityOfPage":{"@id":"https:\/\/batijournal.com\/index.php\/myral-presentera-sur-batir-pour-le-climat-la-1re-facade-ite-fabriquee-avec-80-de-dechets\/109680\/"},"wordCount":122,"image":{"@id":"https:\/\/batijournal.com\/index.php\/myral-presentera-sur-batir-pour-le-climat-la-1re-facade-ite-fabriquee-avec-80-de-dechets\/109680\/#primaryimage"},"thumbnailUrl":"https:\/\/batijournal.com\/wp-content\/uploads\/2023\/11\/Myral-X-Armacell-15_11_23.png","keywords":["\u00e9conomie circulaire","ITE"],"articleSection":["Construction","Produits &amp; Solutions techniques","R\u00e9novation","zz_5fa\u00e7ades","zz_Nouveaut\u00e9s Produits - 5fa\u00e7ades","zz_Plan\u00e8te B\u00e2timent","zz_Produits - Plan\u00e8te"],"inLanguage":"fr-FR"},{"@type":"WebPage","@id":"https:\/\/batijournal.com\/index.php\/myral-presentera-sur-batir-pour-le-climat-la-1re-facade-ite-fabriquee-avec-80-de-dechets\/109680\/","url":"https:\/\/batijournal.com\/index.php\/myral-presentera-sur-batir-pour-le-climat-la-1re-facade-ite-fabriquee-avec-80-de-dechets\/109680\/","name":"Myral pr\u00e9sentera sur B\u00e2tir pour le Climat la 1re fa\u00e7ade ITE fabriqu\u00e9e avec 80% de d\u00e9chets","isPartOf":{"@id":"https:\/\/batijournal.com\/#website"},"primaryImageOfPage":{"@id":"https:\/\/batijournal.com\/index.php\/myral-presentera-sur-batir-pour-le-climat-la-1re-facade-ite-fabriquee-avec-80-de-dechets\/109680\/#primaryimage"},"image":{"@id":"https:\/\/batijournal.com\/index.php\/myral-presentera-sur-batir-pour-le-climat-la-1re-facade-ite-fabriquee-avec-80-de-dechets\/109680\/#primaryimage"},"thumbnailUrl":"https:\/\/batijournal.com\/wp-content\/uploads\/2023\/11\/Myral-X-Armacell-15_11_23.png","datePublished":"2023-11-23T08:06:18+00:00","author":{"@id":"https:\/\/batijournal.com\/#\/schema\/person\/1dc96ec6957aa1ccb25ebe78bb19f100"},"breadcrumb":{"@id":"https:\/\/batijournal.com\/index.php\/myral-presentera-sur-batir-pour-le-climat-la-1re-facade-ite-fabriquee-avec-80-de-dechets\/109680\/#breadcrumb"},"inLanguage":"fr-FR","potentialAction":[{"@type":"ReadAction","target":["https:\/\/batijournal.com\/index.php\/myral-presentera-sur-batir-pour-le-climat-la-1re-facade-ite-fabriquee-avec-80-de-dechets\/109680\/"]}]},{"@type":"ImageObject","inLanguage":"fr-FR","@id":"https:\/\/batijournal.com\/index.php\/myral-presentera-sur-batir-pour-le-climat-la-1re-facade-ite-fabriquee-avec-80-de-dechets\/109680\/#primaryimage","url":"https:\/\/batijournal.com\/wp-content\/uploads\/2023\/11\/Myral-X-Armacell-15_11_23.png","contentUrl":"https:\/\/batijournal.com\/wp-content\/uploads\/2023\/11\/Myral-X-Armacell-15_11_23.png","width":1143,"height":700},{"@type":"BreadcrumbList","@id":"https:\/\/batijournal.com\/index.php\/myral-presentera-sur-batir-pour-le-climat-la-1re-facade-ite-fabriquee-avec-80-de-dechets\/109680\/#breadcrumb","itemListElement":[{"@type":"ListItem","position":1,"name":"Accueil","item":"https:\/\/batijournal.com\/"},{"@type":"ListItem","position":2,"name":"Produits &amp; Solutions techniques","item":"https:\/\/batijournal.com\/index.php\/category\/produits-solutions-techniques\/"},{"@type":"ListItem","position":3,"name":"Myral pr\u00e9sentera sur B\u00e2tir pour le Climat la 1re fa\u00e7ade ITE fabriqu\u00e9e avec 80% de d\u00e9chets"}]},{"@type":"WebSite","@id":"https:\/\/batijournal.com\/#website","url":"https:\/\/batijournal.com\/","name":"Batijournal","description":"L&#039;actualit\u00e9 du b\u00e2timent","potentialAction":[{"@type":"SearchAction","target":{"@type":"EntryPoint","urlTemplate":"https:\/\/batijournal.com\/?s={search_term_string}"},"query-input":{"@type":"PropertyValueSpecification","valueRequired":true,"valueName":"search_term_string"}}],"inLanguage":"fr-FR"},{"@type":"Person","@id":"https:\/\/batijournal.com\/#\/schema\/person\/1dc96ec6957aa1ccb25ebe78bb19f100","name":"St\u00e9phane Miget","image":{"@type":"ImageObject","inLanguage":"fr-FR","@id":"https:\/\/secure.gravatar.com\/avatar\/89915563d925342126b8ef0281b93d9d7fc337043e8df017f780908eb9644451?s=96&d=mm&r=g","url":"https:\/\/secure.gravatar.com\/avatar\/89915563d925342126b8ef0281b93d9d7fc337043e8df017f780908eb9644451?s=96&d=mm&r=g","contentUrl":"https:\/\/secure.gravatar.com\/avatar\/89915563d925342126b8ef0281b93d9d7fc337043e8df017f780908eb9644451?s=96&d=mm&r=g","caption":"St\u00e9phane Miget"},"url":"https:\/\/batijournal.com\/index.php\/author\/stephane\/"}]}},"_links":{"self":[{"href":"https:\/\/batijournal.com\/index.php\/wp-json\/wp\/v2\/posts\/109680","targetHints":{"allow":["GET"]}}],"collection":[{"href":"https:\/\/batijournal.com\/index.php\/wp-json\/wp\/v2\/posts"}],"about":[{"href":"https:\/\/batijournal.com\/index.php\/wp-json\/wp\/v2\/types\/post"}],"author":[{"embeddable":true,"href":"https:\/\/batijournal.com\/index.php\/wp-json\/wp\/v2\/users\/17"}],"replies":[{"embeddable":true,"href":"https:\/\/batijournal.com\/index.php\/wp-json\/wp\/v2\/comments?post=109680"}],"version-history":[{"count":0,"href":"https:\/\/batijournal.com\/index.php\/wp-json\/wp\/v2\/posts\/109680\/revisions"}],"wp:featuredmedia":[{"embeddable":true,"href":"https:\/\/batijournal.com\/index.php\/wp-json\/wp\/v2\/media\/109681"}],"wp:attachment":[{"href":"https:\/\/batijournal.com\/index.php\/wp-json\/wp\/v2\/media?parent=109680"}],"wp:term":[{"taxonomy":"category","embeddable":true,"href":"https:\/\/batijournal.com\/index.php\/wp-json\/wp\/v2\/categories?post=109680"},{"taxonomy":"post_tag","embeddable":true,"href":"https:\/\/batijournal.com\/index.php\/wp-json\/wp\/v2\/tags?post=109680"}],"curies":[{"name":"wp","href":"https:\/\/api.w.org\/{rel}","templated":true}]}}