{"id":109690,"date":"2023-11-23T15:57:22","date_gmt":"2023-11-23T14:57:22","guid":{"rendered":"https:\/\/batijournal.com\/?p=109690"},"modified":"2023-11-24T10:49:12","modified_gmt":"2023-11-24T09:49:12","slug":"congres-national-du-batiment-durable-10e-edition","status":"publish","type":"post","link":"https:\/\/batijournal.com\/index.php\/congres-national-du-batiment-durable-10e-edition\/109690\/","title":{"rendered":"Congr\u00e8s National du B\u00e2timent Durable : 10e \u00e9dition"},"content":{"rendered":"<p><span class=\"s1\">La 10e \u00e9dition du Congr\u00e8s National du B\u00e2timent Durable (CNBD), soutenue par l\u2019<a href=\"https:\/\/www.ademe.fr\/\" target=\"_blank\" rel=\"noopener\">ADEME<\/a> et le <a href=\"https:\/\/www.planbatimentdurable.developpement-durable.gouv.fr\/\" target=\"_blank\" rel=\"noopener\">Plan B\u00e2timent Durable<\/a>, et co-organis\u00e9e par <a href=\"https:\/\/www.envirobat-oc.fr\/\" target=\"_blank\" rel=\"noopener\">Envirobat Occitanie<\/a> et <a href=\"https:\/\/www.effinergie.org\/web\/\" target=\"_blank\" rel=\"noopener\">Effinergie<\/a>, prendra place au Corum de Montpellier les 5 et 6 d\u00e9cembre. <\/span><span class=\"s2\">Pour cette \u00e9dition anniversaire, le CNBD s\u2019est donn\u00e9 pour objectif de montrer qu\u2019un autre avenir est possible, \u00e0 travers des transformations collectives : imaginer et construire ensemble les villes de demain pour qu\u2019elles soient capables de faire face aux enjeux climatiques et \u00e9cologiques de ce si\u00e8cle. <\/span><\/p>\n<p><img loading=\"lazy\" decoding=\"async\" class=\"aligncenter size-full wp-image-109692\" src=\"https:\/\/batijournal.com\/wp-content\/uploads\/2023\/11\/CNBD_Baseline.jpeg\" alt=\"\" width=\"800\" height=\"200\" srcset=\"https:\/\/batijournal.com\/wp-content\/uploads\/2023\/11\/CNBD_Baseline.jpeg 800w, https:\/\/batijournal.com\/wp-content\/uploads\/2023\/11\/CNBD_Baseline-480x120.jpeg 480w\" sizes=\"(min-width: 0px) and (max-width: 480px) 480px, (min-width: 481px) 800px, 100vw\" \/><\/p>\n<p class=\"p1\"><span class=\"s1\">Cet \u00e9v\u00e9nement s\u2019articule autour de plusieurs temps forts dont <strong>trois pl\u00e9ni\u00e8res<\/strong> permettant de r\u00e9unir les participants autour de sujets centraux : <\/span><\/p>\n<ul>\n<li class=\"p1\"><span class=\"s1\">\u00ab\u00a0<strong>Fabriquer des espaces \u00e0 vivre confortables pour tous<\/strong>\u00a0\u00bb, le mardi 5 d\u00e9cembre \u00e0 09h30<\/span><\/li>\n<li class=\"p1\"><span class=\"s1\">\u00ab\u00a0<strong>R\u00e9concilier l\u2019habitant et le vivant<\/strong>\u00a0\u00bb, le mardi 5 d\u00e9cembre \u00e0 17h15<\/span><\/li>\n<li class=\"p1\"><span class=\"s1\">\u00ab\u00a0<strong>Questionner les strat\u00e9gies, transformer les mod\u00e8les<\/strong> \u00bb, le mercredi 6 d\u00e9cembre \u00e0 11h00<\/span><\/li>\n<\/ul>\n<p class=\"p1\"><span class=\"s1\">ainsi que des<strong> ateliers participatifs et collaboratifs<\/strong>, des <strong>stands<\/strong> et un <strong>plateau TV<\/strong>.\u00a0<\/span><span class=\"s1\">Ce dernier sera anim\u00e9 par les \u00e9quipes de <a href=\"https:\/\/batijournal.com\/\" target=\"_blank\" rel=\"noopener\">Bati-Journal<\/a>. Pendant deux jours, les experts du secteur \u00e9changeront avec St\u00e9phane Miget, le journaliste en charge de l\u2019animation de ce plateau, autour des grandes th\u00e9matiques de l&rsquo;\u00e9v\u00e9nement. Au programme :<\/span><\/p>\n<p class=\"p1\"><span class=\"s1\"><b>Mardi 5 d\u00e9cembre<\/b><\/span><\/p>\n<ul>\n<li class=\"p1\"><span class=\"s1\">11h30 &#8211; <strong>R\u00e9novation du b\u00e2ti scolaire<\/strong> <em>avec L\u00e9a Monnier,<\/em> <em>responsable du P\u00f4le Secteur Public chez Hellio Solutions<\/em><\/span><\/li>\n<li class=\"p1\"><span class=\"s1\">12h00 &#8211; <strong>Biogaz et am\u00e9nagement durable : comment engager la transition \u00e9cologique ?<\/strong> <em>avec Louis-Philippe Martim, chef de march\u00e9 Am\u00e9nagement de GRDF<\/em><\/span><\/li>\n<li class=\"p1\"><span class=\"s1\">12h30 &#8211; <strong>En action pour le logement abordable et durable<\/strong>\u00a0<em>avec Nadia Bouyer, Directrice g\u00e9n\u00e9rale d\u2019Action Logement Groupe<\/em><\/span><\/li>\n<li class=\"p1\"><span class=\"s1\">14h30 &#8211; <strong>La mise en place de la REP PMCP<\/strong> <em>avec Bruno Maize, Directeur des relations adh\u00e9rents Valdelia<\/em><\/span><\/li>\n<li class=\"p1\"><span class=\"s1\">15h00 &#8211;<strong> Enjeux techniques et financiers de la prise en compte de la qualit\u00e9 acoustique dans r\u00e9novations thermiques de b\u00e2timent<\/strong> avec Alexandre Chauvet, Pr\u00e9sident CINOV Languedoc-Roussillon et Directeur de Autori Home acousticiens<\/span><\/li>\n<li class=\"p1\"><span class=\"s1\">15h30 &#8211; <strong>Construire durablement : enseignement pluridisciplinaire et transmission appliqu\u00e9e en architecture<\/strong> <em>avec Cl\u00e9ment Rabourdin, architecte-ing\u00e9nieur associ\u00e9 A+Architecture<\/em><\/span><\/li>\n<li class=\"p1\"><span class=\"s1\">16h00 &#8211; <strong>Face au d\u00e9r\u00e8glement climatique, une \u00e9volution n\u00e9cessaire des dispositions constructives ? Un regard Franco-Allemand<\/strong> <em>avec Bertrand Chauvet, d\u00e9l\u00e9gu\u00e9 r\u00e9gional de l\u2019AQC \u00e0 Strasbourg, en charge des relation franco-allemandes de l\u2019AQC et Yacine Benzerari, charg\u00e9 de mission au centre de ressources Envirobat Grand Est, enqu\u00eateur dans le cadre du dispositif REX BP B\u00e2timents r\u00e9silient de l\u2019AQC<\/em><\/span><\/li>\n<li class=\"p1\"><span class=\"s1\">16h30 &#8211; <strong>Lancement du Materia Award 2025, prix mondial des architectures contemporaines terre crue, fibres v\u00e9g\u00e9tales et pierre<\/strong> <em>avec Dominique Gauzin-M\u00fcller, co-fondatrice du Mouvement de la Frugalit\u00e9 heureuse et cr\u00e9ative et Louise Lemoine, coordinatrice du Materia Award 2025<\/em><\/span><\/li>\n<li class=\"p1\"><span class=\"s1\">19h00 &#8211; <strong>Construction hors-site <\/strong><em>avec Sophie Meynet, Directrice g\u00e9n\u00e9rale Immobilier R\u00e9sidentiel de GA Smart Building<\/em><\/span><\/li>\n<\/ul>\n<p><img loading=\"lazy\" decoding=\"async\" class=\"aligncenter wp-image-108825\" src=\"https:\/\/batijournal.com\/wp-content\/uploads\/2023\/04\/Acoustique-et-solutions-bas-carbone.jpg\" alt=\"\" width=\"587\" height=\"440\" srcset=\"https:\/\/batijournal.com\/wp-content\/uploads\/2023\/04\/Acoustique-et-solutions-bas-carbone.jpg 800w, https:\/\/batijournal.com\/wp-content\/uploads\/2023\/04\/Acoustique-et-solutions-bas-carbone-300x225.jpg 300w, https:\/\/batijournal.com\/wp-content\/uploads\/2023\/04\/Acoustique-et-solutions-bas-carbone-150x113.jpg 150w, https:\/\/batijournal.com\/wp-content\/uploads\/2023\/04\/Acoustique-et-solutions-bas-carbone-768x576.jpg 768w, https:\/\/batijournal.com\/wp-content\/uploads\/2023\/04\/Acoustique-et-solutions-bas-carbone-510x382.jpg 510w\" sizes=\"(max-width: 587px) 100vw, 587px\" \/><\/p>\n<p class=\"p1\"><span class=\"s1\"><b>Mercredi 6 d\u00e9cembre<span class=\"Apple-converted-space\">\u00a0<\/span><\/b><\/span><\/p>\n<ul>\n<li class=\"p1\"><span class=\"s1\">09h00 &#8211; <strong>L\u2019accompagnement des m\u00e9nages, pierre angulaire des projets de r\u00e9duction des consommations d\u2019\u00e9nergie<\/strong> <em>avec Guillaume Loizeaud, Directeur g\u00e9n\u00e9ral du p\u00f4le r\u00e9sidentiel individuel chez Hellio<\/em><\/span><\/li>\n<li class=\"p1\"><span class=\"s1\">09h30 &#8211;<strong> La d\u00e9marche de certification NF Habitat &#8211; NF Habitat HQE, vecteur de transformation<\/strong> <em>avec S\u00e9bastien Chaussegros, directeur R\u00e9gion Grand Sud du Groupe Qualitel<\/em><\/span><\/li>\n<li class=\"p1\"><span class=\"s1\">10h00 &#8211; <strong>Immobilier tertiaire : r\u00e9pondre aux obligations de la taxinomie Europ\u00e9enne<\/strong> <em>avec Patrick Nossent, Pr\u00e9sident de Certivea et Membre du Conseil d\u2019administration de l\u2019Alliance HQE-GBC<\/em><\/span><\/li>\n<li class=\"p1\"><span class=\"s1\">10h30 &#8211; <strong>Sobri\u00e9t\u00e9 immobili\u00e8re<\/strong> <em>avec Jean-Fran\u00e7ois Beauquier, Pr\u00e9sident d\u2019Ecovitalis et Jean-S\u00e9bastien Saulnier d\u2019Anchald, Responsable th\u00e9matique immobilier, tourisme, infrastructures \u00e0 la Banque des Territoires<\/em><\/span><\/li>\n<li class=\"p1\"><span class=\"s1\">12h30 &#8211; <strong>Les leviers du d\u00e9veloppement durable \u00e0 l\u2019\u00e9chelle de la gestion de patrimoine<\/strong> <em>avec Claire Maquart, responsable du service d\u2019ouvrage de H\u00e9rault Logement<\/em><\/span><\/li>\n<li class=\"p1\"><span class=\"s1\">14h00 &#8211; <strong>Parlez d\u2019usages, une plus-value pour la durabilit\u00e9 et l\u2019exploitation des b\u00e2timents<\/strong> <em>avec Emmanuel Gloumeau, Fondateur de Green Actitud &amp; Pr\u00e9sident CINOV MP et Didier Bonnin, partenaire Ingenihum(R) CINOV MP Syndicat Ergonomie<\/em><\/span><\/li>\n<li class=\"p1\"><span class=\"s1\">14h30 &#8211; <strong>R\u00e9nover l\u2019habitat sur lui-m\u00eame<\/strong> <em>avec Julien Charpentier, Directeur Occitanie de Demathieu Bard Construction<\/em><\/span><\/li>\n<li class=\"p1\"><span class=\"s1\">15h15 &#8211; <strong>R\u00e9novations tertiaires : nouveaux enjeux, nouvelles strat\u00e9gies<\/strong> <em>avec Patrick Nossent, Pr\u00e9sident de Certivea<\/em><\/span><\/li>\n<li class=\"p1\"><span class=\"s1\">15h45 &#8211; <strong>Associer les usagers pour des b\u00e2timents durables : de la formation \u00e0 l\u2019action !<\/strong> <em>avec Vincent De Sarasqueta, Responsable national de sp\u00e9cialit\u00e9 architecture, construction, r\u00e9habilitation et maintenance des B\u00e2timents de l\u2019INSET Montpellier et Dorian Litvine, accompagnateur, chercheur et formateur en ma\u00eetrise d&rsquo;usage et Dominique de\u00a0<\/em><\/span><i>Valcourt, architecte-AMO-G\u00e9rante de l&rsquo;Institut M\u00e9diterran\u00e9en du B\u00e2timent et de l&rsquo;Environnement &#8211; IMBE<\/i><\/li>\n<\/ul>\n<p><strong>\u00c0 savoir :\u00a0<\/strong><\/p>\n<ul>\n<li class=\"p1\"><span class=\"s1\">Toutes les \u00e9missions seront \u00e0 retrouver d\u00e8s le 5 d\u00e9cembre sur <a href=\"https:\/\/www.youtube.com\/@Batijournal-tv\" target=\"_blank\" rel=\"noopener\">notre cha\u00eene YouTube<\/a>.<\/span><\/li>\n<li class=\"p1\"><span class=\"s1\">Toutes les informations sur <a href=\"https:\/\/www.congresbatimentdurable.com\/\">https:\/\/www.congresbatimentdurable.com<\/a><\/span><\/li>\n<li class=\"p1\"><span class=\"s1\">R\u00e9servez votre billet : <a href=\"https:\/\/www.congresbatimentdurable.com\/inscription\/\">https:\/\/www.congresbatimentdurable.com\/inscription\/<\/a><\/span><\/li>\n<\/ul>\n","protected":false},"excerpt":{"rendered":"<p>La 10e \u00e9dition du Congr\u00e8s National du B\u00e2timent Durable (CNBD), soutenue par l\u2019ADEME et le Plan B\u00e2timent Durable, et co-organis\u00e9e par Envirobat Occitanie et Effinergie, prendra place au Corum de Montpellier les 5 et 6 d\u00e9cembre. Pour cette \u00e9dition anniversaire, le CNBD s\u2019est donn\u00e9 pour objectif de montrer qu\u2019un autre avenir est possible, \u00e0 travers [&hellip;]<\/p>\n","protected":false},"author":1,"featured_media":109691,"comment_status":"closed","ping_status":"closed","sticky":false,"template":"","format":"standard","meta":{"_et_pb_use_builder":"","_et_pb_old_content":"","_et_gb_content_width":"","footnotes":""},"categories":[10736,10530,10781,10778],"tags":[12056,12501],"class_list":["post-109690","post","type-post","status-publish","format-standard","has-post-thumbnail","hentry","category-a-la-une","category-actualites","category-publications-planete","category-planete","tag-congres-batiment-durable","tag-plateau-tv"],"yoast_head":"<!-- This site is optimized with the Yoast SEO plugin v27.4 - https:\/\/yoast.com\/product\/yoast-seo-wordpress\/ -->\n<title>Congr\u00e8s National du B\u00e2timent Durable : 10e \u00e9dition<\/title>\n<meta name=\"robots\" content=\"index, follow, max-snippet:-1, max-image-preview:large, max-video-preview:-1\" \/>\n<link rel=\"canonical\" href=\"https:\/\/batijournal.com\/index.php\/congres-national-du-batiment-durable-10e-edition\/109690\/\" \/>\n<meta property=\"og:locale\" content=\"fr_FR\" \/>\n<meta property=\"og:type\" content=\"article\" \/>\n<meta property=\"og:title\" content=\"Congr\u00e8s National du B\u00e2timent Durable : 10e \u00e9dition\" \/>\n<meta property=\"og:description\" content=\"La 10e \u00e9dition du Congr\u00e8s National du B\u00e2timent Durable (CNBD), soutenue par l\u2019ADEME et le Plan B\u00e2timent Durable, et co-organis\u00e9e par Envirobat Occitanie et Effinergie, prendra place au Corum de Montpellier les 5 et 6 d\u00e9cembre. Pour cette \u00e9dition anniversaire, le CNBD s\u2019est donn\u00e9 pour objectif de montrer qu\u2019un autre avenir est possible, \u00e0 travers [&hellip;]\" \/>\n<meta property=\"og:url\" content=\"https:\/\/batijournal.com\/index.php\/congres-national-du-batiment-durable-10e-edition\/109690\/\" \/>\n<meta property=\"og:site_name\" content=\"Batijournal\" \/>\n<meta property=\"article:published_time\" content=\"2023-11-23T14:57:22+00:00\" \/>\n<meta property=\"article:modified_time\" content=\"2023-11-24T09:49:12+00:00\" \/>\n<meta property=\"og:image\" content=\"https:\/\/batijournal.com\/wp-content\/uploads\/2023\/11\/CNBD_2023.jpeg\" \/>\n\t<meta property=\"og:image:width\" content=\"805\" \/>\n\t<meta property=\"og:image:height\" content=\"454\" \/>\n\t<meta property=\"og:image:type\" content=\"image\/jpeg\" \/>\n<meta name=\"author\" content=\"Bati-journal\" \/>\n<meta name=\"twitter:card\" content=\"summary_large_image\" \/>\n<meta name=\"twitter:creator\" content=\"@bati_journal\" \/>\n<meta name=\"twitter:site\" content=\"@bati_journal\" \/>\n<meta name=\"twitter:label1\" content=\"\u00c9crit par\" \/>\n\t<meta name=\"twitter:data1\" content=\"Bati-journal\" \/>\n\t<meta name=\"twitter:label2\" content=\"Dur\u00e9e de lecture estim\u00e9e\" \/>\n\t<meta name=\"twitter:data2\" content=\"4 minutes\" \/>\n<script type=\"application\/ld+json\" class=\"yoast-schema-graph\">{\"@context\":\"https:\\\/\\\/schema.org\",\"@graph\":[{\"@type\":\"Article\",\"@id\":\"https:\\\/\\\/batijournal.com\\\/index.php\\\/congres-national-du-batiment-durable-10e-edition\\\/109690\\\/#article\",\"isPartOf\":{\"@id\":\"https:\\\/\\\/batijournal.com\\\/index.php\\\/congres-national-du-batiment-durable-10e-edition\\\/109690\\\/\"},\"author\":{\"name\":\"Bati-journal\",\"@id\":\"https:\\\/\\\/batijournal.com\\\/#\\\/schema\\\/person\\\/6a657e8967569e1b299972574848aa76\"},\"headline\":\"Congr\u00e8s National du B\u00e2timent Durable : 10e \u00e9dition\",\"datePublished\":\"2023-11-23T14:57:22+00:00\",\"dateModified\":\"2023-11-24T09:49:12+00:00\",\"mainEntityOfPage\":{\"@id\":\"https:\\\/\\\/batijournal.com\\\/index.php\\\/congres-national-du-batiment-durable-10e-edition\\\/109690\\\/\"},\"wordCount\":808,\"image\":{\"@id\":\"https:\\\/\\\/batijournal.com\\\/index.php\\\/congres-national-du-batiment-durable-10e-edition\\\/109690\\\/#primaryimage\"},\"thumbnailUrl\":\"https:\\\/\\\/batijournal.com\\\/wp-content\\\/uploads\\\/2023\\\/11\\\/CNBD_2023.jpeg\",\"keywords\":[\"congr\u00e8s batiment durable\",\"plateau TV\"],\"articleSection\":[\"A la Une\",\"Actualit\u00e9s\",\"zz_Actualit\u00e9s - Plan\u00e8te\",\"zz_Plan\u00e8te B\u00e2timent\"],\"inLanguage\":\"fr-FR\"},{\"@type\":\"WebPage\",\"@id\":\"https:\\\/\\\/batijournal.com\\\/index.php\\\/congres-national-du-batiment-durable-10e-edition\\\/109690\\\/\",\"url\":\"https:\\\/\\\/batijournal.com\\\/index.php\\\/congres-national-du-batiment-durable-10e-edition\\\/109690\\\/\",\"name\":\"Congr\u00e8s National du B\u00e2timent Durable : 10e \u00e9dition\",\"isPartOf\":{\"@id\":\"https:\\\/\\\/batijournal.com\\\/#website\"},\"primaryImageOfPage\":{\"@id\":\"https:\\\/\\\/batijournal.com\\\/index.php\\\/congres-national-du-batiment-durable-10e-edition\\\/109690\\\/#primaryimage\"},\"image\":{\"@id\":\"https:\\\/\\\/batijournal.com\\\/index.php\\\/congres-national-du-batiment-durable-10e-edition\\\/109690\\\/#primaryimage\"},\"thumbnailUrl\":\"https:\\\/\\\/batijournal.com\\\/wp-content\\\/uploads\\\/2023\\\/11\\\/CNBD_2023.jpeg\",\"datePublished\":\"2023-11-23T14:57:22+00:00\",\"dateModified\":\"2023-11-24T09:49:12+00:00\",\"author\":{\"@id\":\"https:\\\/\\\/batijournal.com\\\/#\\\/schema\\\/person\\\/6a657e8967569e1b299972574848aa76\"},\"breadcrumb\":{\"@id\":\"https:\\\/\\\/batijournal.com\\\/index.php\\\/congres-national-du-batiment-durable-10e-edition\\\/109690\\\/#breadcrumb\"},\"inLanguage\":\"fr-FR\",\"potentialAction\":[{\"@type\":\"ReadAction\",\"target\":[\"https:\\\/\\\/batijournal.com\\\/index.php\\\/congres-national-du-batiment-durable-10e-edition\\\/109690\\\/\"]}]},{\"@type\":\"ImageObject\",\"inLanguage\":\"fr-FR\",\"@id\":\"https:\\\/\\\/batijournal.com\\\/index.php\\\/congres-national-du-batiment-durable-10e-edition\\\/109690\\\/#primaryimage\",\"url\":\"https:\\\/\\\/batijournal.com\\\/wp-content\\\/uploads\\\/2023\\\/11\\\/CNBD_2023.jpeg\",\"contentUrl\":\"https:\\\/\\\/batijournal.com\\\/wp-content\\\/uploads\\\/2023\\\/11\\\/CNBD_2023.jpeg\",\"width\":805,\"height\":454},{\"@type\":\"BreadcrumbList\",\"@id\":\"https:\\\/\\\/batijournal.com\\\/index.php\\\/congres-national-du-batiment-durable-10e-edition\\\/109690\\\/#breadcrumb\",\"itemListElement\":[{\"@type\":\"ListItem\",\"position\":1,\"name\":\"Accueil\",\"item\":\"https:\\\/\\\/batijournal.com\\\/\"},{\"@type\":\"ListItem\",\"position\":2,\"name\":\"Actualit\u00e9s\",\"item\":\"https:\\\/\\\/batijournal.com\\\/index.php\\\/category\\\/actualites\\\/\"},{\"@type\":\"ListItem\",\"position\":3,\"name\":\"Congr\u00e8s National du B\u00e2timent Durable : 10e \u00e9dition\"}]},{\"@type\":\"WebSite\",\"@id\":\"https:\\\/\\\/batijournal.com\\\/#website\",\"url\":\"https:\\\/\\\/batijournal.com\\\/\",\"name\":\"Batijournal\",\"description\":\"L&#039;actualit\u00e9 du b\u00e2timent\",\"potentialAction\":[{\"@type\":\"SearchAction\",\"target\":{\"@type\":\"EntryPoint\",\"urlTemplate\":\"https:\\\/\\\/batijournal.com\\\/?s={search_term_string}\"},\"query-input\":{\"@type\":\"PropertyValueSpecification\",\"valueRequired\":true,\"valueName\":\"search_term_string\"}}],\"inLanguage\":\"fr-FR\"},{\"@type\":\"Person\",\"@id\":\"https:\\\/\\\/batijournal.com\\\/#\\\/schema\\\/person\\\/6a657e8967569e1b299972574848aa76\",\"name\":\"Bati-journal\",\"image\":{\"@type\":\"ImageObject\",\"inLanguage\":\"fr-FR\",\"@id\":\"https:\\\/\\\/secure.gravatar.com\\\/avatar\\\/a64364ea26392f9b4dd47e017ddaec74ff03aefc073b49e492e847201258f777?s=96&d=mm&r=g\",\"url\":\"https:\\\/\\\/secure.gravatar.com\\\/avatar\\\/a64364ea26392f9b4dd47e017ddaec74ff03aefc073b49e492e847201258f777?s=96&d=mm&r=g\",\"contentUrl\":\"https:\\\/\\\/secure.gravatar.com\\\/avatar\\\/a64364ea26392f9b4dd47e017ddaec74ff03aefc073b49e492e847201258f777?s=96&d=mm&r=g\",\"caption\":\"Bati-journal\"},\"url\":\"https:\\\/\\\/batijournal.com\\\/index.php\\\/author\\\/elodie\\\/\"}]}<\/script>\n<!-- \/ Yoast SEO plugin. -->","yoast_head_json":{"title":"Congr\u00e8s National du B\u00e2timent Durable : 10e \u00e9dition","robots":{"index":"index","follow":"follow","max-snippet":"max-snippet:-1","max-image-preview":"max-image-preview:large","max-video-preview":"max-video-preview:-1"},"canonical":"https:\/\/batijournal.com\/index.php\/congres-national-du-batiment-durable-10e-edition\/109690\/","og_locale":"fr_FR","og_type":"article","og_title":"Congr\u00e8s National du B\u00e2timent Durable : 10e \u00e9dition","og_description":"La 10e \u00e9dition du Congr\u00e8s National du B\u00e2timent Durable (CNBD), soutenue par l\u2019ADEME et le Plan B\u00e2timent Durable, et co-organis\u00e9e par Envirobat Occitanie et Effinergie, prendra place au Corum de Montpellier les 5 et 6 d\u00e9cembre. Pour cette \u00e9dition anniversaire, le CNBD s\u2019est donn\u00e9 pour objectif de montrer qu\u2019un autre avenir est possible, \u00e0 travers [&hellip;]","og_url":"https:\/\/batijournal.com\/index.php\/congres-national-du-batiment-durable-10e-edition\/109690\/","og_site_name":"Batijournal","article_published_time":"2023-11-23T14:57:22+00:00","article_modified_time":"2023-11-24T09:49:12+00:00","og_image":[{"width":805,"height":454,"url":"https:\/\/batijournal.com\/wp-content\/uploads\/2023\/11\/CNBD_2023.jpeg","type":"image\/jpeg"}],"author":"Bati-journal","twitter_card":"summary_large_image","twitter_creator":"@bati_journal","twitter_site":"@bati_journal","twitter_misc":{"\u00c9crit par":"Bati-journal","Dur\u00e9e de lecture estim\u00e9e":"4 minutes"},"schema":{"@context":"https:\/\/schema.org","@graph":[{"@type":"Article","@id":"https:\/\/batijournal.com\/index.php\/congres-national-du-batiment-durable-10e-edition\/109690\/#article","isPartOf":{"@id":"https:\/\/batijournal.com\/index.php\/congres-national-du-batiment-durable-10e-edition\/109690\/"},"author":{"name":"Bati-journal","@id":"https:\/\/batijournal.com\/#\/schema\/person\/6a657e8967569e1b299972574848aa76"},"headline":"Congr\u00e8s National du B\u00e2timent Durable : 10e \u00e9dition","datePublished":"2023-11-23T14:57:22+00:00","dateModified":"2023-11-24T09:49:12+00:00","mainEntityOfPage":{"@id":"https:\/\/batijournal.com\/index.php\/congres-national-du-batiment-durable-10e-edition\/109690\/"},"wordCount":808,"image":{"@id":"https:\/\/batijournal.com\/index.php\/congres-national-du-batiment-durable-10e-edition\/109690\/#primaryimage"},"thumbnailUrl":"https:\/\/batijournal.com\/wp-content\/uploads\/2023\/11\/CNBD_2023.jpeg","keywords":["congr\u00e8s batiment durable","plateau TV"],"articleSection":["A la Une","Actualit\u00e9s","zz_Actualit\u00e9s - Plan\u00e8te","zz_Plan\u00e8te B\u00e2timent"],"inLanguage":"fr-FR"},{"@type":"WebPage","@id":"https:\/\/batijournal.com\/index.php\/congres-national-du-batiment-durable-10e-edition\/109690\/","url":"https:\/\/batijournal.com\/index.php\/congres-national-du-batiment-durable-10e-edition\/109690\/","name":"Congr\u00e8s National du B\u00e2timent Durable : 10e \u00e9dition","isPartOf":{"@id":"https:\/\/batijournal.com\/#website"},"primaryImageOfPage":{"@id":"https:\/\/batijournal.com\/index.php\/congres-national-du-batiment-durable-10e-edition\/109690\/#primaryimage"},"image":{"@id":"https:\/\/batijournal.com\/index.php\/congres-national-du-batiment-durable-10e-edition\/109690\/#primaryimage"},"thumbnailUrl":"https:\/\/batijournal.com\/wp-content\/uploads\/2023\/11\/CNBD_2023.jpeg","datePublished":"2023-11-23T14:57:22+00:00","dateModified":"2023-11-24T09:49:12+00:00","author":{"@id":"https:\/\/batijournal.com\/#\/schema\/person\/6a657e8967569e1b299972574848aa76"},"breadcrumb":{"@id":"https:\/\/batijournal.com\/index.php\/congres-national-du-batiment-durable-10e-edition\/109690\/#breadcrumb"},"inLanguage":"fr-FR","potentialAction":[{"@type":"ReadAction","target":["https:\/\/batijournal.com\/index.php\/congres-national-du-batiment-durable-10e-edition\/109690\/"]}]},{"@type":"ImageObject","inLanguage":"fr-FR","@id":"https:\/\/batijournal.com\/index.php\/congres-national-du-batiment-durable-10e-edition\/109690\/#primaryimage","url":"https:\/\/batijournal.com\/wp-content\/uploads\/2023\/11\/CNBD_2023.jpeg","contentUrl":"https:\/\/batijournal.com\/wp-content\/uploads\/2023\/11\/CNBD_2023.jpeg","width":805,"height":454},{"@type":"BreadcrumbList","@id":"https:\/\/batijournal.com\/index.php\/congres-national-du-batiment-durable-10e-edition\/109690\/#breadcrumb","itemListElement":[{"@type":"ListItem","position":1,"name":"Accueil","item":"https:\/\/batijournal.com\/"},{"@type":"ListItem","position":2,"name":"Actualit\u00e9s","item":"https:\/\/batijournal.com\/index.php\/category\/actualites\/"},{"@type":"ListItem","position":3,"name":"Congr\u00e8s National du B\u00e2timent Durable : 10e \u00e9dition"}]},{"@type":"WebSite","@id":"https:\/\/batijournal.com\/#website","url":"https:\/\/batijournal.com\/","name":"Batijournal","description":"L&#039;actualit\u00e9 du b\u00e2timent","potentialAction":[{"@type":"SearchAction","target":{"@type":"EntryPoint","urlTemplate":"https:\/\/batijournal.com\/?s={search_term_string}"},"query-input":{"@type":"PropertyValueSpecification","valueRequired":true,"valueName":"search_term_string"}}],"inLanguage":"fr-FR"},{"@type":"Person","@id":"https:\/\/batijournal.com\/#\/schema\/person\/6a657e8967569e1b299972574848aa76","name":"Bati-journal","image":{"@type":"ImageObject","inLanguage":"fr-FR","@id":"https:\/\/secure.gravatar.com\/avatar\/a64364ea26392f9b4dd47e017ddaec74ff03aefc073b49e492e847201258f777?s=96&d=mm&r=g","url":"https:\/\/secure.gravatar.com\/avatar\/a64364ea26392f9b4dd47e017ddaec74ff03aefc073b49e492e847201258f777?s=96&d=mm&r=g","contentUrl":"https:\/\/secure.gravatar.com\/avatar\/a64364ea26392f9b4dd47e017ddaec74ff03aefc073b49e492e847201258f777?s=96&d=mm&r=g","caption":"Bati-journal"},"url":"https:\/\/batijournal.com\/index.php\/author\/elodie\/"}]}},"_links":{"self":[{"href":"https:\/\/batijournal.com\/index.php\/wp-json\/wp\/v2\/posts\/109690","targetHints":{"allow":["GET"]}}],"collection":[{"href":"https:\/\/batijournal.com\/index.php\/wp-json\/wp\/v2\/posts"}],"about":[{"href":"https:\/\/batijournal.com\/index.php\/wp-json\/wp\/v2\/types\/post"}],"author":[{"embeddable":true,"href":"https:\/\/batijournal.com\/index.php\/wp-json\/wp\/v2\/users\/1"}],"replies":[{"embeddable":true,"href":"https:\/\/batijournal.com\/index.php\/wp-json\/wp\/v2\/comments?post=109690"}],"version-history":[{"count":0,"href":"https:\/\/batijournal.com\/index.php\/wp-json\/wp\/v2\/posts\/109690\/revisions"}],"wp:featuredmedia":[{"embeddable":true,"href":"https:\/\/batijournal.com\/index.php\/wp-json\/wp\/v2\/media\/109691"}],"wp:attachment":[{"href":"https:\/\/batijournal.com\/index.php\/wp-json\/wp\/v2\/media?parent=109690"}],"wp:term":[{"taxonomy":"category","embeddable":true,"href":"https:\/\/batijournal.com\/index.php\/wp-json\/wp\/v2\/categories?post=109690"},{"taxonomy":"post_tag","embeddable":true,"href":"https:\/\/batijournal.com\/index.php\/wp-json\/wp\/v2\/tags?post=109690"}],"curies":[{"name":"wp","href":"https:\/\/api.w.org\/{rel}","templated":true}]}}