{"id":109708,"date":"2023-11-28T17:02:38","date_gmt":"2023-11-28T16:02:38","guid":{"rendered":"https:\/\/batijournal.com\/?p=109708"},"modified":"2023-11-28T17:02:38","modified_gmt":"2023-11-28T16:02:38","slug":"le-groupe-ducerf-investit-dans-la-production-de-buchettes-compressees","status":"publish","type":"post","link":"https:\/\/batijournal.com\/index.php\/le-groupe-ducerf-investit-dans-la-production-de-buchettes-compressees\/109708\/","title":{"rendered":"Le Groupe Ducerf investit dans la production de b\u00fbchettes compress\u00e9es"},"content":{"rendered":"<p>Dans une d\u00e9marche globale de revalorisation des connexes et de transition \u00e9nerg\u00e9tique, le Groupe Ducerf se lance dans le bois-\u00e9nergie avec le d\u00e9veloppement de sa premi\u00e8re ligne de production de b\u00fbchettes compress\u00e9es. 600 000 \u20ac ont \u00e9t\u00e9 investis sur le site de Bourgogne Bois Industrie pour faire de la sciure, des copeaux et des rognes un produit \u00e0 part enti\u00e8re, v\u00e9ritable source d\u2019\u00e9nergie renouvelable. Avec la mise en place de cette ligne de production, le Groupe Ducerf optimise les usages de l\u2019ensemble de la mati\u00e8re premi\u00e8re transform\u00e9e. Elle devrait permettre de produire 1200 tonnes de b\u00fbchettes en 2024 soit environ 1,5% du march\u00e9 fran\u00e7ais.<\/p>\n","protected":false},"excerpt":{"rendered":"<p>Dans une d\u00e9marche globale de revalorisation des connexes et de transition \u00e9nerg\u00e9tique, le Groupe Ducerf se lance dans le bois-\u00e9nergie avec le d\u00e9veloppement de sa premi\u00e8re ligne de production de b\u00fbchettes compress\u00e9es. 600 000 \u20ac ont \u00e9t\u00e9 investis sur le site de Bourgogne Bois Industrie pour faire de la sciure, des copeaux et des rognes [&hellip;]<\/p>\n","protected":false},"author":17,"featured_media":109709,"comment_status":"closed","ping_status":"closed","sticky":false,"template":"","format":"standard","meta":{"_et_pb_use_builder":"","_et_pb_old_content":"","_et_gb_content_width":"","footnotes":""},"categories":[10530,6351,10781,10769,10778,10764],"tags":[4083,1778],"class_list":["post-109708","post","type-post","status-publish","format-standard","has-post-thumbnail","hentry","category-actualites","category-energie-environnement","category-publications-planete","category-publications","category-planete","category-woodsurfer","tag-bois-energie","tag-chauffage-au-bois"],"yoast_head":"<!-- This site is optimized with the Yoast SEO plugin v27.4 - https:\/\/yoast.com\/product\/yoast-seo-wordpress\/ -->\n<title>Le Groupe Ducerf investit dans la production de b\u00fbchettes compress\u00e9es<\/title>\n<meta name=\"robots\" content=\"index, follow, max-snippet:-1, max-image-preview:large, max-video-preview:-1\" \/>\n<link rel=\"canonical\" href=\"https:\/\/batijournal.com\/index.php\/le-groupe-ducerf-investit-dans-la-production-de-buchettes-compressees\/109708\/\" \/>\n<meta property=\"og:locale\" content=\"fr_FR\" \/>\n<meta property=\"og:type\" content=\"article\" \/>\n<meta property=\"og:title\" content=\"Le Groupe Ducerf investit dans la production de b\u00fbchettes compress\u00e9es\" \/>\n<meta property=\"og:description\" content=\"Dans une d\u00e9marche globale de revalorisation des connexes et de transition \u00e9nerg\u00e9tique, le Groupe Ducerf se lance dans le bois-\u00e9nergie avec le d\u00e9veloppement de sa premi\u00e8re ligne de production de b\u00fbchettes compress\u00e9es. 600 000 \u20ac ont \u00e9t\u00e9 investis sur le site de Bourgogne Bois Industrie pour faire de la sciure, des copeaux et des rognes [&hellip;]\" \/>\n<meta property=\"og:url\" content=\"https:\/\/batijournal.com\/index.php\/le-groupe-ducerf-investit-dans-la-production-de-buchettes-compressees\/109708\/\" \/>\n<meta property=\"og:site_name\" content=\"Batijournal\" \/>\n<meta property=\"article:published_time\" content=\"2023-11-28T16:02:38+00:00\" \/>\n<meta property=\"og:image\" content=\"https:\/\/batijournal.com\/wp-content\/uploads\/2023\/11\/le-groupe-ducerf-investit-dans-la-production-de-buchettes-compressees-a-destination-du-marche-du-bois-energie_T1.jpg\" \/>\n\t<meta property=\"og:image:width\" content=\"1020\" \/>\n\t<meta property=\"og:image:height\" content=\"680\" \/>\n\t<meta property=\"og:image:type\" content=\"image\/jpeg\" \/>\n<meta name=\"author\" content=\"St\u00e9phane Miget\" \/>\n<meta name=\"twitter:card\" content=\"summary_large_image\" \/>\n<meta name=\"twitter:creator\" content=\"@bati_journal\" \/>\n<meta name=\"twitter:site\" content=\"@bati_journal\" \/>\n<meta name=\"twitter:label1\" content=\"\u00c9crit par\" \/>\n\t<meta name=\"twitter:data1\" content=\"St\u00e9phane Miget\" \/>\n\t<meta name=\"twitter:label2\" content=\"Dur\u00e9e de lecture estim\u00e9e\" \/>\n\t<meta name=\"twitter:data2\" content=\"1 minute\" \/>\n<script type=\"application\/ld+json\" class=\"yoast-schema-graph\">{\"@context\":\"https:\\\/\\\/schema.org\",\"@graph\":[{\"@type\":\"Article\",\"@id\":\"https:\\\/\\\/batijournal.com\\\/index.php\\\/le-groupe-ducerf-investit-dans-la-production-de-buchettes-compressees\\\/109708\\\/#article\",\"isPartOf\":{\"@id\":\"https:\\\/\\\/batijournal.com\\\/index.php\\\/le-groupe-ducerf-investit-dans-la-production-de-buchettes-compressees\\\/109708\\\/\"},\"author\":{\"name\":\"St\u00e9phane Miget\",\"@id\":\"https:\\\/\\\/batijournal.com\\\/#\\\/schema\\\/person\\\/1dc96ec6957aa1ccb25ebe78bb19f100\"},\"headline\":\"Le Groupe Ducerf investit dans la production de b\u00fbchettes compress\u00e9es\",\"datePublished\":\"2023-11-28T16:02:38+00:00\",\"mainEntityOfPage\":{\"@id\":\"https:\\\/\\\/batijournal.com\\\/index.php\\\/le-groupe-ducerf-investit-dans-la-production-de-buchettes-compressees\\\/109708\\\/\"},\"wordCount\":125,\"image\":{\"@id\":\"https:\\\/\\\/batijournal.com\\\/index.php\\\/le-groupe-ducerf-investit-dans-la-production-de-buchettes-compressees\\\/109708\\\/#primaryimage\"},\"thumbnailUrl\":\"https:\\\/\\\/batijournal.com\\\/wp-content\\\/uploads\\\/2023\\\/11\\\/le-groupe-ducerf-investit-dans-la-production-de-buchettes-compressees-a-destination-du-marche-du-bois-energie_T1.jpg\",\"keywords\":[\"bois \u00e9nergie\",\"chauffage au bois\"],\"articleSection\":[\"Actualit\u00e9s\",\"\u00c9nergie &amp; Environnement\",\"zz_Actualit\u00e9s - Plan\u00e8te\",\"zz_Actualit\u00e9s - Woodsurfer\",\"zz_Plan\u00e8te B\u00e2timent\",\"zz_Woodsurfer\"],\"inLanguage\":\"fr-FR\"},{\"@type\":\"WebPage\",\"@id\":\"https:\\\/\\\/batijournal.com\\\/index.php\\\/le-groupe-ducerf-investit-dans-la-production-de-buchettes-compressees\\\/109708\\\/\",\"url\":\"https:\\\/\\\/batijournal.com\\\/index.php\\\/le-groupe-ducerf-investit-dans-la-production-de-buchettes-compressees\\\/109708\\\/\",\"name\":\"Le Groupe Ducerf investit dans la production de b\u00fbchettes compress\u00e9es\",\"isPartOf\":{\"@id\":\"https:\\\/\\\/batijournal.com\\\/#website\"},\"primaryImageOfPage\":{\"@id\":\"https:\\\/\\\/batijournal.com\\\/index.php\\\/le-groupe-ducerf-investit-dans-la-production-de-buchettes-compressees\\\/109708\\\/#primaryimage\"},\"image\":{\"@id\":\"https:\\\/\\\/batijournal.com\\\/index.php\\\/le-groupe-ducerf-investit-dans-la-production-de-buchettes-compressees\\\/109708\\\/#primaryimage\"},\"thumbnailUrl\":\"https:\\\/\\\/batijournal.com\\\/wp-content\\\/uploads\\\/2023\\\/11\\\/le-groupe-ducerf-investit-dans-la-production-de-buchettes-compressees-a-destination-du-marche-du-bois-energie_T1.jpg\",\"datePublished\":\"2023-11-28T16:02:38+00:00\",\"author\":{\"@id\":\"https:\\\/\\\/batijournal.com\\\/#\\\/schema\\\/person\\\/1dc96ec6957aa1ccb25ebe78bb19f100\"},\"breadcrumb\":{\"@id\":\"https:\\\/\\\/batijournal.com\\\/index.php\\\/le-groupe-ducerf-investit-dans-la-production-de-buchettes-compressees\\\/109708\\\/#breadcrumb\"},\"inLanguage\":\"fr-FR\",\"potentialAction\":[{\"@type\":\"ReadAction\",\"target\":[\"https:\\\/\\\/batijournal.com\\\/index.php\\\/le-groupe-ducerf-investit-dans-la-production-de-buchettes-compressees\\\/109708\\\/\"]}]},{\"@type\":\"ImageObject\",\"inLanguage\":\"fr-FR\",\"@id\":\"https:\\\/\\\/batijournal.com\\\/index.php\\\/le-groupe-ducerf-investit-dans-la-production-de-buchettes-compressees\\\/109708\\\/#primaryimage\",\"url\":\"https:\\\/\\\/batijournal.com\\\/wp-content\\\/uploads\\\/2023\\\/11\\\/le-groupe-ducerf-investit-dans-la-production-de-buchettes-compressees-a-destination-du-marche-du-bois-energie_T1.jpg\",\"contentUrl\":\"https:\\\/\\\/batijournal.com\\\/wp-content\\\/uploads\\\/2023\\\/11\\\/le-groupe-ducerf-investit-dans-la-production-de-buchettes-compressees-a-destination-du-marche-du-bois-energie_T1.jpg\",\"width\":1020,\"height\":680},{\"@type\":\"BreadcrumbList\",\"@id\":\"https:\\\/\\\/batijournal.com\\\/index.php\\\/le-groupe-ducerf-investit-dans-la-production-de-buchettes-compressees\\\/109708\\\/#breadcrumb\",\"itemListElement\":[{\"@type\":\"ListItem\",\"position\":1,\"name\":\"Accueil\",\"item\":\"https:\\\/\\\/batijournal.com\\\/\"},{\"@type\":\"ListItem\",\"position\":2,\"name\":\"Actualit\u00e9s\",\"item\":\"https:\\\/\\\/batijournal.com\\\/index.php\\\/category\\\/actualites\\\/\"},{\"@type\":\"ListItem\",\"position\":3,\"name\":\"Le Groupe Ducerf investit dans la production de b\u00fbchettes compress\u00e9es\"}]},{\"@type\":\"WebSite\",\"@id\":\"https:\\\/\\\/batijournal.com\\\/#website\",\"url\":\"https:\\\/\\\/batijournal.com\\\/\",\"name\":\"Batijournal\",\"description\":\"L&#039;actualit\u00e9 du b\u00e2timent\",\"potentialAction\":[{\"@type\":\"SearchAction\",\"target\":{\"@type\":\"EntryPoint\",\"urlTemplate\":\"https:\\\/\\\/batijournal.com\\\/?s={search_term_string}\"},\"query-input\":{\"@type\":\"PropertyValueSpecification\",\"valueRequired\":true,\"valueName\":\"search_term_string\"}}],\"inLanguage\":\"fr-FR\"},{\"@type\":\"Person\",\"@id\":\"https:\\\/\\\/batijournal.com\\\/#\\\/schema\\\/person\\\/1dc96ec6957aa1ccb25ebe78bb19f100\",\"name\":\"St\u00e9phane Miget\",\"image\":{\"@type\":\"ImageObject\",\"inLanguage\":\"fr-FR\",\"@id\":\"https:\\\/\\\/secure.gravatar.com\\\/avatar\\\/89915563d925342126b8ef0281b93d9d7fc337043e8df017f780908eb9644451?s=96&d=mm&r=g\",\"url\":\"https:\\\/\\\/secure.gravatar.com\\\/avatar\\\/89915563d925342126b8ef0281b93d9d7fc337043e8df017f780908eb9644451?s=96&d=mm&r=g\",\"contentUrl\":\"https:\\\/\\\/secure.gravatar.com\\\/avatar\\\/89915563d925342126b8ef0281b93d9d7fc337043e8df017f780908eb9644451?s=96&d=mm&r=g\",\"caption\":\"St\u00e9phane Miget\"},\"url\":\"https:\\\/\\\/batijournal.com\\\/index.php\\\/author\\\/stephane\\\/\"}]}<\/script>\n<!-- \/ Yoast SEO plugin. -->","yoast_head_json":{"title":"Le Groupe Ducerf investit dans la production de b\u00fbchettes compress\u00e9es","robots":{"index":"index","follow":"follow","max-snippet":"max-snippet:-1","max-image-preview":"max-image-preview:large","max-video-preview":"max-video-preview:-1"},"canonical":"https:\/\/batijournal.com\/index.php\/le-groupe-ducerf-investit-dans-la-production-de-buchettes-compressees\/109708\/","og_locale":"fr_FR","og_type":"article","og_title":"Le Groupe Ducerf investit dans la production de b\u00fbchettes compress\u00e9es","og_description":"Dans une d\u00e9marche globale de revalorisation des connexes et de transition \u00e9nerg\u00e9tique, le Groupe Ducerf se lance dans le bois-\u00e9nergie avec le d\u00e9veloppement de sa premi\u00e8re ligne de production de b\u00fbchettes compress\u00e9es. 600 000 \u20ac ont \u00e9t\u00e9 investis sur le site de Bourgogne Bois Industrie pour faire de la sciure, des copeaux et des rognes [&hellip;]","og_url":"https:\/\/batijournal.com\/index.php\/le-groupe-ducerf-investit-dans-la-production-de-buchettes-compressees\/109708\/","og_site_name":"Batijournal","article_published_time":"2023-11-28T16:02:38+00:00","og_image":[{"width":1020,"height":680,"url":"https:\/\/batijournal.com\/wp-content\/uploads\/2023\/11\/le-groupe-ducerf-investit-dans-la-production-de-buchettes-compressees-a-destination-du-marche-du-bois-energie_T1.jpg","type":"image\/jpeg"}],"author":"St\u00e9phane Miget","twitter_card":"summary_large_image","twitter_creator":"@bati_journal","twitter_site":"@bati_journal","twitter_misc":{"\u00c9crit par":"St\u00e9phane Miget","Dur\u00e9e de lecture estim\u00e9e":"1 minute"},"schema":{"@context":"https:\/\/schema.org","@graph":[{"@type":"Article","@id":"https:\/\/batijournal.com\/index.php\/le-groupe-ducerf-investit-dans-la-production-de-buchettes-compressees\/109708\/#article","isPartOf":{"@id":"https:\/\/batijournal.com\/index.php\/le-groupe-ducerf-investit-dans-la-production-de-buchettes-compressees\/109708\/"},"author":{"name":"St\u00e9phane Miget","@id":"https:\/\/batijournal.com\/#\/schema\/person\/1dc96ec6957aa1ccb25ebe78bb19f100"},"headline":"Le Groupe Ducerf investit dans la production de b\u00fbchettes compress\u00e9es","datePublished":"2023-11-28T16:02:38+00:00","mainEntityOfPage":{"@id":"https:\/\/batijournal.com\/index.php\/le-groupe-ducerf-investit-dans-la-production-de-buchettes-compressees\/109708\/"},"wordCount":125,"image":{"@id":"https:\/\/batijournal.com\/index.php\/le-groupe-ducerf-investit-dans-la-production-de-buchettes-compressees\/109708\/#primaryimage"},"thumbnailUrl":"https:\/\/batijournal.com\/wp-content\/uploads\/2023\/11\/le-groupe-ducerf-investit-dans-la-production-de-buchettes-compressees-a-destination-du-marche-du-bois-energie_T1.jpg","keywords":["bois \u00e9nergie","chauffage au bois"],"articleSection":["Actualit\u00e9s","\u00c9nergie &amp; Environnement","zz_Actualit\u00e9s - Plan\u00e8te","zz_Actualit\u00e9s - Woodsurfer","zz_Plan\u00e8te B\u00e2timent","zz_Woodsurfer"],"inLanguage":"fr-FR"},{"@type":"WebPage","@id":"https:\/\/batijournal.com\/index.php\/le-groupe-ducerf-investit-dans-la-production-de-buchettes-compressees\/109708\/","url":"https:\/\/batijournal.com\/index.php\/le-groupe-ducerf-investit-dans-la-production-de-buchettes-compressees\/109708\/","name":"Le Groupe Ducerf investit dans la production de b\u00fbchettes compress\u00e9es","isPartOf":{"@id":"https:\/\/batijournal.com\/#website"},"primaryImageOfPage":{"@id":"https:\/\/batijournal.com\/index.php\/le-groupe-ducerf-investit-dans-la-production-de-buchettes-compressees\/109708\/#primaryimage"},"image":{"@id":"https:\/\/batijournal.com\/index.php\/le-groupe-ducerf-investit-dans-la-production-de-buchettes-compressees\/109708\/#primaryimage"},"thumbnailUrl":"https:\/\/batijournal.com\/wp-content\/uploads\/2023\/11\/le-groupe-ducerf-investit-dans-la-production-de-buchettes-compressees-a-destination-du-marche-du-bois-energie_T1.jpg","datePublished":"2023-11-28T16:02:38+00:00","author":{"@id":"https:\/\/batijournal.com\/#\/schema\/person\/1dc96ec6957aa1ccb25ebe78bb19f100"},"breadcrumb":{"@id":"https:\/\/batijournal.com\/index.php\/le-groupe-ducerf-investit-dans-la-production-de-buchettes-compressees\/109708\/#breadcrumb"},"inLanguage":"fr-FR","potentialAction":[{"@type":"ReadAction","target":["https:\/\/batijournal.com\/index.php\/le-groupe-ducerf-investit-dans-la-production-de-buchettes-compressees\/109708\/"]}]},{"@type":"ImageObject","inLanguage":"fr-FR","@id":"https:\/\/batijournal.com\/index.php\/le-groupe-ducerf-investit-dans-la-production-de-buchettes-compressees\/109708\/#primaryimage","url":"https:\/\/batijournal.com\/wp-content\/uploads\/2023\/11\/le-groupe-ducerf-investit-dans-la-production-de-buchettes-compressees-a-destination-du-marche-du-bois-energie_T1.jpg","contentUrl":"https:\/\/batijournal.com\/wp-content\/uploads\/2023\/11\/le-groupe-ducerf-investit-dans-la-production-de-buchettes-compressees-a-destination-du-marche-du-bois-energie_T1.jpg","width":1020,"height":680},{"@type":"BreadcrumbList","@id":"https:\/\/batijournal.com\/index.php\/le-groupe-ducerf-investit-dans-la-production-de-buchettes-compressees\/109708\/#breadcrumb","itemListElement":[{"@type":"ListItem","position":1,"name":"Accueil","item":"https:\/\/batijournal.com\/"},{"@type":"ListItem","position":2,"name":"Actualit\u00e9s","item":"https:\/\/batijournal.com\/index.php\/category\/actualites\/"},{"@type":"ListItem","position":3,"name":"Le Groupe Ducerf investit dans la production de b\u00fbchettes compress\u00e9es"}]},{"@type":"WebSite","@id":"https:\/\/batijournal.com\/#website","url":"https:\/\/batijournal.com\/","name":"Batijournal","description":"L&#039;actualit\u00e9 du b\u00e2timent","potentialAction":[{"@type":"SearchAction","target":{"@type":"EntryPoint","urlTemplate":"https:\/\/batijournal.com\/?s={search_term_string}"},"query-input":{"@type":"PropertyValueSpecification","valueRequired":true,"valueName":"search_term_string"}}],"inLanguage":"fr-FR"},{"@type":"Person","@id":"https:\/\/batijournal.com\/#\/schema\/person\/1dc96ec6957aa1ccb25ebe78bb19f100","name":"St\u00e9phane Miget","image":{"@type":"ImageObject","inLanguage":"fr-FR","@id":"https:\/\/secure.gravatar.com\/avatar\/89915563d925342126b8ef0281b93d9d7fc337043e8df017f780908eb9644451?s=96&d=mm&r=g","url":"https:\/\/secure.gravatar.com\/avatar\/89915563d925342126b8ef0281b93d9d7fc337043e8df017f780908eb9644451?s=96&d=mm&r=g","contentUrl":"https:\/\/secure.gravatar.com\/avatar\/89915563d925342126b8ef0281b93d9d7fc337043e8df017f780908eb9644451?s=96&d=mm&r=g","caption":"St\u00e9phane Miget"},"url":"https:\/\/batijournal.com\/index.php\/author\/stephane\/"}]}},"_links":{"self":[{"href":"https:\/\/batijournal.com\/index.php\/wp-json\/wp\/v2\/posts\/109708","targetHints":{"allow":["GET"]}}],"collection":[{"href":"https:\/\/batijournal.com\/index.php\/wp-json\/wp\/v2\/posts"}],"about":[{"href":"https:\/\/batijournal.com\/index.php\/wp-json\/wp\/v2\/types\/post"}],"author":[{"embeddable":true,"href":"https:\/\/batijournal.com\/index.php\/wp-json\/wp\/v2\/users\/17"}],"replies":[{"embeddable":true,"href":"https:\/\/batijournal.com\/index.php\/wp-json\/wp\/v2\/comments?post=109708"}],"version-history":[{"count":0,"href":"https:\/\/batijournal.com\/index.php\/wp-json\/wp\/v2\/posts\/109708\/revisions"}],"wp:featuredmedia":[{"embeddable":true,"href":"https:\/\/batijournal.com\/index.php\/wp-json\/wp\/v2\/media\/109709"}],"wp:attachment":[{"href":"https:\/\/batijournal.com\/index.php\/wp-json\/wp\/v2\/media?parent=109708"}],"wp:term":[{"taxonomy":"category","embeddable":true,"href":"https:\/\/batijournal.com\/index.php\/wp-json\/wp\/v2\/categories?post=109708"},{"taxonomy":"post_tag","embeddable":true,"href":"https:\/\/batijournal.com\/index.php\/wp-json\/wp\/v2\/tags?post=109708"}],"curies":[{"name":"wp","href":"https:\/\/api.w.org\/{rel}","templated":true}]}}