{"id":109723,"date":"2023-12-04T16:06:58","date_gmt":"2023-12-04T15:06:58","guid":{"rendered":"https:\/\/batijournal.com\/?p=109723"},"modified":"2023-12-04T16:06:58","modified_gmt":"2023-12-04T15:06:58","slug":"forum-des-metiers-du-patrimoine-et-de-lartisanat-au-campus-versailles","status":"publish","type":"post","link":"https:\/\/batijournal.com\/index.php\/forum-des-metiers-du-patrimoine-et-de-lartisanat-au-campus-versailles\/109723\/","title":{"rendered":"Forum des m\u00e9tiers du patrimoine et de l&rsquo;artisanat au Campus Versailles"},"content":{"rendered":"<p>Patrimoine b\u00e2ti, m\u00e9tiers d\u2019art et du design, horticulture et paysage, gastronomie et tourisme : ces 5 fili\u00e8res embrassent plus d\u2019une centaine de m\u00e9tiers passionnants dans lesquels les entreprises recrutent activement des jeunes motiv\u00e9s et qualifi\u00e9s.<br \/>\nLe Forum des m\u00e9tiers du patrimoine et de l\u2019artisanat d\u2019excellence, les vendredi 8 et samedi 9 d\u00e9cembre 2023 \u00e0 Versailles, est l\u2019occasion de d\u00e9couvrir les m\u00e9tiers et les parcours de formations en \u00e9changeant dans un format convivial avec des artisans, des professionnels, des \u00e9l\u00e8ves et des \u00e9tablissements partenaires du Campus. Une cinquantaine d\u2019exposants seront pr\u00e9sents, formant un panel repr\u00e9sentatif des organismes de formations sur les 5 fili\u00e8res du Campus : des lyc\u00e9es professionnels de l\u2019\u00c9ducation Nationale et de l\u2019Agriculture, des CFA, des \u00e9coles de production, des \u00e9coles sp\u00e9cialis\u00e9es, des \u00e9coles sup\u00e9rieures mais aussi des dispositifs de stages, d\u2019initiation ou de chantiers participatifs et des professionnels en qu\u00eate d\u2019apprentis.<\/p>\n<p>Les forums des m\u00e9tiers et formations du Campus Versailles<br \/>\nEntr\u00e9e libre et gratuite<br \/>\nHoraires : de 10h \u00e0 13h et de 14h \u00e0 17h le vendredi 8, de 10h \u00e0 18h le samedi 9 d\u00e9cembre 2023<br \/>\n<a href=\"https:\/\/campusversailles.fr\/non-classifiee\/les-forums-des-metiers-des-formations\/\">https:\/\/campusversailles.fr\/non-classifiee\/les-forums-des-metiers-des-formations\/<\/a><\/p>\n<p>&nbsp;<\/p>\n","protected":false},"excerpt":{"rendered":"<p>Patrimoine b\u00e2ti, m\u00e9tiers d\u2019art et du design, horticulture et paysage, gastronomie et tourisme : ces 5 fili\u00e8res embrassent plus d\u2019une centaine de m\u00e9tiers passionnants dans lesquels les entreprises recrutent activement des jeunes motiv\u00e9s et qualifi\u00e9s. Le Forum des m\u00e9tiers du patrimoine et de l\u2019artisanat d\u2019excellence, les vendredi 8 et samedi 9 d\u00e9cembre 2023 \u00e0 Versailles, [&hellip;]<\/p>\n","protected":false},"author":17,"featured_media":109724,"comment_status":"closed","ping_status":"closed","sticky":false,"template":"","format":"standard","meta":{"_et_pb_use_builder":"","_et_pb_old_content":"","_et_gb_content_width":"","footnotes":""},"categories":[10530,6362,10789,10785],"tags":[517],"class_list":["post-109723","post","type-post","status-publish","format-standard","has-post-thumbnail","hentry","category-actualites","category-services-equipements","category-publications-atrium","category-atrium","tag-formation"],"yoast_head":"<!-- This site is optimized with the Yoast SEO plugin v27.4 - https:\/\/yoast.com\/product\/yoast-seo-wordpress\/ -->\n<title>Forum des m\u00e9tiers du patrimoine et de l&#039;artisanat au Campus Versailles<\/title>\n<meta name=\"robots\" content=\"index, follow, max-snippet:-1, max-image-preview:large, max-video-preview:-1\" \/>\n<link rel=\"canonical\" href=\"https:\/\/batijournal.com\/index.php\/forum-des-metiers-du-patrimoine-et-de-lartisanat-au-campus-versailles\/109723\/\" \/>\n<meta property=\"og:locale\" content=\"fr_FR\" \/>\n<meta property=\"og:type\" content=\"article\" \/>\n<meta property=\"og:title\" content=\"Forum des m\u00e9tiers du patrimoine et de l&#039;artisanat au Campus Versailles\" \/>\n<meta property=\"og:description\" content=\"Patrimoine b\u00e2ti, m\u00e9tiers d\u2019art et du design, horticulture et paysage, gastronomie et tourisme : ces 5 fili\u00e8res embrassent plus d\u2019une centaine de m\u00e9tiers passionnants dans lesquels les entreprises recrutent activement des jeunes motiv\u00e9s et qualifi\u00e9s. Le Forum des m\u00e9tiers du patrimoine et de l\u2019artisanat d\u2019excellence, les vendredi 8 et samedi 9 d\u00e9cembre 2023 \u00e0 Versailles, [&hellip;]\" \/>\n<meta property=\"og:url\" content=\"https:\/\/batijournal.com\/index.php\/forum-des-metiers-du-patrimoine-et-de-lartisanat-au-campus-versailles\/109723\/\" \/>\n<meta property=\"og:site_name\" content=\"Batijournal\" \/>\n<meta property=\"article:published_time\" content=\"2023-12-04T15:06:58+00:00\" \/>\n<meta property=\"og:image\" content=\"https:\/\/batijournal.com\/wp-content\/uploads\/2023\/12\/20231129-Campus-Versailles-forum-metiers-visuel.png\" \/>\n\t<meta property=\"og:image:width\" content=\"1200\" \/>\n\t<meta property=\"og:image:height\" content=\"1200\" \/>\n\t<meta property=\"og:image:type\" content=\"image\/png\" \/>\n<meta name=\"author\" content=\"St\u00e9phane Miget\" \/>\n<meta name=\"twitter:card\" content=\"summary_large_image\" \/>\n<meta name=\"twitter:creator\" content=\"@bati_journal\" \/>\n<meta name=\"twitter:site\" content=\"@bati_journal\" \/>\n<meta name=\"twitter:label1\" content=\"\u00c9crit par\" \/>\n\t<meta name=\"twitter:data1\" content=\"St\u00e9phane Miget\" \/>\n\t<meta name=\"twitter:label2\" content=\"Dur\u00e9e de lecture estim\u00e9e\" \/>\n\t<meta name=\"twitter:data2\" content=\"1 minute\" \/>\n<script type=\"application\/ld+json\" class=\"yoast-schema-graph\">{\"@context\":\"https:\\\/\\\/schema.org\",\"@graph\":[{\"@type\":\"Article\",\"@id\":\"https:\\\/\\\/batijournal.com\\\/index.php\\\/forum-des-metiers-du-patrimoine-et-de-lartisanat-au-campus-versailles\\\/109723\\\/#article\",\"isPartOf\":{\"@id\":\"https:\\\/\\\/batijournal.com\\\/index.php\\\/forum-des-metiers-du-patrimoine-et-de-lartisanat-au-campus-versailles\\\/109723\\\/\"},\"author\":{\"name\":\"St\u00e9phane Miget\",\"@id\":\"https:\\\/\\\/batijournal.com\\\/#\\\/schema\\\/person\\\/1dc96ec6957aa1ccb25ebe78bb19f100\"},\"headline\":\"Forum des m\u00e9tiers du patrimoine et de l&rsquo;artisanat au Campus Versailles\",\"datePublished\":\"2023-12-04T15:06:58+00:00\",\"mainEntityOfPage\":{\"@id\":\"https:\\\/\\\/batijournal.com\\\/index.php\\\/forum-des-metiers-du-patrimoine-et-de-lartisanat-au-campus-versailles\\\/109723\\\/\"},\"wordCount\":215,\"image\":{\"@id\":\"https:\\\/\\\/batijournal.com\\\/index.php\\\/forum-des-metiers-du-patrimoine-et-de-lartisanat-au-campus-versailles\\\/109723\\\/#primaryimage\"},\"thumbnailUrl\":\"https:\\\/\\\/batijournal.com\\\/wp-content\\\/uploads\\\/2023\\\/12\\\/20231129-Campus-Versailles-forum-metiers-visuel.png\",\"keywords\":[\"formation\"],\"articleSection\":[\"Actualit\u00e9s\",\"Divers\",\"zz_Actualit\u00e9s - Atrium\",\"zz_Atrium Patrimoine\"],\"inLanguage\":\"fr-FR\"},{\"@type\":\"WebPage\",\"@id\":\"https:\\\/\\\/batijournal.com\\\/index.php\\\/forum-des-metiers-du-patrimoine-et-de-lartisanat-au-campus-versailles\\\/109723\\\/\",\"url\":\"https:\\\/\\\/batijournal.com\\\/index.php\\\/forum-des-metiers-du-patrimoine-et-de-lartisanat-au-campus-versailles\\\/109723\\\/\",\"name\":\"Forum des m\u00e9tiers du patrimoine et de l'artisanat au Campus Versailles\",\"isPartOf\":{\"@id\":\"https:\\\/\\\/batijournal.com\\\/#website\"},\"primaryImageOfPage\":{\"@id\":\"https:\\\/\\\/batijournal.com\\\/index.php\\\/forum-des-metiers-du-patrimoine-et-de-lartisanat-au-campus-versailles\\\/109723\\\/#primaryimage\"},\"image\":{\"@id\":\"https:\\\/\\\/batijournal.com\\\/index.php\\\/forum-des-metiers-du-patrimoine-et-de-lartisanat-au-campus-versailles\\\/109723\\\/#primaryimage\"},\"thumbnailUrl\":\"https:\\\/\\\/batijournal.com\\\/wp-content\\\/uploads\\\/2023\\\/12\\\/20231129-Campus-Versailles-forum-metiers-visuel.png\",\"datePublished\":\"2023-12-04T15:06:58+00:00\",\"author\":{\"@id\":\"https:\\\/\\\/batijournal.com\\\/#\\\/schema\\\/person\\\/1dc96ec6957aa1ccb25ebe78bb19f100\"},\"breadcrumb\":{\"@id\":\"https:\\\/\\\/batijournal.com\\\/index.php\\\/forum-des-metiers-du-patrimoine-et-de-lartisanat-au-campus-versailles\\\/109723\\\/#breadcrumb\"},\"inLanguage\":\"fr-FR\",\"potentialAction\":[{\"@type\":\"ReadAction\",\"target\":[\"https:\\\/\\\/batijournal.com\\\/index.php\\\/forum-des-metiers-du-patrimoine-et-de-lartisanat-au-campus-versailles\\\/109723\\\/\"]}]},{\"@type\":\"ImageObject\",\"inLanguage\":\"fr-FR\",\"@id\":\"https:\\\/\\\/batijournal.com\\\/index.php\\\/forum-des-metiers-du-patrimoine-et-de-lartisanat-au-campus-versailles\\\/109723\\\/#primaryimage\",\"url\":\"https:\\\/\\\/batijournal.com\\\/wp-content\\\/uploads\\\/2023\\\/12\\\/20231129-Campus-Versailles-forum-metiers-visuel.png\",\"contentUrl\":\"https:\\\/\\\/batijournal.com\\\/wp-content\\\/uploads\\\/2023\\\/12\\\/20231129-Campus-Versailles-forum-metiers-visuel.png\",\"width\":1200,\"height\":1200},{\"@type\":\"BreadcrumbList\",\"@id\":\"https:\\\/\\\/batijournal.com\\\/index.php\\\/forum-des-metiers-du-patrimoine-et-de-lartisanat-au-campus-versailles\\\/109723\\\/#breadcrumb\",\"itemListElement\":[{\"@type\":\"ListItem\",\"position\":1,\"name\":\"Accueil\",\"item\":\"https:\\\/\\\/batijournal.com\\\/\"},{\"@type\":\"ListItem\",\"position\":2,\"name\":\"Actualit\u00e9s\",\"item\":\"https:\\\/\\\/batijournal.com\\\/index.php\\\/category\\\/actualites\\\/\"},{\"@type\":\"ListItem\",\"position\":3,\"name\":\"Forum des m\u00e9tiers du patrimoine et de l&rsquo;artisanat au Campus Versailles\"}]},{\"@type\":\"WebSite\",\"@id\":\"https:\\\/\\\/batijournal.com\\\/#website\",\"url\":\"https:\\\/\\\/batijournal.com\\\/\",\"name\":\"Batijournal\",\"description\":\"L&#039;actualit\u00e9 du b\u00e2timent\",\"potentialAction\":[{\"@type\":\"SearchAction\",\"target\":{\"@type\":\"EntryPoint\",\"urlTemplate\":\"https:\\\/\\\/batijournal.com\\\/?s={search_term_string}\"},\"query-input\":{\"@type\":\"PropertyValueSpecification\",\"valueRequired\":true,\"valueName\":\"search_term_string\"}}],\"inLanguage\":\"fr-FR\"},{\"@type\":\"Person\",\"@id\":\"https:\\\/\\\/batijournal.com\\\/#\\\/schema\\\/person\\\/1dc96ec6957aa1ccb25ebe78bb19f100\",\"name\":\"St\u00e9phane Miget\",\"image\":{\"@type\":\"ImageObject\",\"inLanguage\":\"fr-FR\",\"@id\":\"https:\\\/\\\/secure.gravatar.com\\\/avatar\\\/89915563d925342126b8ef0281b93d9d7fc337043e8df017f780908eb9644451?s=96&d=mm&r=g\",\"url\":\"https:\\\/\\\/secure.gravatar.com\\\/avatar\\\/89915563d925342126b8ef0281b93d9d7fc337043e8df017f780908eb9644451?s=96&d=mm&r=g\",\"contentUrl\":\"https:\\\/\\\/secure.gravatar.com\\\/avatar\\\/89915563d925342126b8ef0281b93d9d7fc337043e8df017f780908eb9644451?s=96&d=mm&r=g\",\"caption\":\"St\u00e9phane Miget\"},\"url\":\"https:\\\/\\\/batijournal.com\\\/index.php\\\/author\\\/stephane\\\/\"}]}<\/script>\n<!-- \/ Yoast SEO plugin. -->","yoast_head_json":{"title":"Forum des m\u00e9tiers du patrimoine et de l'artisanat au Campus Versailles","robots":{"index":"index","follow":"follow","max-snippet":"max-snippet:-1","max-image-preview":"max-image-preview:large","max-video-preview":"max-video-preview:-1"},"canonical":"https:\/\/batijournal.com\/index.php\/forum-des-metiers-du-patrimoine-et-de-lartisanat-au-campus-versailles\/109723\/","og_locale":"fr_FR","og_type":"article","og_title":"Forum des m\u00e9tiers du patrimoine et de l'artisanat au Campus Versailles","og_description":"Patrimoine b\u00e2ti, m\u00e9tiers d\u2019art et du design, horticulture et paysage, gastronomie et tourisme : ces 5 fili\u00e8res embrassent plus d\u2019une centaine de m\u00e9tiers passionnants dans lesquels les entreprises recrutent activement des jeunes motiv\u00e9s et qualifi\u00e9s. Le Forum des m\u00e9tiers du patrimoine et de l\u2019artisanat d\u2019excellence, les vendredi 8 et samedi 9 d\u00e9cembre 2023 \u00e0 Versailles, [&hellip;]","og_url":"https:\/\/batijournal.com\/index.php\/forum-des-metiers-du-patrimoine-et-de-lartisanat-au-campus-versailles\/109723\/","og_site_name":"Batijournal","article_published_time":"2023-12-04T15:06:58+00:00","og_image":[{"width":1200,"height":1200,"url":"https:\/\/batijournal.com\/wp-content\/uploads\/2023\/12\/20231129-Campus-Versailles-forum-metiers-visuel.png","type":"image\/png"}],"author":"St\u00e9phane Miget","twitter_card":"summary_large_image","twitter_creator":"@bati_journal","twitter_site":"@bati_journal","twitter_misc":{"\u00c9crit par":"St\u00e9phane Miget","Dur\u00e9e de lecture estim\u00e9e":"1 minute"},"schema":{"@context":"https:\/\/schema.org","@graph":[{"@type":"Article","@id":"https:\/\/batijournal.com\/index.php\/forum-des-metiers-du-patrimoine-et-de-lartisanat-au-campus-versailles\/109723\/#article","isPartOf":{"@id":"https:\/\/batijournal.com\/index.php\/forum-des-metiers-du-patrimoine-et-de-lartisanat-au-campus-versailles\/109723\/"},"author":{"name":"St\u00e9phane Miget","@id":"https:\/\/batijournal.com\/#\/schema\/person\/1dc96ec6957aa1ccb25ebe78bb19f100"},"headline":"Forum des m\u00e9tiers du patrimoine et de l&rsquo;artisanat au Campus Versailles","datePublished":"2023-12-04T15:06:58+00:00","mainEntityOfPage":{"@id":"https:\/\/batijournal.com\/index.php\/forum-des-metiers-du-patrimoine-et-de-lartisanat-au-campus-versailles\/109723\/"},"wordCount":215,"image":{"@id":"https:\/\/batijournal.com\/index.php\/forum-des-metiers-du-patrimoine-et-de-lartisanat-au-campus-versailles\/109723\/#primaryimage"},"thumbnailUrl":"https:\/\/batijournal.com\/wp-content\/uploads\/2023\/12\/20231129-Campus-Versailles-forum-metiers-visuel.png","keywords":["formation"],"articleSection":["Actualit\u00e9s","Divers","zz_Actualit\u00e9s - Atrium","zz_Atrium Patrimoine"],"inLanguage":"fr-FR"},{"@type":"WebPage","@id":"https:\/\/batijournal.com\/index.php\/forum-des-metiers-du-patrimoine-et-de-lartisanat-au-campus-versailles\/109723\/","url":"https:\/\/batijournal.com\/index.php\/forum-des-metiers-du-patrimoine-et-de-lartisanat-au-campus-versailles\/109723\/","name":"Forum des m\u00e9tiers du patrimoine et de l'artisanat au Campus Versailles","isPartOf":{"@id":"https:\/\/batijournal.com\/#website"},"primaryImageOfPage":{"@id":"https:\/\/batijournal.com\/index.php\/forum-des-metiers-du-patrimoine-et-de-lartisanat-au-campus-versailles\/109723\/#primaryimage"},"image":{"@id":"https:\/\/batijournal.com\/index.php\/forum-des-metiers-du-patrimoine-et-de-lartisanat-au-campus-versailles\/109723\/#primaryimage"},"thumbnailUrl":"https:\/\/batijournal.com\/wp-content\/uploads\/2023\/12\/20231129-Campus-Versailles-forum-metiers-visuel.png","datePublished":"2023-12-04T15:06:58+00:00","author":{"@id":"https:\/\/batijournal.com\/#\/schema\/person\/1dc96ec6957aa1ccb25ebe78bb19f100"},"breadcrumb":{"@id":"https:\/\/batijournal.com\/index.php\/forum-des-metiers-du-patrimoine-et-de-lartisanat-au-campus-versailles\/109723\/#breadcrumb"},"inLanguage":"fr-FR","potentialAction":[{"@type":"ReadAction","target":["https:\/\/batijournal.com\/index.php\/forum-des-metiers-du-patrimoine-et-de-lartisanat-au-campus-versailles\/109723\/"]}]},{"@type":"ImageObject","inLanguage":"fr-FR","@id":"https:\/\/batijournal.com\/index.php\/forum-des-metiers-du-patrimoine-et-de-lartisanat-au-campus-versailles\/109723\/#primaryimage","url":"https:\/\/batijournal.com\/wp-content\/uploads\/2023\/12\/20231129-Campus-Versailles-forum-metiers-visuel.png","contentUrl":"https:\/\/batijournal.com\/wp-content\/uploads\/2023\/12\/20231129-Campus-Versailles-forum-metiers-visuel.png","width":1200,"height":1200},{"@type":"BreadcrumbList","@id":"https:\/\/batijournal.com\/index.php\/forum-des-metiers-du-patrimoine-et-de-lartisanat-au-campus-versailles\/109723\/#breadcrumb","itemListElement":[{"@type":"ListItem","position":1,"name":"Accueil","item":"https:\/\/batijournal.com\/"},{"@type":"ListItem","position":2,"name":"Actualit\u00e9s","item":"https:\/\/batijournal.com\/index.php\/category\/actualites\/"},{"@type":"ListItem","position":3,"name":"Forum des m\u00e9tiers du patrimoine et de l&rsquo;artisanat au Campus Versailles"}]},{"@type":"WebSite","@id":"https:\/\/batijournal.com\/#website","url":"https:\/\/batijournal.com\/","name":"Batijournal","description":"L&#039;actualit\u00e9 du b\u00e2timent","potentialAction":[{"@type":"SearchAction","target":{"@type":"EntryPoint","urlTemplate":"https:\/\/batijournal.com\/?s={search_term_string}"},"query-input":{"@type":"PropertyValueSpecification","valueRequired":true,"valueName":"search_term_string"}}],"inLanguage":"fr-FR"},{"@type":"Person","@id":"https:\/\/batijournal.com\/#\/schema\/person\/1dc96ec6957aa1ccb25ebe78bb19f100","name":"St\u00e9phane Miget","image":{"@type":"ImageObject","inLanguage":"fr-FR","@id":"https:\/\/secure.gravatar.com\/avatar\/89915563d925342126b8ef0281b93d9d7fc337043e8df017f780908eb9644451?s=96&d=mm&r=g","url":"https:\/\/secure.gravatar.com\/avatar\/89915563d925342126b8ef0281b93d9d7fc337043e8df017f780908eb9644451?s=96&d=mm&r=g","contentUrl":"https:\/\/secure.gravatar.com\/avatar\/89915563d925342126b8ef0281b93d9d7fc337043e8df017f780908eb9644451?s=96&d=mm&r=g","caption":"St\u00e9phane Miget"},"url":"https:\/\/batijournal.com\/index.php\/author\/stephane\/"}]}},"_links":{"self":[{"href":"https:\/\/batijournal.com\/index.php\/wp-json\/wp\/v2\/posts\/109723","targetHints":{"allow":["GET"]}}],"collection":[{"href":"https:\/\/batijournal.com\/index.php\/wp-json\/wp\/v2\/posts"}],"about":[{"href":"https:\/\/batijournal.com\/index.php\/wp-json\/wp\/v2\/types\/post"}],"author":[{"embeddable":true,"href":"https:\/\/batijournal.com\/index.php\/wp-json\/wp\/v2\/users\/17"}],"replies":[{"embeddable":true,"href":"https:\/\/batijournal.com\/index.php\/wp-json\/wp\/v2\/comments?post=109723"}],"version-history":[{"count":0,"href":"https:\/\/batijournal.com\/index.php\/wp-json\/wp\/v2\/posts\/109723\/revisions"}],"wp:featuredmedia":[{"embeddable":true,"href":"https:\/\/batijournal.com\/index.php\/wp-json\/wp\/v2\/media\/109724"}],"wp:attachment":[{"href":"https:\/\/batijournal.com\/index.php\/wp-json\/wp\/v2\/media?parent=109723"}],"wp:term":[{"taxonomy":"category","embeddable":true,"href":"https:\/\/batijournal.com\/index.php\/wp-json\/wp\/v2\/categories?post=109723"},{"taxonomy":"post_tag","embeddable":true,"href":"https:\/\/batijournal.com\/index.php\/wp-json\/wp\/v2\/tags?post=109723"}],"curies":[{"name":"wp","href":"https:\/\/api.w.org\/{rel}","templated":true}]}}