{"id":109727,"date":"2023-12-04T16:50:49","date_gmt":"2023-12-04T15:50:49","guid":{"rendered":"https:\/\/batijournal.com\/?p=109727"},"modified":"2023-12-04T16:50:49","modified_gmt":"2023-12-04T15:50:49","slug":"la-certification-bois-des-territoires-du-massif-central-a-5-ans","status":"publish","type":"post","link":"https:\/\/batijournal.com\/index.php\/la-certification-bois-des-territoires-du-massif-central-a-5-ans\/109727\/","title":{"rendered":"La certification Bois des Territoires du Massif Central a 5 ans"},"content":{"rendered":"<p>Du 21 au 23 novembre 2023, Bois des Territoires du Massif Central (BTMC) \u00e9tait pr\u00e9sente au Salon des Maires et des Collectivit\u00e9s \u00e0 Paris pour promouvoir l\u2019utilisation du bois local et durable dans les constructions publiques. Elle s\u2019est jointe aux autres acteurs de la fili\u00e8re tel que les Communes foresti\u00e8res, l\u2019ONF, l\u2019interprofession France Bois For\u00eat, les certifications Bois des Pyr\u00e9n\u00e9es, Bois des Alpes et Lignum Corsica, et le label Bois de France. L\u2019occasion de revenir sur les 5 ans d\u2019existence\u00a0de la structure, 5 ann\u00e9es durant lesquelles 69 chantiers ont \u00e9t\u00e9 termin\u00e9s ou sont en cours mettant en \u0153uvre du bois certifi\u00e9 local et durable BTMC. Ils se r\u00e9partissent sur les 22 d\u00e9partement du Massif central, gr\u00e2ce \u00e0 l\u2019engagement des ma\u00eetres d\u2019ouvrage, des ma\u00eetres d\u2019\u0153uvre et du savoir-faire des 40 entreprises certifi\u00e9es ou en cours de certification BTMC.<\/p>\n<p>Aujourd&rsquo;hui, l\u2019association veut aller plus loin dans sa d\u00e9marche environnementale, en s\u2019int\u00e9ressant au r\u00e9emploi. Le but est de pousser le curseur en proposant des solutions de revalorisation pour les b\u00e2timents d\u00e9construits. Ce projet s\u2019inscrit dans une perspective d\u2019\u00e9volution de l\u2019application BoisLocal, d\u00e9velopp\u00e9e par les associations Bois des Pyr\u00e9n\u00e9es, BTMC et la start-up SmartB.<\/p>\n","protected":false},"excerpt":{"rendered":"<p>Du 21 au 23 novembre 2023, Bois des Territoires du Massif Central (BTMC) \u00e9tait pr\u00e9sente au Salon des Maires et des Collectivit\u00e9s \u00e0 Paris pour promouvoir l\u2019utilisation du bois local et durable dans les constructions publiques. Elle s\u2019est jointe aux autres acteurs de la fili\u00e8re tel que les Communes foresti\u00e8res, l\u2019ONF, l\u2019interprofession France Bois For\u00eat, [&hellip;]<\/p>\n","protected":false},"author":17,"featured_media":109728,"comment_status":"closed","ping_status":"closed","sticky":false,"template":"","format":"standard","meta":{"_et_pb_use_builder":"","_et_pb_old_content":"","_et_gb_content_width":"","footnotes":""},"categories":[10530,6345,10769,10764],"tags":[12328,990],"class_list":["post-109727","post","type-post","status-publish","format-standard","has-post-thumbnail","hentry","category-actualites","category-economie-marches","category-publications","category-woodsurfer","tag-bois-des-territoires-du-massif-central","tag-bois-local"],"yoast_head":"<!-- This site is optimized with the Yoast SEO plugin v27.4 - https:\/\/yoast.com\/product\/yoast-seo-wordpress\/ -->\n<title>La certification Bois des Territoires du Massif Central a 5 ans<\/title>\n<meta name=\"robots\" content=\"index, follow, max-snippet:-1, max-image-preview:large, max-video-preview:-1\" \/>\n<link rel=\"canonical\" href=\"https:\/\/batijournal.com\/index.php\/la-certification-bois-des-territoires-du-massif-central-a-5-ans\/109727\/\" \/>\n<meta property=\"og:locale\" content=\"fr_FR\" \/>\n<meta property=\"og:type\" content=\"article\" \/>\n<meta property=\"og:title\" content=\"La certification Bois des Territoires du Massif Central a 5 ans\" \/>\n<meta property=\"og:description\" content=\"Du 21 au 23 novembre 2023, Bois des Territoires du Massif Central (BTMC) \u00e9tait pr\u00e9sente au Salon des Maires et des Collectivit\u00e9s \u00e0 Paris pour promouvoir l\u2019utilisation du bois local et durable dans les constructions publiques. Elle s\u2019est jointe aux autres acteurs de la fili\u00e8re tel que les Communes foresti\u00e8res, l\u2019ONF, l\u2019interprofession France Bois For\u00eat, [&hellip;]\" \/>\n<meta property=\"og:url\" content=\"https:\/\/batijournal.com\/index.php\/la-certification-bois-des-territoires-du-massif-central-a-5-ans\/109727\/\" \/>\n<meta property=\"og:site_name\" content=\"Batijournal\" \/>\n<meta property=\"article:published_time\" content=\"2023-12-04T15:50:49+00:00\" \/>\n<meta property=\"og:image\" content=\"https:\/\/batijournal.com\/wp-content\/uploads\/2023\/12\/btmc-5-ans.png\" \/>\n\t<meta property=\"og:image:width\" content=\"677\" \/>\n\t<meta property=\"og:image:height\" content=\"408\" \/>\n\t<meta property=\"og:image:type\" content=\"image\/png\" \/>\n<meta name=\"author\" content=\"St\u00e9phane Miget\" \/>\n<meta name=\"twitter:card\" content=\"summary_large_image\" \/>\n<meta name=\"twitter:creator\" content=\"@bati_journal\" \/>\n<meta name=\"twitter:site\" content=\"@bati_journal\" \/>\n<meta name=\"twitter:label1\" content=\"\u00c9crit par\" \/>\n\t<meta name=\"twitter:data1\" content=\"St\u00e9phane Miget\" \/>\n\t<meta name=\"twitter:label2\" content=\"Dur\u00e9e de lecture estim\u00e9e\" \/>\n\t<meta name=\"twitter:data2\" content=\"1 minute\" \/>\n<script type=\"application\/ld+json\" class=\"yoast-schema-graph\">{\"@context\":\"https:\\\/\\\/schema.org\",\"@graph\":[{\"@type\":\"Article\",\"@id\":\"https:\\\/\\\/batijournal.com\\\/index.php\\\/la-certification-bois-des-territoires-du-massif-central-a-5-ans\\\/109727\\\/#article\",\"isPartOf\":{\"@id\":\"https:\\\/\\\/batijournal.com\\\/index.php\\\/la-certification-bois-des-territoires-du-massif-central-a-5-ans\\\/109727\\\/\"},\"author\":{\"name\":\"St\u00e9phane Miget\",\"@id\":\"https:\\\/\\\/batijournal.com\\\/#\\\/schema\\\/person\\\/1dc96ec6957aa1ccb25ebe78bb19f100\"},\"headline\":\"La certification Bois des Territoires du Massif Central a 5 ans\",\"datePublished\":\"2023-12-04T15:50:49+00:00\",\"mainEntityOfPage\":{\"@id\":\"https:\\\/\\\/batijournal.com\\\/index.php\\\/la-certification-bois-des-territoires-du-massif-central-a-5-ans\\\/109727\\\/\"},\"wordCount\":230,\"image\":{\"@id\":\"https:\\\/\\\/batijournal.com\\\/index.php\\\/la-certification-bois-des-territoires-du-massif-central-a-5-ans\\\/109727\\\/#primaryimage\"},\"thumbnailUrl\":\"https:\\\/\\\/batijournal.com\\\/wp-content\\\/uploads\\\/2023\\\/12\\\/btmc-5-ans.png\",\"keywords\":[\"Bois des territoires du massif central\",\"bois local\"],\"articleSection\":[\"Actualit\u00e9s\",\"\u00c9conomie &amp; March\u00e9s\",\"zz_Actualit\u00e9s - Woodsurfer\",\"zz_Woodsurfer\"],\"inLanguage\":\"fr-FR\"},{\"@type\":\"WebPage\",\"@id\":\"https:\\\/\\\/batijournal.com\\\/index.php\\\/la-certification-bois-des-territoires-du-massif-central-a-5-ans\\\/109727\\\/\",\"url\":\"https:\\\/\\\/batijournal.com\\\/index.php\\\/la-certification-bois-des-territoires-du-massif-central-a-5-ans\\\/109727\\\/\",\"name\":\"La certification Bois des Territoires du Massif Central a 5 ans\",\"isPartOf\":{\"@id\":\"https:\\\/\\\/batijournal.com\\\/#website\"},\"primaryImageOfPage\":{\"@id\":\"https:\\\/\\\/batijournal.com\\\/index.php\\\/la-certification-bois-des-territoires-du-massif-central-a-5-ans\\\/109727\\\/#primaryimage\"},\"image\":{\"@id\":\"https:\\\/\\\/batijournal.com\\\/index.php\\\/la-certification-bois-des-territoires-du-massif-central-a-5-ans\\\/109727\\\/#primaryimage\"},\"thumbnailUrl\":\"https:\\\/\\\/batijournal.com\\\/wp-content\\\/uploads\\\/2023\\\/12\\\/btmc-5-ans.png\",\"datePublished\":\"2023-12-04T15:50:49+00:00\",\"author\":{\"@id\":\"https:\\\/\\\/batijournal.com\\\/#\\\/schema\\\/person\\\/1dc96ec6957aa1ccb25ebe78bb19f100\"},\"breadcrumb\":{\"@id\":\"https:\\\/\\\/batijournal.com\\\/index.php\\\/la-certification-bois-des-territoires-du-massif-central-a-5-ans\\\/109727\\\/#breadcrumb\"},\"inLanguage\":\"fr-FR\",\"potentialAction\":[{\"@type\":\"ReadAction\",\"target\":[\"https:\\\/\\\/batijournal.com\\\/index.php\\\/la-certification-bois-des-territoires-du-massif-central-a-5-ans\\\/109727\\\/\"]}]},{\"@type\":\"ImageObject\",\"inLanguage\":\"fr-FR\",\"@id\":\"https:\\\/\\\/batijournal.com\\\/index.php\\\/la-certification-bois-des-territoires-du-massif-central-a-5-ans\\\/109727\\\/#primaryimage\",\"url\":\"https:\\\/\\\/batijournal.com\\\/wp-content\\\/uploads\\\/2023\\\/12\\\/btmc-5-ans.png\",\"contentUrl\":\"https:\\\/\\\/batijournal.com\\\/wp-content\\\/uploads\\\/2023\\\/12\\\/btmc-5-ans.png\",\"width\":677,\"height\":408},{\"@type\":\"BreadcrumbList\",\"@id\":\"https:\\\/\\\/batijournal.com\\\/index.php\\\/la-certification-bois-des-territoires-du-massif-central-a-5-ans\\\/109727\\\/#breadcrumb\",\"itemListElement\":[{\"@type\":\"ListItem\",\"position\":1,\"name\":\"Accueil\",\"item\":\"https:\\\/\\\/batijournal.com\\\/\"},{\"@type\":\"ListItem\",\"position\":2,\"name\":\"Actualit\u00e9s\",\"item\":\"https:\\\/\\\/batijournal.com\\\/index.php\\\/category\\\/actualites\\\/\"},{\"@type\":\"ListItem\",\"position\":3,\"name\":\"La certification Bois des Territoires du Massif Central a 5 ans\"}]},{\"@type\":\"WebSite\",\"@id\":\"https:\\\/\\\/batijournal.com\\\/#website\",\"url\":\"https:\\\/\\\/batijournal.com\\\/\",\"name\":\"Batijournal\",\"description\":\"L&#039;actualit\u00e9 du b\u00e2timent\",\"potentialAction\":[{\"@type\":\"SearchAction\",\"target\":{\"@type\":\"EntryPoint\",\"urlTemplate\":\"https:\\\/\\\/batijournal.com\\\/?s={search_term_string}\"},\"query-input\":{\"@type\":\"PropertyValueSpecification\",\"valueRequired\":true,\"valueName\":\"search_term_string\"}}],\"inLanguage\":\"fr-FR\"},{\"@type\":\"Person\",\"@id\":\"https:\\\/\\\/batijournal.com\\\/#\\\/schema\\\/person\\\/1dc96ec6957aa1ccb25ebe78bb19f100\",\"name\":\"St\u00e9phane Miget\",\"image\":{\"@type\":\"ImageObject\",\"inLanguage\":\"fr-FR\",\"@id\":\"https:\\\/\\\/secure.gravatar.com\\\/avatar\\\/89915563d925342126b8ef0281b93d9d7fc337043e8df017f780908eb9644451?s=96&d=mm&r=g\",\"url\":\"https:\\\/\\\/secure.gravatar.com\\\/avatar\\\/89915563d925342126b8ef0281b93d9d7fc337043e8df017f780908eb9644451?s=96&d=mm&r=g\",\"contentUrl\":\"https:\\\/\\\/secure.gravatar.com\\\/avatar\\\/89915563d925342126b8ef0281b93d9d7fc337043e8df017f780908eb9644451?s=96&d=mm&r=g\",\"caption\":\"St\u00e9phane Miget\"},\"url\":\"https:\\\/\\\/batijournal.com\\\/index.php\\\/author\\\/stephane\\\/\"}]}<\/script>\n<!-- \/ Yoast SEO plugin. -->","yoast_head_json":{"title":"La certification Bois des Territoires du Massif Central a 5 ans","robots":{"index":"index","follow":"follow","max-snippet":"max-snippet:-1","max-image-preview":"max-image-preview:large","max-video-preview":"max-video-preview:-1"},"canonical":"https:\/\/batijournal.com\/index.php\/la-certification-bois-des-territoires-du-massif-central-a-5-ans\/109727\/","og_locale":"fr_FR","og_type":"article","og_title":"La certification Bois des Territoires du Massif Central a 5 ans","og_description":"Du 21 au 23 novembre 2023, Bois des Territoires du Massif Central (BTMC) \u00e9tait pr\u00e9sente au Salon des Maires et des Collectivit\u00e9s \u00e0 Paris pour promouvoir l\u2019utilisation du bois local et durable dans les constructions publiques. Elle s\u2019est jointe aux autres acteurs de la fili\u00e8re tel que les Communes foresti\u00e8res, l\u2019ONF, l\u2019interprofession France Bois For\u00eat, [&hellip;]","og_url":"https:\/\/batijournal.com\/index.php\/la-certification-bois-des-territoires-du-massif-central-a-5-ans\/109727\/","og_site_name":"Batijournal","article_published_time":"2023-12-04T15:50:49+00:00","og_image":[{"width":677,"height":408,"url":"https:\/\/batijournal.com\/wp-content\/uploads\/2023\/12\/btmc-5-ans.png","type":"image\/png"}],"author":"St\u00e9phane Miget","twitter_card":"summary_large_image","twitter_creator":"@bati_journal","twitter_site":"@bati_journal","twitter_misc":{"\u00c9crit par":"St\u00e9phane Miget","Dur\u00e9e de lecture estim\u00e9e":"1 minute"},"schema":{"@context":"https:\/\/schema.org","@graph":[{"@type":"Article","@id":"https:\/\/batijournal.com\/index.php\/la-certification-bois-des-territoires-du-massif-central-a-5-ans\/109727\/#article","isPartOf":{"@id":"https:\/\/batijournal.com\/index.php\/la-certification-bois-des-territoires-du-massif-central-a-5-ans\/109727\/"},"author":{"name":"St\u00e9phane Miget","@id":"https:\/\/batijournal.com\/#\/schema\/person\/1dc96ec6957aa1ccb25ebe78bb19f100"},"headline":"La certification Bois des Territoires du Massif Central a 5 ans","datePublished":"2023-12-04T15:50:49+00:00","mainEntityOfPage":{"@id":"https:\/\/batijournal.com\/index.php\/la-certification-bois-des-territoires-du-massif-central-a-5-ans\/109727\/"},"wordCount":230,"image":{"@id":"https:\/\/batijournal.com\/index.php\/la-certification-bois-des-territoires-du-massif-central-a-5-ans\/109727\/#primaryimage"},"thumbnailUrl":"https:\/\/batijournal.com\/wp-content\/uploads\/2023\/12\/btmc-5-ans.png","keywords":["Bois des territoires du massif central","bois local"],"articleSection":["Actualit\u00e9s","\u00c9conomie &amp; March\u00e9s","zz_Actualit\u00e9s - Woodsurfer","zz_Woodsurfer"],"inLanguage":"fr-FR"},{"@type":"WebPage","@id":"https:\/\/batijournal.com\/index.php\/la-certification-bois-des-territoires-du-massif-central-a-5-ans\/109727\/","url":"https:\/\/batijournal.com\/index.php\/la-certification-bois-des-territoires-du-massif-central-a-5-ans\/109727\/","name":"La certification Bois des Territoires du Massif Central a 5 ans","isPartOf":{"@id":"https:\/\/batijournal.com\/#website"},"primaryImageOfPage":{"@id":"https:\/\/batijournal.com\/index.php\/la-certification-bois-des-territoires-du-massif-central-a-5-ans\/109727\/#primaryimage"},"image":{"@id":"https:\/\/batijournal.com\/index.php\/la-certification-bois-des-territoires-du-massif-central-a-5-ans\/109727\/#primaryimage"},"thumbnailUrl":"https:\/\/batijournal.com\/wp-content\/uploads\/2023\/12\/btmc-5-ans.png","datePublished":"2023-12-04T15:50:49+00:00","author":{"@id":"https:\/\/batijournal.com\/#\/schema\/person\/1dc96ec6957aa1ccb25ebe78bb19f100"},"breadcrumb":{"@id":"https:\/\/batijournal.com\/index.php\/la-certification-bois-des-territoires-du-massif-central-a-5-ans\/109727\/#breadcrumb"},"inLanguage":"fr-FR","potentialAction":[{"@type":"ReadAction","target":["https:\/\/batijournal.com\/index.php\/la-certification-bois-des-territoires-du-massif-central-a-5-ans\/109727\/"]}]},{"@type":"ImageObject","inLanguage":"fr-FR","@id":"https:\/\/batijournal.com\/index.php\/la-certification-bois-des-territoires-du-massif-central-a-5-ans\/109727\/#primaryimage","url":"https:\/\/batijournal.com\/wp-content\/uploads\/2023\/12\/btmc-5-ans.png","contentUrl":"https:\/\/batijournal.com\/wp-content\/uploads\/2023\/12\/btmc-5-ans.png","width":677,"height":408},{"@type":"BreadcrumbList","@id":"https:\/\/batijournal.com\/index.php\/la-certification-bois-des-territoires-du-massif-central-a-5-ans\/109727\/#breadcrumb","itemListElement":[{"@type":"ListItem","position":1,"name":"Accueil","item":"https:\/\/batijournal.com\/"},{"@type":"ListItem","position":2,"name":"Actualit\u00e9s","item":"https:\/\/batijournal.com\/index.php\/category\/actualites\/"},{"@type":"ListItem","position":3,"name":"La certification Bois des Territoires du Massif Central a 5 ans"}]},{"@type":"WebSite","@id":"https:\/\/batijournal.com\/#website","url":"https:\/\/batijournal.com\/","name":"Batijournal","description":"L&#039;actualit\u00e9 du b\u00e2timent","potentialAction":[{"@type":"SearchAction","target":{"@type":"EntryPoint","urlTemplate":"https:\/\/batijournal.com\/?s={search_term_string}"},"query-input":{"@type":"PropertyValueSpecification","valueRequired":true,"valueName":"search_term_string"}}],"inLanguage":"fr-FR"},{"@type":"Person","@id":"https:\/\/batijournal.com\/#\/schema\/person\/1dc96ec6957aa1ccb25ebe78bb19f100","name":"St\u00e9phane Miget","image":{"@type":"ImageObject","inLanguage":"fr-FR","@id":"https:\/\/secure.gravatar.com\/avatar\/89915563d925342126b8ef0281b93d9d7fc337043e8df017f780908eb9644451?s=96&d=mm&r=g","url":"https:\/\/secure.gravatar.com\/avatar\/89915563d925342126b8ef0281b93d9d7fc337043e8df017f780908eb9644451?s=96&d=mm&r=g","contentUrl":"https:\/\/secure.gravatar.com\/avatar\/89915563d925342126b8ef0281b93d9d7fc337043e8df017f780908eb9644451?s=96&d=mm&r=g","caption":"St\u00e9phane Miget"},"url":"https:\/\/batijournal.com\/index.php\/author\/stephane\/"}]}},"_links":{"self":[{"href":"https:\/\/batijournal.com\/index.php\/wp-json\/wp\/v2\/posts\/109727","targetHints":{"allow":["GET"]}}],"collection":[{"href":"https:\/\/batijournal.com\/index.php\/wp-json\/wp\/v2\/posts"}],"about":[{"href":"https:\/\/batijournal.com\/index.php\/wp-json\/wp\/v2\/types\/post"}],"author":[{"embeddable":true,"href":"https:\/\/batijournal.com\/index.php\/wp-json\/wp\/v2\/users\/17"}],"replies":[{"embeddable":true,"href":"https:\/\/batijournal.com\/index.php\/wp-json\/wp\/v2\/comments?post=109727"}],"version-history":[{"count":0,"href":"https:\/\/batijournal.com\/index.php\/wp-json\/wp\/v2\/posts\/109727\/revisions"}],"wp:featuredmedia":[{"embeddable":true,"href":"https:\/\/batijournal.com\/index.php\/wp-json\/wp\/v2\/media\/109728"}],"wp:attachment":[{"href":"https:\/\/batijournal.com\/index.php\/wp-json\/wp\/v2\/media?parent=109727"}],"wp:term":[{"taxonomy":"category","embeddable":true,"href":"https:\/\/batijournal.com\/index.php\/wp-json\/wp\/v2\/categories?post=109727"},{"taxonomy":"post_tag","embeddable":true,"href":"https:\/\/batijournal.com\/index.php\/wp-json\/wp\/v2\/tags?post=109727"}],"curies":[{"name":"wp","href":"https:\/\/api.w.org\/{rel}","templated":true}]}}