{"id":109729,"date":"2023-12-04T17:04:39","date_gmt":"2023-12-04T16:04:39","guid":{"rendered":"https:\/\/batijournal.com\/?p=109729"},"modified":"2023-12-04T17:04:39","modified_gmt":"2023-12-04T16:04:39","slug":"le-groupement-du-mur-manteau-signe-une-serie-de-videos-pour-la-montee-en-competence-des-acteurs-francais-de-lite","status":"publish","type":"post","link":"https:\/\/batijournal.com\/index.php\/le-groupement-du-mur-manteau-signe-une-serie-de-videos-pour-la-montee-en-competence-des-acteurs-francais-de-lite\/109729\/","title":{"rendered":"Le Groupement du Mur Manteau signe une s\u00e9rie de vid\u00e9os pour la mont\u00e9e en comp\u00e9tence des acteurs fran\u00e7ais de l\u2019ITE"},"content":{"rendered":"<p>Afin de favoriser la qualit\u00e9 d\u2019ex\u00e9cution comme la r\u00e9ussite des chantiers d\u2019ITE, le Groupement du Mur Manteau a travaill\u00e9 pendant une ann\u00e9e \u00e0 concevoir et d\u00e9velopper une s\u00e9rie de 10 modules vid\u00e9o d\u00e9di\u00e9s. Entre information et formation, cette initiative donne les cl\u00e9s aux professionnels de l\u2019ITE, leur assurant une parfaite ma\u00eetrise de la pose et donc des chantiers gagnants, sans r\u00e9serve. La n\u00e9cessit\u00e9 du respect du syst\u00e8me mis en \u0153uvre constitue en effet un gage de s\u00e9curit\u00e9, tant pour l\u2019entreprise, que pour le ma\u00eetre d\u2019ouvrage et l\u2019assureur. Qu\u2019ils soient en phase de pr\u00e9paration du chantier, en intervention sur site ou bien en fin de chantier, les professionnels ont acc\u00e8s depuis le 1er d\u00e9cembre 2023 \u00e0 ces vid\u00e9os qualitatives et informatives qui viennent en compl\u00e9ment des cycles de formations dispens\u00e9s dans les centres des industriels membres du Mur Manteau.<\/p>\n<p>Module 1 : Base et assurabilit\u00e9<br \/>\nLes bons r\u00e9flexes pour s\u2019assurer de la garantie d\u2019un syst\u00e8me. 1 min 40<\/p>\n<p>Module 2 : Organisation du chantier<br \/>\nSavoir s\u2019organiser et pr\u00e9parer son site d\u2019intervention (zone de livraison, zone de stockage, zone de d\u00e9chets \u00e0 c\u00f4t\u00e9 de maison ou immeuble, \u00e9chafaudage conforme et adapt\u00e9, rappel demande d\u2019autorisation en cas d\u2019emprise sur le domaine public, pr\u00e9sence et conformit\u00e9 points d\u2019eau et d\u2019\u00e9lectricit\u00e9\u2026). 57 secondes<\/p>\n<p>Module 3 : Les outils et \u00e9quipements<br \/>\nUn rappel des indispensables. 1 min<\/p>\n<p>Module 4 : Pr\u00e9paration du support<br \/>\nLes diff\u00e9rentes \u00e9tapes \u00e0 respecter (protection des ouvrants et points sensibles, \u2026 ), pr\u00e9paration du support (plan\u00e9it\u00e9, r\u00e9paration, traitement\u2026). 1 min 10<\/p>\n<p>Module 5 : Pose des rails de d\u00e9parts<br \/>\n\u00c9tape primordiale qui permet d\u2019assurer la p\u00e9rennit\u00e9 du syst\u00e8me ; un d\u00e9marrage parfaitement horizontal, la protection de la sous face contre les rongeurs, rappel de l\u2019importance d\u2019un calepinage pr\u00e9cis et pr\u00e9sentation de ses bases, du tra\u00e7age et du per\u00e7age, rappel joint dilatation, joints connecteurs\u2026 2 min 45<\/p>\n<p>Module 6 : Pose de l\u2019isolant<br \/>\nPr\u00e9sentation des diff\u00e9rents modes de pose et des \u00e9tapes de mise en \u0153uvre de la pose cal\u00e9e-chevill\u00e9e (d\u00e9coupe, calepinage, collage, fixations\u2026) en partie courante et points singuliers. 3 min 57<\/p>\n<p>Module 7 : Traitement des points singuliers<br \/>\nPr\u00e9sentation de la mise en \u0153uvre des profil\u00e9s et mouchoir aux points singuliers (angles des ouvertures, appuis de fen\u00eatres\u2026). 1 min 40<\/p>\n<p>Module 8 : Application de la couche de base arm\u00e9e<br \/>\nPrincipales \u00e9tapes de la pr\u00e9paration \u00e0 mise en \u0153uvre de la couche de base arm\u00e9e. 1 min 24<\/p>\n<p>Module 9 : R\u00e9alisation de la finition<br \/>\nPr\u00e9sentation des multiples types de finitions (min\u00e9rale, organique, mince, \u00e9paisse), exemple de mise en \u0153uvre sur enduit mince taloch\u00e9 avec application de l\u2019enduit en couche fine. 1 min 15<\/p>\n<p>Module 10 : Fin du chantier<br \/>\nPrincipales \u00e9tapes : D\u00e9montage des installations, \u00e9vacuation des d\u00e9chets, bilan de chantier avec ma\u00eetre d\u2019ouvrage, r\u00e9daction du PV de fin de chantier, proposition d\u2019une visite de contr\u00f4le dans le futur\u2026 56 secondes<\/p>\n<p><a href=\"https:\/\/www.mur-manteau.fr\">https:\/\/www.mur-manteau.fr<\/a><\/p>\n<p>&nbsp;<\/p>\n","protected":false},"excerpt":{"rendered":"<p>Afin de favoriser la qualit\u00e9 d\u2019ex\u00e9cution comme la r\u00e9ussite des chantiers d\u2019ITE, le Groupement du Mur Manteau a travaill\u00e9 pendant une ann\u00e9e \u00e0 concevoir et d\u00e9velopper une s\u00e9rie de 10 modules vid\u00e9o d\u00e9di\u00e9s. Entre information et formation, cette initiative donne les cl\u00e9s aux professionnels de l\u2019ITE, leur assurant une parfaite ma\u00eetrise de la pose et [&hellip;]<\/p>\n","protected":false},"author":17,"featured_media":109730,"comment_status":"closed","ping_status":"closed","sticky":false,"template":"","format":"standard","meta":{"_et_pb_use_builder":"","_et_pb_old_content":"","_et_gb_content_width":"","footnotes":""},"categories":[10530,6362,10771,10775,10781,10778],"tags":[70],"class_list":["post-109729","post","type-post","status-publish","format-standard","has-post-thumbnail","hentry","category-actualites","category-services-equipements","category-5facades","category-actualites-5facades","category-publications-planete","category-planete","tag-ite"],"yoast_head":"<!-- This site is optimized with the Yoast SEO plugin v27.4 - https:\/\/yoast.com\/product\/yoast-seo-wordpress\/ -->\n<title>Le Groupement du Mur Manteau signe une s\u00e9rie de vid\u00e9os pour la mont\u00e9e en comp\u00e9tence des acteurs fran\u00e7ais de l\u2019ITE<\/title>\n<meta name=\"robots\" content=\"index, follow, max-snippet:-1, max-image-preview:large, max-video-preview:-1\" \/>\n<link rel=\"canonical\" href=\"https:\/\/batijournal.com\/index.php\/le-groupement-du-mur-manteau-signe-une-serie-de-videos-pour-la-montee-en-competence-des-acteurs-francais-de-lite\/109729\/\" \/>\n<meta property=\"og:locale\" content=\"fr_FR\" \/>\n<meta property=\"og:type\" content=\"article\" \/>\n<meta property=\"og:title\" content=\"Le Groupement du Mur Manteau signe une s\u00e9rie de vid\u00e9os pour la mont\u00e9e en comp\u00e9tence des acteurs fran\u00e7ais de l\u2019ITE\" \/>\n<meta property=\"og:description\" content=\"Afin de favoriser la qualit\u00e9 d\u2019ex\u00e9cution comme la r\u00e9ussite des chantiers d\u2019ITE, le Groupement du Mur Manteau a travaill\u00e9 pendant une ann\u00e9e \u00e0 concevoir et d\u00e9velopper une s\u00e9rie de 10 modules vid\u00e9o d\u00e9di\u00e9s. Entre information et formation, cette initiative donne les cl\u00e9s aux professionnels de l\u2019ITE, leur assurant une parfaite ma\u00eetrise de la pose et [&hellip;]\" \/>\n<meta property=\"og:url\" content=\"https:\/\/batijournal.com\/index.php\/le-groupement-du-mur-manteau-signe-une-serie-de-videos-pour-la-montee-en-competence-des-acteurs-francais-de-lite\/109729\/\" \/>\n<meta property=\"og:site_name\" content=\"Batijournal\" \/>\n<meta property=\"article:published_time\" content=\"2023-12-04T16:04:39+00:00\" \/>\n<meta property=\"og:image\" content=\"https:\/\/batijournal.com\/wp-content\/uploads\/2023\/12\/6-MUR-MANTEAU_INITIATIVE-COLLEGIALE.jpg\" \/>\n\t<meta property=\"og:image:width\" content=\"709\" \/>\n\t<meta property=\"og:image:height\" content=\"567\" \/>\n\t<meta property=\"og:image:type\" content=\"image\/jpeg\" \/>\n<meta name=\"author\" content=\"St\u00e9phane Miget\" \/>\n<meta name=\"twitter:card\" content=\"summary_large_image\" \/>\n<meta name=\"twitter:creator\" content=\"@bati_journal\" \/>\n<meta name=\"twitter:site\" content=\"@bati_journal\" \/>\n<meta name=\"twitter:label1\" content=\"\u00c9crit par\" \/>\n\t<meta name=\"twitter:data1\" content=\"St\u00e9phane Miget\" \/>\n\t<meta name=\"twitter:label2\" content=\"Dur\u00e9e de lecture estim\u00e9e\" \/>\n\t<meta name=\"twitter:data2\" content=\"3 minutes\" \/>\n<script type=\"application\/ld+json\" class=\"yoast-schema-graph\">{\"@context\":\"https:\\\/\\\/schema.org\",\"@graph\":[{\"@type\":\"Article\",\"@id\":\"https:\\\/\\\/batijournal.com\\\/index.php\\\/le-groupement-du-mur-manteau-signe-une-serie-de-videos-pour-la-montee-en-competence-des-acteurs-francais-de-lite\\\/109729\\\/#article\",\"isPartOf\":{\"@id\":\"https:\\\/\\\/batijournal.com\\\/index.php\\\/le-groupement-du-mur-manteau-signe-une-serie-de-videos-pour-la-montee-en-competence-des-acteurs-francais-de-lite\\\/109729\\\/\"},\"author\":{\"name\":\"St\u00e9phane Miget\",\"@id\":\"https:\\\/\\\/batijournal.com\\\/#\\\/schema\\\/person\\\/1dc96ec6957aa1ccb25ebe78bb19f100\"},\"headline\":\"Le Groupement du Mur Manteau signe une s\u00e9rie de vid\u00e9os pour la mont\u00e9e en comp\u00e9tence des acteurs fran\u00e7ais de l\u2019ITE\",\"datePublished\":\"2023-12-04T16:04:39+00:00\",\"mainEntityOfPage\":{\"@id\":\"https:\\\/\\\/batijournal.com\\\/index.php\\\/le-groupement-du-mur-manteau-signe-une-serie-de-videos-pour-la-montee-en-competence-des-acteurs-francais-de-lite\\\/109729\\\/\"},\"wordCount\":535,\"image\":{\"@id\":\"https:\\\/\\\/batijournal.com\\\/index.php\\\/le-groupement-du-mur-manteau-signe-une-serie-de-videos-pour-la-montee-en-competence-des-acteurs-francais-de-lite\\\/109729\\\/#primaryimage\"},\"thumbnailUrl\":\"https:\\\/\\\/batijournal.com\\\/wp-content\\\/uploads\\\/2023\\\/12\\\/6-MUR-MANTEAU_INITIATIVE-COLLEGIALE.jpg\",\"keywords\":[\"ITE\"],\"articleSection\":[\"Actualit\u00e9s\",\"Divers\",\"zz_5fa\u00e7ades\",\"zz_Actualit\u00e9s - 5fa\u00e7ades\",\"zz_Actualit\u00e9s - Plan\u00e8te\",\"zz_Plan\u00e8te B\u00e2timent\"],\"inLanguage\":\"fr-FR\"},{\"@type\":\"WebPage\",\"@id\":\"https:\\\/\\\/batijournal.com\\\/index.php\\\/le-groupement-du-mur-manteau-signe-une-serie-de-videos-pour-la-montee-en-competence-des-acteurs-francais-de-lite\\\/109729\\\/\",\"url\":\"https:\\\/\\\/batijournal.com\\\/index.php\\\/le-groupement-du-mur-manteau-signe-une-serie-de-videos-pour-la-montee-en-competence-des-acteurs-francais-de-lite\\\/109729\\\/\",\"name\":\"Le Groupement du Mur Manteau signe une s\u00e9rie de vid\u00e9os pour la mont\u00e9e en comp\u00e9tence des acteurs fran\u00e7ais de l\u2019ITE\",\"isPartOf\":{\"@id\":\"https:\\\/\\\/batijournal.com\\\/#website\"},\"primaryImageOfPage\":{\"@id\":\"https:\\\/\\\/batijournal.com\\\/index.php\\\/le-groupement-du-mur-manteau-signe-une-serie-de-videos-pour-la-montee-en-competence-des-acteurs-francais-de-lite\\\/109729\\\/#primaryimage\"},\"image\":{\"@id\":\"https:\\\/\\\/batijournal.com\\\/index.php\\\/le-groupement-du-mur-manteau-signe-une-serie-de-videos-pour-la-montee-en-competence-des-acteurs-francais-de-lite\\\/109729\\\/#primaryimage\"},\"thumbnailUrl\":\"https:\\\/\\\/batijournal.com\\\/wp-content\\\/uploads\\\/2023\\\/12\\\/6-MUR-MANTEAU_INITIATIVE-COLLEGIALE.jpg\",\"datePublished\":\"2023-12-04T16:04:39+00:00\",\"author\":{\"@id\":\"https:\\\/\\\/batijournal.com\\\/#\\\/schema\\\/person\\\/1dc96ec6957aa1ccb25ebe78bb19f100\"},\"breadcrumb\":{\"@id\":\"https:\\\/\\\/batijournal.com\\\/index.php\\\/le-groupement-du-mur-manteau-signe-une-serie-de-videos-pour-la-montee-en-competence-des-acteurs-francais-de-lite\\\/109729\\\/#breadcrumb\"},\"inLanguage\":\"fr-FR\",\"potentialAction\":[{\"@type\":\"ReadAction\",\"target\":[\"https:\\\/\\\/batijournal.com\\\/index.php\\\/le-groupement-du-mur-manteau-signe-une-serie-de-videos-pour-la-montee-en-competence-des-acteurs-francais-de-lite\\\/109729\\\/\"]}]},{\"@type\":\"ImageObject\",\"inLanguage\":\"fr-FR\",\"@id\":\"https:\\\/\\\/batijournal.com\\\/index.php\\\/le-groupement-du-mur-manteau-signe-une-serie-de-videos-pour-la-montee-en-competence-des-acteurs-francais-de-lite\\\/109729\\\/#primaryimage\",\"url\":\"https:\\\/\\\/batijournal.com\\\/wp-content\\\/uploads\\\/2023\\\/12\\\/6-MUR-MANTEAU_INITIATIVE-COLLEGIALE.jpg\",\"contentUrl\":\"https:\\\/\\\/batijournal.com\\\/wp-content\\\/uploads\\\/2023\\\/12\\\/6-MUR-MANTEAU_INITIATIVE-COLLEGIALE.jpg\",\"width\":709,\"height\":567},{\"@type\":\"BreadcrumbList\",\"@id\":\"https:\\\/\\\/batijournal.com\\\/index.php\\\/le-groupement-du-mur-manteau-signe-une-serie-de-videos-pour-la-montee-en-competence-des-acteurs-francais-de-lite\\\/109729\\\/#breadcrumb\",\"itemListElement\":[{\"@type\":\"ListItem\",\"position\":1,\"name\":\"Accueil\",\"item\":\"https:\\\/\\\/batijournal.com\\\/\"},{\"@type\":\"ListItem\",\"position\":2,\"name\":\"Actualit\u00e9s\",\"item\":\"https:\\\/\\\/batijournal.com\\\/index.php\\\/category\\\/actualites\\\/\"},{\"@type\":\"ListItem\",\"position\":3,\"name\":\"Le Groupement du Mur Manteau signe une s\u00e9rie de vid\u00e9os pour la mont\u00e9e en comp\u00e9tence des acteurs fran\u00e7ais de l\u2019ITE\"}]},{\"@type\":\"WebSite\",\"@id\":\"https:\\\/\\\/batijournal.com\\\/#website\",\"url\":\"https:\\\/\\\/batijournal.com\\\/\",\"name\":\"Batijournal\",\"description\":\"L&#039;actualit\u00e9 du b\u00e2timent\",\"potentialAction\":[{\"@type\":\"SearchAction\",\"target\":{\"@type\":\"EntryPoint\",\"urlTemplate\":\"https:\\\/\\\/batijournal.com\\\/?s={search_term_string}\"},\"query-input\":{\"@type\":\"PropertyValueSpecification\",\"valueRequired\":true,\"valueName\":\"search_term_string\"}}],\"inLanguage\":\"fr-FR\"},{\"@type\":\"Person\",\"@id\":\"https:\\\/\\\/batijournal.com\\\/#\\\/schema\\\/person\\\/1dc96ec6957aa1ccb25ebe78bb19f100\",\"name\":\"St\u00e9phane Miget\",\"image\":{\"@type\":\"ImageObject\",\"inLanguage\":\"fr-FR\",\"@id\":\"https:\\\/\\\/secure.gravatar.com\\\/avatar\\\/89915563d925342126b8ef0281b93d9d7fc337043e8df017f780908eb9644451?s=96&d=mm&r=g\",\"url\":\"https:\\\/\\\/secure.gravatar.com\\\/avatar\\\/89915563d925342126b8ef0281b93d9d7fc337043e8df017f780908eb9644451?s=96&d=mm&r=g\",\"contentUrl\":\"https:\\\/\\\/secure.gravatar.com\\\/avatar\\\/89915563d925342126b8ef0281b93d9d7fc337043e8df017f780908eb9644451?s=96&d=mm&r=g\",\"caption\":\"St\u00e9phane Miget\"},\"url\":\"https:\\\/\\\/batijournal.com\\\/index.php\\\/author\\\/stephane\\\/\"}]}<\/script>\n<!-- \/ Yoast SEO plugin. -->","yoast_head_json":{"title":"Le Groupement du Mur Manteau signe une s\u00e9rie de vid\u00e9os pour la mont\u00e9e en comp\u00e9tence des acteurs fran\u00e7ais de l\u2019ITE","robots":{"index":"index","follow":"follow","max-snippet":"max-snippet:-1","max-image-preview":"max-image-preview:large","max-video-preview":"max-video-preview:-1"},"canonical":"https:\/\/batijournal.com\/index.php\/le-groupement-du-mur-manteau-signe-une-serie-de-videos-pour-la-montee-en-competence-des-acteurs-francais-de-lite\/109729\/","og_locale":"fr_FR","og_type":"article","og_title":"Le Groupement du Mur Manteau signe une s\u00e9rie de vid\u00e9os pour la mont\u00e9e en comp\u00e9tence des acteurs fran\u00e7ais de l\u2019ITE","og_description":"Afin de favoriser la qualit\u00e9 d\u2019ex\u00e9cution comme la r\u00e9ussite des chantiers d\u2019ITE, le Groupement du Mur Manteau a travaill\u00e9 pendant une ann\u00e9e \u00e0 concevoir et d\u00e9velopper une s\u00e9rie de 10 modules vid\u00e9o d\u00e9di\u00e9s. Entre information et formation, cette initiative donne les cl\u00e9s aux professionnels de l\u2019ITE, leur assurant une parfaite ma\u00eetrise de la pose et [&hellip;]","og_url":"https:\/\/batijournal.com\/index.php\/le-groupement-du-mur-manteau-signe-une-serie-de-videos-pour-la-montee-en-competence-des-acteurs-francais-de-lite\/109729\/","og_site_name":"Batijournal","article_published_time":"2023-12-04T16:04:39+00:00","og_image":[{"width":709,"height":567,"url":"https:\/\/batijournal.com\/wp-content\/uploads\/2023\/12\/6-MUR-MANTEAU_INITIATIVE-COLLEGIALE.jpg","type":"image\/jpeg"}],"author":"St\u00e9phane Miget","twitter_card":"summary_large_image","twitter_creator":"@bati_journal","twitter_site":"@bati_journal","twitter_misc":{"\u00c9crit par":"St\u00e9phane Miget","Dur\u00e9e de lecture estim\u00e9e":"3 minutes"},"schema":{"@context":"https:\/\/schema.org","@graph":[{"@type":"Article","@id":"https:\/\/batijournal.com\/index.php\/le-groupement-du-mur-manteau-signe-une-serie-de-videos-pour-la-montee-en-competence-des-acteurs-francais-de-lite\/109729\/#article","isPartOf":{"@id":"https:\/\/batijournal.com\/index.php\/le-groupement-du-mur-manteau-signe-une-serie-de-videos-pour-la-montee-en-competence-des-acteurs-francais-de-lite\/109729\/"},"author":{"name":"St\u00e9phane Miget","@id":"https:\/\/batijournal.com\/#\/schema\/person\/1dc96ec6957aa1ccb25ebe78bb19f100"},"headline":"Le Groupement du Mur Manteau signe une s\u00e9rie de vid\u00e9os pour la mont\u00e9e en comp\u00e9tence des acteurs fran\u00e7ais de l\u2019ITE","datePublished":"2023-12-04T16:04:39+00:00","mainEntityOfPage":{"@id":"https:\/\/batijournal.com\/index.php\/le-groupement-du-mur-manteau-signe-une-serie-de-videos-pour-la-montee-en-competence-des-acteurs-francais-de-lite\/109729\/"},"wordCount":535,"image":{"@id":"https:\/\/batijournal.com\/index.php\/le-groupement-du-mur-manteau-signe-une-serie-de-videos-pour-la-montee-en-competence-des-acteurs-francais-de-lite\/109729\/#primaryimage"},"thumbnailUrl":"https:\/\/batijournal.com\/wp-content\/uploads\/2023\/12\/6-MUR-MANTEAU_INITIATIVE-COLLEGIALE.jpg","keywords":["ITE"],"articleSection":["Actualit\u00e9s","Divers","zz_5fa\u00e7ades","zz_Actualit\u00e9s - 5fa\u00e7ades","zz_Actualit\u00e9s - Plan\u00e8te","zz_Plan\u00e8te B\u00e2timent"],"inLanguage":"fr-FR"},{"@type":"WebPage","@id":"https:\/\/batijournal.com\/index.php\/le-groupement-du-mur-manteau-signe-une-serie-de-videos-pour-la-montee-en-competence-des-acteurs-francais-de-lite\/109729\/","url":"https:\/\/batijournal.com\/index.php\/le-groupement-du-mur-manteau-signe-une-serie-de-videos-pour-la-montee-en-competence-des-acteurs-francais-de-lite\/109729\/","name":"Le Groupement du Mur Manteau signe une s\u00e9rie de vid\u00e9os pour la mont\u00e9e en comp\u00e9tence des acteurs fran\u00e7ais de l\u2019ITE","isPartOf":{"@id":"https:\/\/batijournal.com\/#website"},"primaryImageOfPage":{"@id":"https:\/\/batijournal.com\/index.php\/le-groupement-du-mur-manteau-signe-une-serie-de-videos-pour-la-montee-en-competence-des-acteurs-francais-de-lite\/109729\/#primaryimage"},"image":{"@id":"https:\/\/batijournal.com\/index.php\/le-groupement-du-mur-manteau-signe-une-serie-de-videos-pour-la-montee-en-competence-des-acteurs-francais-de-lite\/109729\/#primaryimage"},"thumbnailUrl":"https:\/\/batijournal.com\/wp-content\/uploads\/2023\/12\/6-MUR-MANTEAU_INITIATIVE-COLLEGIALE.jpg","datePublished":"2023-12-04T16:04:39+00:00","author":{"@id":"https:\/\/batijournal.com\/#\/schema\/person\/1dc96ec6957aa1ccb25ebe78bb19f100"},"breadcrumb":{"@id":"https:\/\/batijournal.com\/index.php\/le-groupement-du-mur-manteau-signe-une-serie-de-videos-pour-la-montee-en-competence-des-acteurs-francais-de-lite\/109729\/#breadcrumb"},"inLanguage":"fr-FR","potentialAction":[{"@type":"ReadAction","target":["https:\/\/batijournal.com\/index.php\/le-groupement-du-mur-manteau-signe-une-serie-de-videos-pour-la-montee-en-competence-des-acteurs-francais-de-lite\/109729\/"]}]},{"@type":"ImageObject","inLanguage":"fr-FR","@id":"https:\/\/batijournal.com\/index.php\/le-groupement-du-mur-manteau-signe-une-serie-de-videos-pour-la-montee-en-competence-des-acteurs-francais-de-lite\/109729\/#primaryimage","url":"https:\/\/batijournal.com\/wp-content\/uploads\/2023\/12\/6-MUR-MANTEAU_INITIATIVE-COLLEGIALE.jpg","contentUrl":"https:\/\/batijournal.com\/wp-content\/uploads\/2023\/12\/6-MUR-MANTEAU_INITIATIVE-COLLEGIALE.jpg","width":709,"height":567},{"@type":"BreadcrumbList","@id":"https:\/\/batijournal.com\/index.php\/le-groupement-du-mur-manteau-signe-une-serie-de-videos-pour-la-montee-en-competence-des-acteurs-francais-de-lite\/109729\/#breadcrumb","itemListElement":[{"@type":"ListItem","position":1,"name":"Accueil","item":"https:\/\/batijournal.com\/"},{"@type":"ListItem","position":2,"name":"Actualit\u00e9s","item":"https:\/\/batijournal.com\/index.php\/category\/actualites\/"},{"@type":"ListItem","position":3,"name":"Le Groupement du Mur Manteau signe une s\u00e9rie de vid\u00e9os pour la mont\u00e9e en comp\u00e9tence des acteurs fran\u00e7ais de l\u2019ITE"}]},{"@type":"WebSite","@id":"https:\/\/batijournal.com\/#website","url":"https:\/\/batijournal.com\/","name":"Batijournal","description":"L&#039;actualit\u00e9 du b\u00e2timent","potentialAction":[{"@type":"SearchAction","target":{"@type":"EntryPoint","urlTemplate":"https:\/\/batijournal.com\/?s={search_term_string}"},"query-input":{"@type":"PropertyValueSpecification","valueRequired":true,"valueName":"search_term_string"}}],"inLanguage":"fr-FR"},{"@type":"Person","@id":"https:\/\/batijournal.com\/#\/schema\/person\/1dc96ec6957aa1ccb25ebe78bb19f100","name":"St\u00e9phane Miget","image":{"@type":"ImageObject","inLanguage":"fr-FR","@id":"https:\/\/secure.gravatar.com\/avatar\/89915563d925342126b8ef0281b93d9d7fc337043e8df017f780908eb9644451?s=96&d=mm&r=g","url":"https:\/\/secure.gravatar.com\/avatar\/89915563d925342126b8ef0281b93d9d7fc337043e8df017f780908eb9644451?s=96&d=mm&r=g","contentUrl":"https:\/\/secure.gravatar.com\/avatar\/89915563d925342126b8ef0281b93d9d7fc337043e8df017f780908eb9644451?s=96&d=mm&r=g","caption":"St\u00e9phane Miget"},"url":"https:\/\/batijournal.com\/index.php\/author\/stephane\/"}]}},"_links":{"self":[{"href":"https:\/\/batijournal.com\/index.php\/wp-json\/wp\/v2\/posts\/109729","targetHints":{"allow":["GET"]}}],"collection":[{"href":"https:\/\/batijournal.com\/index.php\/wp-json\/wp\/v2\/posts"}],"about":[{"href":"https:\/\/batijournal.com\/index.php\/wp-json\/wp\/v2\/types\/post"}],"author":[{"embeddable":true,"href":"https:\/\/batijournal.com\/index.php\/wp-json\/wp\/v2\/users\/17"}],"replies":[{"embeddable":true,"href":"https:\/\/batijournal.com\/index.php\/wp-json\/wp\/v2\/comments?post=109729"}],"version-history":[{"count":0,"href":"https:\/\/batijournal.com\/index.php\/wp-json\/wp\/v2\/posts\/109729\/revisions"}],"wp:featuredmedia":[{"embeddable":true,"href":"https:\/\/batijournal.com\/index.php\/wp-json\/wp\/v2\/media\/109730"}],"wp:attachment":[{"href":"https:\/\/batijournal.com\/index.php\/wp-json\/wp\/v2\/media?parent=109729"}],"wp:term":[{"taxonomy":"category","embeddable":true,"href":"https:\/\/batijournal.com\/index.php\/wp-json\/wp\/v2\/categories?post=109729"},{"taxonomy":"post_tag","embeddable":true,"href":"https:\/\/batijournal.com\/index.php\/wp-json\/wp\/v2\/tags?post=109729"}],"curies":[{"name":"wp","href":"https:\/\/api.w.org\/{rel}","templated":true}]}}