{"id":109790,"date":"2023-12-06T17:31:14","date_gmt":"2023-12-06T16:31:14","guid":{"rendered":"https:\/\/batijournal.com\/?p=109790"},"modified":"2023-12-06T17:31:14","modified_gmt":"2023-12-06T16:31:14","slug":"vers-la-creation-dun-pole-public-consacre-aux-metiers-dart-et-aux-arts-decoratifs","status":"publish","type":"post","link":"https:\/\/batijournal.com\/index.php\/vers-la-creation-dun-pole-public-consacre-aux-metiers-dart-et-aux-arts-decoratifs\/109790\/","title":{"rendered":"Vers la cr\u00e9ation d\u2019un p\u00f4le public consacr\u00e9 aux m\u00e9tiers d\u2019art et aux arts d\u00e9coratifs"},"content":{"rendered":"<p>La cit\u00e9 de la C\u00e9ramique \u2013 S\u00e8vres et Limoges et le Mobilier national repr\u00e9sentent quatre si\u00e8cles d\u2019histoire au travers leurs manufactures, leurs collections et leurs mus\u00e9es nationaux. Ces \u00e9tablissements pr\u00e9sentent tous les atouts pour jouer un r\u00f4le central dans la mise en \u0153uvre de la strat\u00e9gie nationale en faveur des m\u00e9tiers d\u2019art. La ministre de la Culture a confi\u00e9 en octobre 2022 \u00e0 Herv\u00e9 Lemoine une r\u00e9flexion afin d\u2019identifier les synergies possibles entre ces deux institutions nationales. Ce travail, a permis d\u2019identifier six axes majeurs de coop\u00e9ration : la formation; la recherche; la cr\u00e9ation; le soutien \u00e0 l\u2019\u00e9cosyst\u00e8me fragile des m\u00e9tiers d\u2019art; la valorisation des cultures mat\u00e9rielles et du geste; le rayonnement national et international. Au regard des diff\u00e9rentes options possibles, la Ministre a retenu la proposition de constitution d\u2019un nouvel \u00e9tablissement public administratif construit sur un principe f\u00e9d\u00e9ral. Cet \u00e9tablissement r\u00e9unira et valorisera chacune des entit\u00e9s historiques dont il sera constitu\u00e9 : la manufacture de S\u00e8vres ; le mus\u00e9e national de la c\u00e9ramique de S\u00e8vres ; le mus\u00e9e national Adrien Dubouch\u00e9 de Limoges ; le Mobilier national et son atelier de recherche et de cr\u00e9ation ; la manufacture des Gobelins ; la manufacture de Beauvais ; la manufacture de la Savonnerie et ses ateliers de Paris et de Lod\u00e8ve ; les ateliers de dentelles d\u2019Alen\u00e7on et du Puy-en-Velay. Ainsi, chaque entit\u00e9 verra valoris\u00e9es sa sp\u00e9cificit\u00e9 et son appellation. Afin d\u2019accompagner la cr\u00e9ation de cet \u00e9tablissement, Herv\u00e9 Lemoine, pr\u00e9sident du Mobilier national, a \u00e9t\u00e9 nomm\u00e9 pr\u00e9sident du Conseil d&rsquo;administration de la Cit\u00e9 c\u00e9ramique S\u00e8vres et Limoges. La Ministre nomme Ren\u00e9-Jacques Mayer comme directeur g\u00e9n\u00e9ral de la Cit\u00e9 de la c\u00e9ramique \u2013 S\u00e8vres et Limoges. Tr\u00e8s bon connaisseur de l\u2019institution dont il a \u00e9t\u00e9 successivement secr\u00e9taire g\u00e9n\u00e9ral puis directeur de la cr\u00e9ation et de la production de 2004 \u00e0 2015. Il devra contribuer \u00e0 la cr\u00e9ation du nouvel \u00e9tablissement souhait\u00e9 par la Ministre.<\/p>\n<p>Photo : Lauchap &#8211; Mobilier national &#8211; Wikimedia<\/p>\n<p>&nbsp;<\/p>\n","protected":false},"excerpt":{"rendered":"<p>La cit\u00e9 de la C\u00e9ramique \u2013 S\u00e8vres et Limoges et le Mobilier national repr\u00e9sentent quatre si\u00e8cles d\u2019histoire au travers leurs manufactures, leurs collections et leurs mus\u00e9es nationaux. Ces \u00e9tablissements pr\u00e9sentent tous les atouts pour jouer un r\u00f4le central dans la mise en \u0153uvre de la strat\u00e9gie nationale en faveur des m\u00e9tiers d\u2019art. La ministre de [&hellip;]<\/p>\n","protected":false},"author":17,"featured_media":109791,"comment_status":"closed","ping_status":"closed","sticky":false,"template":"","format":"standard","meta":{"_et_pb_use_builder":"","_et_pb_old_content":"","_et_gb_content_width":"","footnotes":""},"categories":[10530,6362,10789,10785],"tags":[6188],"class_list":["post-109790","post","type-post","status-publish","format-standard","has-post-thumbnail","hentry","category-actualites","category-services-equipements","category-publications-atrium","category-atrium","tag-metiers-dart"],"yoast_head":"<!-- This site is optimized with the Yoast SEO plugin v27.4 - https:\/\/yoast.com\/product\/yoast-seo-wordpress\/ -->\n<title>Vers la cr\u00e9ation d\u2019un p\u00f4le public consacr\u00e9 aux m\u00e9tiers d\u2019art et aux arts d\u00e9coratifs<\/title>\n<meta name=\"robots\" content=\"index, follow, max-snippet:-1, max-image-preview:large, max-video-preview:-1\" \/>\n<link rel=\"canonical\" href=\"https:\/\/batijournal.com\/index.php\/vers-la-creation-dun-pole-public-consacre-aux-metiers-dart-et-aux-arts-decoratifs\/109790\/\" \/>\n<meta property=\"og:locale\" content=\"fr_FR\" \/>\n<meta property=\"og:type\" content=\"article\" \/>\n<meta property=\"og:title\" content=\"Vers la cr\u00e9ation d\u2019un p\u00f4le public consacr\u00e9 aux m\u00e9tiers d\u2019art et aux arts d\u00e9coratifs\" \/>\n<meta property=\"og:description\" content=\"La cit\u00e9 de la C\u00e9ramique \u2013 S\u00e8vres et Limoges et le Mobilier national repr\u00e9sentent quatre si\u00e8cles d\u2019histoire au travers leurs manufactures, leurs collections et leurs mus\u00e9es nationaux. Ces \u00e9tablissements pr\u00e9sentent tous les atouts pour jouer un r\u00f4le central dans la mise en \u0153uvre de la strat\u00e9gie nationale en faveur des m\u00e9tiers d\u2019art. La ministre de [&hellip;]\" \/>\n<meta property=\"og:url\" content=\"https:\/\/batijournal.com\/index.php\/vers-la-creation-dun-pole-public-consacre-aux-metiers-dart-et-aux-arts-decoratifs\/109790\/\" \/>\n<meta property=\"og:site_name\" content=\"Batijournal\" \/>\n<meta property=\"article:published_time\" content=\"2023-12-06T16:31:14+00:00\" \/>\n<meta property=\"og:image\" content=\"https:\/\/batijournal.com\/wp-content\/uploads\/2023\/12\/Restauration_tapis_avec_pince_et_aiguille_courbe.png\" \/>\n\t<meta property=\"og:image:width\" content=\"1106\" \/>\n\t<meta property=\"og:image:height\" content=\"621\" \/>\n\t<meta property=\"og:image:type\" content=\"image\/png\" \/>\n<meta name=\"author\" content=\"St\u00e9phane Miget\" \/>\n<meta name=\"twitter:card\" content=\"summary_large_image\" \/>\n<meta name=\"twitter:creator\" content=\"@bati_journal\" \/>\n<meta name=\"twitter:site\" content=\"@bati_journal\" \/>\n<meta name=\"twitter:label1\" content=\"\u00c9crit par\" \/>\n\t<meta name=\"twitter:data1\" content=\"St\u00e9phane Miget\" \/>\n\t<meta name=\"twitter:label2\" content=\"Dur\u00e9e de lecture estim\u00e9e\" \/>\n\t<meta name=\"twitter:data2\" content=\"2 minutes\" \/>\n<script type=\"application\/ld+json\" class=\"yoast-schema-graph\">{\"@context\":\"https:\\\/\\\/schema.org\",\"@graph\":[{\"@type\":\"Article\",\"@id\":\"https:\\\/\\\/batijournal.com\\\/index.php\\\/vers-la-creation-dun-pole-public-consacre-aux-metiers-dart-et-aux-arts-decoratifs\\\/109790\\\/#article\",\"isPartOf\":{\"@id\":\"https:\\\/\\\/batijournal.com\\\/index.php\\\/vers-la-creation-dun-pole-public-consacre-aux-metiers-dart-et-aux-arts-decoratifs\\\/109790\\\/\"},\"author\":{\"name\":\"St\u00e9phane Miget\",\"@id\":\"https:\\\/\\\/batijournal.com\\\/#\\\/schema\\\/person\\\/1dc96ec6957aa1ccb25ebe78bb19f100\"},\"headline\":\"Vers la cr\u00e9ation d\u2019un p\u00f4le public consacr\u00e9 aux m\u00e9tiers d\u2019art et aux arts d\u00e9coratifs\",\"datePublished\":\"2023-12-06T16:31:14+00:00\",\"mainEntityOfPage\":{\"@id\":\"https:\\\/\\\/batijournal.com\\\/index.php\\\/vers-la-creation-dun-pole-public-consacre-aux-metiers-dart-et-aux-arts-decoratifs\\\/109790\\\/\"},\"wordCount\":379,\"image\":{\"@id\":\"https:\\\/\\\/batijournal.com\\\/index.php\\\/vers-la-creation-dun-pole-public-consacre-aux-metiers-dart-et-aux-arts-decoratifs\\\/109790\\\/#primaryimage\"},\"thumbnailUrl\":\"https:\\\/\\\/batijournal.com\\\/wp-content\\\/uploads\\\/2023\\\/12\\\/Restauration_tapis_avec_pince_et_aiguille_courbe.png\",\"keywords\":[\"m\u00e9tiers d'art\"],\"articleSection\":[\"Actualit\u00e9s\",\"Divers\",\"zz_Actualit\u00e9s - Atrium\",\"zz_Atrium Patrimoine\"],\"inLanguage\":\"fr-FR\"},{\"@type\":\"WebPage\",\"@id\":\"https:\\\/\\\/batijournal.com\\\/index.php\\\/vers-la-creation-dun-pole-public-consacre-aux-metiers-dart-et-aux-arts-decoratifs\\\/109790\\\/\",\"url\":\"https:\\\/\\\/batijournal.com\\\/index.php\\\/vers-la-creation-dun-pole-public-consacre-aux-metiers-dart-et-aux-arts-decoratifs\\\/109790\\\/\",\"name\":\"Vers la cr\u00e9ation d\u2019un p\u00f4le public consacr\u00e9 aux m\u00e9tiers d\u2019art et aux arts d\u00e9coratifs\",\"isPartOf\":{\"@id\":\"https:\\\/\\\/batijournal.com\\\/#website\"},\"primaryImageOfPage\":{\"@id\":\"https:\\\/\\\/batijournal.com\\\/index.php\\\/vers-la-creation-dun-pole-public-consacre-aux-metiers-dart-et-aux-arts-decoratifs\\\/109790\\\/#primaryimage\"},\"image\":{\"@id\":\"https:\\\/\\\/batijournal.com\\\/index.php\\\/vers-la-creation-dun-pole-public-consacre-aux-metiers-dart-et-aux-arts-decoratifs\\\/109790\\\/#primaryimage\"},\"thumbnailUrl\":\"https:\\\/\\\/batijournal.com\\\/wp-content\\\/uploads\\\/2023\\\/12\\\/Restauration_tapis_avec_pince_et_aiguille_courbe.png\",\"datePublished\":\"2023-12-06T16:31:14+00:00\",\"author\":{\"@id\":\"https:\\\/\\\/batijournal.com\\\/#\\\/schema\\\/person\\\/1dc96ec6957aa1ccb25ebe78bb19f100\"},\"breadcrumb\":{\"@id\":\"https:\\\/\\\/batijournal.com\\\/index.php\\\/vers-la-creation-dun-pole-public-consacre-aux-metiers-dart-et-aux-arts-decoratifs\\\/109790\\\/#breadcrumb\"},\"inLanguage\":\"fr-FR\",\"potentialAction\":[{\"@type\":\"ReadAction\",\"target\":[\"https:\\\/\\\/batijournal.com\\\/index.php\\\/vers-la-creation-dun-pole-public-consacre-aux-metiers-dart-et-aux-arts-decoratifs\\\/109790\\\/\"]}]},{\"@type\":\"ImageObject\",\"inLanguage\":\"fr-FR\",\"@id\":\"https:\\\/\\\/batijournal.com\\\/index.php\\\/vers-la-creation-dun-pole-public-consacre-aux-metiers-dart-et-aux-arts-decoratifs\\\/109790\\\/#primaryimage\",\"url\":\"https:\\\/\\\/batijournal.com\\\/wp-content\\\/uploads\\\/2023\\\/12\\\/Restauration_tapis_avec_pince_et_aiguille_courbe.png\",\"contentUrl\":\"https:\\\/\\\/batijournal.com\\\/wp-content\\\/uploads\\\/2023\\\/12\\\/Restauration_tapis_avec_pince_et_aiguille_courbe.png\",\"width\":1106,\"height\":621},{\"@type\":\"BreadcrumbList\",\"@id\":\"https:\\\/\\\/batijournal.com\\\/index.php\\\/vers-la-creation-dun-pole-public-consacre-aux-metiers-dart-et-aux-arts-decoratifs\\\/109790\\\/#breadcrumb\",\"itemListElement\":[{\"@type\":\"ListItem\",\"position\":1,\"name\":\"Accueil\",\"item\":\"https:\\\/\\\/batijournal.com\\\/\"},{\"@type\":\"ListItem\",\"position\":2,\"name\":\"Actualit\u00e9s\",\"item\":\"https:\\\/\\\/batijournal.com\\\/index.php\\\/category\\\/actualites\\\/\"},{\"@type\":\"ListItem\",\"position\":3,\"name\":\"Vers la cr\u00e9ation d\u2019un p\u00f4le public consacr\u00e9 aux m\u00e9tiers d\u2019art et aux arts d\u00e9coratifs\"}]},{\"@type\":\"WebSite\",\"@id\":\"https:\\\/\\\/batijournal.com\\\/#website\",\"url\":\"https:\\\/\\\/batijournal.com\\\/\",\"name\":\"Batijournal\",\"description\":\"L&#039;actualit\u00e9 du b\u00e2timent\",\"potentialAction\":[{\"@type\":\"SearchAction\",\"target\":{\"@type\":\"EntryPoint\",\"urlTemplate\":\"https:\\\/\\\/batijournal.com\\\/?s={search_term_string}\"},\"query-input\":{\"@type\":\"PropertyValueSpecification\",\"valueRequired\":true,\"valueName\":\"search_term_string\"}}],\"inLanguage\":\"fr-FR\"},{\"@type\":\"Person\",\"@id\":\"https:\\\/\\\/batijournal.com\\\/#\\\/schema\\\/person\\\/1dc96ec6957aa1ccb25ebe78bb19f100\",\"name\":\"St\u00e9phane Miget\",\"image\":{\"@type\":\"ImageObject\",\"inLanguage\":\"fr-FR\",\"@id\":\"https:\\\/\\\/secure.gravatar.com\\\/avatar\\\/89915563d925342126b8ef0281b93d9d7fc337043e8df017f780908eb9644451?s=96&d=mm&r=g\",\"url\":\"https:\\\/\\\/secure.gravatar.com\\\/avatar\\\/89915563d925342126b8ef0281b93d9d7fc337043e8df017f780908eb9644451?s=96&d=mm&r=g\",\"contentUrl\":\"https:\\\/\\\/secure.gravatar.com\\\/avatar\\\/89915563d925342126b8ef0281b93d9d7fc337043e8df017f780908eb9644451?s=96&d=mm&r=g\",\"caption\":\"St\u00e9phane Miget\"},\"url\":\"https:\\\/\\\/batijournal.com\\\/index.php\\\/author\\\/stephane\\\/\"}]}<\/script>\n<!-- \/ Yoast SEO plugin. -->","yoast_head_json":{"title":"Vers la cr\u00e9ation d\u2019un p\u00f4le public consacr\u00e9 aux m\u00e9tiers d\u2019art et aux arts d\u00e9coratifs","robots":{"index":"index","follow":"follow","max-snippet":"max-snippet:-1","max-image-preview":"max-image-preview:large","max-video-preview":"max-video-preview:-1"},"canonical":"https:\/\/batijournal.com\/index.php\/vers-la-creation-dun-pole-public-consacre-aux-metiers-dart-et-aux-arts-decoratifs\/109790\/","og_locale":"fr_FR","og_type":"article","og_title":"Vers la cr\u00e9ation d\u2019un p\u00f4le public consacr\u00e9 aux m\u00e9tiers d\u2019art et aux arts d\u00e9coratifs","og_description":"La cit\u00e9 de la C\u00e9ramique \u2013 S\u00e8vres et Limoges et le Mobilier national repr\u00e9sentent quatre si\u00e8cles d\u2019histoire au travers leurs manufactures, leurs collections et leurs mus\u00e9es nationaux. Ces \u00e9tablissements pr\u00e9sentent tous les atouts pour jouer un r\u00f4le central dans la mise en \u0153uvre de la strat\u00e9gie nationale en faveur des m\u00e9tiers d\u2019art. La ministre de [&hellip;]","og_url":"https:\/\/batijournal.com\/index.php\/vers-la-creation-dun-pole-public-consacre-aux-metiers-dart-et-aux-arts-decoratifs\/109790\/","og_site_name":"Batijournal","article_published_time":"2023-12-06T16:31:14+00:00","og_image":[{"width":1106,"height":621,"url":"https:\/\/batijournal.com\/wp-content\/uploads\/2023\/12\/Restauration_tapis_avec_pince_et_aiguille_courbe.png","type":"image\/png"}],"author":"St\u00e9phane Miget","twitter_card":"summary_large_image","twitter_creator":"@bati_journal","twitter_site":"@bati_journal","twitter_misc":{"\u00c9crit par":"St\u00e9phane Miget","Dur\u00e9e de lecture estim\u00e9e":"2 minutes"},"schema":{"@context":"https:\/\/schema.org","@graph":[{"@type":"Article","@id":"https:\/\/batijournal.com\/index.php\/vers-la-creation-dun-pole-public-consacre-aux-metiers-dart-et-aux-arts-decoratifs\/109790\/#article","isPartOf":{"@id":"https:\/\/batijournal.com\/index.php\/vers-la-creation-dun-pole-public-consacre-aux-metiers-dart-et-aux-arts-decoratifs\/109790\/"},"author":{"name":"St\u00e9phane Miget","@id":"https:\/\/batijournal.com\/#\/schema\/person\/1dc96ec6957aa1ccb25ebe78bb19f100"},"headline":"Vers la cr\u00e9ation d\u2019un p\u00f4le public consacr\u00e9 aux m\u00e9tiers d\u2019art et aux arts d\u00e9coratifs","datePublished":"2023-12-06T16:31:14+00:00","mainEntityOfPage":{"@id":"https:\/\/batijournal.com\/index.php\/vers-la-creation-dun-pole-public-consacre-aux-metiers-dart-et-aux-arts-decoratifs\/109790\/"},"wordCount":379,"image":{"@id":"https:\/\/batijournal.com\/index.php\/vers-la-creation-dun-pole-public-consacre-aux-metiers-dart-et-aux-arts-decoratifs\/109790\/#primaryimage"},"thumbnailUrl":"https:\/\/batijournal.com\/wp-content\/uploads\/2023\/12\/Restauration_tapis_avec_pince_et_aiguille_courbe.png","keywords":["m\u00e9tiers d'art"],"articleSection":["Actualit\u00e9s","Divers","zz_Actualit\u00e9s - Atrium","zz_Atrium Patrimoine"],"inLanguage":"fr-FR"},{"@type":"WebPage","@id":"https:\/\/batijournal.com\/index.php\/vers-la-creation-dun-pole-public-consacre-aux-metiers-dart-et-aux-arts-decoratifs\/109790\/","url":"https:\/\/batijournal.com\/index.php\/vers-la-creation-dun-pole-public-consacre-aux-metiers-dart-et-aux-arts-decoratifs\/109790\/","name":"Vers la cr\u00e9ation d\u2019un p\u00f4le public consacr\u00e9 aux m\u00e9tiers d\u2019art et aux arts d\u00e9coratifs","isPartOf":{"@id":"https:\/\/batijournal.com\/#website"},"primaryImageOfPage":{"@id":"https:\/\/batijournal.com\/index.php\/vers-la-creation-dun-pole-public-consacre-aux-metiers-dart-et-aux-arts-decoratifs\/109790\/#primaryimage"},"image":{"@id":"https:\/\/batijournal.com\/index.php\/vers-la-creation-dun-pole-public-consacre-aux-metiers-dart-et-aux-arts-decoratifs\/109790\/#primaryimage"},"thumbnailUrl":"https:\/\/batijournal.com\/wp-content\/uploads\/2023\/12\/Restauration_tapis_avec_pince_et_aiguille_courbe.png","datePublished":"2023-12-06T16:31:14+00:00","author":{"@id":"https:\/\/batijournal.com\/#\/schema\/person\/1dc96ec6957aa1ccb25ebe78bb19f100"},"breadcrumb":{"@id":"https:\/\/batijournal.com\/index.php\/vers-la-creation-dun-pole-public-consacre-aux-metiers-dart-et-aux-arts-decoratifs\/109790\/#breadcrumb"},"inLanguage":"fr-FR","potentialAction":[{"@type":"ReadAction","target":["https:\/\/batijournal.com\/index.php\/vers-la-creation-dun-pole-public-consacre-aux-metiers-dart-et-aux-arts-decoratifs\/109790\/"]}]},{"@type":"ImageObject","inLanguage":"fr-FR","@id":"https:\/\/batijournal.com\/index.php\/vers-la-creation-dun-pole-public-consacre-aux-metiers-dart-et-aux-arts-decoratifs\/109790\/#primaryimage","url":"https:\/\/batijournal.com\/wp-content\/uploads\/2023\/12\/Restauration_tapis_avec_pince_et_aiguille_courbe.png","contentUrl":"https:\/\/batijournal.com\/wp-content\/uploads\/2023\/12\/Restauration_tapis_avec_pince_et_aiguille_courbe.png","width":1106,"height":621},{"@type":"BreadcrumbList","@id":"https:\/\/batijournal.com\/index.php\/vers-la-creation-dun-pole-public-consacre-aux-metiers-dart-et-aux-arts-decoratifs\/109790\/#breadcrumb","itemListElement":[{"@type":"ListItem","position":1,"name":"Accueil","item":"https:\/\/batijournal.com\/"},{"@type":"ListItem","position":2,"name":"Actualit\u00e9s","item":"https:\/\/batijournal.com\/index.php\/category\/actualites\/"},{"@type":"ListItem","position":3,"name":"Vers la cr\u00e9ation d\u2019un p\u00f4le public consacr\u00e9 aux m\u00e9tiers d\u2019art et aux arts d\u00e9coratifs"}]},{"@type":"WebSite","@id":"https:\/\/batijournal.com\/#website","url":"https:\/\/batijournal.com\/","name":"Batijournal","description":"L&#039;actualit\u00e9 du b\u00e2timent","potentialAction":[{"@type":"SearchAction","target":{"@type":"EntryPoint","urlTemplate":"https:\/\/batijournal.com\/?s={search_term_string}"},"query-input":{"@type":"PropertyValueSpecification","valueRequired":true,"valueName":"search_term_string"}}],"inLanguage":"fr-FR"},{"@type":"Person","@id":"https:\/\/batijournal.com\/#\/schema\/person\/1dc96ec6957aa1ccb25ebe78bb19f100","name":"St\u00e9phane Miget","image":{"@type":"ImageObject","inLanguage":"fr-FR","@id":"https:\/\/secure.gravatar.com\/avatar\/89915563d925342126b8ef0281b93d9d7fc337043e8df017f780908eb9644451?s=96&d=mm&r=g","url":"https:\/\/secure.gravatar.com\/avatar\/89915563d925342126b8ef0281b93d9d7fc337043e8df017f780908eb9644451?s=96&d=mm&r=g","contentUrl":"https:\/\/secure.gravatar.com\/avatar\/89915563d925342126b8ef0281b93d9d7fc337043e8df017f780908eb9644451?s=96&d=mm&r=g","caption":"St\u00e9phane Miget"},"url":"https:\/\/batijournal.com\/index.php\/author\/stephane\/"}]}},"_links":{"self":[{"href":"https:\/\/batijournal.com\/index.php\/wp-json\/wp\/v2\/posts\/109790","targetHints":{"allow":["GET"]}}],"collection":[{"href":"https:\/\/batijournal.com\/index.php\/wp-json\/wp\/v2\/posts"}],"about":[{"href":"https:\/\/batijournal.com\/index.php\/wp-json\/wp\/v2\/types\/post"}],"author":[{"embeddable":true,"href":"https:\/\/batijournal.com\/index.php\/wp-json\/wp\/v2\/users\/17"}],"replies":[{"embeddable":true,"href":"https:\/\/batijournal.com\/index.php\/wp-json\/wp\/v2\/comments?post=109790"}],"version-history":[{"count":0,"href":"https:\/\/batijournal.com\/index.php\/wp-json\/wp\/v2\/posts\/109790\/revisions"}],"wp:featuredmedia":[{"embeddable":true,"href":"https:\/\/batijournal.com\/index.php\/wp-json\/wp\/v2\/media\/109791"}],"wp:attachment":[{"href":"https:\/\/batijournal.com\/index.php\/wp-json\/wp\/v2\/media?parent=109790"}],"wp:term":[{"taxonomy":"category","embeddable":true,"href":"https:\/\/batijournal.com\/index.php\/wp-json\/wp\/v2\/categories?post=109790"},{"taxonomy":"post_tag","embeddable":true,"href":"https:\/\/batijournal.com\/index.php\/wp-json\/wp\/v2\/tags?post=109790"}],"curies":[{"name":"wp","href":"https:\/\/api.w.org\/{rel}","templated":true}]}}