{"id":109796,"date":"2023-12-08T17:20:52","date_gmt":"2023-12-08T16:20:52","guid":{"rendered":"https:\/\/batijournal.com\/?p=109796"},"modified":"2023-12-08T17:20:52","modified_gmt":"2023-12-08T16:20:52","slug":"lentreprise-emaillerie-alsacienne-celebre-ses-100-ans","status":"publish","type":"post","link":"https:\/\/batijournal.com\/index.php\/lentreprise-emaillerie-alsacienne-celebre-ses-100-ans\/109796\/","title":{"rendered":"L\u2019entreprise Emaillerie alsacienne c\u00e9l\u00e8bre ses 100 ans"},"content":{"rendered":"<p>L\u2019ann\u00e9e 2023 marque l\u2019anniversaire et la r\u00e9ussite centenaire de l\u2019entreprise Emaillerie alsacienne, sp\u00e9cialiste des panneaux de fa\u00e7ades opaques, d\u00e9di\u00e9s aux fa\u00e7ades l\u00e9g\u00e8res, murs rideaux, menuiseries et ch\u00e2ssis pour les ERP, \u00e9tablissements de sant\u00e9, de culture et loisirs, les b\u00e2timents tertiaires, logements collectifs, enseignement, centres commerciaux&#8230; Dans un march\u00e9 en forte croissance, l&rsquo;entreprise a investi 7 millions d\u2019euros pour se doter d\u2019un nouveau site de production de 6 000 m2 \u00e0 Altorf (67). Ce nouveau site \u00e9co-responsable permettra d\u2019augmenter la production pour r\u00e9pondre \u00e0 la demande. D\u2019ici 2026, Emaillerie alsacienne vise une progression de son CA de 15% en France et \u00e0 l\u2019international et ambitionne de r\u00e9duire son impact climatique de plus de 30% d\u2019ici 2030. Elle lancera au printemps 2024 une innovation produit bas carbone NEUTR\u00c9A : les premiers panneaux compos\u00e9s exclusivement de mati\u00e8res premi\u00e8res biosourc\u00e9es et recycl\u00e9es (parement en aluminium recycl\u00e9 et isolants biosourc\u00e9s ou recycl\u00e9s).<\/p>\n","protected":false},"excerpt":{"rendered":"<p>L\u2019ann\u00e9e 2023 marque l\u2019anniversaire et la r\u00e9ussite centenaire de l\u2019entreprise Emaillerie alsacienne, sp\u00e9cialiste des panneaux de fa\u00e7ades opaques, d\u00e9di\u00e9s aux fa\u00e7ades l\u00e9g\u00e8res, murs rideaux, menuiseries et ch\u00e2ssis pour les ERP, \u00e9tablissements de sant\u00e9, de culture et loisirs, les b\u00e2timents tertiaires, logements collectifs, enseignement, centres commerciaux&#8230; Dans un march\u00e9 en forte croissance, l&rsquo;entreprise a investi 7 [&hellip;]<\/p>\n","protected":false},"author":17,"featured_media":109797,"comment_status":"closed","ping_status":"closed","sticky":false,"template":"","format":"standard","meta":{"_et_pb_use_builder":"","_et_pb_old_content":"","_et_gb_content_width":"","footnotes":""},"categories":[10530,6362,10771,10775],"tags":[126],"class_list":["post-109796","post","type-post","status-publish","format-standard","has-post-thumbnail","hentry","category-actualites","category-services-equipements","category-5facades","category-actualites-5facades","tag-facade"],"yoast_head":"<!-- This site is optimized with the Yoast SEO plugin v27.4 - https:\/\/yoast.com\/product\/yoast-seo-wordpress\/ -->\n<title>L\u2019entreprise Emaillerie alsacienne c\u00e9l\u00e8bre ses 100 ans<\/title>\n<meta name=\"robots\" content=\"index, follow, max-snippet:-1, max-image-preview:large, max-video-preview:-1\" \/>\n<link rel=\"canonical\" href=\"https:\/\/batijournal.com\/index.php\/lentreprise-emaillerie-alsacienne-celebre-ses-100-ans\/109796\/\" \/>\n<meta property=\"og:locale\" content=\"fr_FR\" \/>\n<meta property=\"og:type\" content=\"article\" \/>\n<meta property=\"og:title\" content=\"L\u2019entreprise Emaillerie alsacienne c\u00e9l\u00e8bre ses 100 ans\" \/>\n<meta property=\"og:description\" content=\"L\u2019ann\u00e9e 2023 marque l\u2019anniversaire et la r\u00e9ussite centenaire de l\u2019entreprise Emaillerie alsacienne, sp\u00e9cialiste des panneaux de fa\u00e7ades opaques, d\u00e9di\u00e9s aux fa\u00e7ades l\u00e9g\u00e8res, murs rideaux, menuiseries et ch\u00e2ssis pour les ERP, \u00e9tablissements de sant\u00e9, de culture et loisirs, les b\u00e2timents tertiaires, logements collectifs, enseignement, centres commerciaux&#8230; Dans un march\u00e9 en forte croissance, l&rsquo;entreprise a investi 7 [&hellip;]\" \/>\n<meta property=\"og:url\" content=\"https:\/\/batijournal.com\/index.php\/lentreprise-emaillerie-alsacienne-celebre-ses-100-ans\/109796\/\" \/>\n<meta property=\"og:site_name\" content=\"Batijournal\" \/>\n<meta property=\"article:published_time\" content=\"2023-12-08T16:20:52+00:00\" \/>\n<meta property=\"og:image\" content=\"https:\/\/batijournal.com\/wp-content\/uploads\/2023\/12\/Emaillerie-alsacienne.png\" \/>\n\t<meta property=\"og:image:width\" content=\"1105\" \/>\n\t<meta property=\"og:image:height\" content=\"677\" \/>\n\t<meta property=\"og:image:type\" content=\"image\/png\" \/>\n<meta name=\"author\" content=\"St\u00e9phane Miget\" \/>\n<meta name=\"twitter:card\" content=\"summary_large_image\" \/>\n<meta name=\"twitter:creator\" content=\"@bati_journal\" \/>\n<meta name=\"twitter:site\" content=\"@bati_journal\" \/>\n<meta name=\"twitter:label1\" content=\"\u00c9crit par\" \/>\n\t<meta name=\"twitter:data1\" content=\"St\u00e9phane Miget\" \/>\n\t<meta name=\"twitter:label2\" content=\"Dur\u00e9e de lecture estim\u00e9e\" \/>\n\t<meta name=\"twitter:data2\" content=\"1 minute\" \/>\n<script type=\"application\/ld+json\" class=\"yoast-schema-graph\">{\"@context\":\"https:\\\/\\\/schema.org\",\"@graph\":[{\"@type\":\"Article\",\"@id\":\"https:\\\/\\\/batijournal.com\\\/index.php\\\/lentreprise-emaillerie-alsacienne-celebre-ses-100-ans\\\/109796\\\/#article\",\"isPartOf\":{\"@id\":\"https:\\\/\\\/batijournal.com\\\/index.php\\\/lentreprise-emaillerie-alsacienne-celebre-ses-100-ans\\\/109796\\\/\"},\"author\":{\"name\":\"St\u00e9phane Miget\",\"@id\":\"https:\\\/\\\/batijournal.com\\\/#\\\/schema\\\/person\\\/1dc96ec6957aa1ccb25ebe78bb19f100\"},\"headline\":\"L\u2019entreprise Emaillerie alsacienne c\u00e9l\u00e8bre ses 100 ans\",\"datePublished\":\"2023-12-08T16:20:52+00:00\",\"mainEntityOfPage\":{\"@id\":\"https:\\\/\\\/batijournal.com\\\/index.php\\\/lentreprise-emaillerie-alsacienne-celebre-ses-100-ans\\\/109796\\\/\"},\"wordCount\":173,\"image\":{\"@id\":\"https:\\\/\\\/batijournal.com\\\/index.php\\\/lentreprise-emaillerie-alsacienne-celebre-ses-100-ans\\\/109796\\\/#primaryimage\"},\"thumbnailUrl\":\"https:\\\/\\\/batijournal.com\\\/wp-content\\\/uploads\\\/2023\\\/12\\\/Emaillerie-alsacienne.png\",\"keywords\":[\"fa\u00e7ade\"],\"articleSection\":[\"Actualit\u00e9s\",\"Divers\",\"zz_5fa\u00e7ades\",\"zz_Actualit\u00e9s - 5fa\u00e7ades\"],\"inLanguage\":\"fr-FR\"},{\"@type\":\"WebPage\",\"@id\":\"https:\\\/\\\/batijournal.com\\\/index.php\\\/lentreprise-emaillerie-alsacienne-celebre-ses-100-ans\\\/109796\\\/\",\"url\":\"https:\\\/\\\/batijournal.com\\\/index.php\\\/lentreprise-emaillerie-alsacienne-celebre-ses-100-ans\\\/109796\\\/\",\"name\":\"L\u2019entreprise Emaillerie alsacienne c\u00e9l\u00e8bre ses 100 ans\",\"isPartOf\":{\"@id\":\"https:\\\/\\\/batijournal.com\\\/#website\"},\"primaryImageOfPage\":{\"@id\":\"https:\\\/\\\/batijournal.com\\\/index.php\\\/lentreprise-emaillerie-alsacienne-celebre-ses-100-ans\\\/109796\\\/#primaryimage\"},\"image\":{\"@id\":\"https:\\\/\\\/batijournal.com\\\/index.php\\\/lentreprise-emaillerie-alsacienne-celebre-ses-100-ans\\\/109796\\\/#primaryimage\"},\"thumbnailUrl\":\"https:\\\/\\\/batijournal.com\\\/wp-content\\\/uploads\\\/2023\\\/12\\\/Emaillerie-alsacienne.png\",\"datePublished\":\"2023-12-08T16:20:52+00:00\",\"author\":{\"@id\":\"https:\\\/\\\/batijournal.com\\\/#\\\/schema\\\/person\\\/1dc96ec6957aa1ccb25ebe78bb19f100\"},\"breadcrumb\":{\"@id\":\"https:\\\/\\\/batijournal.com\\\/index.php\\\/lentreprise-emaillerie-alsacienne-celebre-ses-100-ans\\\/109796\\\/#breadcrumb\"},\"inLanguage\":\"fr-FR\",\"potentialAction\":[{\"@type\":\"ReadAction\",\"target\":[\"https:\\\/\\\/batijournal.com\\\/index.php\\\/lentreprise-emaillerie-alsacienne-celebre-ses-100-ans\\\/109796\\\/\"]}]},{\"@type\":\"ImageObject\",\"inLanguage\":\"fr-FR\",\"@id\":\"https:\\\/\\\/batijournal.com\\\/index.php\\\/lentreprise-emaillerie-alsacienne-celebre-ses-100-ans\\\/109796\\\/#primaryimage\",\"url\":\"https:\\\/\\\/batijournal.com\\\/wp-content\\\/uploads\\\/2023\\\/12\\\/Emaillerie-alsacienne.png\",\"contentUrl\":\"https:\\\/\\\/batijournal.com\\\/wp-content\\\/uploads\\\/2023\\\/12\\\/Emaillerie-alsacienne.png\",\"width\":1105,\"height\":677},{\"@type\":\"BreadcrumbList\",\"@id\":\"https:\\\/\\\/batijournal.com\\\/index.php\\\/lentreprise-emaillerie-alsacienne-celebre-ses-100-ans\\\/109796\\\/#breadcrumb\",\"itemListElement\":[{\"@type\":\"ListItem\",\"position\":1,\"name\":\"Accueil\",\"item\":\"https:\\\/\\\/batijournal.com\\\/\"},{\"@type\":\"ListItem\",\"position\":2,\"name\":\"Actualit\u00e9s\",\"item\":\"https:\\\/\\\/batijournal.com\\\/index.php\\\/category\\\/actualites\\\/\"},{\"@type\":\"ListItem\",\"position\":3,\"name\":\"L\u2019entreprise Emaillerie alsacienne c\u00e9l\u00e8bre ses 100 ans\"}]},{\"@type\":\"WebSite\",\"@id\":\"https:\\\/\\\/batijournal.com\\\/#website\",\"url\":\"https:\\\/\\\/batijournal.com\\\/\",\"name\":\"Batijournal\",\"description\":\"L&#039;actualit\u00e9 du b\u00e2timent\",\"potentialAction\":[{\"@type\":\"SearchAction\",\"target\":{\"@type\":\"EntryPoint\",\"urlTemplate\":\"https:\\\/\\\/batijournal.com\\\/?s={search_term_string}\"},\"query-input\":{\"@type\":\"PropertyValueSpecification\",\"valueRequired\":true,\"valueName\":\"search_term_string\"}}],\"inLanguage\":\"fr-FR\"},{\"@type\":\"Person\",\"@id\":\"https:\\\/\\\/batijournal.com\\\/#\\\/schema\\\/person\\\/1dc96ec6957aa1ccb25ebe78bb19f100\",\"name\":\"St\u00e9phane Miget\",\"image\":{\"@type\":\"ImageObject\",\"inLanguage\":\"fr-FR\",\"@id\":\"https:\\\/\\\/secure.gravatar.com\\\/avatar\\\/89915563d925342126b8ef0281b93d9d7fc337043e8df017f780908eb9644451?s=96&d=mm&r=g\",\"url\":\"https:\\\/\\\/secure.gravatar.com\\\/avatar\\\/89915563d925342126b8ef0281b93d9d7fc337043e8df017f780908eb9644451?s=96&d=mm&r=g\",\"contentUrl\":\"https:\\\/\\\/secure.gravatar.com\\\/avatar\\\/89915563d925342126b8ef0281b93d9d7fc337043e8df017f780908eb9644451?s=96&d=mm&r=g\",\"caption\":\"St\u00e9phane Miget\"},\"url\":\"https:\\\/\\\/batijournal.com\\\/index.php\\\/author\\\/stephane\\\/\"}]}<\/script>\n<!-- \/ Yoast SEO plugin. -->","yoast_head_json":{"title":"L\u2019entreprise Emaillerie alsacienne c\u00e9l\u00e8bre ses 100 ans","robots":{"index":"index","follow":"follow","max-snippet":"max-snippet:-1","max-image-preview":"max-image-preview:large","max-video-preview":"max-video-preview:-1"},"canonical":"https:\/\/batijournal.com\/index.php\/lentreprise-emaillerie-alsacienne-celebre-ses-100-ans\/109796\/","og_locale":"fr_FR","og_type":"article","og_title":"L\u2019entreprise Emaillerie alsacienne c\u00e9l\u00e8bre ses 100 ans","og_description":"L\u2019ann\u00e9e 2023 marque l\u2019anniversaire et la r\u00e9ussite centenaire de l\u2019entreprise Emaillerie alsacienne, sp\u00e9cialiste des panneaux de fa\u00e7ades opaques, d\u00e9di\u00e9s aux fa\u00e7ades l\u00e9g\u00e8res, murs rideaux, menuiseries et ch\u00e2ssis pour les ERP, \u00e9tablissements de sant\u00e9, de culture et loisirs, les b\u00e2timents tertiaires, logements collectifs, enseignement, centres commerciaux&#8230; Dans un march\u00e9 en forte croissance, l&rsquo;entreprise a investi 7 [&hellip;]","og_url":"https:\/\/batijournal.com\/index.php\/lentreprise-emaillerie-alsacienne-celebre-ses-100-ans\/109796\/","og_site_name":"Batijournal","article_published_time":"2023-12-08T16:20:52+00:00","og_image":[{"width":1105,"height":677,"url":"https:\/\/batijournal.com\/wp-content\/uploads\/2023\/12\/Emaillerie-alsacienne.png","type":"image\/png"}],"author":"St\u00e9phane Miget","twitter_card":"summary_large_image","twitter_creator":"@bati_journal","twitter_site":"@bati_journal","twitter_misc":{"\u00c9crit par":"St\u00e9phane Miget","Dur\u00e9e de lecture estim\u00e9e":"1 minute"},"schema":{"@context":"https:\/\/schema.org","@graph":[{"@type":"Article","@id":"https:\/\/batijournal.com\/index.php\/lentreprise-emaillerie-alsacienne-celebre-ses-100-ans\/109796\/#article","isPartOf":{"@id":"https:\/\/batijournal.com\/index.php\/lentreprise-emaillerie-alsacienne-celebre-ses-100-ans\/109796\/"},"author":{"name":"St\u00e9phane Miget","@id":"https:\/\/batijournal.com\/#\/schema\/person\/1dc96ec6957aa1ccb25ebe78bb19f100"},"headline":"L\u2019entreprise Emaillerie alsacienne c\u00e9l\u00e8bre ses 100 ans","datePublished":"2023-12-08T16:20:52+00:00","mainEntityOfPage":{"@id":"https:\/\/batijournal.com\/index.php\/lentreprise-emaillerie-alsacienne-celebre-ses-100-ans\/109796\/"},"wordCount":173,"image":{"@id":"https:\/\/batijournal.com\/index.php\/lentreprise-emaillerie-alsacienne-celebre-ses-100-ans\/109796\/#primaryimage"},"thumbnailUrl":"https:\/\/batijournal.com\/wp-content\/uploads\/2023\/12\/Emaillerie-alsacienne.png","keywords":["fa\u00e7ade"],"articleSection":["Actualit\u00e9s","Divers","zz_5fa\u00e7ades","zz_Actualit\u00e9s - 5fa\u00e7ades"],"inLanguage":"fr-FR"},{"@type":"WebPage","@id":"https:\/\/batijournal.com\/index.php\/lentreprise-emaillerie-alsacienne-celebre-ses-100-ans\/109796\/","url":"https:\/\/batijournal.com\/index.php\/lentreprise-emaillerie-alsacienne-celebre-ses-100-ans\/109796\/","name":"L\u2019entreprise Emaillerie alsacienne c\u00e9l\u00e8bre ses 100 ans","isPartOf":{"@id":"https:\/\/batijournal.com\/#website"},"primaryImageOfPage":{"@id":"https:\/\/batijournal.com\/index.php\/lentreprise-emaillerie-alsacienne-celebre-ses-100-ans\/109796\/#primaryimage"},"image":{"@id":"https:\/\/batijournal.com\/index.php\/lentreprise-emaillerie-alsacienne-celebre-ses-100-ans\/109796\/#primaryimage"},"thumbnailUrl":"https:\/\/batijournal.com\/wp-content\/uploads\/2023\/12\/Emaillerie-alsacienne.png","datePublished":"2023-12-08T16:20:52+00:00","author":{"@id":"https:\/\/batijournal.com\/#\/schema\/person\/1dc96ec6957aa1ccb25ebe78bb19f100"},"breadcrumb":{"@id":"https:\/\/batijournal.com\/index.php\/lentreprise-emaillerie-alsacienne-celebre-ses-100-ans\/109796\/#breadcrumb"},"inLanguage":"fr-FR","potentialAction":[{"@type":"ReadAction","target":["https:\/\/batijournal.com\/index.php\/lentreprise-emaillerie-alsacienne-celebre-ses-100-ans\/109796\/"]}]},{"@type":"ImageObject","inLanguage":"fr-FR","@id":"https:\/\/batijournal.com\/index.php\/lentreprise-emaillerie-alsacienne-celebre-ses-100-ans\/109796\/#primaryimage","url":"https:\/\/batijournal.com\/wp-content\/uploads\/2023\/12\/Emaillerie-alsacienne.png","contentUrl":"https:\/\/batijournal.com\/wp-content\/uploads\/2023\/12\/Emaillerie-alsacienne.png","width":1105,"height":677},{"@type":"BreadcrumbList","@id":"https:\/\/batijournal.com\/index.php\/lentreprise-emaillerie-alsacienne-celebre-ses-100-ans\/109796\/#breadcrumb","itemListElement":[{"@type":"ListItem","position":1,"name":"Accueil","item":"https:\/\/batijournal.com\/"},{"@type":"ListItem","position":2,"name":"Actualit\u00e9s","item":"https:\/\/batijournal.com\/index.php\/category\/actualites\/"},{"@type":"ListItem","position":3,"name":"L\u2019entreprise Emaillerie alsacienne c\u00e9l\u00e8bre ses 100 ans"}]},{"@type":"WebSite","@id":"https:\/\/batijournal.com\/#website","url":"https:\/\/batijournal.com\/","name":"Batijournal","description":"L&#039;actualit\u00e9 du b\u00e2timent","potentialAction":[{"@type":"SearchAction","target":{"@type":"EntryPoint","urlTemplate":"https:\/\/batijournal.com\/?s={search_term_string}"},"query-input":{"@type":"PropertyValueSpecification","valueRequired":true,"valueName":"search_term_string"}}],"inLanguage":"fr-FR"},{"@type":"Person","@id":"https:\/\/batijournal.com\/#\/schema\/person\/1dc96ec6957aa1ccb25ebe78bb19f100","name":"St\u00e9phane Miget","image":{"@type":"ImageObject","inLanguage":"fr-FR","@id":"https:\/\/secure.gravatar.com\/avatar\/89915563d925342126b8ef0281b93d9d7fc337043e8df017f780908eb9644451?s=96&d=mm&r=g","url":"https:\/\/secure.gravatar.com\/avatar\/89915563d925342126b8ef0281b93d9d7fc337043e8df017f780908eb9644451?s=96&d=mm&r=g","contentUrl":"https:\/\/secure.gravatar.com\/avatar\/89915563d925342126b8ef0281b93d9d7fc337043e8df017f780908eb9644451?s=96&d=mm&r=g","caption":"St\u00e9phane Miget"},"url":"https:\/\/batijournal.com\/index.php\/author\/stephane\/"}]}},"_links":{"self":[{"href":"https:\/\/batijournal.com\/index.php\/wp-json\/wp\/v2\/posts\/109796","targetHints":{"allow":["GET"]}}],"collection":[{"href":"https:\/\/batijournal.com\/index.php\/wp-json\/wp\/v2\/posts"}],"about":[{"href":"https:\/\/batijournal.com\/index.php\/wp-json\/wp\/v2\/types\/post"}],"author":[{"embeddable":true,"href":"https:\/\/batijournal.com\/index.php\/wp-json\/wp\/v2\/users\/17"}],"replies":[{"embeddable":true,"href":"https:\/\/batijournal.com\/index.php\/wp-json\/wp\/v2\/comments?post=109796"}],"version-history":[{"count":0,"href":"https:\/\/batijournal.com\/index.php\/wp-json\/wp\/v2\/posts\/109796\/revisions"}],"wp:featuredmedia":[{"embeddable":true,"href":"https:\/\/batijournal.com\/index.php\/wp-json\/wp\/v2\/media\/109797"}],"wp:attachment":[{"href":"https:\/\/batijournal.com\/index.php\/wp-json\/wp\/v2\/media?parent=109796"}],"wp:term":[{"taxonomy":"category","embeddable":true,"href":"https:\/\/batijournal.com\/index.php\/wp-json\/wp\/v2\/categories?post=109796"},{"taxonomy":"post_tag","embeddable":true,"href":"https:\/\/batijournal.com\/index.php\/wp-json\/wp\/v2\/tags?post=109796"}],"curies":[{"name":"wp","href":"https:\/\/api.w.org\/{rel}","templated":true}]}}