{"id":109805,"date":"2023-12-08T19:02:07","date_gmt":"2023-12-08T18:02:07","guid":{"rendered":"https:\/\/batijournal.com\/?p=109805"},"modified":"2023-12-08T19:02:07","modified_gmt":"2023-12-08T18:02:07","slug":"jean-pascal-archimbaud-nouveau-president-de-la-fnb","status":"publish","type":"post","link":"https:\/\/batijournal.com\/index.php\/jean-pascal-archimbaud-nouveau-president-de-la-fnb\/109805\/","title":{"rendered":"Jean-Pascal Archimbaud nouveau Pr\u00e9sident de la FNB"},"content":{"rendered":"<p>Jean-Pascal Archimbaud vient d&rsquo;\u00eatre \u00e9lu Pr\u00e9sident de la FNB ce 8 d\u00e9cembre 2023. Il succ\u00e8de \u00e0 Jacques Ducerf qui n\u2019a pas souhait\u00e9 se repr\u00e9senter pour un deuxi\u00e8me mandat. Jean-Pascal Archimbaud a repris une scierie familiale et est aujourd\u2019hui \u00e0 la t\u00eate du groupe Archimbaud, acteur majeur de la fili\u00e8re bois fran\u00e7aise, qui valorise le bois fran\u00e7ais dans son ensemble : palettes, sciages, plots en bois recycl\u00e9, bois-\u00e9nergie, \u00e9nergie biomasse\u2026 et emploie 600 collaborateurs. Il est \u00e9galement pr\u00e9sident de la fondation Archimbaud, cr\u00e9\u00e9e en 2016 avec ses trois enfants : Pierre-Louis, Claire et Paul. C\u2019est l\u2019une des toutes premi\u00e8res fondations actionnaires en France. Le Fonds Archimbaud pour l\u2019Homme et la For\u00eat veille \u00e0 ce que l\u2019entreprise agisse et se d\u00e9veloppe dans le respect des valeurs fondatrices : esprit pionnier, loyaut\u00e9, simplicit\u00e9, solidarit\u00e9. Jean Pascal Archimbaud apportera son expertise et sa vision du march\u00e9 \u00e0 la F\u00e9d\u00e9ration Nationale du Bois. Cette nomination refl\u00e8te l\u2019engagement de la f\u00e9d\u00e9ration envers une for\u00eat durable et du bois responsable.<\/p>\n<p>&nbsp;<\/p>\n","protected":false},"excerpt":{"rendered":"<p>Jean-Pascal Archimbaud vient d&rsquo;\u00eatre \u00e9lu Pr\u00e9sident de la FNB ce 8 d\u00e9cembre 2023. Il succ\u00e8de \u00e0 Jacques Ducerf qui n\u2019a pas souhait\u00e9 se repr\u00e9senter pour un deuxi\u00e8me mandat. Jean-Pascal Archimbaud a repris une scierie familiale et est aujourd\u2019hui \u00e0 la t\u00eate du groupe Archimbaud, acteur majeur de la fili\u00e8re bois fran\u00e7aise, qui valorise le bois [&hellip;]<\/p>\n","protected":false},"author":17,"featured_media":109806,"comment_status":"closed","ping_status":"closed","sticky":false,"template":"","format":"standard","meta":{"_et_pb_use_builder":"","_et_pb_old_content":"","_et_gb_content_width":"","footnotes":""},"categories":[10530,6345,10768,10764],"tags":[1105],"class_list":["post-109805","post","type-post","status-publish","format-standard","has-post-thumbnail","hentry","category-actualites","category-economie-marches","category-nouvelles-tetes","category-woodsurfer","tag-fnb"],"yoast_head":"<!-- This site is optimized with the Yoast SEO plugin v27.4 - https:\/\/yoast.com\/product\/yoast-seo-wordpress\/ -->\n<title>Jean-Pascal Archimbaud nouveau Pr\u00e9sident de la FNB<\/title>\n<meta name=\"robots\" content=\"index, follow, max-snippet:-1, max-image-preview:large, max-video-preview:-1\" \/>\n<link rel=\"canonical\" href=\"https:\/\/batijournal.com\/index.php\/jean-pascal-archimbaud-nouveau-president-de-la-fnb\/109805\/\" \/>\n<meta property=\"og:locale\" content=\"fr_FR\" \/>\n<meta property=\"og:type\" content=\"article\" \/>\n<meta property=\"og:title\" content=\"Jean-Pascal Archimbaud nouveau Pr\u00e9sident de la FNB\" \/>\n<meta property=\"og:description\" content=\"Jean-Pascal Archimbaud vient d&rsquo;\u00eatre \u00e9lu Pr\u00e9sident de la FNB ce 8 d\u00e9cembre 2023. Il succ\u00e8de \u00e0 Jacques Ducerf qui n\u2019a pas souhait\u00e9 se repr\u00e9senter pour un deuxi\u00e8me mandat. Jean-Pascal Archimbaud a repris une scierie familiale et est aujourd\u2019hui \u00e0 la t\u00eate du groupe Archimbaud, acteur majeur de la fili\u00e8re bois fran\u00e7aise, qui valorise le bois [&hellip;]\" \/>\n<meta property=\"og:url\" content=\"https:\/\/batijournal.com\/index.php\/jean-pascal-archimbaud-nouveau-president-de-la-fnb\/109805\/\" \/>\n<meta property=\"og:site_name\" content=\"Batijournal\" \/>\n<meta property=\"article:published_time\" content=\"2023-12-08T18:02:07+00:00\" \/>\n<meta property=\"og:image\" content=\"https:\/\/batijournal.com\/wp-content\/uploads\/2023\/12\/FNB-Jean-Pascal-Archimbaud-Jacques-Ducerf.jpg\" \/>\n\t<meta property=\"og:image:width\" content=\"800\" \/>\n\t<meta property=\"og:image:height\" content=\"533\" \/>\n\t<meta property=\"og:image:type\" content=\"image\/jpeg\" \/>\n<meta name=\"author\" content=\"St\u00e9phane Miget\" \/>\n<meta name=\"twitter:card\" content=\"summary_large_image\" \/>\n<meta name=\"twitter:creator\" content=\"@bati_journal\" \/>\n<meta name=\"twitter:site\" content=\"@bati_journal\" \/>\n<meta name=\"twitter:label1\" content=\"\u00c9crit par\" \/>\n\t<meta name=\"twitter:data1\" content=\"St\u00e9phane Miget\" \/>\n\t<meta name=\"twitter:label2\" content=\"Dur\u00e9e de lecture estim\u00e9e\" \/>\n\t<meta name=\"twitter:data2\" content=\"1 minute\" \/>\n<script type=\"application\/ld+json\" class=\"yoast-schema-graph\">{\"@context\":\"https:\\\/\\\/schema.org\",\"@graph\":[{\"@type\":\"Article\",\"@id\":\"https:\\\/\\\/batijournal.com\\\/index.php\\\/jean-pascal-archimbaud-nouveau-president-de-la-fnb\\\/109805\\\/#article\",\"isPartOf\":{\"@id\":\"https:\\\/\\\/batijournal.com\\\/index.php\\\/jean-pascal-archimbaud-nouveau-president-de-la-fnb\\\/109805\\\/\"},\"author\":{\"name\":\"St\u00e9phane Miget\",\"@id\":\"https:\\\/\\\/batijournal.com\\\/#\\\/schema\\\/person\\\/1dc96ec6957aa1ccb25ebe78bb19f100\"},\"headline\":\"Jean-Pascal Archimbaud nouveau Pr\u00e9sident de la FNB\",\"datePublished\":\"2023-12-08T18:02:07+00:00\",\"mainEntityOfPage\":{\"@id\":\"https:\\\/\\\/batijournal.com\\\/index.php\\\/jean-pascal-archimbaud-nouveau-president-de-la-fnb\\\/109805\\\/\"},\"wordCount\":190,\"image\":{\"@id\":\"https:\\\/\\\/batijournal.com\\\/index.php\\\/jean-pascal-archimbaud-nouveau-president-de-la-fnb\\\/109805\\\/#primaryimage\"},\"thumbnailUrl\":\"https:\\\/\\\/batijournal.com\\\/wp-content\\\/uploads\\\/2023\\\/12\\\/FNB-Jean-Pascal-Archimbaud-Jacques-Ducerf.jpg\",\"keywords\":[\"fnb\"],\"articleSection\":[\"Actualit\u00e9s\",\"\u00c9conomie &amp; March\u00e9s\",\"zz_Nouvelles t\u00eates - Woodsurfer\",\"zz_Woodsurfer\"],\"inLanguage\":\"fr-FR\"},{\"@type\":\"WebPage\",\"@id\":\"https:\\\/\\\/batijournal.com\\\/index.php\\\/jean-pascal-archimbaud-nouveau-president-de-la-fnb\\\/109805\\\/\",\"url\":\"https:\\\/\\\/batijournal.com\\\/index.php\\\/jean-pascal-archimbaud-nouveau-president-de-la-fnb\\\/109805\\\/\",\"name\":\"Jean-Pascal Archimbaud nouveau Pr\u00e9sident de la FNB\",\"isPartOf\":{\"@id\":\"https:\\\/\\\/batijournal.com\\\/#website\"},\"primaryImageOfPage\":{\"@id\":\"https:\\\/\\\/batijournal.com\\\/index.php\\\/jean-pascal-archimbaud-nouveau-president-de-la-fnb\\\/109805\\\/#primaryimage\"},\"image\":{\"@id\":\"https:\\\/\\\/batijournal.com\\\/index.php\\\/jean-pascal-archimbaud-nouveau-president-de-la-fnb\\\/109805\\\/#primaryimage\"},\"thumbnailUrl\":\"https:\\\/\\\/batijournal.com\\\/wp-content\\\/uploads\\\/2023\\\/12\\\/FNB-Jean-Pascal-Archimbaud-Jacques-Ducerf.jpg\",\"datePublished\":\"2023-12-08T18:02:07+00:00\",\"author\":{\"@id\":\"https:\\\/\\\/batijournal.com\\\/#\\\/schema\\\/person\\\/1dc96ec6957aa1ccb25ebe78bb19f100\"},\"breadcrumb\":{\"@id\":\"https:\\\/\\\/batijournal.com\\\/index.php\\\/jean-pascal-archimbaud-nouveau-president-de-la-fnb\\\/109805\\\/#breadcrumb\"},\"inLanguage\":\"fr-FR\",\"potentialAction\":[{\"@type\":\"ReadAction\",\"target\":[\"https:\\\/\\\/batijournal.com\\\/index.php\\\/jean-pascal-archimbaud-nouveau-president-de-la-fnb\\\/109805\\\/\"]}]},{\"@type\":\"ImageObject\",\"inLanguage\":\"fr-FR\",\"@id\":\"https:\\\/\\\/batijournal.com\\\/index.php\\\/jean-pascal-archimbaud-nouveau-president-de-la-fnb\\\/109805\\\/#primaryimage\",\"url\":\"https:\\\/\\\/batijournal.com\\\/wp-content\\\/uploads\\\/2023\\\/12\\\/FNB-Jean-Pascal-Archimbaud-Jacques-Ducerf.jpg\",\"contentUrl\":\"https:\\\/\\\/batijournal.com\\\/wp-content\\\/uploads\\\/2023\\\/12\\\/FNB-Jean-Pascal-Archimbaud-Jacques-Ducerf.jpg\",\"width\":800,\"height\":533},{\"@type\":\"BreadcrumbList\",\"@id\":\"https:\\\/\\\/batijournal.com\\\/index.php\\\/jean-pascal-archimbaud-nouveau-president-de-la-fnb\\\/109805\\\/#breadcrumb\",\"itemListElement\":[{\"@type\":\"ListItem\",\"position\":1,\"name\":\"Accueil\",\"item\":\"https:\\\/\\\/batijournal.com\\\/\"},{\"@type\":\"ListItem\",\"position\":2,\"name\":\"Actualit\u00e9s\",\"item\":\"https:\\\/\\\/batijournal.com\\\/index.php\\\/category\\\/actualites\\\/\"},{\"@type\":\"ListItem\",\"position\":3,\"name\":\"Jean-Pascal Archimbaud nouveau Pr\u00e9sident de la FNB\"}]},{\"@type\":\"WebSite\",\"@id\":\"https:\\\/\\\/batijournal.com\\\/#website\",\"url\":\"https:\\\/\\\/batijournal.com\\\/\",\"name\":\"Batijournal\",\"description\":\"L&#039;actualit\u00e9 du b\u00e2timent\",\"potentialAction\":[{\"@type\":\"SearchAction\",\"target\":{\"@type\":\"EntryPoint\",\"urlTemplate\":\"https:\\\/\\\/batijournal.com\\\/?s={search_term_string}\"},\"query-input\":{\"@type\":\"PropertyValueSpecification\",\"valueRequired\":true,\"valueName\":\"search_term_string\"}}],\"inLanguage\":\"fr-FR\"},{\"@type\":\"Person\",\"@id\":\"https:\\\/\\\/batijournal.com\\\/#\\\/schema\\\/person\\\/1dc96ec6957aa1ccb25ebe78bb19f100\",\"name\":\"St\u00e9phane Miget\",\"image\":{\"@type\":\"ImageObject\",\"inLanguage\":\"fr-FR\",\"@id\":\"https:\\\/\\\/secure.gravatar.com\\\/avatar\\\/89915563d925342126b8ef0281b93d9d7fc337043e8df017f780908eb9644451?s=96&d=mm&r=g\",\"url\":\"https:\\\/\\\/secure.gravatar.com\\\/avatar\\\/89915563d925342126b8ef0281b93d9d7fc337043e8df017f780908eb9644451?s=96&d=mm&r=g\",\"contentUrl\":\"https:\\\/\\\/secure.gravatar.com\\\/avatar\\\/89915563d925342126b8ef0281b93d9d7fc337043e8df017f780908eb9644451?s=96&d=mm&r=g\",\"caption\":\"St\u00e9phane Miget\"},\"url\":\"https:\\\/\\\/batijournal.com\\\/index.php\\\/author\\\/stephane\\\/\"}]}<\/script>\n<!-- \/ Yoast SEO plugin. -->","yoast_head_json":{"title":"Jean-Pascal Archimbaud nouveau Pr\u00e9sident de la FNB","robots":{"index":"index","follow":"follow","max-snippet":"max-snippet:-1","max-image-preview":"max-image-preview:large","max-video-preview":"max-video-preview:-1"},"canonical":"https:\/\/batijournal.com\/index.php\/jean-pascal-archimbaud-nouveau-president-de-la-fnb\/109805\/","og_locale":"fr_FR","og_type":"article","og_title":"Jean-Pascal Archimbaud nouveau Pr\u00e9sident de la FNB","og_description":"Jean-Pascal Archimbaud vient d&rsquo;\u00eatre \u00e9lu Pr\u00e9sident de la FNB ce 8 d\u00e9cembre 2023. Il succ\u00e8de \u00e0 Jacques Ducerf qui n\u2019a pas souhait\u00e9 se repr\u00e9senter pour un deuxi\u00e8me mandat. Jean-Pascal Archimbaud a repris une scierie familiale et est aujourd\u2019hui \u00e0 la t\u00eate du groupe Archimbaud, acteur majeur de la fili\u00e8re bois fran\u00e7aise, qui valorise le bois [&hellip;]","og_url":"https:\/\/batijournal.com\/index.php\/jean-pascal-archimbaud-nouveau-president-de-la-fnb\/109805\/","og_site_name":"Batijournal","article_published_time":"2023-12-08T18:02:07+00:00","og_image":[{"width":800,"height":533,"url":"https:\/\/batijournal.com\/wp-content\/uploads\/2023\/12\/FNB-Jean-Pascal-Archimbaud-Jacques-Ducerf.jpg","type":"image\/jpeg"}],"author":"St\u00e9phane Miget","twitter_card":"summary_large_image","twitter_creator":"@bati_journal","twitter_site":"@bati_journal","twitter_misc":{"\u00c9crit par":"St\u00e9phane Miget","Dur\u00e9e de lecture estim\u00e9e":"1 minute"},"schema":{"@context":"https:\/\/schema.org","@graph":[{"@type":"Article","@id":"https:\/\/batijournal.com\/index.php\/jean-pascal-archimbaud-nouveau-president-de-la-fnb\/109805\/#article","isPartOf":{"@id":"https:\/\/batijournal.com\/index.php\/jean-pascal-archimbaud-nouveau-president-de-la-fnb\/109805\/"},"author":{"name":"St\u00e9phane Miget","@id":"https:\/\/batijournal.com\/#\/schema\/person\/1dc96ec6957aa1ccb25ebe78bb19f100"},"headline":"Jean-Pascal Archimbaud nouveau Pr\u00e9sident de la FNB","datePublished":"2023-12-08T18:02:07+00:00","mainEntityOfPage":{"@id":"https:\/\/batijournal.com\/index.php\/jean-pascal-archimbaud-nouveau-president-de-la-fnb\/109805\/"},"wordCount":190,"image":{"@id":"https:\/\/batijournal.com\/index.php\/jean-pascal-archimbaud-nouveau-president-de-la-fnb\/109805\/#primaryimage"},"thumbnailUrl":"https:\/\/batijournal.com\/wp-content\/uploads\/2023\/12\/FNB-Jean-Pascal-Archimbaud-Jacques-Ducerf.jpg","keywords":["fnb"],"articleSection":["Actualit\u00e9s","\u00c9conomie &amp; March\u00e9s","zz_Nouvelles t\u00eates - Woodsurfer","zz_Woodsurfer"],"inLanguage":"fr-FR"},{"@type":"WebPage","@id":"https:\/\/batijournal.com\/index.php\/jean-pascal-archimbaud-nouveau-president-de-la-fnb\/109805\/","url":"https:\/\/batijournal.com\/index.php\/jean-pascal-archimbaud-nouveau-president-de-la-fnb\/109805\/","name":"Jean-Pascal Archimbaud nouveau Pr\u00e9sident de la FNB","isPartOf":{"@id":"https:\/\/batijournal.com\/#website"},"primaryImageOfPage":{"@id":"https:\/\/batijournal.com\/index.php\/jean-pascal-archimbaud-nouveau-president-de-la-fnb\/109805\/#primaryimage"},"image":{"@id":"https:\/\/batijournal.com\/index.php\/jean-pascal-archimbaud-nouveau-president-de-la-fnb\/109805\/#primaryimage"},"thumbnailUrl":"https:\/\/batijournal.com\/wp-content\/uploads\/2023\/12\/FNB-Jean-Pascal-Archimbaud-Jacques-Ducerf.jpg","datePublished":"2023-12-08T18:02:07+00:00","author":{"@id":"https:\/\/batijournal.com\/#\/schema\/person\/1dc96ec6957aa1ccb25ebe78bb19f100"},"breadcrumb":{"@id":"https:\/\/batijournal.com\/index.php\/jean-pascal-archimbaud-nouveau-president-de-la-fnb\/109805\/#breadcrumb"},"inLanguage":"fr-FR","potentialAction":[{"@type":"ReadAction","target":["https:\/\/batijournal.com\/index.php\/jean-pascal-archimbaud-nouveau-president-de-la-fnb\/109805\/"]}]},{"@type":"ImageObject","inLanguage":"fr-FR","@id":"https:\/\/batijournal.com\/index.php\/jean-pascal-archimbaud-nouveau-president-de-la-fnb\/109805\/#primaryimage","url":"https:\/\/batijournal.com\/wp-content\/uploads\/2023\/12\/FNB-Jean-Pascal-Archimbaud-Jacques-Ducerf.jpg","contentUrl":"https:\/\/batijournal.com\/wp-content\/uploads\/2023\/12\/FNB-Jean-Pascal-Archimbaud-Jacques-Ducerf.jpg","width":800,"height":533},{"@type":"BreadcrumbList","@id":"https:\/\/batijournal.com\/index.php\/jean-pascal-archimbaud-nouveau-president-de-la-fnb\/109805\/#breadcrumb","itemListElement":[{"@type":"ListItem","position":1,"name":"Accueil","item":"https:\/\/batijournal.com\/"},{"@type":"ListItem","position":2,"name":"Actualit\u00e9s","item":"https:\/\/batijournal.com\/index.php\/category\/actualites\/"},{"@type":"ListItem","position":3,"name":"Jean-Pascal Archimbaud nouveau Pr\u00e9sident de la FNB"}]},{"@type":"WebSite","@id":"https:\/\/batijournal.com\/#website","url":"https:\/\/batijournal.com\/","name":"Batijournal","description":"L&#039;actualit\u00e9 du b\u00e2timent","potentialAction":[{"@type":"SearchAction","target":{"@type":"EntryPoint","urlTemplate":"https:\/\/batijournal.com\/?s={search_term_string}"},"query-input":{"@type":"PropertyValueSpecification","valueRequired":true,"valueName":"search_term_string"}}],"inLanguage":"fr-FR"},{"@type":"Person","@id":"https:\/\/batijournal.com\/#\/schema\/person\/1dc96ec6957aa1ccb25ebe78bb19f100","name":"St\u00e9phane Miget","image":{"@type":"ImageObject","inLanguage":"fr-FR","@id":"https:\/\/secure.gravatar.com\/avatar\/89915563d925342126b8ef0281b93d9d7fc337043e8df017f780908eb9644451?s=96&d=mm&r=g","url":"https:\/\/secure.gravatar.com\/avatar\/89915563d925342126b8ef0281b93d9d7fc337043e8df017f780908eb9644451?s=96&d=mm&r=g","contentUrl":"https:\/\/secure.gravatar.com\/avatar\/89915563d925342126b8ef0281b93d9d7fc337043e8df017f780908eb9644451?s=96&d=mm&r=g","caption":"St\u00e9phane Miget"},"url":"https:\/\/batijournal.com\/index.php\/author\/stephane\/"}]}},"_links":{"self":[{"href":"https:\/\/batijournal.com\/index.php\/wp-json\/wp\/v2\/posts\/109805","targetHints":{"allow":["GET"]}}],"collection":[{"href":"https:\/\/batijournal.com\/index.php\/wp-json\/wp\/v2\/posts"}],"about":[{"href":"https:\/\/batijournal.com\/index.php\/wp-json\/wp\/v2\/types\/post"}],"author":[{"embeddable":true,"href":"https:\/\/batijournal.com\/index.php\/wp-json\/wp\/v2\/users\/17"}],"replies":[{"embeddable":true,"href":"https:\/\/batijournal.com\/index.php\/wp-json\/wp\/v2\/comments?post=109805"}],"version-history":[{"count":0,"href":"https:\/\/batijournal.com\/index.php\/wp-json\/wp\/v2\/posts\/109805\/revisions"}],"wp:featuredmedia":[{"embeddable":true,"href":"https:\/\/batijournal.com\/index.php\/wp-json\/wp\/v2\/media\/109806"}],"wp:attachment":[{"href":"https:\/\/batijournal.com\/index.php\/wp-json\/wp\/v2\/media?parent=109805"}],"wp:term":[{"taxonomy":"category","embeddable":true,"href":"https:\/\/batijournal.com\/index.php\/wp-json\/wp\/v2\/categories?post=109805"},{"taxonomy":"post_tag","embeddable":true,"href":"https:\/\/batijournal.com\/index.php\/wp-json\/wp\/v2\/tags?post=109805"}],"curies":[{"name":"wp","href":"https:\/\/api.w.org\/{rel}","templated":true}]}}