{"id":109810,"date":"2023-12-11T07:39:45","date_gmt":"2023-12-11T06:39:45","guid":{"rendered":"https:\/\/batijournal.com\/?p=109810"},"modified":"2023-12-11T07:39:45","modified_gmt":"2023-12-11T06:39:45","slug":"les-maires-et-le-mouvement-hlm-appellent-letat-a-agir-face-a-la-crise-du-logement","status":"publish","type":"post","link":"https:\/\/batijournal.com\/index.php\/les-maires-et-le-mouvement-hlm-appellent-letat-a-agir-face-a-la-crise-du-logement\/109810\/","title":{"rendered":"Les maires et le Mouvement Hlm appellent l\u2019Etat \u00e0 agir face \u00e0 la crise du logement"},"content":{"rendered":"<p>L\u2019Association des petites villes de France, pr\u00e9sid\u00e9e par Christophe Bouillon, ancien d\u00e9put\u00e9 de Seine-Maritime, Maire de Barentin et l\u2019Union sociale pour l\u2019habitat, pr\u00e9sid\u00e9e par Emmanuelle Cosse, ont organis\u00e9 le 6 d\u00e9cembre2023, \u00e0 Barentin (Seine-Maritime), une rencontre nationale sur le th\u00e8me du logement intitul\u00e9e \u00ab Ensemble, relevons les d\u00e9fis du logement dans les petites villes \u00bb. Alors que plus de 2,4 millions de m\u00e9nages fran\u00e7ais sont en attente d&rsquo;un logement social, cette journ\u00e9e a permis de valoriser les initiatives d\u00e9j\u00e0 men\u00e9es par les maires des petites villes et le monde Hlm et d\u2019en tirer, sans attendre, les enseignements n\u00e9cessaires pour r\u00e9pondre \u00e0 ce d\u00e9fi qui constitue une r\u00e9elle bombe sociale pour le pays.<\/p>\n<p>A l\u2019issue de cette rencontre, l\u2019APVF et l\u2019USH rappellent que la crise du logement concerne tous les territoires et n\u2019\u00e9pargne pas les petites villes, lieux de r\u00e9sidence pour de nombreux Fran\u00e7ais face \u00e0 la flamb\u00e9e des prix de l\u2019immobilier dans les grands centres-urbains. A l\u2019heure o\u00f9 se conjuguent les d\u00e9fis d\u00e9mographiques, avec le vieillissement de la population, \u00e9cologiques, avec la n\u00e9cessit\u00e9 de r\u00e9novation thermique des logements, et la mise en \u0153uvre de l\u2019objectif de Z\u00e9ro Artificialisation Nette (ZAN) qui rend le foncier disponible de plus en plus rare, l\u2019APVF et l\u2019USH appellent donc l\u2019Etat \u00e0 jouer pleinement son r\u00f4le \u00e0 travers une grande politique du logement social, dot\u00e9e d\u2019une r\u00e9flexion sur les outils et les moyens qui la rendent pleinement possible.<\/p>\n<p>La question des moyens se pose tant pour les bailleurs sociaux que pour les maires. Ainsi, l\u2019APVF partage le souhait de l\u2019USH de supprimer la R\u00e9duction de Loyer de Solidarit\u00e9 (RLS) afin de pouvoir redonner aux bailleurs sociaux de r\u00e9elles capacit\u00e9s d\u2019investissement. De m\u00eame, la question des moyens demande aussi de rouvrir les r\u00e9flexions sur l\u2019autonomie fiscale et financi\u00e8re des collectivit\u00e9s territoriales dans un contexte o\u00f9 les petites villes font face \u00e0 une r\u00e9duction de leurs capacit\u00e9s d\u2019autofinancement et \u00e0 un mur d\u2019investissement pour financer la transition \u00e9cologique. La politique du logement, pour \u00eatre accept\u00e9e et efficace, doit pouvoir s\u2019appuyer sur un lien fiscal entre le citoyen et le territoire.<\/p>\n<p>&nbsp;<\/p>\n","protected":false},"excerpt":{"rendered":"<p>L\u2019Association des petites villes de France, pr\u00e9sid\u00e9e par Christophe Bouillon, ancien d\u00e9put\u00e9 de Seine-Maritime, Maire de Barentin et l\u2019Union sociale pour l\u2019habitat, pr\u00e9sid\u00e9e par Emmanuelle Cosse, ont organis\u00e9 le 6 d\u00e9cembre2023, \u00e0 Barentin (Seine-Maritime), une rencontre nationale sur le th\u00e8me du logement intitul\u00e9e \u00ab Ensemble, relevons les d\u00e9fis du logement dans les petites villes \u00bb. [&hellip;]<\/p>\n","protected":false},"author":17,"featured_media":109811,"comment_status":"closed","ping_status":"closed","sticky":false,"template":"","format":"standard","meta":{"_et_pb_use_builder":"","_et_pb_old_content":"","_et_gb_content_width":"","footnotes":""},"categories":[10530,6345],"tags":[2020],"class_list":["post-109810","post","type-post","status-publish","format-standard","has-post-thumbnail","hentry","category-actualites","category-economie-marches","tag-logement"],"yoast_head":"<!-- This site is optimized with the Yoast SEO plugin v27.4 - https:\/\/yoast.com\/product\/yoast-seo-wordpress\/ -->\n<title>Les maires et le Mouvement Hlm appellent l\u2019Etat \u00e0 agir face \u00e0 la crise du logement<\/title>\n<meta name=\"robots\" content=\"index, follow, max-snippet:-1, max-image-preview:large, max-video-preview:-1\" \/>\n<link rel=\"canonical\" href=\"https:\/\/batijournal.com\/index.php\/les-maires-et-le-mouvement-hlm-appellent-letat-a-agir-face-a-la-crise-du-logement\/109810\/\" \/>\n<meta property=\"og:locale\" content=\"fr_FR\" \/>\n<meta property=\"og:type\" content=\"article\" \/>\n<meta property=\"og:title\" content=\"Les maires et le Mouvement Hlm appellent l\u2019Etat \u00e0 agir face \u00e0 la crise du logement\" \/>\n<meta property=\"og:description\" content=\"L\u2019Association des petites villes de France, pr\u00e9sid\u00e9e par Christophe Bouillon, ancien d\u00e9put\u00e9 de Seine-Maritime, Maire de Barentin et l\u2019Union sociale pour l\u2019habitat, pr\u00e9sid\u00e9e par Emmanuelle Cosse, ont organis\u00e9 le 6 d\u00e9cembre2023, \u00e0 Barentin (Seine-Maritime), une rencontre nationale sur le th\u00e8me du logement intitul\u00e9e \u00ab Ensemble, relevons les d\u00e9fis du logement dans les petites villes \u00bb. [&hellip;]\" \/>\n<meta property=\"og:url\" content=\"https:\/\/batijournal.com\/index.php\/les-maires-et-le-mouvement-hlm-appellent-letat-a-agir-face-a-la-crise-du-logement\/109810\/\" \/>\n<meta property=\"og:site_name\" content=\"Batijournal\" \/>\n<meta property=\"article:published_time\" content=\"2023-12-11T06:39:45+00:00\" \/>\n<meta property=\"og:image\" content=\"https:\/\/batijournal.com\/wp-content\/uploads\/2023\/12\/chantier-petit-collectif2.jpg\" \/>\n\t<meta property=\"og:image:width\" content=\"1000\" \/>\n\t<meta property=\"og:image:height\" content=\"750\" \/>\n\t<meta property=\"og:image:type\" content=\"image\/jpeg\" \/>\n<meta name=\"author\" content=\"St\u00e9phane Miget\" \/>\n<meta name=\"twitter:card\" content=\"summary_large_image\" \/>\n<meta name=\"twitter:creator\" content=\"@bati_journal\" \/>\n<meta name=\"twitter:site\" content=\"@bati_journal\" \/>\n<meta name=\"twitter:label1\" content=\"\u00c9crit par\" \/>\n\t<meta name=\"twitter:data1\" content=\"St\u00e9phane Miget\" \/>\n\t<meta name=\"twitter:label2\" content=\"Dur\u00e9e de lecture estim\u00e9e\" \/>\n\t<meta name=\"twitter:data2\" content=\"2 minutes\" \/>\n<script type=\"application\/ld+json\" class=\"yoast-schema-graph\">{\"@context\":\"https:\\\/\\\/schema.org\",\"@graph\":[{\"@type\":\"Article\",\"@id\":\"https:\\\/\\\/batijournal.com\\\/index.php\\\/les-maires-et-le-mouvement-hlm-appellent-letat-a-agir-face-a-la-crise-du-logement\\\/109810\\\/#article\",\"isPartOf\":{\"@id\":\"https:\\\/\\\/batijournal.com\\\/index.php\\\/les-maires-et-le-mouvement-hlm-appellent-letat-a-agir-face-a-la-crise-du-logement\\\/109810\\\/\"},\"author\":{\"name\":\"St\u00e9phane Miget\",\"@id\":\"https:\\\/\\\/batijournal.com\\\/#\\\/schema\\\/person\\\/1dc96ec6957aa1ccb25ebe78bb19f100\"},\"headline\":\"Les maires et le Mouvement Hlm appellent l\u2019Etat \u00e0 agir face \u00e0 la crise du logement\",\"datePublished\":\"2023-12-11T06:39:45+00:00\",\"mainEntityOfPage\":{\"@id\":\"https:\\\/\\\/batijournal.com\\\/index.php\\\/les-maires-et-le-mouvement-hlm-appellent-letat-a-agir-face-a-la-crise-du-logement\\\/109810\\\/\"},\"wordCount\":410,\"image\":{\"@id\":\"https:\\\/\\\/batijournal.com\\\/index.php\\\/les-maires-et-le-mouvement-hlm-appellent-letat-a-agir-face-a-la-crise-du-logement\\\/109810\\\/#primaryimage\"},\"thumbnailUrl\":\"https:\\\/\\\/batijournal.com\\\/wp-content\\\/uploads\\\/2023\\\/12\\\/chantier-petit-collectif2.jpg\",\"keywords\":[\"logement\"],\"articleSection\":[\"Actualit\u00e9s\",\"\u00c9conomie &amp; March\u00e9s\"],\"inLanguage\":\"fr-FR\"},{\"@type\":\"WebPage\",\"@id\":\"https:\\\/\\\/batijournal.com\\\/index.php\\\/les-maires-et-le-mouvement-hlm-appellent-letat-a-agir-face-a-la-crise-du-logement\\\/109810\\\/\",\"url\":\"https:\\\/\\\/batijournal.com\\\/index.php\\\/les-maires-et-le-mouvement-hlm-appellent-letat-a-agir-face-a-la-crise-du-logement\\\/109810\\\/\",\"name\":\"Les maires et le Mouvement Hlm appellent l\u2019Etat \u00e0 agir face \u00e0 la crise du logement\",\"isPartOf\":{\"@id\":\"https:\\\/\\\/batijournal.com\\\/#website\"},\"primaryImageOfPage\":{\"@id\":\"https:\\\/\\\/batijournal.com\\\/index.php\\\/les-maires-et-le-mouvement-hlm-appellent-letat-a-agir-face-a-la-crise-du-logement\\\/109810\\\/#primaryimage\"},\"image\":{\"@id\":\"https:\\\/\\\/batijournal.com\\\/index.php\\\/les-maires-et-le-mouvement-hlm-appellent-letat-a-agir-face-a-la-crise-du-logement\\\/109810\\\/#primaryimage\"},\"thumbnailUrl\":\"https:\\\/\\\/batijournal.com\\\/wp-content\\\/uploads\\\/2023\\\/12\\\/chantier-petit-collectif2.jpg\",\"datePublished\":\"2023-12-11T06:39:45+00:00\",\"author\":{\"@id\":\"https:\\\/\\\/batijournal.com\\\/#\\\/schema\\\/person\\\/1dc96ec6957aa1ccb25ebe78bb19f100\"},\"breadcrumb\":{\"@id\":\"https:\\\/\\\/batijournal.com\\\/index.php\\\/les-maires-et-le-mouvement-hlm-appellent-letat-a-agir-face-a-la-crise-du-logement\\\/109810\\\/#breadcrumb\"},\"inLanguage\":\"fr-FR\",\"potentialAction\":[{\"@type\":\"ReadAction\",\"target\":[\"https:\\\/\\\/batijournal.com\\\/index.php\\\/les-maires-et-le-mouvement-hlm-appellent-letat-a-agir-face-a-la-crise-du-logement\\\/109810\\\/\"]}]},{\"@type\":\"ImageObject\",\"inLanguage\":\"fr-FR\",\"@id\":\"https:\\\/\\\/batijournal.com\\\/index.php\\\/les-maires-et-le-mouvement-hlm-appellent-letat-a-agir-face-a-la-crise-du-logement\\\/109810\\\/#primaryimage\",\"url\":\"https:\\\/\\\/batijournal.com\\\/wp-content\\\/uploads\\\/2023\\\/12\\\/chantier-petit-collectif2.jpg\",\"contentUrl\":\"https:\\\/\\\/batijournal.com\\\/wp-content\\\/uploads\\\/2023\\\/12\\\/chantier-petit-collectif2.jpg\",\"width\":1000,\"height\":750},{\"@type\":\"BreadcrumbList\",\"@id\":\"https:\\\/\\\/batijournal.com\\\/index.php\\\/les-maires-et-le-mouvement-hlm-appellent-letat-a-agir-face-a-la-crise-du-logement\\\/109810\\\/#breadcrumb\",\"itemListElement\":[{\"@type\":\"ListItem\",\"position\":1,\"name\":\"Accueil\",\"item\":\"https:\\\/\\\/batijournal.com\\\/\"},{\"@type\":\"ListItem\",\"position\":2,\"name\":\"Actualit\u00e9s\",\"item\":\"https:\\\/\\\/batijournal.com\\\/index.php\\\/category\\\/actualites\\\/\"},{\"@type\":\"ListItem\",\"position\":3,\"name\":\"Les maires et le Mouvement Hlm appellent l\u2019Etat \u00e0 agir face \u00e0 la crise du logement\"}]},{\"@type\":\"WebSite\",\"@id\":\"https:\\\/\\\/batijournal.com\\\/#website\",\"url\":\"https:\\\/\\\/batijournal.com\\\/\",\"name\":\"Batijournal\",\"description\":\"L&#039;actualit\u00e9 du b\u00e2timent\",\"potentialAction\":[{\"@type\":\"SearchAction\",\"target\":{\"@type\":\"EntryPoint\",\"urlTemplate\":\"https:\\\/\\\/batijournal.com\\\/?s={search_term_string}\"},\"query-input\":{\"@type\":\"PropertyValueSpecification\",\"valueRequired\":true,\"valueName\":\"search_term_string\"}}],\"inLanguage\":\"fr-FR\"},{\"@type\":\"Person\",\"@id\":\"https:\\\/\\\/batijournal.com\\\/#\\\/schema\\\/person\\\/1dc96ec6957aa1ccb25ebe78bb19f100\",\"name\":\"St\u00e9phane Miget\",\"image\":{\"@type\":\"ImageObject\",\"inLanguage\":\"fr-FR\",\"@id\":\"https:\\\/\\\/secure.gravatar.com\\\/avatar\\\/89915563d925342126b8ef0281b93d9d7fc337043e8df017f780908eb9644451?s=96&d=mm&r=g\",\"url\":\"https:\\\/\\\/secure.gravatar.com\\\/avatar\\\/89915563d925342126b8ef0281b93d9d7fc337043e8df017f780908eb9644451?s=96&d=mm&r=g\",\"contentUrl\":\"https:\\\/\\\/secure.gravatar.com\\\/avatar\\\/89915563d925342126b8ef0281b93d9d7fc337043e8df017f780908eb9644451?s=96&d=mm&r=g\",\"caption\":\"St\u00e9phane Miget\"},\"url\":\"https:\\\/\\\/batijournal.com\\\/index.php\\\/author\\\/stephane\\\/\"}]}<\/script>\n<!-- \/ Yoast SEO plugin. -->","yoast_head_json":{"title":"Les maires et le Mouvement Hlm appellent l\u2019Etat \u00e0 agir face \u00e0 la crise du logement","robots":{"index":"index","follow":"follow","max-snippet":"max-snippet:-1","max-image-preview":"max-image-preview:large","max-video-preview":"max-video-preview:-1"},"canonical":"https:\/\/batijournal.com\/index.php\/les-maires-et-le-mouvement-hlm-appellent-letat-a-agir-face-a-la-crise-du-logement\/109810\/","og_locale":"fr_FR","og_type":"article","og_title":"Les maires et le Mouvement Hlm appellent l\u2019Etat \u00e0 agir face \u00e0 la crise du logement","og_description":"L\u2019Association des petites villes de France, pr\u00e9sid\u00e9e par Christophe Bouillon, ancien d\u00e9put\u00e9 de Seine-Maritime, Maire de Barentin et l\u2019Union sociale pour l\u2019habitat, pr\u00e9sid\u00e9e par Emmanuelle Cosse, ont organis\u00e9 le 6 d\u00e9cembre2023, \u00e0 Barentin (Seine-Maritime), une rencontre nationale sur le th\u00e8me du logement intitul\u00e9e \u00ab Ensemble, relevons les d\u00e9fis du logement dans les petites villes \u00bb. [&hellip;]","og_url":"https:\/\/batijournal.com\/index.php\/les-maires-et-le-mouvement-hlm-appellent-letat-a-agir-face-a-la-crise-du-logement\/109810\/","og_site_name":"Batijournal","article_published_time":"2023-12-11T06:39:45+00:00","og_image":[{"width":1000,"height":750,"url":"https:\/\/batijournal.com\/wp-content\/uploads\/2023\/12\/chantier-petit-collectif2.jpg","type":"image\/jpeg"}],"author":"St\u00e9phane Miget","twitter_card":"summary_large_image","twitter_creator":"@bati_journal","twitter_site":"@bati_journal","twitter_misc":{"\u00c9crit par":"St\u00e9phane Miget","Dur\u00e9e de lecture estim\u00e9e":"2 minutes"},"schema":{"@context":"https:\/\/schema.org","@graph":[{"@type":"Article","@id":"https:\/\/batijournal.com\/index.php\/les-maires-et-le-mouvement-hlm-appellent-letat-a-agir-face-a-la-crise-du-logement\/109810\/#article","isPartOf":{"@id":"https:\/\/batijournal.com\/index.php\/les-maires-et-le-mouvement-hlm-appellent-letat-a-agir-face-a-la-crise-du-logement\/109810\/"},"author":{"name":"St\u00e9phane Miget","@id":"https:\/\/batijournal.com\/#\/schema\/person\/1dc96ec6957aa1ccb25ebe78bb19f100"},"headline":"Les maires et le Mouvement Hlm appellent l\u2019Etat \u00e0 agir face \u00e0 la crise du logement","datePublished":"2023-12-11T06:39:45+00:00","mainEntityOfPage":{"@id":"https:\/\/batijournal.com\/index.php\/les-maires-et-le-mouvement-hlm-appellent-letat-a-agir-face-a-la-crise-du-logement\/109810\/"},"wordCount":410,"image":{"@id":"https:\/\/batijournal.com\/index.php\/les-maires-et-le-mouvement-hlm-appellent-letat-a-agir-face-a-la-crise-du-logement\/109810\/#primaryimage"},"thumbnailUrl":"https:\/\/batijournal.com\/wp-content\/uploads\/2023\/12\/chantier-petit-collectif2.jpg","keywords":["logement"],"articleSection":["Actualit\u00e9s","\u00c9conomie &amp; March\u00e9s"],"inLanguage":"fr-FR"},{"@type":"WebPage","@id":"https:\/\/batijournal.com\/index.php\/les-maires-et-le-mouvement-hlm-appellent-letat-a-agir-face-a-la-crise-du-logement\/109810\/","url":"https:\/\/batijournal.com\/index.php\/les-maires-et-le-mouvement-hlm-appellent-letat-a-agir-face-a-la-crise-du-logement\/109810\/","name":"Les maires et le Mouvement Hlm appellent l\u2019Etat \u00e0 agir face \u00e0 la crise du logement","isPartOf":{"@id":"https:\/\/batijournal.com\/#website"},"primaryImageOfPage":{"@id":"https:\/\/batijournal.com\/index.php\/les-maires-et-le-mouvement-hlm-appellent-letat-a-agir-face-a-la-crise-du-logement\/109810\/#primaryimage"},"image":{"@id":"https:\/\/batijournal.com\/index.php\/les-maires-et-le-mouvement-hlm-appellent-letat-a-agir-face-a-la-crise-du-logement\/109810\/#primaryimage"},"thumbnailUrl":"https:\/\/batijournal.com\/wp-content\/uploads\/2023\/12\/chantier-petit-collectif2.jpg","datePublished":"2023-12-11T06:39:45+00:00","author":{"@id":"https:\/\/batijournal.com\/#\/schema\/person\/1dc96ec6957aa1ccb25ebe78bb19f100"},"breadcrumb":{"@id":"https:\/\/batijournal.com\/index.php\/les-maires-et-le-mouvement-hlm-appellent-letat-a-agir-face-a-la-crise-du-logement\/109810\/#breadcrumb"},"inLanguage":"fr-FR","potentialAction":[{"@type":"ReadAction","target":["https:\/\/batijournal.com\/index.php\/les-maires-et-le-mouvement-hlm-appellent-letat-a-agir-face-a-la-crise-du-logement\/109810\/"]}]},{"@type":"ImageObject","inLanguage":"fr-FR","@id":"https:\/\/batijournal.com\/index.php\/les-maires-et-le-mouvement-hlm-appellent-letat-a-agir-face-a-la-crise-du-logement\/109810\/#primaryimage","url":"https:\/\/batijournal.com\/wp-content\/uploads\/2023\/12\/chantier-petit-collectif2.jpg","contentUrl":"https:\/\/batijournal.com\/wp-content\/uploads\/2023\/12\/chantier-petit-collectif2.jpg","width":1000,"height":750},{"@type":"BreadcrumbList","@id":"https:\/\/batijournal.com\/index.php\/les-maires-et-le-mouvement-hlm-appellent-letat-a-agir-face-a-la-crise-du-logement\/109810\/#breadcrumb","itemListElement":[{"@type":"ListItem","position":1,"name":"Accueil","item":"https:\/\/batijournal.com\/"},{"@type":"ListItem","position":2,"name":"Actualit\u00e9s","item":"https:\/\/batijournal.com\/index.php\/category\/actualites\/"},{"@type":"ListItem","position":3,"name":"Les maires et le Mouvement Hlm appellent l\u2019Etat \u00e0 agir face \u00e0 la crise du logement"}]},{"@type":"WebSite","@id":"https:\/\/batijournal.com\/#website","url":"https:\/\/batijournal.com\/","name":"Batijournal","description":"L&#039;actualit\u00e9 du b\u00e2timent","potentialAction":[{"@type":"SearchAction","target":{"@type":"EntryPoint","urlTemplate":"https:\/\/batijournal.com\/?s={search_term_string}"},"query-input":{"@type":"PropertyValueSpecification","valueRequired":true,"valueName":"search_term_string"}}],"inLanguage":"fr-FR"},{"@type":"Person","@id":"https:\/\/batijournal.com\/#\/schema\/person\/1dc96ec6957aa1ccb25ebe78bb19f100","name":"St\u00e9phane Miget","image":{"@type":"ImageObject","inLanguage":"fr-FR","@id":"https:\/\/secure.gravatar.com\/avatar\/89915563d925342126b8ef0281b93d9d7fc337043e8df017f780908eb9644451?s=96&d=mm&r=g","url":"https:\/\/secure.gravatar.com\/avatar\/89915563d925342126b8ef0281b93d9d7fc337043e8df017f780908eb9644451?s=96&d=mm&r=g","contentUrl":"https:\/\/secure.gravatar.com\/avatar\/89915563d925342126b8ef0281b93d9d7fc337043e8df017f780908eb9644451?s=96&d=mm&r=g","caption":"St\u00e9phane Miget"},"url":"https:\/\/batijournal.com\/index.php\/author\/stephane\/"}]}},"_links":{"self":[{"href":"https:\/\/batijournal.com\/index.php\/wp-json\/wp\/v2\/posts\/109810","targetHints":{"allow":["GET"]}}],"collection":[{"href":"https:\/\/batijournal.com\/index.php\/wp-json\/wp\/v2\/posts"}],"about":[{"href":"https:\/\/batijournal.com\/index.php\/wp-json\/wp\/v2\/types\/post"}],"author":[{"embeddable":true,"href":"https:\/\/batijournal.com\/index.php\/wp-json\/wp\/v2\/users\/17"}],"replies":[{"embeddable":true,"href":"https:\/\/batijournal.com\/index.php\/wp-json\/wp\/v2\/comments?post=109810"}],"version-history":[{"count":0,"href":"https:\/\/batijournal.com\/index.php\/wp-json\/wp\/v2\/posts\/109810\/revisions"}],"wp:featuredmedia":[{"embeddable":true,"href":"https:\/\/batijournal.com\/index.php\/wp-json\/wp\/v2\/media\/109811"}],"wp:attachment":[{"href":"https:\/\/batijournal.com\/index.php\/wp-json\/wp\/v2\/media?parent=109810"}],"wp:term":[{"taxonomy":"category","embeddable":true,"href":"https:\/\/batijournal.com\/index.php\/wp-json\/wp\/v2\/categories?post=109810"},{"taxonomy":"post_tag","embeddable":true,"href":"https:\/\/batijournal.com\/index.php\/wp-json\/wp\/v2\/tags?post=109810"}],"curies":[{"name":"wp","href":"https:\/\/api.w.org\/{rel}","templated":true}]}}