{"id":109883,"date":"2024-01-16T09:16:27","date_gmt":"2024-01-16T08:16:27","guid":{"rendered":"https:\/\/batijournal.com\/?p=109883"},"modified":"2024-01-16T09:16:27","modified_gmt":"2024-01-16T08:16:27","slug":"les-produits-prefabriques-en-beton-font-grise-mine","status":"publish","type":"post","link":"https:\/\/batijournal.com\/index.php\/les-produits-prefabriques-en-beton-font-grise-mine\/109883\/","title":{"rendered":"Les produits pr\u00e9fabriqu\u00e9s en b\u00e9ton font grise mine"},"content":{"rendered":"<p>\u00c0 fin novembre 2023, en donn\u00e9es cumul\u00e9es, l\u2019\u00e9volution des produits pr\u00e9fabriqu\u00e9s en b\u00e9ton \u00e9tait en net retrait. En effet, les donn\u00e9es de l\u2019enqu\u00eate mensuelle FIB\/Xerfi Sp\u00e9cific soulignent des \u00e9volutions n\u00e9gatives pour la quasi-totalit\u00e9 des familles de produits enqu\u00eat\u00e9es destin\u00e9es au b\u00e2timent, \u00e0 l\u2019exception des dalles de planchers en b\u00e9ton arm\u00e9 et b\u00e9ton pr\u00e9contraint, sur 11 mois cumul\u00e9s \u00e0 fin novembre 2023, compar\u00e9es \u00e0 2022 : -13,6 %.Dans le d\u00e9tail :<br \/>\n-22,2 % pour les entrevous<br \/>\n-19 % pour l\u2019ensemble poutrelles<br \/>\n-14,1 % pour les blocs,<br \/>\n-1,5 % pour les pr\u00e9dalles<br \/>\n+3,9 % pour les dalles de planchers<br \/>\nDans un contexte de crise du secteur du b\u00e2timent, impactant tr\u00e8s fortement le logement, et d\u2019une tr\u00e8s l\u00e9g\u00e8re progression du secteur des travaux publics, l\u2019activit\u00e9 de l\u2019Industrie de la pr\u00e9fabrication B\u00e9ton devrait \u00eatre nettement orient\u00e9e \u00e0 la baisse en 2024. Ces pr\u00e9visions ne tiennent pas compte des disparit\u00e9s r\u00e9gionales de plus en plus pr\u00e9sentes, ainsi que de l\u2019impact des JOP 2024. L\u2019\u00e9volution en volume des produits pr\u00e9fabriqu\u00e9s en b\u00e9ton \u00e0 destination du b\u00e2timent serait de l\u2019ordre de -20 %.<\/p>\n<p>Source : FIB<\/p>\n","protected":false},"excerpt":{"rendered":"<p>\u00c0 fin novembre 2023, en donn\u00e9es cumul\u00e9es, l\u2019\u00e9volution des produits pr\u00e9fabriqu\u00e9s en b\u00e9ton \u00e9tait en net retrait. En effet, les donn\u00e9es de l\u2019enqu\u00eate mensuelle FIB\/Xerfi Sp\u00e9cific soulignent des \u00e9volutions n\u00e9gatives pour la quasi-totalit\u00e9 des familles de produits enqu\u00eat\u00e9es destin\u00e9es au b\u00e2timent, \u00e0 l\u2019exception des dalles de planchers en b\u00e9ton arm\u00e9 et b\u00e9ton pr\u00e9contraint, sur 11 [&hellip;]<\/p>\n","protected":false},"author":17,"featured_media":109884,"comment_status":"closed","ping_status":"closed","sticky":false,"template":"","format":"standard","meta":{"_et_pb_use_builder":"","_et_pb_old_content":"","_et_gb_content_width":"","footnotes":""},"categories":[10736,10530,6345,10771,10775],"tags":[1128],"class_list":["post-109883","post","type-post","status-publish","format-standard","has-post-thumbnail","hentry","category-a-la-une","category-actualites","category-economie-marches","category-5facades","category-actualites-5facades","tag-beton"],"yoast_head":"<!-- This site is optimized with the Yoast SEO plugin v27.4 - https:\/\/yoast.com\/product\/yoast-seo-wordpress\/ -->\n<title>Les produits pr\u00e9fabriqu\u00e9s en b\u00e9ton font grise mine<\/title>\n<meta name=\"robots\" content=\"index, follow, max-snippet:-1, max-image-preview:large, max-video-preview:-1\" \/>\n<link rel=\"canonical\" href=\"https:\/\/batijournal.com\/index.php\/les-produits-prefabriques-en-beton-font-grise-mine\/109883\/\" \/>\n<meta property=\"og:locale\" content=\"fr_FR\" \/>\n<meta property=\"og:type\" content=\"article\" \/>\n<meta property=\"og:title\" content=\"Les produits pr\u00e9fabriqu\u00e9s en b\u00e9ton font grise mine\" \/>\n<meta property=\"og:description\" content=\"\u00c0 fin novembre 2023, en donn\u00e9es cumul\u00e9es, l\u2019\u00e9volution des produits pr\u00e9fabriqu\u00e9s en b\u00e9ton \u00e9tait en net retrait. En effet, les donn\u00e9es de l\u2019enqu\u00eate mensuelle FIB\/Xerfi Sp\u00e9cific soulignent des \u00e9volutions n\u00e9gatives pour la quasi-totalit\u00e9 des familles de produits enqu\u00eat\u00e9es destin\u00e9es au b\u00e2timent, \u00e0 l\u2019exception des dalles de planchers en b\u00e9ton arm\u00e9 et b\u00e9ton pr\u00e9contraint, sur 11 [&hellip;]\" \/>\n<meta property=\"og:url\" content=\"https:\/\/batijournal.com\/index.php\/les-produits-prefabriques-en-beton-font-grise-mine\/109883\/\" \/>\n<meta property=\"og:site_name\" content=\"Batijournal\" \/>\n<meta property=\"article:published_time\" content=\"2024-01-16T08:16:27+00:00\" \/>\n<meta property=\"og:image\" content=\"https:\/\/batijournal.com\/wp-content\/uploads\/2024\/01\/Produits-prefabriques-beton-Demonstrateur-Olympi.jpg\" \/>\n\t<meta property=\"og:image:width\" content=\"1000\" \/>\n\t<meta property=\"og:image:height\" content=\"750\" \/>\n\t<meta property=\"og:image:type\" content=\"image\/jpeg\" \/>\n<meta name=\"author\" content=\"St\u00e9phane Miget\" \/>\n<meta name=\"twitter:card\" content=\"summary_large_image\" \/>\n<meta name=\"twitter:creator\" content=\"@bati_journal\" \/>\n<meta name=\"twitter:site\" content=\"@bati_journal\" \/>\n<meta name=\"twitter:label1\" content=\"\u00c9crit par\" \/>\n\t<meta name=\"twitter:data1\" content=\"St\u00e9phane Miget\" \/>\n\t<meta name=\"twitter:label2\" content=\"Dur\u00e9e de lecture estim\u00e9e\" \/>\n\t<meta name=\"twitter:data2\" content=\"1 minute\" \/>\n<script type=\"application\/ld+json\" class=\"yoast-schema-graph\">{\"@context\":\"https:\\\/\\\/schema.org\",\"@graph\":[{\"@type\":\"Article\",\"@id\":\"https:\\\/\\\/batijournal.com\\\/index.php\\\/les-produits-prefabriques-en-beton-font-grise-mine\\\/109883\\\/#article\",\"isPartOf\":{\"@id\":\"https:\\\/\\\/batijournal.com\\\/index.php\\\/les-produits-prefabriques-en-beton-font-grise-mine\\\/109883\\\/\"},\"author\":{\"name\":\"St\u00e9phane Miget\",\"@id\":\"https:\\\/\\\/batijournal.com\\\/#\\\/schema\\\/person\\\/1dc96ec6957aa1ccb25ebe78bb19f100\"},\"headline\":\"Les produits pr\u00e9fabriqu\u00e9s en b\u00e9ton font grise mine\",\"datePublished\":\"2024-01-16T08:16:27+00:00\",\"mainEntityOfPage\":{\"@id\":\"https:\\\/\\\/batijournal.com\\\/index.php\\\/les-produits-prefabriques-en-beton-font-grise-mine\\\/109883\\\/\"},\"wordCount\":215,\"image\":{\"@id\":\"https:\\\/\\\/batijournal.com\\\/index.php\\\/les-produits-prefabriques-en-beton-font-grise-mine\\\/109883\\\/#primaryimage\"},\"thumbnailUrl\":\"https:\\\/\\\/batijournal.com\\\/wp-content\\\/uploads\\\/2024\\\/01\\\/Produits-prefabriques-beton-Demonstrateur-Olympi.jpg\",\"keywords\":[\"b\u00e9ton\"],\"articleSection\":[\"A la Une\",\"Actualit\u00e9s\",\"\u00c9conomie &amp; March\u00e9s\",\"zz_5fa\u00e7ades\",\"zz_Actualit\u00e9s - 5fa\u00e7ades\"],\"inLanguage\":\"fr-FR\"},{\"@type\":\"WebPage\",\"@id\":\"https:\\\/\\\/batijournal.com\\\/index.php\\\/les-produits-prefabriques-en-beton-font-grise-mine\\\/109883\\\/\",\"url\":\"https:\\\/\\\/batijournal.com\\\/index.php\\\/les-produits-prefabriques-en-beton-font-grise-mine\\\/109883\\\/\",\"name\":\"Les produits pr\u00e9fabriqu\u00e9s en b\u00e9ton font grise mine\",\"isPartOf\":{\"@id\":\"https:\\\/\\\/batijournal.com\\\/#website\"},\"primaryImageOfPage\":{\"@id\":\"https:\\\/\\\/batijournal.com\\\/index.php\\\/les-produits-prefabriques-en-beton-font-grise-mine\\\/109883\\\/#primaryimage\"},\"image\":{\"@id\":\"https:\\\/\\\/batijournal.com\\\/index.php\\\/les-produits-prefabriques-en-beton-font-grise-mine\\\/109883\\\/#primaryimage\"},\"thumbnailUrl\":\"https:\\\/\\\/batijournal.com\\\/wp-content\\\/uploads\\\/2024\\\/01\\\/Produits-prefabriques-beton-Demonstrateur-Olympi.jpg\",\"datePublished\":\"2024-01-16T08:16:27+00:00\",\"author\":{\"@id\":\"https:\\\/\\\/batijournal.com\\\/#\\\/schema\\\/person\\\/1dc96ec6957aa1ccb25ebe78bb19f100\"},\"breadcrumb\":{\"@id\":\"https:\\\/\\\/batijournal.com\\\/index.php\\\/les-produits-prefabriques-en-beton-font-grise-mine\\\/109883\\\/#breadcrumb\"},\"inLanguage\":\"fr-FR\",\"potentialAction\":[{\"@type\":\"ReadAction\",\"target\":[\"https:\\\/\\\/batijournal.com\\\/index.php\\\/les-produits-prefabriques-en-beton-font-grise-mine\\\/109883\\\/\"]}]},{\"@type\":\"ImageObject\",\"inLanguage\":\"fr-FR\",\"@id\":\"https:\\\/\\\/batijournal.com\\\/index.php\\\/les-produits-prefabriques-en-beton-font-grise-mine\\\/109883\\\/#primaryimage\",\"url\":\"https:\\\/\\\/batijournal.com\\\/wp-content\\\/uploads\\\/2024\\\/01\\\/Produits-prefabriques-beton-Demonstrateur-Olympi.jpg\",\"contentUrl\":\"https:\\\/\\\/batijournal.com\\\/wp-content\\\/uploads\\\/2024\\\/01\\\/Produits-prefabriques-beton-Demonstrateur-Olympi.jpg\",\"width\":1000,\"height\":750},{\"@type\":\"BreadcrumbList\",\"@id\":\"https:\\\/\\\/batijournal.com\\\/index.php\\\/les-produits-prefabriques-en-beton-font-grise-mine\\\/109883\\\/#breadcrumb\",\"itemListElement\":[{\"@type\":\"ListItem\",\"position\":1,\"name\":\"Accueil\",\"item\":\"https:\\\/\\\/batijournal.com\\\/\"},{\"@type\":\"ListItem\",\"position\":2,\"name\":\"A la Une\",\"item\":\"https:\\\/\\\/batijournal.com\\\/index.php\\\/category\\\/a-la-une\\\/\"},{\"@type\":\"ListItem\",\"position\":3,\"name\":\"Les produits pr\u00e9fabriqu\u00e9s en b\u00e9ton font grise mine\"}]},{\"@type\":\"WebSite\",\"@id\":\"https:\\\/\\\/batijournal.com\\\/#website\",\"url\":\"https:\\\/\\\/batijournal.com\\\/\",\"name\":\"Batijournal\",\"description\":\"L&#039;actualit\u00e9 du b\u00e2timent\",\"potentialAction\":[{\"@type\":\"SearchAction\",\"target\":{\"@type\":\"EntryPoint\",\"urlTemplate\":\"https:\\\/\\\/batijournal.com\\\/?s={search_term_string}\"},\"query-input\":{\"@type\":\"PropertyValueSpecification\",\"valueRequired\":true,\"valueName\":\"search_term_string\"}}],\"inLanguage\":\"fr-FR\"},{\"@type\":\"Person\",\"@id\":\"https:\\\/\\\/batijournal.com\\\/#\\\/schema\\\/person\\\/1dc96ec6957aa1ccb25ebe78bb19f100\",\"name\":\"St\u00e9phane Miget\",\"image\":{\"@type\":\"ImageObject\",\"inLanguage\":\"fr-FR\",\"@id\":\"https:\\\/\\\/secure.gravatar.com\\\/avatar\\\/89915563d925342126b8ef0281b93d9d7fc337043e8df017f780908eb9644451?s=96&d=mm&r=g\",\"url\":\"https:\\\/\\\/secure.gravatar.com\\\/avatar\\\/89915563d925342126b8ef0281b93d9d7fc337043e8df017f780908eb9644451?s=96&d=mm&r=g\",\"contentUrl\":\"https:\\\/\\\/secure.gravatar.com\\\/avatar\\\/89915563d925342126b8ef0281b93d9d7fc337043e8df017f780908eb9644451?s=96&d=mm&r=g\",\"caption\":\"St\u00e9phane Miget\"},\"url\":\"https:\\\/\\\/batijournal.com\\\/index.php\\\/author\\\/stephane\\\/\"}]}<\/script>\n<!-- \/ Yoast SEO plugin. -->","yoast_head_json":{"title":"Les produits pr\u00e9fabriqu\u00e9s en b\u00e9ton font grise mine","robots":{"index":"index","follow":"follow","max-snippet":"max-snippet:-1","max-image-preview":"max-image-preview:large","max-video-preview":"max-video-preview:-1"},"canonical":"https:\/\/batijournal.com\/index.php\/les-produits-prefabriques-en-beton-font-grise-mine\/109883\/","og_locale":"fr_FR","og_type":"article","og_title":"Les produits pr\u00e9fabriqu\u00e9s en b\u00e9ton font grise mine","og_description":"\u00c0 fin novembre 2023, en donn\u00e9es cumul\u00e9es, l\u2019\u00e9volution des produits pr\u00e9fabriqu\u00e9s en b\u00e9ton \u00e9tait en net retrait. En effet, les donn\u00e9es de l\u2019enqu\u00eate mensuelle FIB\/Xerfi Sp\u00e9cific soulignent des \u00e9volutions n\u00e9gatives pour la quasi-totalit\u00e9 des familles de produits enqu\u00eat\u00e9es destin\u00e9es au b\u00e2timent, \u00e0 l\u2019exception des dalles de planchers en b\u00e9ton arm\u00e9 et b\u00e9ton pr\u00e9contraint, sur 11 [&hellip;]","og_url":"https:\/\/batijournal.com\/index.php\/les-produits-prefabriques-en-beton-font-grise-mine\/109883\/","og_site_name":"Batijournal","article_published_time":"2024-01-16T08:16:27+00:00","og_image":[{"width":1000,"height":750,"url":"https:\/\/batijournal.com\/wp-content\/uploads\/2024\/01\/Produits-prefabriques-beton-Demonstrateur-Olympi.jpg","type":"image\/jpeg"}],"author":"St\u00e9phane Miget","twitter_card":"summary_large_image","twitter_creator":"@bati_journal","twitter_site":"@bati_journal","twitter_misc":{"\u00c9crit par":"St\u00e9phane Miget","Dur\u00e9e de lecture estim\u00e9e":"1 minute"},"schema":{"@context":"https:\/\/schema.org","@graph":[{"@type":"Article","@id":"https:\/\/batijournal.com\/index.php\/les-produits-prefabriques-en-beton-font-grise-mine\/109883\/#article","isPartOf":{"@id":"https:\/\/batijournal.com\/index.php\/les-produits-prefabriques-en-beton-font-grise-mine\/109883\/"},"author":{"name":"St\u00e9phane Miget","@id":"https:\/\/batijournal.com\/#\/schema\/person\/1dc96ec6957aa1ccb25ebe78bb19f100"},"headline":"Les produits pr\u00e9fabriqu\u00e9s en b\u00e9ton font grise mine","datePublished":"2024-01-16T08:16:27+00:00","mainEntityOfPage":{"@id":"https:\/\/batijournal.com\/index.php\/les-produits-prefabriques-en-beton-font-grise-mine\/109883\/"},"wordCount":215,"image":{"@id":"https:\/\/batijournal.com\/index.php\/les-produits-prefabriques-en-beton-font-grise-mine\/109883\/#primaryimage"},"thumbnailUrl":"https:\/\/batijournal.com\/wp-content\/uploads\/2024\/01\/Produits-prefabriques-beton-Demonstrateur-Olympi.jpg","keywords":["b\u00e9ton"],"articleSection":["A la Une","Actualit\u00e9s","\u00c9conomie &amp; March\u00e9s","zz_5fa\u00e7ades","zz_Actualit\u00e9s - 5fa\u00e7ades"],"inLanguage":"fr-FR"},{"@type":"WebPage","@id":"https:\/\/batijournal.com\/index.php\/les-produits-prefabriques-en-beton-font-grise-mine\/109883\/","url":"https:\/\/batijournal.com\/index.php\/les-produits-prefabriques-en-beton-font-grise-mine\/109883\/","name":"Les produits pr\u00e9fabriqu\u00e9s en b\u00e9ton font grise mine","isPartOf":{"@id":"https:\/\/batijournal.com\/#website"},"primaryImageOfPage":{"@id":"https:\/\/batijournal.com\/index.php\/les-produits-prefabriques-en-beton-font-grise-mine\/109883\/#primaryimage"},"image":{"@id":"https:\/\/batijournal.com\/index.php\/les-produits-prefabriques-en-beton-font-grise-mine\/109883\/#primaryimage"},"thumbnailUrl":"https:\/\/batijournal.com\/wp-content\/uploads\/2024\/01\/Produits-prefabriques-beton-Demonstrateur-Olympi.jpg","datePublished":"2024-01-16T08:16:27+00:00","author":{"@id":"https:\/\/batijournal.com\/#\/schema\/person\/1dc96ec6957aa1ccb25ebe78bb19f100"},"breadcrumb":{"@id":"https:\/\/batijournal.com\/index.php\/les-produits-prefabriques-en-beton-font-grise-mine\/109883\/#breadcrumb"},"inLanguage":"fr-FR","potentialAction":[{"@type":"ReadAction","target":["https:\/\/batijournal.com\/index.php\/les-produits-prefabriques-en-beton-font-grise-mine\/109883\/"]}]},{"@type":"ImageObject","inLanguage":"fr-FR","@id":"https:\/\/batijournal.com\/index.php\/les-produits-prefabriques-en-beton-font-grise-mine\/109883\/#primaryimage","url":"https:\/\/batijournal.com\/wp-content\/uploads\/2024\/01\/Produits-prefabriques-beton-Demonstrateur-Olympi.jpg","contentUrl":"https:\/\/batijournal.com\/wp-content\/uploads\/2024\/01\/Produits-prefabriques-beton-Demonstrateur-Olympi.jpg","width":1000,"height":750},{"@type":"BreadcrumbList","@id":"https:\/\/batijournal.com\/index.php\/les-produits-prefabriques-en-beton-font-grise-mine\/109883\/#breadcrumb","itemListElement":[{"@type":"ListItem","position":1,"name":"Accueil","item":"https:\/\/batijournal.com\/"},{"@type":"ListItem","position":2,"name":"A la Une","item":"https:\/\/batijournal.com\/index.php\/category\/a-la-une\/"},{"@type":"ListItem","position":3,"name":"Les produits pr\u00e9fabriqu\u00e9s en b\u00e9ton font grise mine"}]},{"@type":"WebSite","@id":"https:\/\/batijournal.com\/#website","url":"https:\/\/batijournal.com\/","name":"Batijournal","description":"L&#039;actualit\u00e9 du b\u00e2timent","potentialAction":[{"@type":"SearchAction","target":{"@type":"EntryPoint","urlTemplate":"https:\/\/batijournal.com\/?s={search_term_string}"},"query-input":{"@type":"PropertyValueSpecification","valueRequired":true,"valueName":"search_term_string"}}],"inLanguage":"fr-FR"},{"@type":"Person","@id":"https:\/\/batijournal.com\/#\/schema\/person\/1dc96ec6957aa1ccb25ebe78bb19f100","name":"St\u00e9phane Miget","image":{"@type":"ImageObject","inLanguage":"fr-FR","@id":"https:\/\/secure.gravatar.com\/avatar\/89915563d925342126b8ef0281b93d9d7fc337043e8df017f780908eb9644451?s=96&d=mm&r=g","url":"https:\/\/secure.gravatar.com\/avatar\/89915563d925342126b8ef0281b93d9d7fc337043e8df017f780908eb9644451?s=96&d=mm&r=g","contentUrl":"https:\/\/secure.gravatar.com\/avatar\/89915563d925342126b8ef0281b93d9d7fc337043e8df017f780908eb9644451?s=96&d=mm&r=g","caption":"St\u00e9phane Miget"},"url":"https:\/\/batijournal.com\/index.php\/author\/stephane\/"}]}},"_links":{"self":[{"href":"https:\/\/batijournal.com\/index.php\/wp-json\/wp\/v2\/posts\/109883","targetHints":{"allow":["GET"]}}],"collection":[{"href":"https:\/\/batijournal.com\/index.php\/wp-json\/wp\/v2\/posts"}],"about":[{"href":"https:\/\/batijournal.com\/index.php\/wp-json\/wp\/v2\/types\/post"}],"author":[{"embeddable":true,"href":"https:\/\/batijournal.com\/index.php\/wp-json\/wp\/v2\/users\/17"}],"replies":[{"embeddable":true,"href":"https:\/\/batijournal.com\/index.php\/wp-json\/wp\/v2\/comments?post=109883"}],"version-history":[{"count":0,"href":"https:\/\/batijournal.com\/index.php\/wp-json\/wp\/v2\/posts\/109883\/revisions"}],"wp:featuredmedia":[{"embeddable":true,"href":"https:\/\/batijournal.com\/index.php\/wp-json\/wp\/v2\/media\/109884"}],"wp:attachment":[{"href":"https:\/\/batijournal.com\/index.php\/wp-json\/wp\/v2\/media?parent=109883"}],"wp:term":[{"taxonomy":"category","embeddable":true,"href":"https:\/\/batijournal.com\/index.php\/wp-json\/wp\/v2\/categories?post=109883"},{"taxonomy":"post_tag","embeddable":true,"href":"https:\/\/batijournal.com\/index.php\/wp-json\/wp\/v2\/tags?post=109883"}],"curies":[{"name":"wp","href":"https:\/\/api.w.org\/{rel}","templated":true}]}}