{"id":109929,"date":"2024-01-25T18:54:10","date_gmt":"2024-01-25T17:54:10","guid":{"rendered":"https:\/\/batijournal.com\/?p=109929"},"modified":"2024-01-25T18:54:10","modified_gmt":"2024-01-25T17:54:10","slug":"une-mallette-pedagogique-rebatir-notre-dame-de-paris-pour-susciter-les-vocations","status":"publish","type":"post","link":"https:\/\/batijournal.com\/index.php\/une-mallette-pedagogique-rebatir-notre-dame-de-paris-pour-susciter-les-vocations\/109929\/","title":{"rendered":"Une mallette p\u00e9dagogique Reb\u00e2tir Notre-Dame de Paris pour susciter les vocations"},"content":{"rendered":"<p>Cr\u00e9\u00e9e par l\u2019\u00e9tablissement public Reb\u00e2tir Notre-Dame de Paris, ma\u00eetre d\u2019ouvrage du chantier de restauration, la mallette invite les 12-17 ans \u00e0 explorer \u00e0 travers 13 activit\u00e9s in\u00e9dites les m\u00e9tiers et \u00e0 r\u00e9fl\u00e9chir sur des sujets phares du chantier tels que la restauration des charpentes, la planification des travaux pour garantir la r\u00e9ouverture programm\u00e9e en d\u00e9cembre 2024 ou encore le choix de techniques de restauration. Con\u00e7ue comme un outil autonome, la mallette permet aux m\u00e9diateurs \u2013 qu\u2019ils soient enseignants, encadrants ou animateurs \u2013 d\u2019organiser des s\u00e9ances d\u2019activit\u00e9s avec une approche ludique et exp\u00e9rimentale du chantier et de ses m\u00e9tiers. Dans leurs classes et dans des cadres associatifs ou p\u00e9riscolaires, la mallette est utilisable simultan\u00e9ment par 5 et jusqu\u2019\u00e0 120 joueurs. Les 13 activit\u00e9s, d\u2019une dur\u00e9e de 20 \u00e0 30 minutes chacune, proposent au total plus de cinq heures d\u2019animation. Les activit\u00e9s de la mallette sont con\u00e7ues pour \u00eatre r\u00e9utilisables et rejouables \u00e0 l\u2019infini et ne demandant aucun mat\u00e9riel suppl\u00e9mentaire.<\/p>\n<p>Photo : Romaric Toussaint \u00a9 EP RNDP<\/p>\n<p>&nbsp;<\/p>\n","protected":false},"excerpt":{"rendered":"<p>Cr\u00e9\u00e9e par l\u2019\u00e9tablissement public Reb\u00e2tir Notre-Dame de Paris, ma\u00eetre d\u2019ouvrage du chantier de restauration, la mallette invite les 12-17 ans \u00e0 explorer \u00e0 travers 13 activit\u00e9s in\u00e9dites les m\u00e9tiers et \u00e0 r\u00e9fl\u00e9chir sur des sujets phares du chantier tels que la restauration des charpentes, la planification des travaux pour garantir la r\u00e9ouverture programm\u00e9e en d\u00e9cembre [&hellip;]<\/p>\n","protected":false},"author":17,"featured_media":109930,"comment_status":"closed","ping_status":"closed","sticky":false,"template":"","format":"standard","meta":{"_et_pb_use_builder":"","_et_pb_old_content":"","_et_gb_content_width":"","footnotes":""},"categories":[10530,6362,10789,10785],"tags":[6842],"class_list":["post-109929","post","type-post","status-publish","format-standard","has-post-thumbnail","hentry","category-actualites","category-services-equipements","category-publications-atrium","category-atrium","tag-notre-dame-de-paris"],"yoast_head":"<!-- This site is optimized with the Yoast SEO plugin v27.4 - https:\/\/yoast.com\/product\/yoast-seo-wordpress\/ -->\n<title>Une mallette p\u00e9dagogique Reb\u00e2tir Notre-Dame de Paris pour susciter les vocations<\/title>\n<meta name=\"robots\" content=\"index, follow, max-snippet:-1, max-image-preview:large, max-video-preview:-1\" \/>\n<link rel=\"canonical\" href=\"https:\/\/batijournal.com\/index.php\/une-mallette-pedagogique-rebatir-notre-dame-de-paris-pour-susciter-les-vocations\/109929\/\" \/>\n<meta property=\"og:locale\" content=\"fr_FR\" \/>\n<meta property=\"og:type\" content=\"article\" \/>\n<meta property=\"og:title\" content=\"Une mallette p\u00e9dagogique Reb\u00e2tir Notre-Dame de Paris pour susciter les vocations\" \/>\n<meta property=\"og:description\" content=\"Cr\u00e9\u00e9e par l\u2019\u00e9tablissement public Reb\u00e2tir Notre-Dame de Paris, ma\u00eetre d\u2019ouvrage du chantier de restauration, la mallette invite les 12-17 ans \u00e0 explorer \u00e0 travers 13 activit\u00e9s in\u00e9dites les m\u00e9tiers et \u00e0 r\u00e9fl\u00e9chir sur des sujets phares du chantier tels que la restauration des charpentes, la planification des travaux pour garantir la r\u00e9ouverture programm\u00e9e en d\u00e9cembre [&hellip;]\" \/>\n<meta property=\"og:url\" content=\"https:\/\/batijournal.com\/index.php\/une-mallette-pedagogique-rebatir-notre-dame-de-paris-pour-susciter-les-vocations\/109929\/\" \/>\n<meta property=\"og:site_name\" content=\"Batijournal\" \/>\n<meta property=\"article:published_time\" content=\"2024-01-25T17:54:10+00:00\" \/>\n<meta property=\"og:image\" content=\"https:\/\/batijournal.com\/wp-content\/uploads\/2024\/01\/Mallette-pedagogique-Rebatir-Notre-Dame-de-Paris.jpg\" \/>\n\t<meta property=\"og:image:width\" content=\"1000\" \/>\n\t<meta property=\"og:image:height\" content=\"667\" \/>\n\t<meta property=\"og:image:type\" content=\"image\/jpeg\" \/>\n<meta name=\"author\" content=\"St\u00e9phane Miget\" \/>\n<meta name=\"twitter:card\" content=\"summary_large_image\" \/>\n<meta name=\"twitter:creator\" content=\"@bati_journal\" \/>\n<meta name=\"twitter:site\" content=\"@bati_journal\" \/>\n<meta name=\"twitter:label1\" content=\"\u00c9crit par\" \/>\n\t<meta name=\"twitter:data1\" content=\"St\u00e9phane Miget\" \/>\n\t<meta name=\"twitter:label2\" content=\"Dur\u00e9e de lecture estim\u00e9e\" \/>\n\t<meta name=\"twitter:data2\" content=\"1 minute\" \/>\n<script type=\"application\/ld+json\" class=\"yoast-schema-graph\">{\"@context\":\"https:\\\/\\\/schema.org\",\"@graph\":[{\"@type\":\"Article\",\"@id\":\"https:\\\/\\\/batijournal.com\\\/index.php\\\/une-mallette-pedagogique-rebatir-notre-dame-de-paris-pour-susciter-les-vocations\\\/109929\\\/#article\",\"isPartOf\":{\"@id\":\"https:\\\/\\\/batijournal.com\\\/index.php\\\/une-mallette-pedagogique-rebatir-notre-dame-de-paris-pour-susciter-les-vocations\\\/109929\\\/\"},\"author\":{\"name\":\"St\u00e9phane Miget\",\"@id\":\"https:\\\/\\\/batijournal.com\\\/#\\\/schema\\\/person\\\/1dc96ec6957aa1ccb25ebe78bb19f100\"},\"headline\":\"Une mallette p\u00e9dagogique Reb\u00e2tir Notre-Dame de Paris pour susciter les vocations\",\"datePublished\":\"2024-01-25T17:54:10+00:00\",\"mainEntityOfPage\":{\"@id\":\"https:\\\/\\\/batijournal.com\\\/index.php\\\/une-mallette-pedagogique-rebatir-notre-dame-de-paris-pour-susciter-les-vocations\\\/109929\\\/\"},\"wordCount\":197,\"image\":{\"@id\":\"https:\\\/\\\/batijournal.com\\\/index.php\\\/une-mallette-pedagogique-rebatir-notre-dame-de-paris-pour-susciter-les-vocations\\\/109929\\\/#primaryimage\"},\"thumbnailUrl\":\"https:\\\/\\\/batijournal.com\\\/wp-content\\\/uploads\\\/2024\\\/01\\\/Mallette-pedagogique-Rebatir-Notre-Dame-de-Paris.jpg\",\"keywords\":[\"notre dame de paris\"],\"articleSection\":[\"Actualit\u00e9s\",\"Divers\",\"zz_Actualit\u00e9s - Atrium\",\"zz_Atrium Patrimoine\"],\"inLanguage\":\"fr-FR\"},{\"@type\":\"WebPage\",\"@id\":\"https:\\\/\\\/batijournal.com\\\/index.php\\\/une-mallette-pedagogique-rebatir-notre-dame-de-paris-pour-susciter-les-vocations\\\/109929\\\/\",\"url\":\"https:\\\/\\\/batijournal.com\\\/index.php\\\/une-mallette-pedagogique-rebatir-notre-dame-de-paris-pour-susciter-les-vocations\\\/109929\\\/\",\"name\":\"Une mallette p\u00e9dagogique Reb\u00e2tir Notre-Dame de Paris pour susciter les vocations\",\"isPartOf\":{\"@id\":\"https:\\\/\\\/batijournal.com\\\/#website\"},\"primaryImageOfPage\":{\"@id\":\"https:\\\/\\\/batijournal.com\\\/index.php\\\/une-mallette-pedagogique-rebatir-notre-dame-de-paris-pour-susciter-les-vocations\\\/109929\\\/#primaryimage\"},\"image\":{\"@id\":\"https:\\\/\\\/batijournal.com\\\/index.php\\\/une-mallette-pedagogique-rebatir-notre-dame-de-paris-pour-susciter-les-vocations\\\/109929\\\/#primaryimage\"},\"thumbnailUrl\":\"https:\\\/\\\/batijournal.com\\\/wp-content\\\/uploads\\\/2024\\\/01\\\/Mallette-pedagogique-Rebatir-Notre-Dame-de-Paris.jpg\",\"datePublished\":\"2024-01-25T17:54:10+00:00\",\"author\":{\"@id\":\"https:\\\/\\\/batijournal.com\\\/#\\\/schema\\\/person\\\/1dc96ec6957aa1ccb25ebe78bb19f100\"},\"breadcrumb\":{\"@id\":\"https:\\\/\\\/batijournal.com\\\/index.php\\\/une-mallette-pedagogique-rebatir-notre-dame-de-paris-pour-susciter-les-vocations\\\/109929\\\/#breadcrumb\"},\"inLanguage\":\"fr-FR\",\"potentialAction\":[{\"@type\":\"ReadAction\",\"target\":[\"https:\\\/\\\/batijournal.com\\\/index.php\\\/une-mallette-pedagogique-rebatir-notre-dame-de-paris-pour-susciter-les-vocations\\\/109929\\\/\"]}]},{\"@type\":\"ImageObject\",\"inLanguage\":\"fr-FR\",\"@id\":\"https:\\\/\\\/batijournal.com\\\/index.php\\\/une-mallette-pedagogique-rebatir-notre-dame-de-paris-pour-susciter-les-vocations\\\/109929\\\/#primaryimage\",\"url\":\"https:\\\/\\\/batijournal.com\\\/wp-content\\\/uploads\\\/2024\\\/01\\\/Mallette-pedagogique-Rebatir-Notre-Dame-de-Paris.jpg\",\"contentUrl\":\"https:\\\/\\\/batijournal.com\\\/wp-content\\\/uploads\\\/2024\\\/01\\\/Mallette-pedagogique-Rebatir-Notre-Dame-de-Paris.jpg\",\"width\":1000,\"height\":667},{\"@type\":\"BreadcrumbList\",\"@id\":\"https:\\\/\\\/batijournal.com\\\/index.php\\\/une-mallette-pedagogique-rebatir-notre-dame-de-paris-pour-susciter-les-vocations\\\/109929\\\/#breadcrumb\",\"itemListElement\":[{\"@type\":\"ListItem\",\"position\":1,\"name\":\"Accueil\",\"item\":\"https:\\\/\\\/batijournal.com\\\/\"},{\"@type\":\"ListItem\",\"position\":2,\"name\":\"Actualit\u00e9s\",\"item\":\"https:\\\/\\\/batijournal.com\\\/index.php\\\/category\\\/actualites\\\/\"},{\"@type\":\"ListItem\",\"position\":3,\"name\":\"Une mallette p\u00e9dagogique Reb\u00e2tir Notre-Dame de Paris pour susciter les vocations\"}]},{\"@type\":\"WebSite\",\"@id\":\"https:\\\/\\\/batijournal.com\\\/#website\",\"url\":\"https:\\\/\\\/batijournal.com\\\/\",\"name\":\"Batijournal\",\"description\":\"L&#039;actualit\u00e9 du b\u00e2timent\",\"potentialAction\":[{\"@type\":\"SearchAction\",\"target\":{\"@type\":\"EntryPoint\",\"urlTemplate\":\"https:\\\/\\\/batijournal.com\\\/?s={search_term_string}\"},\"query-input\":{\"@type\":\"PropertyValueSpecification\",\"valueRequired\":true,\"valueName\":\"search_term_string\"}}],\"inLanguage\":\"fr-FR\"},{\"@type\":\"Person\",\"@id\":\"https:\\\/\\\/batijournal.com\\\/#\\\/schema\\\/person\\\/1dc96ec6957aa1ccb25ebe78bb19f100\",\"name\":\"St\u00e9phane Miget\",\"image\":{\"@type\":\"ImageObject\",\"inLanguage\":\"fr-FR\",\"@id\":\"https:\\\/\\\/secure.gravatar.com\\\/avatar\\\/89915563d925342126b8ef0281b93d9d7fc337043e8df017f780908eb9644451?s=96&d=mm&r=g\",\"url\":\"https:\\\/\\\/secure.gravatar.com\\\/avatar\\\/89915563d925342126b8ef0281b93d9d7fc337043e8df017f780908eb9644451?s=96&d=mm&r=g\",\"contentUrl\":\"https:\\\/\\\/secure.gravatar.com\\\/avatar\\\/89915563d925342126b8ef0281b93d9d7fc337043e8df017f780908eb9644451?s=96&d=mm&r=g\",\"caption\":\"St\u00e9phane Miget\"},\"url\":\"https:\\\/\\\/batijournal.com\\\/index.php\\\/author\\\/stephane\\\/\"}]}<\/script>\n<!-- \/ Yoast SEO plugin. -->","yoast_head_json":{"title":"Une mallette p\u00e9dagogique Reb\u00e2tir Notre-Dame de Paris pour susciter les vocations","robots":{"index":"index","follow":"follow","max-snippet":"max-snippet:-1","max-image-preview":"max-image-preview:large","max-video-preview":"max-video-preview:-1"},"canonical":"https:\/\/batijournal.com\/index.php\/une-mallette-pedagogique-rebatir-notre-dame-de-paris-pour-susciter-les-vocations\/109929\/","og_locale":"fr_FR","og_type":"article","og_title":"Une mallette p\u00e9dagogique Reb\u00e2tir Notre-Dame de Paris pour susciter les vocations","og_description":"Cr\u00e9\u00e9e par l\u2019\u00e9tablissement public Reb\u00e2tir Notre-Dame de Paris, ma\u00eetre d\u2019ouvrage du chantier de restauration, la mallette invite les 12-17 ans \u00e0 explorer \u00e0 travers 13 activit\u00e9s in\u00e9dites les m\u00e9tiers et \u00e0 r\u00e9fl\u00e9chir sur des sujets phares du chantier tels que la restauration des charpentes, la planification des travaux pour garantir la r\u00e9ouverture programm\u00e9e en d\u00e9cembre [&hellip;]","og_url":"https:\/\/batijournal.com\/index.php\/une-mallette-pedagogique-rebatir-notre-dame-de-paris-pour-susciter-les-vocations\/109929\/","og_site_name":"Batijournal","article_published_time":"2024-01-25T17:54:10+00:00","og_image":[{"width":1000,"height":667,"url":"https:\/\/batijournal.com\/wp-content\/uploads\/2024\/01\/Mallette-pedagogique-Rebatir-Notre-Dame-de-Paris.jpg","type":"image\/jpeg"}],"author":"St\u00e9phane Miget","twitter_card":"summary_large_image","twitter_creator":"@bati_journal","twitter_site":"@bati_journal","twitter_misc":{"\u00c9crit par":"St\u00e9phane Miget","Dur\u00e9e de lecture estim\u00e9e":"1 minute"},"schema":{"@context":"https:\/\/schema.org","@graph":[{"@type":"Article","@id":"https:\/\/batijournal.com\/index.php\/une-mallette-pedagogique-rebatir-notre-dame-de-paris-pour-susciter-les-vocations\/109929\/#article","isPartOf":{"@id":"https:\/\/batijournal.com\/index.php\/une-mallette-pedagogique-rebatir-notre-dame-de-paris-pour-susciter-les-vocations\/109929\/"},"author":{"name":"St\u00e9phane Miget","@id":"https:\/\/batijournal.com\/#\/schema\/person\/1dc96ec6957aa1ccb25ebe78bb19f100"},"headline":"Une mallette p\u00e9dagogique Reb\u00e2tir Notre-Dame de Paris pour susciter les vocations","datePublished":"2024-01-25T17:54:10+00:00","mainEntityOfPage":{"@id":"https:\/\/batijournal.com\/index.php\/une-mallette-pedagogique-rebatir-notre-dame-de-paris-pour-susciter-les-vocations\/109929\/"},"wordCount":197,"image":{"@id":"https:\/\/batijournal.com\/index.php\/une-mallette-pedagogique-rebatir-notre-dame-de-paris-pour-susciter-les-vocations\/109929\/#primaryimage"},"thumbnailUrl":"https:\/\/batijournal.com\/wp-content\/uploads\/2024\/01\/Mallette-pedagogique-Rebatir-Notre-Dame-de-Paris.jpg","keywords":["notre dame de paris"],"articleSection":["Actualit\u00e9s","Divers","zz_Actualit\u00e9s - Atrium","zz_Atrium Patrimoine"],"inLanguage":"fr-FR"},{"@type":"WebPage","@id":"https:\/\/batijournal.com\/index.php\/une-mallette-pedagogique-rebatir-notre-dame-de-paris-pour-susciter-les-vocations\/109929\/","url":"https:\/\/batijournal.com\/index.php\/une-mallette-pedagogique-rebatir-notre-dame-de-paris-pour-susciter-les-vocations\/109929\/","name":"Une mallette p\u00e9dagogique Reb\u00e2tir Notre-Dame de Paris pour susciter les vocations","isPartOf":{"@id":"https:\/\/batijournal.com\/#website"},"primaryImageOfPage":{"@id":"https:\/\/batijournal.com\/index.php\/une-mallette-pedagogique-rebatir-notre-dame-de-paris-pour-susciter-les-vocations\/109929\/#primaryimage"},"image":{"@id":"https:\/\/batijournal.com\/index.php\/une-mallette-pedagogique-rebatir-notre-dame-de-paris-pour-susciter-les-vocations\/109929\/#primaryimage"},"thumbnailUrl":"https:\/\/batijournal.com\/wp-content\/uploads\/2024\/01\/Mallette-pedagogique-Rebatir-Notre-Dame-de-Paris.jpg","datePublished":"2024-01-25T17:54:10+00:00","author":{"@id":"https:\/\/batijournal.com\/#\/schema\/person\/1dc96ec6957aa1ccb25ebe78bb19f100"},"breadcrumb":{"@id":"https:\/\/batijournal.com\/index.php\/une-mallette-pedagogique-rebatir-notre-dame-de-paris-pour-susciter-les-vocations\/109929\/#breadcrumb"},"inLanguage":"fr-FR","potentialAction":[{"@type":"ReadAction","target":["https:\/\/batijournal.com\/index.php\/une-mallette-pedagogique-rebatir-notre-dame-de-paris-pour-susciter-les-vocations\/109929\/"]}]},{"@type":"ImageObject","inLanguage":"fr-FR","@id":"https:\/\/batijournal.com\/index.php\/une-mallette-pedagogique-rebatir-notre-dame-de-paris-pour-susciter-les-vocations\/109929\/#primaryimage","url":"https:\/\/batijournal.com\/wp-content\/uploads\/2024\/01\/Mallette-pedagogique-Rebatir-Notre-Dame-de-Paris.jpg","contentUrl":"https:\/\/batijournal.com\/wp-content\/uploads\/2024\/01\/Mallette-pedagogique-Rebatir-Notre-Dame-de-Paris.jpg","width":1000,"height":667},{"@type":"BreadcrumbList","@id":"https:\/\/batijournal.com\/index.php\/une-mallette-pedagogique-rebatir-notre-dame-de-paris-pour-susciter-les-vocations\/109929\/#breadcrumb","itemListElement":[{"@type":"ListItem","position":1,"name":"Accueil","item":"https:\/\/batijournal.com\/"},{"@type":"ListItem","position":2,"name":"Actualit\u00e9s","item":"https:\/\/batijournal.com\/index.php\/category\/actualites\/"},{"@type":"ListItem","position":3,"name":"Une mallette p\u00e9dagogique Reb\u00e2tir Notre-Dame de Paris pour susciter les vocations"}]},{"@type":"WebSite","@id":"https:\/\/batijournal.com\/#website","url":"https:\/\/batijournal.com\/","name":"Batijournal","description":"L&#039;actualit\u00e9 du b\u00e2timent","potentialAction":[{"@type":"SearchAction","target":{"@type":"EntryPoint","urlTemplate":"https:\/\/batijournal.com\/?s={search_term_string}"},"query-input":{"@type":"PropertyValueSpecification","valueRequired":true,"valueName":"search_term_string"}}],"inLanguage":"fr-FR"},{"@type":"Person","@id":"https:\/\/batijournal.com\/#\/schema\/person\/1dc96ec6957aa1ccb25ebe78bb19f100","name":"St\u00e9phane Miget","image":{"@type":"ImageObject","inLanguage":"fr-FR","@id":"https:\/\/secure.gravatar.com\/avatar\/89915563d925342126b8ef0281b93d9d7fc337043e8df017f780908eb9644451?s=96&d=mm&r=g","url":"https:\/\/secure.gravatar.com\/avatar\/89915563d925342126b8ef0281b93d9d7fc337043e8df017f780908eb9644451?s=96&d=mm&r=g","contentUrl":"https:\/\/secure.gravatar.com\/avatar\/89915563d925342126b8ef0281b93d9d7fc337043e8df017f780908eb9644451?s=96&d=mm&r=g","caption":"St\u00e9phane Miget"},"url":"https:\/\/batijournal.com\/index.php\/author\/stephane\/"}]}},"_links":{"self":[{"href":"https:\/\/batijournal.com\/index.php\/wp-json\/wp\/v2\/posts\/109929","targetHints":{"allow":["GET"]}}],"collection":[{"href":"https:\/\/batijournal.com\/index.php\/wp-json\/wp\/v2\/posts"}],"about":[{"href":"https:\/\/batijournal.com\/index.php\/wp-json\/wp\/v2\/types\/post"}],"author":[{"embeddable":true,"href":"https:\/\/batijournal.com\/index.php\/wp-json\/wp\/v2\/users\/17"}],"replies":[{"embeddable":true,"href":"https:\/\/batijournal.com\/index.php\/wp-json\/wp\/v2\/comments?post=109929"}],"version-history":[{"count":0,"href":"https:\/\/batijournal.com\/index.php\/wp-json\/wp\/v2\/posts\/109929\/revisions"}],"wp:featuredmedia":[{"embeddable":true,"href":"https:\/\/batijournal.com\/index.php\/wp-json\/wp\/v2\/media\/109930"}],"wp:attachment":[{"href":"https:\/\/batijournal.com\/index.php\/wp-json\/wp\/v2\/media?parent=109929"}],"wp:term":[{"taxonomy":"category","embeddable":true,"href":"https:\/\/batijournal.com\/index.php\/wp-json\/wp\/v2\/categories?post=109929"},{"taxonomy":"post_tag","embeddable":true,"href":"https:\/\/batijournal.com\/index.php\/wp-json\/wp\/v2\/tags?post=109929"}],"curies":[{"name":"wp","href":"https:\/\/api.w.org\/{rel}","templated":true}]}}