{"id":109944,"date":"2024-01-28T22:09:30","date_gmt":"2024-01-28T21:09:30","guid":{"rendered":"https:\/\/batijournal.com\/?p=109944"},"modified":"2024-01-31T10:06:41","modified_gmt":"2024-01-31T09:06:41","slug":"lappel-de-lalliance-pour-le-logement-il-faut-rearmer-le-logement","status":"publish","type":"post","link":"https:\/\/batijournal.com\/index.php\/lappel-de-lalliance-pour-le-logement-il-faut-rearmer-le-logement\/109944\/","title":{"rendered":"L&rsquo;appel de l&rsquo;Alliance pour le logement : \u00ab\u00a0Il faut r\u00e9armer le logement !\u00a0\u00bb"},"content":{"rendered":"<p>\u00c0 la demande de l\u2019Alliance pour le logement (FFB, USH, FNAIM, FPI, P\u00f4le Habitat-FFB, Procivis, UNIS, UNNE, UNSFA, UNTEC), Viavoice a r\u00e9alis\u00e9 une enqu\u00eate \u00ab Les Fran\u00e7ais et leur perception de la crise du logement \u00bb. D&rsquo;apr\u00e8s cette \u00e9tude 83% des Fran\u00e7ais pensent qu&rsquo;il y a une crise du logement aujourd&rsquo;hui en France et 76% estiment que le gouvernement ne prend gu\u00e8re la mesure de la crise du logement et ne fait pas le n\u00e9cessaire pour la r\u00e9soudre. La conjoncture est morose. En 2023, avec environ 280 000 mises en chantier, la France a ateint, en neuf, un niveau proche de ses plus bas historiques relev\u00e9s au d\u00e9but des ann\u00e9es 1990. Quant aux transactions dans l\u2019ancien, elles passent sous le seuil des 900 000 logements et vont continuer \u00e0 baisser en 2024. Face \u00e0 ces constats, l&rsquo;Alliance pour le logement demande au nouveau gouvernement de pr\u00e9ciser les grandes lignes de sa politique du logement et sa strat\u00e9gie pour les 3 ans \u00e0 venir. Pour accompagner les Fran\u00e7ais dans leur demande l\u00e9gitime de parcours r\u00e9sidentiel et sortir de la grave crise du logement qui s\u2019est install\u00e9e, les membres de l\u2019Alliance, dans leur diversit\u00e9, ont identifi\u00e9 des sujets urgents et sur lesquels ils ont interpell\u00e9 le gouvernement :<\/p>\n<p>&#8211; R\u00e9tablir le pr\u00eat \u00e0 taux z\u00e9ro qui, depuis sa cr\u00e9ation, il y a pr\u00e8s de 30 ans, a permis \u00e0 plus de 3,6 millions de familles d\u2019acc\u00e9der \u00e0 la propri\u00e9t\u00e9.<br \/>\n&#8211; Dynamiser temporairement l\u2019acquisition des logements dans le neuf par une exon\u00e9ration partielle des droits de mutation.<br \/>\n&#8211; Limiter les refus de cr\u00e9dit en assouplissant v\u00e9ritablement ou en suspendant temporairement les r\u00e8gles du Haut Conseil de Stabilit\u00e9 Financi\u00e8re.<br \/>\n&#8211; Faciliter la transmission entre membres d\u2019une m\u00eame famille pour construire ou acqu\u00e9rir une r\u00e9sidence principale.<br \/>\n&#8211; Metre en place un statut du bailleur priv\u00e9, v\u00e9ritable dispositif p\u00e9renne d\u2019amortissement qui permetrait de faciliter l\u2019investissement des propri\u00e9taires dans le neuf comme dans l\u2019ancien.<br \/>\n&#8211; Prendre de r\u00e9elles mesures afin de massifier la r\u00e9novation \u00e9nerg\u00e9tique pour tous les m\u00e9nages : simplifier et stabiliser les modalit\u00e9s ainsi que les conditions de financement.<br \/>\n&#8211; Revenir sur la baisse des APL qui fait peser tous les ans un pr\u00e9l\u00e8vement de 1,3 milliard d\u2019euros sur les bailleurs sociaux et restaurer leurs capacit\u00e9s d\u2019investissement en revenant \u00e0 un taux de TVA r\u00e9duit de 5,5 %.<\/p>\n<p>Les membres de l\u2019Alliance rappellent qu\u2019ils ne pourront pas se satisfaire d\u2019un vague projet de d\u00e9centralisation qui conduirait \u00e0 masquer l\u2019absence de politique en mati\u00e8re de logement. Dans la mesure o\u00f9 les atendus demeurent flous et sans \u00e9valuation s\u00e9rieuse \u00e0 ce stade, de nombreuses questions se posent sur les moyens et comp\u00e9tences associ\u00e9s \u00e0 cete d\u00e9marche.\u00a0L\u2019Alliance insiste \u00e9galement sur l\u2019indispensable \u00e9valuation des besoins en logements, tant sur le plan qualitatif que quantitatif : c\u2019est un imp\u00e9ratif majeur compte tenu des enjeux en mati\u00e8re de strat\u00e9gie nationale bas carbone, d\u2019am\u00e9nagement des territoires et de lien emploi- logement.<\/p>\n","protected":false},"excerpt":{"rendered":"<p>\u00c0 la demande de l\u2019Alliance pour le logement (FFB, USH, FNAIM, FPI, P\u00f4le Habitat-FFB, Procivis, UNIS, UNNE, UNSFA, UNTEC), Viavoice a r\u00e9alis\u00e9 une enqu\u00eate \u00ab Les Fran\u00e7ais et leur perception de la crise du logement \u00bb. D&rsquo;apr\u00e8s cette \u00e9tude 83% des Fran\u00e7ais pensent qu&rsquo;il y a une crise du logement aujourd&rsquo;hui en France et 76% [&hellip;]<\/p>\n","protected":false},"author":17,"featured_media":109945,"comment_status":"closed","ping_status":"closed","sticky":false,"template":"","format":"standard","meta":{"_et_pb_use_builder":"","_et_pb_old_content":"","_et_gb_content_width":"","footnotes":""},"categories":[10736,10530,6345],"tags":[13229,13095,2020],"class_list":["post-109944","post","type-post","status-publish","format-standard","has-post-thumbnail","hentry","category-a-la-une","category-actualites","category-economie-marches","tag-alliance-pour-le-logement","tag-crise","tag-logement"],"yoast_head":"<!-- This site is optimized with the Yoast SEO plugin v27.4 - https:\/\/yoast.com\/product\/yoast-seo-wordpress\/ -->\n<title>L&#039;appel de l&#039;Alliance pour le logement : &quot;Il faut r\u00e9armer le logement !&quot;<\/title>\n<meta name=\"robots\" content=\"index, follow, max-snippet:-1, max-image-preview:large, max-video-preview:-1\" \/>\n<link rel=\"canonical\" href=\"https:\/\/batijournal.com\/index.php\/lappel-de-lalliance-pour-le-logement-il-faut-rearmer-le-logement\/109944\/\" \/>\n<meta property=\"og:locale\" content=\"fr_FR\" \/>\n<meta property=\"og:type\" content=\"article\" \/>\n<meta property=\"og:title\" content=\"L&#039;appel de l&#039;Alliance pour le logement : &quot;Il faut r\u00e9armer le logement !&quot;\" \/>\n<meta property=\"og:description\" content=\"\u00c0 la demande de l\u2019Alliance pour le logement (FFB, USH, FNAIM, FPI, P\u00f4le Habitat-FFB, Procivis, UNIS, UNNE, UNSFA, UNTEC), Viavoice a r\u00e9alis\u00e9 une enqu\u00eate \u00ab Les Fran\u00e7ais et leur perception de la crise du logement \u00bb. D&rsquo;apr\u00e8s cette \u00e9tude 83% des Fran\u00e7ais pensent qu&rsquo;il y a une crise du logement aujourd&rsquo;hui en France et 76% [&hellip;]\" \/>\n<meta property=\"og:url\" content=\"https:\/\/batijournal.com\/index.php\/lappel-de-lalliance-pour-le-logement-il-faut-rearmer-le-logement\/109944\/\" \/>\n<meta property=\"og:site_name\" content=\"Batijournal\" \/>\n<meta property=\"article:published_time\" content=\"2024-01-28T21:09:30+00:00\" \/>\n<meta property=\"article:modified_time\" content=\"2024-01-31T09:06:41+00:00\" \/>\n<meta property=\"og:image\" content=\"https:\/\/batijournal.com\/wp-content\/uploads\/2024\/01\/alliance-apl.jpg\" \/>\n\t<meta property=\"og:image:width\" content=\"700\" \/>\n\t<meta property=\"og:image:height\" content=\"493\" \/>\n\t<meta property=\"og:image:type\" content=\"image\/jpeg\" \/>\n<meta name=\"author\" content=\"St\u00e9phane Miget\" \/>\n<meta name=\"twitter:card\" content=\"summary_large_image\" \/>\n<meta name=\"twitter:creator\" content=\"@bati_journal\" \/>\n<meta name=\"twitter:site\" content=\"@bati_journal\" \/>\n<meta name=\"twitter:label1\" content=\"\u00c9crit par\" \/>\n\t<meta name=\"twitter:data1\" content=\"St\u00e9phane Miget\" \/>\n\t<meta name=\"twitter:label2\" content=\"Dur\u00e9e de lecture estim\u00e9e\" \/>\n\t<meta name=\"twitter:data2\" content=\"3 minutes\" \/>\n<script type=\"application\/ld+json\" class=\"yoast-schema-graph\">{\"@context\":\"https:\\\/\\\/schema.org\",\"@graph\":[{\"@type\":\"Article\",\"@id\":\"https:\\\/\\\/batijournal.com\\\/index.php\\\/lappel-de-lalliance-pour-le-logement-il-faut-rearmer-le-logement\\\/109944\\\/#article\",\"isPartOf\":{\"@id\":\"https:\\\/\\\/batijournal.com\\\/index.php\\\/lappel-de-lalliance-pour-le-logement-il-faut-rearmer-le-logement\\\/109944\\\/\"},\"author\":{\"name\":\"St\u00e9phane Miget\",\"@id\":\"https:\\\/\\\/batijournal.com\\\/#\\\/schema\\\/person\\\/1dc96ec6957aa1ccb25ebe78bb19f100\"},\"headline\":\"L&rsquo;appel de l&rsquo;Alliance pour le logement : \u00ab\u00a0Il faut r\u00e9armer le logement !\u00a0\u00bb\",\"datePublished\":\"2024-01-28T21:09:30+00:00\",\"dateModified\":\"2024-01-31T09:06:41+00:00\",\"mainEntityOfPage\":{\"@id\":\"https:\\\/\\\/batijournal.com\\\/index.php\\\/lappel-de-lalliance-pour-le-logement-il-faut-rearmer-le-logement\\\/109944\\\/\"},\"wordCount\":542,\"image\":{\"@id\":\"https:\\\/\\\/batijournal.com\\\/index.php\\\/lappel-de-lalliance-pour-le-logement-il-faut-rearmer-le-logement\\\/109944\\\/#primaryimage\"},\"thumbnailUrl\":\"https:\\\/\\\/batijournal.com\\\/wp-content\\\/uploads\\\/2024\\\/01\\\/alliance-apl.jpg\",\"keywords\":[\"Alliance pour le logement\",\"crise\",\"logement\"],\"articleSection\":[\"A la Une\",\"Actualit\u00e9s\",\"\u00c9conomie &amp; March\u00e9s\"],\"inLanguage\":\"fr-FR\"},{\"@type\":\"WebPage\",\"@id\":\"https:\\\/\\\/batijournal.com\\\/index.php\\\/lappel-de-lalliance-pour-le-logement-il-faut-rearmer-le-logement\\\/109944\\\/\",\"url\":\"https:\\\/\\\/batijournal.com\\\/index.php\\\/lappel-de-lalliance-pour-le-logement-il-faut-rearmer-le-logement\\\/109944\\\/\",\"name\":\"L'appel de l'Alliance pour le logement : \\\"Il faut r\u00e9armer le logement !\\\"\",\"isPartOf\":{\"@id\":\"https:\\\/\\\/batijournal.com\\\/#website\"},\"primaryImageOfPage\":{\"@id\":\"https:\\\/\\\/batijournal.com\\\/index.php\\\/lappel-de-lalliance-pour-le-logement-il-faut-rearmer-le-logement\\\/109944\\\/#primaryimage\"},\"image\":{\"@id\":\"https:\\\/\\\/batijournal.com\\\/index.php\\\/lappel-de-lalliance-pour-le-logement-il-faut-rearmer-le-logement\\\/109944\\\/#primaryimage\"},\"thumbnailUrl\":\"https:\\\/\\\/batijournal.com\\\/wp-content\\\/uploads\\\/2024\\\/01\\\/alliance-apl.jpg\",\"datePublished\":\"2024-01-28T21:09:30+00:00\",\"dateModified\":\"2024-01-31T09:06:41+00:00\",\"author\":{\"@id\":\"https:\\\/\\\/batijournal.com\\\/#\\\/schema\\\/person\\\/1dc96ec6957aa1ccb25ebe78bb19f100\"},\"breadcrumb\":{\"@id\":\"https:\\\/\\\/batijournal.com\\\/index.php\\\/lappel-de-lalliance-pour-le-logement-il-faut-rearmer-le-logement\\\/109944\\\/#breadcrumb\"},\"inLanguage\":\"fr-FR\",\"potentialAction\":[{\"@type\":\"ReadAction\",\"target\":[\"https:\\\/\\\/batijournal.com\\\/index.php\\\/lappel-de-lalliance-pour-le-logement-il-faut-rearmer-le-logement\\\/109944\\\/\"]}]},{\"@type\":\"ImageObject\",\"inLanguage\":\"fr-FR\",\"@id\":\"https:\\\/\\\/batijournal.com\\\/index.php\\\/lappel-de-lalliance-pour-le-logement-il-faut-rearmer-le-logement\\\/109944\\\/#primaryimage\",\"url\":\"https:\\\/\\\/batijournal.com\\\/wp-content\\\/uploads\\\/2024\\\/01\\\/alliance-apl.jpg\",\"contentUrl\":\"https:\\\/\\\/batijournal.com\\\/wp-content\\\/uploads\\\/2024\\\/01\\\/alliance-apl.jpg\",\"width\":700,\"height\":493},{\"@type\":\"BreadcrumbList\",\"@id\":\"https:\\\/\\\/batijournal.com\\\/index.php\\\/lappel-de-lalliance-pour-le-logement-il-faut-rearmer-le-logement\\\/109944\\\/#breadcrumb\",\"itemListElement\":[{\"@type\":\"ListItem\",\"position\":1,\"name\":\"Accueil\",\"item\":\"https:\\\/\\\/batijournal.com\\\/\"},{\"@type\":\"ListItem\",\"position\":2,\"name\":\"Actualit\u00e9s\",\"item\":\"https:\\\/\\\/batijournal.com\\\/index.php\\\/category\\\/actualites\\\/\"},{\"@type\":\"ListItem\",\"position\":3,\"name\":\"\u00c9conomie &amp; March\u00e9s\",\"item\":\"https:\\\/\\\/batijournal.com\\\/index.php\\\/category\\\/actualites\\\/economie-marches\\\/\"},{\"@type\":\"ListItem\",\"position\":4,\"name\":\"L&rsquo;appel de l&rsquo;Alliance pour le logement : \u00ab\u00a0Il faut r\u00e9armer le logement !\u00a0\u00bb\"}]},{\"@type\":\"WebSite\",\"@id\":\"https:\\\/\\\/batijournal.com\\\/#website\",\"url\":\"https:\\\/\\\/batijournal.com\\\/\",\"name\":\"Batijournal\",\"description\":\"L&#039;actualit\u00e9 du b\u00e2timent\",\"potentialAction\":[{\"@type\":\"SearchAction\",\"target\":{\"@type\":\"EntryPoint\",\"urlTemplate\":\"https:\\\/\\\/batijournal.com\\\/?s={search_term_string}\"},\"query-input\":{\"@type\":\"PropertyValueSpecification\",\"valueRequired\":true,\"valueName\":\"search_term_string\"}}],\"inLanguage\":\"fr-FR\"},{\"@type\":\"Person\",\"@id\":\"https:\\\/\\\/batijournal.com\\\/#\\\/schema\\\/person\\\/1dc96ec6957aa1ccb25ebe78bb19f100\",\"name\":\"St\u00e9phane Miget\",\"image\":{\"@type\":\"ImageObject\",\"inLanguage\":\"fr-FR\",\"@id\":\"https:\\\/\\\/secure.gravatar.com\\\/avatar\\\/89915563d925342126b8ef0281b93d9d7fc337043e8df017f780908eb9644451?s=96&d=mm&r=g\",\"url\":\"https:\\\/\\\/secure.gravatar.com\\\/avatar\\\/89915563d925342126b8ef0281b93d9d7fc337043e8df017f780908eb9644451?s=96&d=mm&r=g\",\"contentUrl\":\"https:\\\/\\\/secure.gravatar.com\\\/avatar\\\/89915563d925342126b8ef0281b93d9d7fc337043e8df017f780908eb9644451?s=96&d=mm&r=g\",\"caption\":\"St\u00e9phane Miget\"},\"url\":\"https:\\\/\\\/batijournal.com\\\/index.php\\\/author\\\/stephane\\\/\"}]}<\/script>\n<!-- \/ Yoast SEO plugin. -->","yoast_head_json":{"title":"L'appel de l'Alliance pour le logement : \"Il faut r\u00e9armer le logement !\"","robots":{"index":"index","follow":"follow","max-snippet":"max-snippet:-1","max-image-preview":"max-image-preview:large","max-video-preview":"max-video-preview:-1"},"canonical":"https:\/\/batijournal.com\/index.php\/lappel-de-lalliance-pour-le-logement-il-faut-rearmer-le-logement\/109944\/","og_locale":"fr_FR","og_type":"article","og_title":"L'appel de l'Alliance pour le logement : \"Il faut r\u00e9armer le logement !\"","og_description":"\u00c0 la demande de l\u2019Alliance pour le logement (FFB, USH, FNAIM, FPI, P\u00f4le Habitat-FFB, Procivis, UNIS, UNNE, UNSFA, UNTEC), Viavoice a r\u00e9alis\u00e9 une enqu\u00eate \u00ab Les Fran\u00e7ais et leur perception de la crise du logement \u00bb. D&rsquo;apr\u00e8s cette \u00e9tude 83% des Fran\u00e7ais pensent qu&rsquo;il y a une crise du logement aujourd&rsquo;hui en France et 76% [&hellip;]","og_url":"https:\/\/batijournal.com\/index.php\/lappel-de-lalliance-pour-le-logement-il-faut-rearmer-le-logement\/109944\/","og_site_name":"Batijournal","article_published_time":"2024-01-28T21:09:30+00:00","article_modified_time":"2024-01-31T09:06:41+00:00","og_image":[{"width":700,"height":493,"url":"https:\/\/batijournal.com\/wp-content\/uploads\/2024\/01\/alliance-apl.jpg","type":"image\/jpeg"}],"author":"St\u00e9phane Miget","twitter_card":"summary_large_image","twitter_creator":"@bati_journal","twitter_site":"@bati_journal","twitter_misc":{"\u00c9crit par":"St\u00e9phane Miget","Dur\u00e9e de lecture estim\u00e9e":"3 minutes"},"schema":{"@context":"https:\/\/schema.org","@graph":[{"@type":"Article","@id":"https:\/\/batijournal.com\/index.php\/lappel-de-lalliance-pour-le-logement-il-faut-rearmer-le-logement\/109944\/#article","isPartOf":{"@id":"https:\/\/batijournal.com\/index.php\/lappel-de-lalliance-pour-le-logement-il-faut-rearmer-le-logement\/109944\/"},"author":{"name":"St\u00e9phane Miget","@id":"https:\/\/batijournal.com\/#\/schema\/person\/1dc96ec6957aa1ccb25ebe78bb19f100"},"headline":"L&rsquo;appel de l&rsquo;Alliance pour le logement : \u00ab\u00a0Il faut r\u00e9armer le logement !\u00a0\u00bb","datePublished":"2024-01-28T21:09:30+00:00","dateModified":"2024-01-31T09:06:41+00:00","mainEntityOfPage":{"@id":"https:\/\/batijournal.com\/index.php\/lappel-de-lalliance-pour-le-logement-il-faut-rearmer-le-logement\/109944\/"},"wordCount":542,"image":{"@id":"https:\/\/batijournal.com\/index.php\/lappel-de-lalliance-pour-le-logement-il-faut-rearmer-le-logement\/109944\/#primaryimage"},"thumbnailUrl":"https:\/\/batijournal.com\/wp-content\/uploads\/2024\/01\/alliance-apl.jpg","keywords":["Alliance pour le logement","crise","logement"],"articleSection":["A la Une","Actualit\u00e9s","\u00c9conomie &amp; March\u00e9s"],"inLanguage":"fr-FR"},{"@type":"WebPage","@id":"https:\/\/batijournal.com\/index.php\/lappel-de-lalliance-pour-le-logement-il-faut-rearmer-le-logement\/109944\/","url":"https:\/\/batijournal.com\/index.php\/lappel-de-lalliance-pour-le-logement-il-faut-rearmer-le-logement\/109944\/","name":"L'appel de l'Alliance pour le logement : \"Il faut r\u00e9armer le logement !\"","isPartOf":{"@id":"https:\/\/batijournal.com\/#website"},"primaryImageOfPage":{"@id":"https:\/\/batijournal.com\/index.php\/lappel-de-lalliance-pour-le-logement-il-faut-rearmer-le-logement\/109944\/#primaryimage"},"image":{"@id":"https:\/\/batijournal.com\/index.php\/lappel-de-lalliance-pour-le-logement-il-faut-rearmer-le-logement\/109944\/#primaryimage"},"thumbnailUrl":"https:\/\/batijournal.com\/wp-content\/uploads\/2024\/01\/alliance-apl.jpg","datePublished":"2024-01-28T21:09:30+00:00","dateModified":"2024-01-31T09:06:41+00:00","author":{"@id":"https:\/\/batijournal.com\/#\/schema\/person\/1dc96ec6957aa1ccb25ebe78bb19f100"},"breadcrumb":{"@id":"https:\/\/batijournal.com\/index.php\/lappel-de-lalliance-pour-le-logement-il-faut-rearmer-le-logement\/109944\/#breadcrumb"},"inLanguage":"fr-FR","potentialAction":[{"@type":"ReadAction","target":["https:\/\/batijournal.com\/index.php\/lappel-de-lalliance-pour-le-logement-il-faut-rearmer-le-logement\/109944\/"]}]},{"@type":"ImageObject","inLanguage":"fr-FR","@id":"https:\/\/batijournal.com\/index.php\/lappel-de-lalliance-pour-le-logement-il-faut-rearmer-le-logement\/109944\/#primaryimage","url":"https:\/\/batijournal.com\/wp-content\/uploads\/2024\/01\/alliance-apl.jpg","contentUrl":"https:\/\/batijournal.com\/wp-content\/uploads\/2024\/01\/alliance-apl.jpg","width":700,"height":493},{"@type":"BreadcrumbList","@id":"https:\/\/batijournal.com\/index.php\/lappel-de-lalliance-pour-le-logement-il-faut-rearmer-le-logement\/109944\/#breadcrumb","itemListElement":[{"@type":"ListItem","position":1,"name":"Accueil","item":"https:\/\/batijournal.com\/"},{"@type":"ListItem","position":2,"name":"Actualit\u00e9s","item":"https:\/\/batijournal.com\/index.php\/category\/actualites\/"},{"@type":"ListItem","position":3,"name":"\u00c9conomie &amp; March\u00e9s","item":"https:\/\/batijournal.com\/index.php\/category\/actualites\/economie-marches\/"},{"@type":"ListItem","position":4,"name":"L&rsquo;appel de l&rsquo;Alliance pour le logement : \u00ab\u00a0Il faut r\u00e9armer le logement !\u00a0\u00bb"}]},{"@type":"WebSite","@id":"https:\/\/batijournal.com\/#website","url":"https:\/\/batijournal.com\/","name":"Batijournal","description":"L&#039;actualit\u00e9 du b\u00e2timent","potentialAction":[{"@type":"SearchAction","target":{"@type":"EntryPoint","urlTemplate":"https:\/\/batijournal.com\/?s={search_term_string}"},"query-input":{"@type":"PropertyValueSpecification","valueRequired":true,"valueName":"search_term_string"}}],"inLanguage":"fr-FR"},{"@type":"Person","@id":"https:\/\/batijournal.com\/#\/schema\/person\/1dc96ec6957aa1ccb25ebe78bb19f100","name":"St\u00e9phane Miget","image":{"@type":"ImageObject","inLanguage":"fr-FR","@id":"https:\/\/secure.gravatar.com\/avatar\/89915563d925342126b8ef0281b93d9d7fc337043e8df017f780908eb9644451?s=96&d=mm&r=g","url":"https:\/\/secure.gravatar.com\/avatar\/89915563d925342126b8ef0281b93d9d7fc337043e8df017f780908eb9644451?s=96&d=mm&r=g","contentUrl":"https:\/\/secure.gravatar.com\/avatar\/89915563d925342126b8ef0281b93d9d7fc337043e8df017f780908eb9644451?s=96&d=mm&r=g","caption":"St\u00e9phane Miget"},"url":"https:\/\/batijournal.com\/index.php\/author\/stephane\/"}]}},"_links":{"self":[{"href":"https:\/\/batijournal.com\/index.php\/wp-json\/wp\/v2\/posts\/109944","targetHints":{"allow":["GET"]}}],"collection":[{"href":"https:\/\/batijournal.com\/index.php\/wp-json\/wp\/v2\/posts"}],"about":[{"href":"https:\/\/batijournal.com\/index.php\/wp-json\/wp\/v2\/types\/post"}],"author":[{"embeddable":true,"href":"https:\/\/batijournal.com\/index.php\/wp-json\/wp\/v2\/users\/17"}],"replies":[{"embeddable":true,"href":"https:\/\/batijournal.com\/index.php\/wp-json\/wp\/v2\/comments?post=109944"}],"version-history":[{"count":0,"href":"https:\/\/batijournal.com\/index.php\/wp-json\/wp\/v2\/posts\/109944\/revisions"}],"wp:featuredmedia":[{"embeddable":true,"href":"https:\/\/batijournal.com\/index.php\/wp-json\/wp\/v2\/media\/109945"}],"wp:attachment":[{"href":"https:\/\/batijournal.com\/index.php\/wp-json\/wp\/v2\/media?parent=109944"}],"wp:term":[{"taxonomy":"category","embeddable":true,"href":"https:\/\/batijournal.com\/index.php\/wp-json\/wp\/v2\/categories?post=109944"},{"taxonomy":"post_tag","embeddable":true,"href":"https:\/\/batijournal.com\/index.php\/wp-json\/wp\/v2\/tags?post=109944"}],"curies":[{"name":"wp","href":"https:\/\/api.w.org\/{rel}","templated":true}]}}