{"id":109973,"date":"2024-02-01T11:22:30","date_gmt":"2024-02-01T10:22:30","guid":{"rendered":"https:\/\/batijournal.com\/?p=109973"},"modified":"2024-02-01T11:22:30","modified_gmt":"2024-02-01T10:22:30","slug":"fondation-abbe-pierre-la-bombe-sociale-du-mal-logement-a-explose","status":"publish","type":"post","link":"https:\/\/batijournal.com\/index.php\/fondation-abbe-pierre-la-bombe-sociale-du-mal-logement-a-explose\/109973\/","title":{"rendered":"Fondation Abb\u00e9 Pierre : la bombe sociale du mal-logement a explos\u00e9"},"content":{"rendered":"<p>Le 29e rapport sur \u00ab L\u2019\u00e9tat du mal-logement en France \u00bb, que la Fondation Abb\u00e9 Pierre rend public aujourd&rsquo;hui, 1er f\u00e9vrier 2024, est particuli\u00e8rement alarmant tant 2023 a \u00e9t\u00e9 une ann\u00e9e noire pour les mal-log\u00e9s. Tous les indicateurs montrent que la bombe sociale si redout\u00e9e a explos\u00e9. Faute d\u2019une r\u00e9ponse gouvernementale suffisante, des milliers de personnes ne disposent toujours pas d\u2019un h\u00e9bergement. Parmi les victimes de la crise figurent \u00e9galement, les plus modestes, de plus en plus de femmes et d\u2019enfants, des \u00e9tudiants qui renoncent \u00e0 leurs \u00e9tudes faute de logement, des demandeurs de logement social en concurrence pour acc\u00e9der \u00e0 un logement locatif quand la demande est quatre \u00e0 cinq fois sup\u00e9rieure \u00e0 l\u2019offre disponible annuellement et des m\u00e9nages confront\u00e9s au r\u00e9tr\u00e9cissement de l\u2019offre locative priv\u00e9e compte tenu de l\u2019emprise croissante des meubl\u00e9s touristiques. La crise touche \u00e9galement cinq millions de propri\u00e9taires et locataires qui habitent des passoires thermiques, lesquels deviennent en \u00e9t\u00e9 de v\u00e9ritables \u00ab bouilloires \u00bb, des salari\u00e9s qui \u00e9prouvent des difficult\u00e9s pour poursuivre leur trajectoire professionnelle comme des entreprises bloqu\u00e9es dans leur recrutement faute de logement\u2026<\/p>\n<p>Pour la Fondation Abb\u00e9 Pierre, la liste des actions urgentes \u00e0 mener de la part d\u2019un gouvernement qui voudrait faire reculer le mal-logement est longue : relancer le financement du logement social, revaloriser les APL, rehausser les minima sociaux, soutenir le travail social, g\u00e9n\u00e9raliser l\u2019encadrement des loyers, \u00e9riger le logement en priorit\u00e9 nationale pour que plus personne ne dorme \u00e0 la rue en prenant appui sur la philosophie du Logement d\u2019abord\u2026<\/p>\n<p>La crise en chiffres<\/p>\n<p>&#8211; 26 % DES M\u00c9NAGES ont eu froid chez eux en 2023 (14 % en 2020),<br \/>\n&#8211; 767 000 INTERVENTIONS POUR IMPAY\u00c9S d\u2019\u00e9lectrict\u00e9 en 2022 (553 000 en 2019),<br \/>\n&#8211; 93 000 M\u00c9NAGES PRIORITAIRES DALO en attente de relogement en 2022 (78 000 en 2021),<br \/>\n&#8211; 330 000 PERSONNES SANS DOMICILE (143 000 en 2012),<br \/>\n&#8211; 9 157 000 PERSONNES sous le seuil de pauvret\u00e9 en 2021 (8 565 en 2020),<br \/>\n&#8211; 8 351 PERSONNES EN DEMANDE non pourvue AU 115 chaque soir dont plus de 2 822 mineurs le 2 octobre 2023 (6 351 personnes dont 2 087 mineurs un an aupa- ravant),<br \/>\n&#8211; 2,4 MILLIONS DE M\u00c9NAGES en attente de logement social en 2022 (2 millions en 2017),<br \/>\n&#8211; 93 000 LOGEMENTS SOCIAUX financ\u00e9s en 2023 (125 000 en 2016),<br \/>\n&#8211; 166 MILLIARDS D\u2019EUROS DE CR\u00c9DITS IMMOBILIERS sur 12 mois en octobre 2023 (271 milliards un an auparavant),<br \/>\n&#8211; 295 000 LOGEMENTS mis en chantier sur les 12 derniers mois en novembre 2023 (371 000 en 2022),<br \/>\n&#8211; 378 000 LOGEMENTS autoris\u00e9s sur les 12 derniers mois en novembre 2023 (500 000 en 2022),<br \/>\n&#8211; 900 000 TRANSACTIONS immobili\u00e8res en 2023 (1,13 million en 2022).<\/p>\n","protected":false},"excerpt":{"rendered":"<p>Le 29e rapport sur \u00ab L\u2019\u00e9tat du mal-logement en France \u00bb, que la Fondation Abb\u00e9 Pierre rend public aujourd&rsquo;hui, 1er f\u00e9vrier 2024, est particuli\u00e8rement alarmant tant 2023 a \u00e9t\u00e9 une ann\u00e9e noire pour les mal-log\u00e9s. Tous les indicateurs montrent que la bombe sociale si redout\u00e9e a explos\u00e9. Faute d\u2019une r\u00e9ponse gouvernementale suffisante, des milliers de [&hellip;]<\/p>\n","protected":false},"author":17,"featured_media":109974,"comment_status":"closed","ping_status":"closed","sticky":false,"template":"","format":"standard","meta":{"_et_pb_use_builder":"","_et_pb_old_content":"","_et_gb_content_width":"","footnotes":""},"categories":[10736,10530,6345],"tags":[5200,2020,6191,13230,12119],"class_list":["post-109973","post","type-post","status-publish","format-standard","has-post-thumbnail","hentry","category-a-la-une","category-actualites","category-economie-marches","tag-fondation-abbe-pierre","tag-logement","tag-logements-sociaux","tag-mal-logement","tag-passoires-thermiques"],"yoast_head":"<!-- This site is optimized with the Yoast SEO plugin v27.4 - https:\/\/yoast.com\/product\/yoast-seo-wordpress\/ -->\n<title>Fondation Abb\u00e9 Pierre : la bombe sociale du mal-logement a explos\u00e9<\/title>\n<meta name=\"robots\" content=\"index, follow, max-snippet:-1, max-image-preview:large, max-video-preview:-1\" \/>\n<link rel=\"canonical\" href=\"https:\/\/batijournal.com\/index.php\/fondation-abbe-pierre-la-bombe-sociale-du-mal-logement-a-explose\/109973\/\" \/>\n<meta property=\"og:locale\" content=\"fr_FR\" \/>\n<meta property=\"og:type\" content=\"article\" \/>\n<meta property=\"og:title\" content=\"Fondation Abb\u00e9 Pierre : la bombe sociale du mal-logement a explos\u00e9\" \/>\n<meta property=\"og:description\" content=\"Le 29e rapport sur \u00ab L\u2019\u00e9tat du mal-logement en France \u00bb, que la Fondation Abb\u00e9 Pierre rend public aujourd&rsquo;hui, 1er f\u00e9vrier 2024, est particuli\u00e8rement alarmant tant 2023 a \u00e9t\u00e9 une ann\u00e9e noire pour les mal-log\u00e9s. Tous les indicateurs montrent que la bombe sociale si redout\u00e9e a explos\u00e9. Faute d\u2019une r\u00e9ponse gouvernementale suffisante, des milliers de [&hellip;]\" \/>\n<meta property=\"og:url\" content=\"https:\/\/batijournal.com\/index.php\/fondation-abbe-pierre-la-bombe-sociale-du-mal-logement-a-explose\/109973\/\" \/>\n<meta property=\"og:site_name\" content=\"Batijournal\" \/>\n<meta property=\"article:published_time\" content=\"2024-02-01T10:22:30+00:00\" \/>\n<meta property=\"og:image\" content=\"https:\/\/batijournal.com\/wp-content\/uploads\/2024\/02\/effort-public-pour-le-logement.png\" \/>\n\t<meta property=\"og:image:width\" content=\"823\" \/>\n\t<meta property=\"og:image:height\" content=\"540\" \/>\n\t<meta property=\"og:image:type\" content=\"image\/png\" \/>\n<meta name=\"author\" content=\"St\u00e9phane Miget\" \/>\n<meta name=\"twitter:card\" content=\"summary_large_image\" \/>\n<meta name=\"twitter:creator\" content=\"@bati_journal\" \/>\n<meta name=\"twitter:site\" content=\"@bati_journal\" \/>\n<meta name=\"twitter:label1\" content=\"\u00c9crit par\" \/>\n\t<meta name=\"twitter:data1\" content=\"St\u00e9phane Miget\" \/>\n\t<meta name=\"twitter:label2\" content=\"Dur\u00e9e de lecture estim\u00e9e\" \/>\n\t<meta name=\"twitter:data2\" content=\"2 minutes\" \/>\n<script type=\"application\/ld+json\" class=\"yoast-schema-graph\">{\"@context\":\"https:\\\/\\\/schema.org\",\"@graph\":[{\"@type\":\"Article\",\"@id\":\"https:\\\/\\\/batijournal.com\\\/index.php\\\/fondation-abbe-pierre-la-bombe-sociale-du-mal-logement-a-explose\\\/109973\\\/#article\",\"isPartOf\":{\"@id\":\"https:\\\/\\\/batijournal.com\\\/index.php\\\/fondation-abbe-pierre-la-bombe-sociale-du-mal-logement-a-explose\\\/109973\\\/\"},\"author\":{\"name\":\"St\u00e9phane Miget\",\"@id\":\"https:\\\/\\\/batijournal.com\\\/#\\\/schema\\\/person\\\/1dc96ec6957aa1ccb25ebe78bb19f100\"},\"headline\":\"Fondation Abb\u00e9 Pierre : la bombe sociale du mal-logement a explos\u00e9\",\"datePublished\":\"2024-02-01T10:22:30+00:00\",\"mainEntityOfPage\":{\"@id\":\"https:\\\/\\\/batijournal.com\\\/index.php\\\/fondation-abbe-pierre-la-bombe-sociale-du-mal-logement-a-explose\\\/109973\\\/\"},\"wordCount\":418,\"image\":{\"@id\":\"https:\\\/\\\/batijournal.com\\\/index.php\\\/fondation-abbe-pierre-la-bombe-sociale-du-mal-logement-a-explose\\\/109973\\\/#primaryimage\"},\"thumbnailUrl\":\"https:\\\/\\\/batijournal.com\\\/wp-content\\\/uploads\\\/2024\\\/02\\\/effort-public-pour-le-logement.png\",\"keywords\":[\"Fondation Abb\u00e9 Pierre\",\"logement\",\"logements sociaux\",\"mal-logement\",\"passoires thermiques\"],\"articleSection\":[\"A la Une\",\"Actualit\u00e9s\",\"\u00c9conomie &amp; March\u00e9s\"],\"inLanguage\":\"fr-FR\"},{\"@type\":\"WebPage\",\"@id\":\"https:\\\/\\\/batijournal.com\\\/index.php\\\/fondation-abbe-pierre-la-bombe-sociale-du-mal-logement-a-explose\\\/109973\\\/\",\"url\":\"https:\\\/\\\/batijournal.com\\\/index.php\\\/fondation-abbe-pierre-la-bombe-sociale-du-mal-logement-a-explose\\\/109973\\\/\",\"name\":\"Fondation Abb\u00e9 Pierre : la bombe sociale du mal-logement a explos\u00e9\",\"isPartOf\":{\"@id\":\"https:\\\/\\\/batijournal.com\\\/#website\"},\"primaryImageOfPage\":{\"@id\":\"https:\\\/\\\/batijournal.com\\\/index.php\\\/fondation-abbe-pierre-la-bombe-sociale-du-mal-logement-a-explose\\\/109973\\\/#primaryimage\"},\"image\":{\"@id\":\"https:\\\/\\\/batijournal.com\\\/index.php\\\/fondation-abbe-pierre-la-bombe-sociale-du-mal-logement-a-explose\\\/109973\\\/#primaryimage\"},\"thumbnailUrl\":\"https:\\\/\\\/batijournal.com\\\/wp-content\\\/uploads\\\/2024\\\/02\\\/effort-public-pour-le-logement.png\",\"datePublished\":\"2024-02-01T10:22:30+00:00\",\"author\":{\"@id\":\"https:\\\/\\\/batijournal.com\\\/#\\\/schema\\\/person\\\/1dc96ec6957aa1ccb25ebe78bb19f100\"},\"breadcrumb\":{\"@id\":\"https:\\\/\\\/batijournal.com\\\/index.php\\\/fondation-abbe-pierre-la-bombe-sociale-du-mal-logement-a-explose\\\/109973\\\/#breadcrumb\"},\"inLanguage\":\"fr-FR\",\"potentialAction\":[{\"@type\":\"ReadAction\",\"target\":[\"https:\\\/\\\/batijournal.com\\\/index.php\\\/fondation-abbe-pierre-la-bombe-sociale-du-mal-logement-a-explose\\\/109973\\\/\"]}]},{\"@type\":\"ImageObject\",\"inLanguage\":\"fr-FR\",\"@id\":\"https:\\\/\\\/batijournal.com\\\/index.php\\\/fondation-abbe-pierre-la-bombe-sociale-du-mal-logement-a-explose\\\/109973\\\/#primaryimage\",\"url\":\"https:\\\/\\\/batijournal.com\\\/wp-content\\\/uploads\\\/2024\\\/02\\\/effort-public-pour-le-logement.png\",\"contentUrl\":\"https:\\\/\\\/batijournal.com\\\/wp-content\\\/uploads\\\/2024\\\/02\\\/effort-public-pour-le-logement.png\",\"width\":823,\"height\":540},{\"@type\":\"BreadcrumbList\",\"@id\":\"https:\\\/\\\/batijournal.com\\\/index.php\\\/fondation-abbe-pierre-la-bombe-sociale-du-mal-logement-a-explose\\\/109973\\\/#breadcrumb\",\"itemListElement\":[{\"@type\":\"ListItem\",\"position\":1,\"name\":\"Accueil\",\"item\":\"https:\\\/\\\/batijournal.com\\\/\"},{\"@type\":\"ListItem\",\"position\":2,\"name\":\"A la Une\",\"item\":\"https:\\\/\\\/batijournal.com\\\/index.php\\\/category\\\/a-la-une\\\/\"},{\"@type\":\"ListItem\",\"position\":3,\"name\":\"Fondation Abb\u00e9 Pierre : la bombe sociale du mal-logement a explos\u00e9\"}]},{\"@type\":\"WebSite\",\"@id\":\"https:\\\/\\\/batijournal.com\\\/#website\",\"url\":\"https:\\\/\\\/batijournal.com\\\/\",\"name\":\"Batijournal\",\"description\":\"L&#039;actualit\u00e9 du b\u00e2timent\",\"potentialAction\":[{\"@type\":\"SearchAction\",\"target\":{\"@type\":\"EntryPoint\",\"urlTemplate\":\"https:\\\/\\\/batijournal.com\\\/?s={search_term_string}\"},\"query-input\":{\"@type\":\"PropertyValueSpecification\",\"valueRequired\":true,\"valueName\":\"search_term_string\"}}],\"inLanguage\":\"fr-FR\"},{\"@type\":\"Person\",\"@id\":\"https:\\\/\\\/batijournal.com\\\/#\\\/schema\\\/person\\\/1dc96ec6957aa1ccb25ebe78bb19f100\",\"name\":\"St\u00e9phane Miget\",\"image\":{\"@type\":\"ImageObject\",\"inLanguage\":\"fr-FR\",\"@id\":\"https:\\\/\\\/secure.gravatar.com\\\/avatar\\\/89915563d925342126b8ef0281b93d9d7fc337043e8df017f780908eb9644451?s=96&d=mm&r=g\",\"url\":\"https:\\\/\\\/secure.gravatar.com\\\/avatar\\\/89915563d925342126b8ef0281b93d9d7fc337043e8df017f780908eb9644451?s=96&d=mm&r=g\",\"contentUrl\":\"https:\\\/\\\/secure.gravatar.com\\\/avatar\\\/89915563d925342126b8ef0281b93d9d7fc337043e8df017f780908eb9644451?s=96&d=mm&r=g\",\"caption\":\"St\u00e9phane Miget\"},\"url\":\"https:\\\/\\\/batijournal.com\\\/index.php\\\/author\\\/stephane\\\/\"}]}<\/script>\n<!-- \/ Yoast SEO plugin. -->","yoast_head_json":{"title":"Fondation Abb\u00e9 Pierre : la bombe sociale du mal-logement a explos\u00e9","robots":{"index":"index","follow":"follow","max-snippet":"max-snippet:-1","max-image-preview":"max-image-preview:large","max-video-preview":"max-video-preview:-1"},"canonical":"https:\/\/batijournal.com\/index.php\/fondation-abbe-pierre-la-bombe-sociale-du-mal-logement-a-explose\/109973\/","og_locale":"fr_FR","og_type":"article","og_title":"Fondation Abb\u00e9 Pierre : la bombe sociale du mal-logement a explos\u00e9","og_description":"Le 29e rapport sur \u00ab L\u2019\u00e9tat du mal-logement en France \u00bb, que la Fondation Abb\u00e9 Pierre rend public aujourd&rsquo;hui, 1er f\u00e9vrier 2024, est particuli\u00e8rement alarmant tant 2023 a \u00e9t\u00e9 une ann\u00e9e noire pour les mal-log\u00e9s. Tous les indicateurs montrent que la bombe sociale si redout\u00e9e a explos\u00e9. Faute d\u2019une r\u00e9ponse gouvernementale suffisante, des milliers de [&hellip;]","og_url":"https:\/\/batijournal.com\/index.php\/fondation-abbe-pierre-la-bombe-sociale-du-mal-logement-a-explose\/109973\/","og_site_name":"Batijournal","article_published_time":"2024-02-01T10:22:30+00:00","og_image":[{"width":823,"height":540,"url":"https:\/\/batijournal.com\/wp-content\/uploads\/2024\/02\/effort-public-pour-le-logement.png","type":"image\/png"}],"author":"St\u00e9phane Miget","twitter_card":"summary_large_image","twitter_creator":"@bati_journal","twitter_site":"@bati_journal","twitter_misc":{"\u00c9crit par":"St\u00e9phane Miget","Dur\u00e9e de lecture estim\u00e9e":"2 minutes"},"schema":{"@context":"https:\/\/schema.org","@graph":[{"@type":"Article","@id":"https:\/\/batijournal.com\/index.php\/fondation-abbe-pierre-la-bombe-sociale-du-mal-logement-a-explose\/109973\/#article","isPartOf":{"@id":"https:\/\/batijournal.com\/index.php\/fondation-abbe-pierre-la-bombe-sociale-du-mal-logement-a-explose\/109973\/"},"author":{"name":"St\u00e9phane Miget","@id":"https:\/\/batijournal.com\/#\/schema\/person\/1dc96ec6957aa1ccb25ebe78bb19f100"},"headline":"Fondation Abb\u00e9 Pierre : la bombe sociale du mal-logement a explos\u00e9","datePublished":"2024-02-01T10:22:30+00:00","mainEntityOfPage":{"@id":"https:\/\/batijournal.com\/index.php\/fondation-abbe-pierre-la-bombe-sociale-du-mal-logement-a-explose\/109973\/"},"wordCount":418,"image":{"@id":"https:\/\/batijournal.com\/index.php\/fondation-abbe-pierre-la-bombe-sociale-du-mal-logement-a-explose\/109973\/#primaryimage"},"thumbnailUrl":"https:\/\/batijournal.com\/wp-content\/uploads\/2024\/02\/effort-public-pour-le-logement.png","keywords":["Fondation Abb\u00e9 Pierre","logement","logements sociaux","mal-logement","passoires thermiques"],"articleSection":["A la Une","Actualit\u00e9s","\u00c9conomie &amp; March\u00e9s"],"inLanguage":"fr-FR"},{"@type":"WebPage","@id":"https:\/\/batijournal.com\/index.php\/fondation-abbe-pierre-la-bombe-sociale-du-mal-logement-a-explose\/109973\/","url":"https:\/\/batijournal.com\/index.php\/fondation-abbe-pierre-la-bombe-sociale-du-mal-logement-a-explose\/109973\/","name":"Fondation Abb\u00e9 Pierre : la bombe sociale du mal-logement a explos\u00e9","isPartOf":{"@id":"https:\/\/batijournal.com\/#website"},"primaryImageOfPage":{"@id":"https:\/\/batijournal.com\/index.php\/fondation-abbe-pierre-la-bombe-sociale-du-mal-logement-a-explose\/109973\/#primaryimage"},"image":{"@id":"https:\/\/batijournal.com\/index.php\/fondation-abbe-pierre-la-bombe-sociale-du-mal-logement-a-explose\/109973\/#primaryimage"},"thumbnailUrl":"https:\/\/batijournal.com\/wp-content\/uploads\/2024\/02\/effort-public-pour-le-logement.png","datePublished":"2024-02-01T10:22:30+00:00","author":{"@id":"https:\/\/batijournal.com\/#\/schema\/person\/1dc96ec6957aa1ccb25ebe78bb19f100"},"breadcrumb":{"@id":"https:\/\/batijournal.com\/index.php\/fondation-abbe-pierre-la-bombe-sociale-du-mal-logement-a-explose\/109973\/#breadcrumb"},"inLanguage":"fr-FR","potentialAction":[{"@type":"ReadAction","target":["https:\/\/batijournal.com\/index.php\/fondation-abbe-pierre-la-bombe-sociale-du-mal-logement-a-explose\/109973\/"]}]},{"@type":"ImageObject","inLanguage":"fr-FR","@id":"https:\/\/batijournal.com\/index.php\/fondation-abbe-pierre-la-bombe-sociale-du-mal-logement-a-explose\/109973\/#primaryimage","url":"https:\/\/batijournal.com\/wp-content\/uploads\/2024\/02\/effort-public-pour-le-logement.png","contentUrl":"https:\/\/batijournal.com\/wp-content\/uploads\/2024\/02\/effort-public-pour-le-logement.png","width":823,"height":540},{"@type":"BreadcrumbList","@id":"https:\/\/batijournal.com\/index.php\/fondation-abbe-pierre-la-bombe-sociale-du-mal-logement-a-explose\/109973\/#breadcrumb","itemListElement":[{"@type":"ListItem","position":1,"name":"Accueil","item":"https:\/\/batijournal.com\/"},{"@type":"ListItem","position":2,"name":"A la Une","item":"https:\/\/batijournal.com\/index.php\/category\/a-la-une\/"},{"@type":"ListItem","position":3,"name":"Fondation Abb\u00e9 Pierre : la bombe sociale du mal-logement a explos\u00e9"}]},{"@type":"WebSite","@id":"https:\/\/batijournal.com\/#website","url":"https:\/\/batijournal.com\/","name":"Batijournal","description":"L&#039;actualit\u00e9 du b\u00e2timent","potentialAction":[{"@type":"SearchAction","target":{"@type":"EntryPoint","urlTemplate":"https:\/\/batijournal.com\/?s={search_term_string}"},"query-input":{"@type":"PropertyValueSpecification","valueRequired":true,"valueName":"search_term_string"}}],"inLanguage":"fr-FR"},{"@type":"Person","@id":"https:\/\/batijournal.com\/#\/schema\/person\/1dc96ec6957aa1ccb25ebe78bb19f100","name":"St\u00e9phane Miget","image":{"@type":"ImageObject","inLanguage":"fr-FR","@id":"https:\/\/secure.gravatar.com\/avatar\/89915563d925342126b8ef0281b93d9d7fc337043e8df017f780908eb9644451?s=96&d=mm&r=g","url":"https:\/\/secure.gravatar.com\/avatar\/89915563d925342126b8ef0281b93d9d7fc337043e8df017f780908eb9644451?s=96&d=mm&r=g","contentUrl":"https:\/\/secure.gravatar.com\/avatar\/89915563d925342126b8ef0281b93d9d7fc337043e8df017f780908eb9644451?s=96&d=mm&r=g","caption":"St\u00e9phane Miget"},"url":"https:\/\/batijournal.com\/index.php\/author\/stephane\/"}]}},"_links":{"self":[{"href":"https:\/\/batijournal.com\/index.php\/wp-json\/wp\/v2\/posts\/109973","targetHints":{"allow":["GET"]}}],"collection":[{"href":"https:\/\/batijournal.com\/index.php\/wp-json\/wp\/v2\/posts"}],"about":[{"href":"https:\/\/batijournal.com\/index.php\/wp-json\/wp\/v2\/types\/post"}],"author":[{"embeddable":true,"href":"https:\/\/batijournal.com\/index.php\/wp-json\/wp\/v2\/users\/17"}],"replies":[{"embeddable":true,"href":"https:\/\/batijournal.com\/index.php\/wp-json\/wp\/v2\/comments?post=109973"}],"version-history":[{"count":0,"href":"https:\/\/batijournal.com\/index.php\/wp-json\/wp\/v2\/posts\/109973\/revisions"}],"wp:featuredmedia":[{"embeddable":true,"href":"https:\/\/batijournal.com\/index.php\/wp-json\/wp\/v2\/media\/109974"}],"wp:attachment":[{"href":"https:\/\/batijournal.com\/index.php\/wp-json\/wp\/v2\/media?parent=109973"}],"wp:term":[{"taxonomy":"category","embeddable":true,"href":"https:\/\/batijournal.com\/index.php\/wp-json\/wp\/v2\/categories?post=109973"},{"taxonomy":"post_tag","embeddable":true,"href":"https:\/\/batijournal.com\/index.php\/wp-json\/wp\/v2\/tags?post=109973"}],"curies":[{"name":"wp","href":"https:\/\/api.w.org\/{rel}","templated":true}]}}