{"id":110021,"date":"2024-02-08T17:38:03","date_gmt":"2024-02-08T16:38:03","guid":{"rendered":"https:\/\/batijournal.com\/?p=110021"},"modified":"2024-02-08T17:38:03","modified_gmt":"2024-02-08T16:38:03","slug":"lupcycling-dans-lagencement","status":"publish","type":"post","link":"https:\/\/batijournal.com\/index.php\/lupcycling-dans-lagencement\/110021\/","title":{"rendered":"L\u2019Upcycling dans l\u2019agencement"},"content":{"rendered":"<p><iframe loading=\"lazy\" title=\"L\u2019Upcycling dans l\u2019agencement\" width=\"1080\" height=\"608\" src=\"https:\/\/www.youtube.com\/embed\/VpVmErgQbL8?feature=oembed\"  allow=\"accelerometer; autoplay; clipboard-write; encrypted-media; gyroscope; picture-in-picture; web-share\" allowfullscreen><\/iframe><\/p>\n<div class=\"\"><b class=\"\">L\u2019Upcycling dans l\u2019agencement\u00a0<\/b><\/div>\n<div class=\"\"><span class=\"\">\u2022 Fabrice Poncet, G\u00e9rant de La Fabrique<\/span><\/div>\n<div class=\"\"><span class=\"\">\u2022 Th\u00e9o Synakowski, fondateur &#8211; Obier<\/span><\/div>\n<div><\/div>\n<div>\u00c0 l\u2019occasion sur salon <a href=\"https:\/\/www.eurobois.net\/fr\" target=\"_blank\" rel=\"noopener\">Eurobois<\/a>, qui se tient \u00e0 Lyon Eurexpo du 6 au 9 f\u00e9vrier 2024, <strong>les \u00e9quipes de Bati-Journal sont pr\u00e9sentes avec une nouvelle \u00e9dition de son plateau TV.\u00a0<\/strong>Cette animation est organis\u00e9e par <a href=\"https:\/\/www.editions-des-halles.fr\/\" target=\"_blank\" rel=\"noopener\">\u00c9ditions des Halles<\/a> et <a href=\"https:\/\/www.eurobois.net\/fr\" target=\"_blank\" rel=\"noopener\">Eurobois<\/a>, avec le soutien de l\u2019interprofession nationale <a href=\"https:\/\/franceboisforet.fr\/\" target=\"_blank\" rel=\"noopener\">France Bois For\u00eat\u00a0<\/a>et en partenariat avec les magazines <a href=\"https:\/\/www.woodsurfer.com\/\" target=\"_blank\" rel=\"noopener\">Wood Surfer<\/a> et <a href=\"https:\/\/www.l-atelier-bois.com\/\" target=\"_blank\" rel=\"noopener\">L\u2019Atelier Bois<\/a>. Pendant quatre jours, les experts du secteur \u00e9changent avec <strong>St\u00e9phane Miget<\/strong>, le journaliste en charge de l\u2019animation de ce plateau, autour des grandes th\u00e9matiques de la fili\u00e8re for\u00eat-bois-construction.<\/div>\n<div><\/div>\n","protected":false},"excerpt":{"rendered":"<p>Eurobois 2024 : l\u2019Upcycling dans l\u2019agencement <\/p>\n","protected":false},"author":17,"featured_media":110022,"comment_status":"closed","ping_status":"closed","sticky":false,"template":"","format":"standard","meta":{"_et_pb_use_builder":"","_et_pb_old_content":"","_et_gb_content_width":"","footnotes":""},"categories":[10530,11200,6351,10781,10769,10778,10764],"tags":[11201,11430,13226],"class_list":["post-110021","post","type-post","status-publish","format-standard","has-post-thumbnail","hentry","category-actualites","category-batijournal-tv","category-energie-environnement","category-publications-planete","category-publications","category-planete","category-woodsurfer","tag-bati-journal-tv","tag-economie-circulaire","tag-eurobois-2024"],"yoast_head":"<!-- This site is optimized with the Yoast SEO plugin v27.4 - https:\/\/yoast.com\/product\/yoast-seo-wordpress\/ -->\n<title>L\u2019Upcycling dans l\u2019agencement<\/title>\n<meta name=\"robots\" content=\"index, follow, max-snippet:-1, max-image-preview:large, max-video-preview:-1\" \/>\n<link rel=\"canonical\" href=\"https:\/\/batijournal.com\/index.php\/lupcycling-dans-lagencement\/110021\/\" \/>\n<meta property=\"og:locale\" content=\"fr_FR\" \/>\n<meta property=\"og:type\" content=\"article\" \/>\n<meta property=\"og:title\" content=\"L\u2019Upcycling dans l\u2019agencement\" \/>\n<meta property=\"og:description\" content=\"Eurobois 2024 : l\u2019Upcycling dans l\u2019agencement\" \/>\n<meta property=\"og:url\" content=\"https:\/\/batijournal.com\/index.php\/lupcycling-dans-lagencement\/110021\/\" \/>\n<meta property=\"og:site_name\" content=\"Batijournal\" \/>\n<meta property=\"article:published_time\" content=\"2024-02-08T16:38:03+00:00\" \/>\n<meta property=\"og:image\" content=\"https:\/\/batijournal.com\/wp-content\/uploads\/2024\/02\/upcycling-agencement.png\" \/>\n\t<meta property=\"og:image:width\" content=\"874\" \/>\n\t<meta property=\"og:image:height\" content=\"495\" \/>\n\t<meta property=\"og:image:type\" content=\"image\/png\" \/>\n<meta name=\"author\" content=\"St\u00e9phane Miget\" \/>\n<meta name=\"twitter:card\" content=\"summary_large_image\" \/>\n<meta name=\"twitter:creator\" content=\"@bati_journal\" \/>\n<meta name=\"twitter:site\" content=\"@bati_journal\" \/>\n<meta name=\"twitter:label1\" content=\"\u00c9crit par\" \/>\n\t<meta name=\"twitter:data1\" content=\"St\u00e9phane Miget\" \/>\n\t<meta name=\"twitter:label2\" content=\"Dur\u00e9e de lecture estim\u00e9e\" \/>\n\t<meta name=\"twitter:data2\" content=\"1 minute\" \/>\n<script type=\"application\/ld+json\" class=\"yoast-schema-graph\">{\"@context\":\"https:\\\/\\\/schema.org\",\"@graph\":[{\"@type\":\"Article\",\"@id\":\"https:\\\/\\\/batijournal.com\\\/index.php\\\/lupcycling-dans-lagencement\\\/110021\\\/#article\",\"isPartOf\":{\"@id\":\"https:\\\/\\\/batijournal.com\\\/index.php\\\/lupcycling-dans-lagencement\\\/110021\\\/\"},\"author\":{\"name\":\"St\u00e9phane Miget\",\"@id\":\"https:\\\/\\\/batijournal.com\\\/#\\\/schema\\\/person\\\/1dc96ec6957aa1ccb25ebe78bb19f100\"},\"headline\":\"L\u2019Upcycling dans l\u2019agencement\",\"datePublished\":\"2024-02-08T16:38:03+00:00\",\"mainEntityOfPage\":{\"@id\":\"https:\\\/\\\/batijournal.com\\\/index.php\\\/lupcycling-dans-lagencement\\\/110021\\\/\"},\"wordCount\":126,\"image\":{\"@id\":\"https:\\\/\\\/batijournal.com\\\/index.php\\\/lupcycling-dans-lagencement\\\/110021\\\/#primaryimage\"},\"thumbnailUrl\":\"https:\\\/\\\/batijournal.com\\\/wp-content\\\/uploads\\\/2024\\\/02\\\/upcycling-agencement.png\",\"keywords\":[\"Bati-journal TV\",\"\u00e9conomie circulaire\",\"eurobois 2024\"],\"articleSection\":[\"Actualit\u00e9s\",\"batijournal TV\",\"\u00c9nergie &amp; Environnement\",\"zz_Actualit\u00e9s - Plan\u00e8te\",\"zz_Actualit\u00e9s - Woodsurfer\",\"zz_Plan\u00e8te B\u00e2timent\",\"zz_Woodsurfer\"],\"inLanguage\":\"fr-FR\"},{\"@type\":\"WebPage\",\"@id\":\"https:\\\/\\\/batijournal.com\\\/index.php\\\/lupcycling-dans-lagencement\\\/110021\\\/\",\"url\":\"https:\\\/\\\/batijournal.com\\\/index.php\\\/lupcycling-dans-lagencement\\\/110021\\\/\",\"name\":\"L\u2019Upcycling dans l\u2019agencement\",\"isPartOf\":{\"@id\":\"https:\\\/\\\/batijournal.com\\\/#website\"},\"primaryImageOfPage\":{\"@id\":\"https:\\\/\\\/batijournal.com\\\/index.php\\\/lupcycling-dans-lagencement\\\/110021\\\/#primaryimage\"},\"image\":{\"@id\":\"https:\\\/\\\/batijournal.com\\\/index.php\\\/lupcycling-dans-lagencement\\\/110021\\\/#primaryimage\"},\"thumbnailUrl\":\"https:\\\/\\\/batijournal.com\\\/wp-content\\\/uploads\\\/2024\\\/02\\\/upcycling-agencement.png\",\"datePublished\":\"2024-02-08T16:38:03+00:00\",\"author\":{\"@id\":\"https:\\\/\\\/batijournal.com\\\/#\\\/schema\\\/person\\\/1dc96ec6957aa1ccb25ebe78bb19f100\"},\"breadcrumb\":{\"@id\":\"https:\\\/\\\/batijournal.com\\\/index.php\\\/lupcycling-dans-lagencement\\\/110021\\\/#breadcrumb\"},\"inLanguage\":\"fr-FR\",\"potentialAction\":[{\"@type\":\"ReadAction\",\"target\":[\"https:\\\/\\\/batijournal.com\\\/index.php\\\/lupcycling-dans-lagencement\\\/110021\\\/\"]}]},{\"@type\":\"ImageObject\",\"inLanguage\":\"fr-FR\",\"@id\":\"https:\\\/\\\/batijournal.com\\\/index.php\\\/lupcycling-dans-lagencement\\\/110021\\\/#primaryimage\",\"url\":\"https:\\\/\\\/batijournal.com\\\/wp-content\\\/uploads\\\/2024\\\/02\\\/upcycling-agencement.png\",\"contentUrl\":\"https:\\\/\\\/batijournal.com\\\/wp-content\\\/uploads\\\/2024\\\/02\\\/upcycling-agencement.png\",\"width\":874,\"height\":495},{\"@type\":\"BreadcrumbList\",\"@id\":\"https:\\\/\\\/batijournal.com\\\/index.php\\\/lupcycling-dans-lagencement\\\/110021\\\/#breadcrumb\",\"itemListElement\":[{\"@type\":\"ListItem\",\"position\":1,\"name\":\"Accueil\",\"item\":\"https:\\\/\\\/batijournal.com\\\/\"},{\"@type\":\"ListItem\",\"position\":2,\"name\":\"Actualit\u00e9s\",\"item\":\"https:\\\/\\\/batijournal.com\\\/index.php\\\/category\\\/actualites\\\/\"},{\"@type\":\"ListItem\",\"position\":3,\"name\":\"L\u2019Upcycling dans l\u2019agencement\"}]},{\"@type\":\"WebSite\",\"@id\":\"https:\\\/\\\/batijournal.com\\\/#website\",\"url\":\"https:\\\/\\\/batijournal.com\\\/\",\"name\":\"Batijournal\",\"description\":\"L&#039;actualit\u00e9 du b\u00e2timent\",\"potentialAction\":[{\"@type\":\"SearchAction\",\"target\":{\"@type\":\"EntryPoint\",\"urlTemplate\":\"https:\\\/\\\/batijournal.com\\\/?s={search_term_string}\"},\"query-input\":{\"@type\":\"PropertyValueSpecification\",\"valueRequired\":true,\"valueName\":\"search_term_string\"}}],\"inLanguage\":\"fr-FR\"},{\"@type\":\"Person\",\"@id\":\"https:\\\/\\\/batijournal.com\\\/#\\\/schema\\\/person\\\/1dc96ec6957aa1ccb25ebe78bb19f100\",\"name\":\"St\u00e9phane Miget\",\"image\":{\"@type\":\"ImageObject\",\"inLanguage\":\"fr-FR\",\"@id\":\"https:\\\/\\\/secure.gravatar.com\\\/avatar\\\/89915563d925342126b8ef0281b93d9d7fc337043e8df017f780908eb9644451?s=96&d=mm&r=g\",\"url\":\"https:\\\/\\\/secure.gravatar.com\\\/avatar\\\/89915563d925342126b8ef0281b93d9d7fc337043e8df017f780908eb9644451?s=96&d=mm&r=g\",\"contentUrl\":\"https:\\\/\\\/secure.gravatar.com\\\/avatar\\\/89915563d925342126b8ef0281b93d9d7fc337043e8df017f780908eb9644451?s=96&d=mm&r=g\",\"caption\":\"St\u00e9phane Miget\"},\"url\":\"https:\\\/\\\/batijournal.com\\\/index.php\\\/author\\\/stephane\\\/\"}]}<\/script>\n<!-- \/ Yoast SEO plugin. -->","yoast_head_json":{"title":"L\u2019Upcycling dans l\u2019agencement","robots":{"index":"index","follow":"follow","max-snippet":"max-snippet:-1","max-image-preview":"max-image-preview:large","max-video-preview":"max-video-preview:-1"},"canonical":"https:\/\/batijournal.com\/index.php\/lupcycling-dans-lagencement\/110021\/","og_locale":"fr_FR","og_type":"article","og_title":"L\u2019Upcycling dans l\u2019agencement","og_description":"Eurobois 2024 : l\u2019Upcycling dans l\u2019agencement","og_url":"https:\/\/batijournal.com\/index.php\/lupcycling-dans-lagencement\/110021\/","og_site_name":"Batijournal","article_published_time":"2024-02-08T16:38:03+00:00","og_image":[{"width":874,"height":495,"url":"https:\/\/batijournal.com\/wp-content\/uploads\/2024\/02\/upcycling-agencement.png","type":"image\/png"}],"author":"St\u00e9phane Miget","twitter_card":"summary_large_image","twitter_creator":"@bati_journal","twitter_site":"@bati_journal","twitter_misc":{"\u00c9crit par":"St\u00e9phane Miget","Dur\u00e9e de lecture estim\u00e9e":"1 minute"},"schema":{"@context":"https:\/\/schema.org","@graph":[{"@type":"Article","@id":"https:\/\/batijournal.com\/index.php\/lupcycling-dans-lagencement\/110021\/#article","isPartOf":{"@id":"https:\/\/batijournal.com\/index.php\/lupcycling-dans-lagencement\/110021\/"},"author":{"name":"St\u00e9phane Miget","@id":"https:\/\/batijournal.com\/#\/schema\/person\/1dc96ec6957aa1ccb25ebe78bb19f100"},"headline":"L\u2019Upcycling dans l\u2019agencement","datePublished":"2024-02-08T16:38:03+00:00","mainEntityOfPage":{"@id":"https:\/\/batijournal.com\/index.php\/lupcycling-dans-lagencement\/110021\/"},"wordCount":126,"image":{"@id":"https:\/\/batijournal.com\/index.php\/lupcycling-dans-lagencement\/110021\/#primaryimage"},"thumbnailUrl":"https:\/\/batijournal.com\/wp-content\/uploads\/2024\/02\/upcycling-agencement.png","keywords":["Bati-journal TV","\u00e9conomie circulaire","eurobois 2024"],"articleSection":["Actualit\u00e9s","batijournal TV","\u00c9nergie &amp; Environnement","zz_Actualit\u00e9s - Plan\u00e8te","zz_Actualit\u00e9s - Woodsurfer","zz_Plan\u00e8te B\u00e2timent","zz_Woodsurfer"],"inLanguage":"fr-FR"},{"@type":"WebPage","@id":"https:\/\/batijournal.com\/index.php\/lupcycling-dans-lagencement\/110021\/","url":"https:\/\/batijournal.com\/index.php\/lupcycling-dans-lagencement\/110021\/","name":"L\u2019Upcycling dans l\u2019agencement","isPartOf":{"@id":"https:\/\/batijournal.com\/#website"},"primaryImageOfPage":{"@id":"https:\/\/batijournal.com\/index.php\/lupcycling-dans-lagencement\/110021\/#primaryimage"},"image":{"@id":"https:\/\/batijournal.com\/index.php\/lupcycling-dans-lagencement\/110021\/#primaryimage"},"thumbnailUrl":"https:\/\/batijournal.com\/wp-content\/uploads\/2024\/02\/upcycling-agencement.png","datePublished":"2024-02-08T16:38:03+00:00","author":{"@id":"https:\/\/batijournal.com\/#\/schema\/person\/1dc96ec6957aa1ccb25ebe78bb19f100"},"breadcrumb":{"@id":"https:\/\/batijournal.com\/index.php\/lupcycling-dans-lagencement\/110021\/#breadcrumb"},"inLanguage":"fr-FR","potentialAction":[{"@type":"ReadAction","target":["https:\/\/batijournal.com\/index.php\/lupcycling-dans-lagencement\/110021\/"]}]},{"@type":"ImageObject","inLanguage":"fr-FR","@id":"https:\/\/batijournal.com\/index.php\/lupcycling-dans-lagencement\/110021\/#primaryimage","url":"https:\/\/batijournal.com\/wp-content\/uploads\/2024\/02\/upcycling-agencement.png","contentUrl":"https:\/\/batijournal.com\/wp-content\/uploads\/2024\/02\/upcycling-agencement.png","width":874,"height":495},{"@type":"BreadcrumbList","@id":"https:\/\/batijournal.com\/index.php\/lupcycling-dans-lagencement\/110021\/#breadcrumb","itemListElement":[{"@type":"ListItem","position":1,"name":"Accueil","item":"https:\/\/batijournal.com\/"},{"@type":"ListItem","position":2,"name":"Actualit\u00e9s","item":"https:\/\/batijournal.com\/index.php\/category\/actualites\/"},{"@type":"ListItem","position":3,"name":"L\u2019Upcycling dans l\u2019agencement"}]},{"@type":"WebSite","@id":"https:\/\/batijournal.com\/#website","url":"https:\/\/batijournal.com\/","name":"Batijournal","description":"L&#039;actualit\u00e9 du b\u00e2timent","potentialAction":[{"@type":"SearchAction","target":{"@type":"EntryPoint","urlTemplate":"https:\/\/batijournal.com\/?s={search_term_string}"},"query-input":{"@type":"PropertyValueSpecification","valueRequired":true,"valueName":"search_term_string"}}],"inLanguage":"fr-FR"},{"@type":"Person","@id":"https:\/\/batijournal.com\/#\/schema\/person\/1dc96ec6957aa1ccb25ebe78bb19f100","name":"St\u00e9phane Miget","image":{"@type":"ImageObject","inLanguage":"fr-FR","@id":"https:\/\/secure.gravatar.com\/avatar\/89915563d925342126b8ef0281b93d9d7fc337043e8df017f780908eb9644451?s=96&d=mm&r=g","url":"https:\/\/secure.gravatar.com\/avatar\/89915563d925342126b8ef0281b93d9d7fc337043e8df017f780908eb9644451?s=96&d=mm&r=g","contentUrl":"https:\/\/secure.gravatar.com\/avatar\/89915563d925342126b8ef0281b93d9d7fc337043e8df017f780908eb9644451?s=96&d=mm&r=g","caption":"St\u00e9phane Miget"},"url":"https:\/\/batijournal.com\/index.php\/author\/stephane\/"}]}},"_links":{"self":[{"href":"https:\/\/batijournal.com\/index.php\/wp-json\/wp\/v2\/posts\/110021","targetHints":{"allow":["GET"]}}],"collection":[{"href":"https:\/\/batijournal.com\/index.php\/wp-json\/wp\/v2\/posts"}],"about":[{"href":"https:\/\/batijournal.com\/index.php\/wp-json\/wp\/v2\/types\/post"}],"author":[{"embeddable":true,"href":"https:\/\/batijournal.com\/index.php\/wp-json\/wp\/v2\/users\/17"}],"replies":[{"embeddable":true,"href":"https:\/\/batijournal.com\/index.php\/wp-json\/wp\/v2\/comments?post=110021"}],"version-history":[{"count":0,"href":"https:\/\/batijournal.com\/index.php\/wp-json\/wp\/v2\/posts\/110021\/revisions"}],"wp:featuredmedia":[{"embeddable":true,"href":"https:\/\/batijournal.com\/index.php\/wp-json\/wp\/v2\/media\/110022"}],"wp:attachment":[{"href":"https:\/\/batijournal.com\/index.php\/wp-json\/wp\/v2\/media?parent=110021"}],"wp:term":[{"taxonomy":"category","embeddable":true,"href":"https:\/\/batijournal.com\/index.php\/wp-json\/wp\/v2\/categories?post=110021"},{"taxonomy":"post_tag","embeddable":true,"href":"https:\/\/batijournal.com\/index.php\/wp-json\/wp\/v2\/tags?post=110021"}],"curies":[{"name":"wp","href":"https:\/\/api.w.org\/{rel}","templated":true}]}}