{"id":110023,"date":"2024-02-08T17:41:54","date_gmt":"2024-02-08T16:41:54","guid":{"rendered":"https:\/\/batijournal.com\/?p=110023"},"modified":"2024-02-08T17:41:54","modified_gmt":"2024-02-08T16:41:54","slug":"retour-sur-le-concours-europeens-des-jeunes-charpentiers-2","status":"publish","type":"post","link":"https:\/\/batijournal.com\/index.php\/retour-sur-le-concours-europeens-des-jeunes-charpentiers-2\/110023\/","title":{"rendered":"Retour sur le concours Europ\u00e9ens des Jeunes Charpentiers"},"content":{"rendered":"<p><iframe loading=\"lazy\" title=\"Retour sur le concours Europ\u00e9ens des Jeunes Charpentiers\" width=\"1080\" height=\"608\" src=\"https:\/\/www.youtube.com\/embed\/cgCZ2B6me7M?feature=oembed\"  allow=\"accelerometer; autoplay; clipboard-write; encrypted-media; gyroscope; picture-in-picture; web-share\" allowfullscreen><\/iframe><\/p>\n<div class=\"\"><span class=\"\"><b class=\"\">Retour sur le concours Europ\u00e9ens des Jeunes Charpentiers\u00a0<\/b><\/span><\/div>\n<div class=\"\"><span class=\"\">\u2022 J\u00e9r\u00f4me Carraz, responsable de l\u2019institut de la charpente et de la construction bois, Les Compagnons du Devoir<\/span><\/div>\n<div><\/div>\n<div>\u00c0 l\u2019occasion sur salon <a href=\"https:\/\/www.eurobois.net\/fr\" target=\"_blank\" rel=\"noopener\">Eurobois<\/a>, qui se tient \u00e0 Lyon Eurexpo du 6 au 9 f\u00e9vrier 2024, <strong>les \u00e9quipes de Bati-Journal sont pr\u00e9sentes avec une nouvelle \u00e9dition de son plateau TV.\u00a0<\/strong>Cette animation est organis\u00e9e par <a href=\"https:\/\/www.editions-des-halles.fr\/\" target=\"_blank\" rel=\"noopener\">\u00c9ditions des Halles<\/a> et <a href=\"https:\/\/www.eurobois.net\/fr\" target=\"_blank\" rel=\"noopener\">Eurobois<\/a>, avec le soutien de l\u2019interprofession nationale <a href=\"https:\/\/franceboisforet.fr\/\" target=\"_blank\" rel=\"noopener\">France Bois For\u00eat\u00a0<\/a>et en partenariat avec les magazines <a href=\"https:\/\/www.woodsurfer.com\/\" target=\"_blank\" rel=\"noopener\">Wood Surfer<\/a> et <a href=\"https:\/\/www.l-atelier-bois.com\/\" target=\"_blank\" rel=\"noopener\">L\u2019Atelier Bois<\/a>. Pendant quatre jours, les experts du secteur \u00e9changent avec <strong>St\u00e9phane Miget<\/strong>, le journaliste en charge de l\u2019animation de ce plateau, autour des grandes th\u00e9matiques de la fili\u00e8re for\u00eat-bois-construction.<\/div>\n<div><\/div>\n","protected":false},"excerpt":{"rendered":"<p>Eurobois 2024 : Retour sur le concours Europ\u00e9ens des Jeunes Charpentiers <\/p>\n","protected":false},"author":17,"featured_media":110024,"comment_status":"closed","ping_status":"closed","sticky":false,"template":"","format":"standard","meta":{"_et_pb_use_builder":"","_et_pb_old_content":"","_et_gb_content_width":"","footnotes":""},"categories":[10530,11200,6362,10789,10769,10785,10764],"tags":[11201,13226,12326],"class_list":["post-110023","post","type-post","status-publish","format-standard","has-post-thumbnail","hentry","category-actualites","category-batijournal-tv","category-services-equipements","category-publications-atrium","category-publications","category-atrium","category-woodsurfer","tag-bati-journal-tv","tag-eurobois-2024","tag-jeunes-charpentiers"],"yoast_head":"<!-- This site is optimized with the Yoast SEO plugin v27.4 - https:\/\/yoast.com\/product\/yoast-seo-wordpress\/ -->\n<title>Retour sur le concours Europ\u00e9ens des Jeunes Charpentiers<\/title>\n<meta name=\"robots\" content=\"index, follow, max-snippet:-1, max-image-preview:large, max-video-preview:-1\" \/>\n<link rel=\"canonical\" href=\"https:\/\/batijournal.com\/index.php\/retour-sur-le-concours-europeens-des-jeunes-charpentiers-2\/110023\/\" \/>\n<meta property=\"og:locale\" content=\"fr_FR\" \/>\n<meta property=\"og:type\" content=\"article\" \/>\n<meta property=\"og:title\" content=\"Retour sur le concours Europ\u00e9ens des Jeunes Charpentiers\" \/>\n<meta property=\"og:description\" content=\"Eurobois 2024 : Retour sur le concours Europ\u00e9ens des Jeunes Charpentiers\" \/>\n<meta property=\"og:url\" content=\"https:\/\/batijournal.com\/index.php\/retour-sur-le-concours-europeens-des-jeunes-charpentiers-2\/110023\/\" \/>\n<meta property=\"og:site_name\" content=\"Batijournal\" \/>\n<meta property=\"article:published_time\" content=\"2024-02-08T16:41:54+00:00\" \/>\n<meta property=\"og:image\" content=\"https:\/\/batijournal.com\/wp-content\/uploads\/2024\/02\/concours-europeen-jeunes-charpentiers.png\" \/>\n\t<meta property=\"og:image:width\" content=\"879\" \/>\n\t<meta property=\"og:image:height\" content=\"488\" \/>\n\t<meta property=\"og:image:type\" content=\"image\/png\" \/>\n<meta name=\"author\" content=\"St\u00e9phane Miget\" \/>\n<meta name=\"twitter:card\" content=\"summary_large_image\" \/>\n<meta name=\"twitter:creator\" content=\"@bati_journal\" \/>\n<meta name=\"twitter:site\" content=\"@bati_journal\" \/>\n<meta name=\"twitter:label1\" content=\"\u00c9crit par\" \/>\n\t<meta name=\"twitter:data1\" content=\"St\u00e9phane Miget\" \/>\n\t<meta name=\"twitter:label2\" content=\"Dur\u00e9e de lecture estim\u00e9e\" \/>\n\t<meta name=\"twitter:data2\" content=\"1 minute\" \/>\n<script type=\"application\/ld+json\" class=\"yoast-schema-graph\">{\"@context\":\"https:\\\/\\\/schema.org\",\"@graph\":[{\"@type\":\"Article\",\"@id\":\"https:\\\/\\\/batijournal.com\\\/index.php\\\/retour-sur-le-concours-europeens-des-jeunes-charpentiers-2\\\/110023\\\/#article\",\"isPartOf\":{\"@id\":\"https:\\\/\\\/batijournal.com\\\/index.php\\\/retour-sur-le-concours-europeens-des-jeunes-charpentiers-2\\\/110023\\\/\"},\"author\":{\"name\":\"St\u00e9phane Miget\",\"@id\":\"https:\\\/\\\/batijournal.com\\\/#\\\/schema\\\/person\\\/1dc96ec6957aa1ccb25ebe78bb19f100\"},\"headline\":\"Retour sur le concours Europ\u00e9ens des Jeunes Charpentiers\",\"datePublished\":\"2024-02-08T16:41:54+00:00\",\"mainEntityOfPage\":{\"@id\":\"https:\\\/\\\/batijournal.com\\\/index.php\\\/retour-sur-le-concours-europeens-des-jeunes-charpentiers-2\\\/110023\\\/\"},\"wordCount\":144,\"image\":{\"@id\":\"https:\\\/\\\/batijournal.com\\\/index.php\\\/retour-sur-le-concours-europeens-des-jeunes-charpentiers-2\\\/110023\\\/#primaryimage\"},\"thumbnailUrl\":\"https:\\\/\\\/batijournal.com\\\/wp-content\\\/uploads\\\/2024\\\/02\\\/concours-europeen-jeunes-charpentiers.png\",\"keywords\":[\"Bati-journal TV\",\"eurobois 2024\",\"jeunes charpentiers\"],\"articleSection\":[\"Actualit\u00e9s\",\"batijournal TV\",\"Divers\",\"zz_Actualit\u00e9s - Atrium\",\"zz_Actualit\u00e9s - Woodsurfer\",\"zz_Atrium Patrimoine\",\"zz_Woodsurfer\"],\"inLanguage\":\"fr-FR\"},{\"@type\":\"WebPage\",\"@id\":\"https:\\\/\\\/batijournal.com\\\/index.php\\\/retour-sur-le-concours-europeens-des-jeunes-charpentiers-2\\\/110023\\\/\",\"url\":\"https:\\\/\\\/batijournal.com\\\/index.php\\\/retour-sur-le-concours-europeens-des-jeunes-charpentiers-2\\\/110023\\\/\",\"name\":\"Retour sur le concours Europ\u00e9ens des Jeunes Charpentiers\",\"isPartOf\":{\"@id\":\"https:\\\/\\\/batijournal.com\\\/#website\"},\"primaryImageOfPage\":{\"@id\":\"https:\\\/\\\/batijournal.com\\\/index.php\\\/retour-sur-le-concours-europeens-des-jeunes-charpentiers-2\\\/110023\\\/#primaryimage\"},\"image\":{\"@id\":\"https:\\\/\\\/batijournal.com\\\/index.php\\\/retour-sur-le-concours-europeens-des-jeunes-charpentiers-2\\\/110023\\\/#primaryimage\"},\"thumbnailUrl\":\"https:\\\/\\\/batijournal.com\\\/wp-content\\\/uploads\\\/2024\\\/02\\\/concours-europeen-jeunes-charpentiers.png\",\"datePublished\":\"2024-02-08T16:41:54+00:00\",\"author\":{\"@id\":\"https:\\\/\\\/batijournal.com\\\/#\\\/schema\\\/person\\\/1dc96ec6957aa1ccb25ebe78bb19f100\"},\"breadcrumb\":{\"@id\":\"https:\\\/\\\/batijournal.com\\\/index.php\\\/retour-sur-le-concours-europeens-des-jeunes-charpentiers-2\\\/110023\\\/#breadcrumb\"},\"inLanguage\":\"fr-FR\",\"potentialAction\":[{\"@type\":\"ReadAction\",\"target\":[\"https:\\\/\\\/batijournal.com\\\/index.php\\\/retour-sur-le-concours-europeens-des-jeunes-charpentiers-2\\\/110023\\\/\"]}]},{\"@type\":\"ImageObject\",\"inLanguage\":\"fr-FR\",\"@id\":\"https:\\\/\\\/batijournal.com\\\/index.php\\\/retour-sur-le-concours-europeens-des-jeunes-charpentiers-2\\\/110023\\\/#primaryimage\",\"url\":\"https:\\\/\\\/batijournal.com\\\/wp-content\\\/uploads\\\/2024\\\/02\\\/concours-europeen-jeunes-charpentiers.png\",\"contentUrl\":\"https:\\\/\\\/batijournal.com\\\/wp-content\\\/uploads\\\/2024\\\/02\\\/concours-europeen-jeunes-charpentiers.png\",\"width\":879,\"height\":488},{\"@type\":\"BreadcrumbList\",\"@id\":\"https:\\\/\\\/batijournal.com\\\/index.php\\\/retour-sur-le-concours-europeens-des-jeunes-charpentiers-2\\\/110023\\\/#breadcrumb\",\"itemListElement\":[{\"@type\":\"ListItem\",\"position\":1,\"name\":\"Accueil\",\"item\":\"https:\\\/\\\/batijournal.com\\\/\"},{\"@type\":\"ListItem\",\"position\":2,\"name\":\"Actualit\u00e9s\",\"item\":\"https:\\\/\\\/batijournal.com\\\/index.php\\\/category\\\/actualites\\\/\"},{\"@type\":\"ListItem\",\"position\":3,\"name\":\"Retour sur le concours Europ\u00e9ens des Jeunes Charpentiers\"}]},{\"@type\":\"WebSite\",\"@id\":\"https:\\\/\\\/batijournal.com\\\/#website\",\"url\":\"https:\\\/\\\/batijournal.com\\\/\",\"name\":\"Batijournal\",\"description\":\"L&#039;actualit\u00e9 du b\u00e2timent\",\"potentialAction\":[{\"@type\":\"SearchAction\",\"target\":{\"@type\":\"EntryPoint\",\"urlTemplate\":\"https:\\\/\\\/batijournal.com\\\/?s={search_term_string}\"},\"query-input\":{\"@type\":\"PropertyValueSpecification\",\"valueRequired\":true,\"valueName\":\"search_term_string\"}}],\"inLanguage\":\"fr-FR\"},{\"@type\":\"Person\",\"@id\":\"https:\\\/\\\/batijournal.com\\\/#\\\/schema\\\/person\\\/1dc96ec6957aa1ccb25ebe78bb19f100\",\"name\":\"St\u00e9phane Miget\",\"image\":{\"@type\":\"ImageObject\",\"inLanguage\":\"fr-FR\",\"@id\":\"https:\\\/\\\/secure.gravatar.com\\\/avatar\\\/89915563d925342126b8ef0281b93d9d7fc337043e8df017f780908eb9644451?s=96&d=mm&r=g\",\"url\":\"https:\\\/\\\/secure.gravatar.com\\\/avatar\\\/89915563d925342126b8ef0281b93d9d7fc337043e8df017f780908eb9644451?s=96&d=mm&r=g\",\"contentUrl\":\"https:\\\/\\\/secure.gravatar.com\\\/avatar\\\/89915563d925342126b8ef0281b93d9d7fc337043e8df017f780908eb9644451?s=96&d=mm&r=g\",\"caption\":\"St\u00e9phane Miget\"},\"url\":\"https:\\\/\\\/batijournal.com\\\/index.php\\\/author\\\/stephane\\\/\"}]}<\/script>\n<!-- \/ Yoast SEO plugin. -->","yoast_head_json":{"title":"Retour sur le concours Europ\u00e9ens des Jeunes Charpentiers","robots":{"index":"index","follow":"follow","max-snippet":"max-snippet:-1","max-image-preview":"max-image-preview:large","max-video-preview":"max-video-preview:-1"},"canonical":"https:\/\/batijournal.com\/index.php\/retour-sur-le-concours-europeens-des-jeunes-charpentiers-2\/110023\/","og_locale":"fr_FR","og_type":"article","og_title":"Retour sur le concours Europ\u00e9ens des Jeunes Charpentiers","og_description":"Eurobois 2024 : Retour sur le concours Europ\u00e9ens des Jeunes Charpentiers","og_url":"https:\/\/batijournal.com\/index.php\/retour-sur-le-concours-europeens-des-jeunes-charpentiers-2\/110023\/","og_site_name":"Batijournal","article_published_time":"2024-02-08T16:41:54+00:00","og_image":[{"width":879,"height":488,"url":"https:\/\/batijournal.com\/wp-content\/uploads\/2024\/02\/concours-europeen-jeunes-charpentiers.png","type":"image\/png"}],"author":"St\u00e9phane Miget","twitter_card":"summary_large_image","twitter_creator":"@bati_journal","twitter_site":"@bati_journal","twitter_misc":{"\u00c9crit par":"St\u00e9phane Miget","Dur\u00e9e de lecture estim\u00e9e":"1 minute"},"schema":{"@context":"https:\/\/schema.org","@graph":[{"@type":"Article","@id":"https:\/\/batijournal.com\/index.php\/retour-sur-le-concours-europeens-des-jeunes-charpentiers-2\/110023\/#article","isPartOf":{"@id":"https:\/\/batijournal.com\/index.php\/retour-sur-le-concours-europeens-des-jeunes-charpentiers-2\/110023\/"},"author":{"name":"St\u00e9phane Miget","@id":"https:\/\/batijournal.com\/#\/schema\/person\/1dc96ec6957aa1ccb25ebe78bb19f100"},"headline":"Retour sur le concours Europ\u00e9ens des Jeunes Charpentiers","datePublished":"2024-02-08T16:41:54+00:00","mainEntityOfPage":{"@id":"https:\/\/batijournal.com\/index.php\/retour-sur-le-concours-europeens-des-jeunes-charpentiers-2\/110023\/"},"wordCount":144,"image":{"@id":"https:\/\/batijournal.com\/index.php\/retour-sur-le-concours-europeens-des-jeunes-charpentiers-2\/110023\/#primaryimage"},"thumbnailUrl":"https:\/\/batijournal.com\/wp-content\/uploads\/2024\/02\/concours-europeen-jeunes-charpentiers.png","keywords":["Bati-journal TV","eurobois 2024","jeunes charpentiers"],"articleSection":["Actualit\u00e9s","batijournal TV","Divers","zz_Actualit\u00e9s - Atrium","zz_Actualit\u00e9s - Woodsurfer","zz_Atrium Patrimoine","zz_Woodsurfer"],"inLanguage":"fr-FR"},{"@type":"WebPage","@id":"https:\/\/batijournal.com\/index.php\/retour-sur-le-concours-europeens-des-jeunes-charpentiers-2\/110023\/","url":"https:\/\/batijournal.com\/index.php\/retour-sur-le-concours-europeens-des-jeunes-charpentiers-2\/110023\/","name":"Retour sur le concours Europ\u00e9ens des Jeunes Charpentiers","isPartOf":{"@id":"https:\/\/batijournal.com\/#website"},"primaryImageOfPage":{"@id":"https:\/\/batijournal.com\/index.php\/retour-sur-le-concours-europeens-des-jeunes-charpentiers-2\/110023\/#primaryimage"},"image":{"@id":"https:\/\/batijournal.com\/index.php\/retour-sur-le-concours-europeens-des-jeunes-charpentiers-2\/110023\/#primaryimage"},"thumbnailUrl":"https:\/\/batijournal.com\/wp-content\/uploads\/2024\/02\/concours-europeen-jeunes-charpentiers.png","datePublished":"2024-02-08T16:41:54+00:00","author":{"@id":"https:\/\/batijournal.com\/#\/schema\/person\/1dc96ec6957aa1ccb25ebe78bb19f100"},"breadcrumb":{"@id":"https:\/\/batijournal.com\/index.php\/retour-sur-le-concours-europeens-des-jeunes-charpentiers-2\/110023\/#breadcrumb"},"inLanguage":"fr-FR","potentialAction":[{"@type":"ReadAction","target":["https:\/\/batijournal.com\/index.php\/retour-sur-le-concours-europeens-des-jeunes-charpentiers-2\/110023\/"]}]},{"@type":"ImageObject","inLanguage":"fr-FR","@id":"https:\/\/batijournal.com\/index.php\/retour-sur-le-concours-europeens-des-jeunes-charpentiers-2\/110023\/#primaryimage","url":"https:\/\/batijournal.com\/wp-content\/uploads\/2024\/02\/concours-europeen-jeunes-charpentiers.png","contentUrl":"https:\/\/batijournal.com\/wp-content\/uploads\/2024\/02\/concours-europeen-jeunes-charpentiers.png","width":879,"height":488},{"@type":"BreadcrumbList","@id":"https:\/\/batijournal.com\/index.php\/retour-sur-le-concours-europeens-des-jeunes-charpentiers-2\/110023\/#breadcrumb","itemListElement":[{"@type":"ListItem","position":1,"name":"Accueil","item":"https:\/\/batijournal.com\/"},{"@type":"ListItem","position":2,"name":"Actualit\u00e9s","item":"https:\/\/batijournal.com\/index.php\/category\/actualites\/"},{"@type":"ListItem","position":3,"name":"Retour sur le concours Europ\u00e9ens des Jeunes Charpentiers"}]},{"@type":"WebSite","@id":"https:\/\/batijournal.com\/#website","url":"https:\/\/batijournal.com\/","name":"Batijournal","description":"L&#039;actualit\u00e9 du b\u00e2timent","potentialAction":[{"@type":"SearchAction","target":{"@type":"EntryPoint","urlTemplate":"https:\/\/batijournal.com\/?s={search_term_string}"},"query-input":{"@type":"PropertyValueSpecification","valueRequired":true,"valueName":"search_term_string"}}],"inLanguage":"fr-FR"},{"@type":"Person","@id":"https:\/\/batijournal.com\/#\/schema\/person\/1dc96ec6957aa1ccb25ebe78bb19f100","name":"St\u00e9phane Miget","image":{"@type":"ImageObject","inLanguage":"fr-FR","@id":"https:\/\/secure.gravatar.com\/avatar\/89915563d925342126b8ef0281b93d9d7fc337043e8df017f780908eb9644451?s=96&d=mm&r=g","url":"https:\/\/secure.gravatar.com\/avatar\/89915563d925342126b8ef0281b93d9d7fc337043e8df017f780908eb9644451?s=96&d=mm&r=g","contentUrl":"https:\/\/secure.gravatar.com\/avatar\/89915563d925342126b8ef0281b93d9d7fc337043e8df017f780908eb9644451?s=96&d=mm&r=g","caption":"St\u00e9phane Miget"},"url":"https:\/\/batijournal.com\/index.php\/author\/stephane\/"}]}},"_links":{"self":[{"href":"https:\/\/batijournal.com\/index.php\/wp-json\/wp\/v2\/posts\/110023","targetHints":{"allow":["GET"]}}],"collection":[{"href":"https:\/\/batijournal.com\/index.php\/wp-json\/wp\/v2\/posts"}],"about":[{"href":"https:\/\/batijournal.com\/index.php\/wp-json\/wp\/v2\/types\/post"}],"author":[{"embeddable":true,"href":"https:\/\/batijournal.com\/index.php\/wp-json\/wp\/v2\/users\/17"}],"replies":[{"embeddable":true,"href":"https:\/\/batijournal.com\/index.php\/wp-json\/wp\/v2\/comments?post=110023"}],"version-history":[{"count":0,"href":"https:\/\/batijournal.com\/index.php\/wp-json\/wp\/v2\/posts\/110023\/revisions"}],"wp:featuredmedia":[{"embeddable":true,"href":"https:\/\/batijournal.com\/index.php\/wp-json\/wp\/v2\/media\/110024"}],"wp:attachment":[{"href":"https:\/\/batijournal.com\/index.php\/wp-json\/wp\/v2\/media?parent=110023"}],"wp:term":[{"taxonomy":"category","embeddable":true,"href":"https:\/\/batijournal.com\/index.php\/wp-json\/wp\/v2\/categories?post=110023"},{"taxonomy":"post_tag","embeddable":true,"href":"https:\/\/batijournal.com\/index.php\/wp-json\/wp\/v2\/tags?post=110023"}],"curies":[{"name":"wp","href":"https:\/\/api.w.org\/{rel}","templated":true}]}}