{"id":110032,"date":"2024-02-08T18:54:56","date_gmt":"2024-02-08T17:54:56","guid":{"rendered":"https:\/\/batijournal.com\/?p=110032"},"modified":"2024-02-08T18:54:56","modified_gmt":"2024-02-08T17:54:56","slug":"sauver-lapprentissage-dans-les-premiers-niveaux-de-qualification","status":"publish","type":"post","link":"https:\/\/batijournal.com\/index.php\/sauver-lapprentissage-dans-les-premiers-niveaux-de-qualification\/110032\/","title":{"rendered":"Sauver l\u2019apprentissage dans les premiers niveaux de qualification"},"content":{"rendered":"<p>Le 6 f\u00e9vrier 2024 \u00e0 Orl\u00e9ans, Jo\u00ebl FOURNY, pr\u00e9sident de CMA France, a \u00e9t\u00e9 re\u00e7u par la Commission \u00c9ducation, Orientation, Formation et Emploi de R\u00e9gions de France, pr\u00e9sid\u00e9e par Fran\u00e7ois BONNEAU, pr\u00e9sident de la R\u00e9gion Centre-Val de Loire, afin d\u2019\u00e9changer sur la situation de l\u2019apprentissage, cinq ann\u00e9es apr\u00e8s que la loi du 5 septembre 2018 a \u00e9t\u00e9 mise en \u0153uvre. Suite \u00e0 cette rencontre, CMA France et R\u00e9gions de France appellent le Gouvernement \u00e0 prendre de toute urgence les mesures qui permettront de pr\u00e9server et de renforcer l\u2019apprentissage aux premiers niveaux de qualification. Ce sont les niveaux pour lesquels ce dispositif de formation est le plus efficace pour une insertion durable dans l\u2019emploi.<\/p>\n<p>La loi du 5 septembre 2018 Pour la libert\u00e9 de choisir son avenir professionnel a eu un effet ind\u00e9niable sur les effectifs d\u2019apprentis, mais cette augmentation a concern\u00e9 principalement les formations du niveau de l\u2019enseignement sup\u00e9rieur. Les formations de niveaux 3 et 4 \u00e0 d\u00e9velopper ne repr\u00e9sentent aujourd\u2019hui que 37 % des effectifs d\u2019apprentis, contre 75 % il y a dix ans.<br \/>\nLes d\u00e9cisions r\u00e9centes du Gouvernement en mati\u00e8re de r\u00e9gulation de la d\u00e9pense en faveur de l\u2019apprentissage vont aggraver ce d\u00e9s\u00e9quilibre. La baisse des niveaux de prise en charge des contrats d\u2019apprentissage r\u00e9alis\u00e9e au mois de septembre 2023 s\u2019est concentr\u00e9e sur les formations de niveau 3, alors m\u00eame que France comp\u00e9tences a relev\u00e9 que ce sont celles dont le co\u00fbt s\u2019est rench\u00e9ri le plus entre 2021 et 2022 (+ 10,2 %).<br \/>\nCette d\u00e9cision avait pour objectif de r\u00e9duire le financement global des contrats d\u2019apprentissage de -5 %. Pour les formations du secteur de l\u2019artisanat et des m\u00e9tiers l\u2019impact est bien sup\u00e9rieur : la moyenne des baisses est de -7,4% et m\u00eame de -8 % pour les CAP. Les CFA des chambres de m\u00e9tiers et de l\u2019artisanat vont \u00eatre contraints \u00e0 tr\u00e8s court terme de fermer les sections de formation qui ne seront plus \u00e9quilibr\u00e9es financi\u00e8rement, voire de fermer des sites entiers de formation. Les Conseils r\u00e9gionaux, eu \u00e9gard aux moyens r\u00e9duits dont ils disposent pour accompagner les CFA, ne pourront pallier les baisses de niveaux de prise en charge.<br \/>\nPour l\u2019Artisanat, l\u2019apprentissage r\u00e9pond \u00e0 deux imp\u00e9ratifs : former \u00e0 un m\u00e9tier en proximit\u00e9 et contribuer au d\u00e9veloppement de l\u2019emploi et \u00e0 la vitalit\u00e9 \u00e9conomique de tous les territoires. CMA France et R\u00e9gions de France alertent \u00e0 nouveau sur le risque, si les effets d\u00e9sastreux de ces baisses ne sont pas tr\u00e8s rapidement corrig\u00e9s, que l\u2019apprentissage ne puisse plus jouer son r\u00f4le en faveur de l\u2019emploi des jeunes et du d\u00e9veloppement des entreprises au plus pr\u00e8s des territoires, en particulier des territoires ruraux et des quartiers politique de la ville.<\/p>\n<p>CMA France et R\u00e9gions de France appellent le Gouvernement \u00e0 prendre sans d\u00e9lai les mesures qui permettront d\u2019\u00e9viter l\u2019arr\u00eat des formations et de sauver la \u00ab rentr\u00e9e \u00bb 2024. Pour les rentr\u00e9es suivantes, \u00e0 compter de 2025, CMA France et R\u00e9gions de France appellent \u00e9galement le Gouvernement \u00e0 ouvrir d\u00e8s que possible, avec elles, la concertation qui avait \u00e9t\u00e9 annonc\u00e9e pour la fin de l\u2019ann\u00e9e 2023, mais toujours pas entam\u00e9e, pour une r\u00e9forme en profondeur des modalit\u00e9s de prise en charge des contrats d\u2019apprentissage.<\/p>\n","protected":false},"excerpt":{"rendered":"<p>Le 6 f\u00e9vrier 2024 \u00e0 Orl\u00e9ans, Jo\u00ebl FOURNY, pr\u00e9sident de CMA France, a \u00e9t\u00e9 re\u00e7u par la Commission \u00c9ducation, Orientation, Formation et Emploi de R\u00e9gions de France, pr\u00e9sid\u00e9e par Fran\u00e7ois BONNEAU, pr\u00e9sident de la R\u00e9gion Centre-Val de Loire, afin d\u2019\u00e9changer sur la situation de l\u2019apprentissage, cinq ann\u00e9es apr\u00e8s que la loi du 5 septembre 2018 [&hellip;]<\/p>\n","protected":false},"author":17,"featured_media":96720,"comment_status":"closed","ping_status":"closed","sticky":false,"template":"","format":"standard","meta":{"_et_pb_use_builder":"","_et_pb_old_content":"","_et_gb_content_width":"","footnotes":""},"categories":[10736,10530,6345],"tags":[12896,517],"class_list":["post-110032","post","type-post","status-publish","format-standard","has-post-thumbnail","hentry","category-a-la-une","category-actualites","category-economie-marches","tag-apprentissage","tag-formation"],"yoast_head":"<!-- This site is optimized with the Yoast SEO plugin v27.4 - https:\/\/yoast.com\/product\/yoast-seo-wordpress\/ -->\n<title>Sauver l\u2019apprentissage dans les premiers niveaux de qualification<\/title>\n<meta name=\"robots\" content=\"index, follow, max-snippet:-1, max-image-preview:large, max-video-preview:-1\" \/>\n<link rel=\"canonical\" href=\"https:\/\/batijournal.com\/index.php\/sauver-lapprentissage-dans-les-premiers-niveaux-de-qualification\/110032\/\" \/>\n<meta property=\"og:locale\" content=\"fr_FR\" \/>\n<meta property=\"og:type\" content=\"article\" \/>\n<meta property=\"og:title\" content=\"Sauver l\u2019apprentissage dans les premiers niveaux de qualification\" \/>\n<meta property=\"og:description\" content=\"Le 6 f\u00e9vrier 2024 \u00e0 Orl\u00e9ans, Jo\u00ebl FOURNY, pr\u00e9sident de CMA France, a \u00e9t\u00e9 re\u00e7u par la Commission \u00c9ducation, Orientation, Formation et Emploi de R\u00e9gions de France, pr\u00e9sid\u00e9e par Fran\u00e7ois BONNEAU, pr\u00e9sident de la R\u00e9gion Centre-Val de Loire, afin d\u2019\u00e9changer sur la situation de l\u2019apprentissage, cinq ann\u00e9es apr\u00e8s que la loi du 5 septembre 2018 [&hellip;]\" \/>\n<meta property=\"og:url\" content=\"https:\/\/batijournal.com\/index.php\/sauver-lapprentissage-dans-les-premiers-niveaux-de-qualification\/110032\/\" \/>\n<meta property=\"og:site_name\" content=\"Batijournal\" \/>\n<meta property=\"article:published_time\" content=\"2024-02-08T17:54:56+00:00\" \/>\n<meta property=\"og:image\" content=\"https:\/\/batijournal.com\/wp-content\/uploads\/2017\/09\/apprentissage-batiment-peinture.jpg\" \/>\n\t<meta property=\"og:image:width\" content=\"1200\" \/>\n\t<meta property=\"og:image:height\" content=\"743\" \/>\n\t<meta property=\"og:image:type\" content=\"image\/jpeg\" \/>\n<meta name=\"author\" content=\"St\u00e9phane Miget\" \/>\n<meta name=\"twitter:card\" content=\"summary_large_image\" \/>\n<meta name=\"twitter:creator\" content=\"@bati_journal\" \/>\n<meta name=\"twitter:site\" content=\"@bati_journal\" \/>\n<meta name=\"twitter:label1\" content=\"\u00c9crit par\" \/>\n\t<meta name=\"twitter:data1\" content=\"St\u00e9phane Miget\" \/>\n\t<meta name=\"twitter:label2\" content=\"Dur\u00e9e de lecture estim\u00e9e\" \/>\n\t<meta name=\"twitter:data2\" content=\"3 minutes\" \/>\n<script type=\"application\/ld+json\" class=\"yoast-schema-graph\">{\"@context\":\"https:\\\/\\\/schema.org\",\"@graph\":[{\"@type\":\"Article\",\"@id\":\"https:\\\/\\\/batijournal.com\\\/index.php\\\/sauver-lapprentissage-dans-les-premiers-niveaux-de-qualification\\\/110032\\\/#article\",\"isPartOf\":{\"@id\":\"https:\\\/\\\/batijournal.com\\\/index.php\\\/sauver-lapprentissage-dans-les-premiers-niveaux-de-qualification\\\/110032\\\/\"},\"author\":{\"name\":\"St\u00e9phane Miget\",\"@id\":\"https:\\\/\\\/batijournal.com\\\/#\\\/schema\\\/person\\\/1dc96ec6957aa1ccb25ebe78bb19f100\"},\"headline\":\"Sauver l\u2019apprentissage dans les premiers niveaux de qualification\",\"datePublished\":\"2024-02-08T17:54:56+00:00\",\"mainEntityOfPage\":{\"@id\":\"https:\\\/\\\/batijournal.com\\\/index.php\\\/sauver-lapprentissage-dans-les-premiers-niveaux-de-qualification\\\/110032\\\/\"},\"wordCount\":588,\"image\":{\"@id\":\"https:\\\/\\\/batijournal.com\\\/index.php\\\/sauver-lapprentissage-dans-les-premiers-niveaux-de-qualification\\\/110032\\\/#primaryimage\"},\"thumbnailUrl\":\"https:\\\/\\\/batijournal.com\\\/wp-content\\\/uploads\\\/2017\\\/09\\\/apprentissage-batiment-peinture.jpg\",\"keywords\":[\"apprentissage\",\"formation\"],\"articleSection\":[\"A la Une\",\"Actualit\u00e9s\",\"\u00c9conomie &amp; March\u00e9s\"],\"inLanguage\":\"fr-FR\"},{\"@type\":\"WebPage\",\"@id\":\"https:\\\/\\\/batijournal.com\\\/index.php\\\/sauver-lapprentissage-dans-les-premiers-niveaux-de-qualification\\\/110032\\\/\",\"url\":\"https:\\\/\\\/batijournal.com\\\/index.php\\\/sauver-lapprentissage-dans-les-premiers-niveaux-de-qualification\\\/110032\\\/\",\"name\":\"Sauver l\u2019apprentissage dans les premiers niveaux de qualification\",\"isPartOf\":{\"@id\":\"https:\\\/\\\/batijournal.com\\\/#website\"},\"primaryImageOfPage\":{\"@id\":\"https:\\\/\\\/batijournal.com\\\/index.php\\\/sauver-lapprentissage-dans-les-premiers-niveaux-de-qualification\\\/110032\\\/#primaryimage\"},\"image\":{\"@id\":\"https:\\\/\\\/batijournal.com\\\/index.php\\\/sauver-lapprentissage-dans-les-premiers-niveaux-de-qualification\\\/110032\\\/#primaryimage\"},\"thumbnailUrl\":\"https:\\\/\\\/batijournal.com\\\/wp-content\\\/uploads\\\/2017\\\/09\\\/apprentissage-batiment-peinture.jpg\",\"datePublished\":\"2024-02-08T17:54:56+00:00\",\"author\":{\"@id\":\"https:\\\/\\\/batijournal.com\\\/#\\\/schema\\\/person\\\/1dc96ec6957aa1ccb25ebe78bb19f100\"},\"breadcrumb\":{\"@id\":\"https:\\\/\\\/batijournal.com\\\/index.php\\\/sauver-lapprentissage-dans-les-premiers-niveaux-de-qualification\\\/110032\\\/#breadcrumb\"},\"inLanguage\":\"fr-FR\",\"potentialAction\":[{\"@type\":\"ReadAction\",\"target\":[\"https:\\\/\\\/batijournal.com\\\/index.php\\\/sauver-lapprentissage-dans-les-premiers-niveaux-de-qualification\\\/110032\\\/\"]}]},{\"@type\":\"ImageObject\",\"inLanguage\":\"fr-FR\",\"@id\":\"https:\\\/\\\/batijournal.com\\\/index.php\\\/sauver-lapprentissage-dans-les-premiers-niveaux-de-qualification\\\/110032\\\/#primaryimage\",\"url\":\"https:\\\/\\\/batijournal.com\\\/wp-content\\\/uploads\\\/2017\\\/09\\\/apprentissage-batiment-peinture.jpg\",\"contentUrl\":\"https:\\\/\\\/batijournal.com\\\/wp-content\\\/uploads\\\/2017\\\/09\\\/apprentissage-batiment-peinture.jpg\",\"width\":1200,\"height\":743},{\"@type\":\"BreadcrumbList\",\"@id\":\"https:\\\/\\\/batijournal.com\\\/index.php\\\/sauver-lapprentissage-dans-les-premiers-niveaux-de-qualification\\\/110032\\\/#breadcrumb\",\"itemListElement\":[{\"@type\":\"ListItem\",\"position\":1,\"name\":\"Accueil\",\"item\":\"https:\\\/\\\/batijournal.com\\\/\"},{\"@type\":\"ListItem\",\"position\":2,\"name\":\"A la Une\",\"item\":\"https:\\\/\\\/batijournal.com\\\/index.php\\\/category\\\/a-la-une\\\/\"},{\"@type\":\"ListItem\",\"position\":3,\"name\":\"Sauver l\u2019apprentissage dans les premiers niveaux de qualification\"}]},{\"@type\":\"WebSite\",\"@id\":\"https:\\\/\\\/batijournal.com\\\/#website\",\"url\":\"https:\\\/\\\/batijournal.com\\\/\",\"name\":\"Batijournal\",\"description\":\"L&#039;actualit\u00e9 du b\u00e2timent\",\"potentialAction\":[{\"@type\":\"SearchAction\",\"target\":{\"@type\":\"EntryPoint\",\"urlTemplate\":\"https:\\\/\\\/batijournal.com\\\/?s={search_term_string}\"},\"query-input\":{\"@type\":\"PropertyValueSpecification\",\"valueRequired\":true,\"valueName\":\"search_term_string\"}}],\"inLanguage\":\"fr-FR\"},{\"@type\":\"Person\",\"@id\":\"https:\\\/\\\/batijournal.com\\\/#\\\/schema\\\/person\\\/1dc96ec6957aa1ccb25ebe78bb19f100\",\"name\":\"St\u00e9phane Miget\",\"image\":{\"@type\":\"ImageObject\",\"inLanguage\":\"fr-FR\",\"@id\":\"https:\\\/\\\/secure.gravatar.com\\\/avatar\\\/89915563d925342126b8ef0281b93d9d7fc337043e8df017f780908eb9644451?s=96&d=mm&r=g\",\"url\":\"https:\\\/\\\/secure.gravatar.com\\\/avatar\\\/89915563d925342126b8ef0281b93d9d7fc337043e8df017f780908eb9644451?s=96&d=mm&r=g\",\"contentUrl\":\"https:\\\/\\\/secure.gravatar.com\\\/avatar\\\/89915563d925342126b8ef0281b93d9d7fc337043e8df017f780908eb9644451?s=96&d=mm&r=g\",\"caption\":\"St\u00e9phane Miget\"},\"url\":\"https:\\\/\\\/batijournal.com\\\/index.php\\\/author\\\/stephane\\\/\"}]}<\/script>\n<!-- \/ Yoast SEO plugin. -->","yoast_head_json":{"title":"Sauver l\u2019apprentissage dans les premiers niveaux de qualification","robots":{"index":"index","follow":"follow","max-snippet":"max-snippet:-1","max-image-preview":"max-image-preview:large","max-video-preview":"max-video-preview:-1"},"canonical":"https:\/\/batijournal.com\/index.php\/sauver-lapprentissage-dans-les-premiers-niveaux-de-qualification\/110032\/","og_locale":"fr_FR","og_type":"article","og_title":"Sauver l\u2019apprentissage dans les premiers niveaux de qualification","og_description":"Le 6 f\u00e9vrier 2024 \u00e0 Orl\u00e9ans, Jo\u00ebl FOURNY, pr\u00e9sident de CMA France, a \u00e9t\u00e9 re\u00e7u par la Commission \u00c9ducation, Orientation, Formation et Emploi de R\u00e9gions de France, pr\u00e9sid\u00e9e par Fran\u00e7ois BONNEAU, pr\u00e9sident de la R\u00e9gion Centre-Val de Loire, afin d\u2019\u00e9changer sur la situation de l\u2019apprentissage, cinq ann\u00e9es apr\u00e8s que la loi du 5 septembre 2018 [&hellip;]","og_url":"https:\/\/batijournal.com\/index.php\/sauver-lapprentissage-dans-les-premiers-niveaux-de-qualification\/110032\/","og_site_name":"Batijournal","article_published_time":"2024-02-08T17:54:56+00:00","og_image":[{"width":1200,"height":743,"url":"https:\/\/batijournal.com\/wp-content\/uploads\/2017\/09\/apprentissage-batiment-peinture.jpg","type":"image\/jpeg"}],"author":"St\u00e9phane Miget","twitter_card":"summary_large_image","twitter_creator":"@bati_journal","twitter_site":"@bati_journal","twitter_misc":{"\u00c9crit par":"St\u00e9phane Miget","Dur\u00e9e de lecture estim\u00e9e":"3 minutes"},"schema":{"@context":"https:\/\/schema.org","@graph":[{"@type":"Article","@id":"https:\/\/batijournal.com\/index.php\/sauver-lapprentissage-dans-les-premiers-niveaux-de-qualification\/110032\/#article","isPartOf":{"@id":"https:\/\/batijournal.com\/index.php\/sauver-lapprentissage-dans-les-premiers-niveaux-de-qualification\/110032\/"},"author":{"name":"St\u00e9phane Miget","@id":"https:\/\/batijournal.com\/#\/schema\/person\/1dc96ec6957aa1ccb25ebe78bb19f100"},"headline":"Sauver l\u2019apprentissage dans les premiers niveaux de qualification","datePublished":"2024-02-08T17:54:56+00:00","mainEntityOfPage":{"@id":"https:\/\/batijournal.com\/index.php\/sauver-lapprentissage-dans-les-premiers-niveaux-de-qualification\/110032\/"},"wordCount":588,"image":{"@id":"https:\/\/batijournal.com\/index.php\/sauver-lapprentissage-dans-les-premiers-niveaux-de-qualification\/110032\/#primaryimage"},"thumbnailUrl":"https:\/\/batijournal.com\/wp-content\/uploads\/2017\/09\/apprentissage-batiment-peinture.jpg","keywords":["apprentissage","formation"],"articleSection":["A la Une","Actualit\u00e9s","\u00c9conomie &amp; March\u00e9s"],"inLanguage":"fr-FR"},{"@type":"WebPage","@id":"https:\/\/batijournal.com\/index.php\/sauver-lapprentissage-dans-les-premiers-niveaux-de-qualification\/110032\/","url":"https:\/\/batijournal.com\/index.php\/sauver-lapprentissage-dans-les-premiers-niveaux-de-qualification\/110032\/","name":"Sauver l\u2019apprentissage dans les premiers niveaux de qualification","isPartOf":{"@id":"https:\/\/batijournal.com\/#website"},"primaryImageOfPage":{"@id":"https:\/\/batijournal.com\/index.php\/sauver-lapprentissage-dans-les-premiers-niveaux-de-qualification\/110032\/#primaryimage"},"image":{"@id":"https:\/\/batijournal.com\/index.php\/sauver-lapprentissage-dans-les-premiers-niveaux-de-qualification\/110032\/#primaryimage"},"thumbnailUrl":"https:\/\/batijournal.com\/wp-content\/uploads\/2017\/09\/apprentissage-batiment-peinture.jpg","datePublished":"2024-02-08T17:54:56+00:00","author":{"@id":"https:\/\/batijournal.com\/#\/schema\/person\/1dc96ec6957aa1ccb25ebe78bb19f100"},"breadcrumb":{"@id":"https:\/\/batijournal.com\/index.php\/sauver-lapprentissage-dans-les-premiers-niveaux-de-qualification\/110032\/#breadcrumb"},"inLanguage":"fr-FR","potentialAction":[{"@type":"ReadAction","target":["https:\/\/batijournal.com\/index.php\/sauver-lapprentissage-dans-les-premiers-niveaux-de-qualification\/110032\/"]}]},{"@type":"ImageObject","inLanguage":"fr-FR","@id":"https:\/\/batijournal.com\/index.php\/sauver-lapprentissage-dans-les-premiers-niveaux-de-qualification\/110032\/#primaryimage","url":"https:\/\/batijournal.com\/wp-content\/uploads\/2017\/09\/apprentissage-batiment-peinture.jpg","contentUrl":"https:\/\/batijournal.com\/wp-content\/uploads\/2017\/09\/apprentissage-batiment-peinture.jpg","width":1200,"height":743},{"@type":"BreadcrumbList","@id":"https:\/\/batijournal.com\/index.php\/sauver-lapprentissage-dans-les-premiers-niveaux-de-qualification\/110032\/#breadcrumb","itemListElement":[{"@type":"ListItem","position":1,"name":"Accueil","item":"https:\/\/batijournal.com\/"},{"@type":"ListItem","position":2,"name":"A la Une","item":"https:\/\/batijournal.com\/index.php\/category\/a-la-une\/"},{"@type":"ListItem","position":3,"name":"Sauver l\u2019apprentissage dans les premiers niveaux de qualification"}]},{"@type":"WebSite","@id":"https:\/\/batijournal.com\/#website","url":"https:\/\/batijournal.com\/","name":"Batijournal","description":"L&#039;actualit\u00e9 du b\u00e2timent","potentialAction":[{"@type":"SearchAction","target":{"@type":"EntryPoint","urlTemplate":"https:\/\/batijournal.com\/?s={search_term_string}"},"query-input":{"@type":"PropertyValueSpecification","valueRequired":true,"valueName":"search_term_string"}}],"inLanguage":"fr-FR"},{"@type":"Person","@id":"https:\/\/batijournal.com\/#\/schema\/person\/1dc96ec6957aa1ccb25ebe78bb19f100","name":"St\u00e9phane Miget","image":{"@type":"ImageObject","inLanguage":"fr-FR","@id":"https:\/\/secure.gravatar.com\/avatar\/89915563d925342126b8ef0281b93d9d7fc337043e8df017f780908eb9644451?s=96&d=mm&r=g","url":"https:\/\/secure.gravatar.com\/avatar\/89915563d925342126b8ef0281b93d9d7fc337043e8df017f780908eb9644451?s=96&d=mm&r=g","contentUrl":"https:\/\/secure.gravatar.com\/avatar\/89915563d925342126b8ef0281b93d9d7fc337043e8df017f780908eb9644451?s=96&d=mm&r=g","caption":"St\u00e9phane Miget"},"url":"https:\/\/batijournal.com\/index.php\/author\/stephane\/"}]}},"_links":{"self":[{"href":"https:\/\/batijournal.com\/index.php\/wp-json\/wp\/v2\/posts\/110032","targetHints":{"allow":["GET"]}}],"collection":[{"href":"https:\/\/batijournal.com\/index.php\/wp-json\/wp\/v2\/posts"}],"about":[{"href":"https:\/\/batijournal.com\/index.php\/wp-json\/wp\/v2\/types\/post"}],"author":[{"embeddable":true,"href":"https:\/\/batijournal.com\/index.php\/wp-json\/wp\/v2\/users\/17"}],"replies":[{"embeddable":true,"href":"https:\/\/batijournal.com\/index.php\/wp-json\/wp\/v2\/comments?post=110032"}],"version-history":[{"count":0,"href":"https:\/\/batijournal.com\/index.php\/wp-json\/wp\/v2\/posts\/110032\/revisions"}],"wp:featuredmedia":[{"embeddable":true,"href":"https:\/\/batijournal.com\/index.php\/wp-json\/wp\/v2\/media\/96720"}],"wp:attachment":[{"href":"https:\/\/batijournal.com\/index.php\/wp-json\/wp\/v2\/media?parent=110032"}],"wp:term":[{"taxonomy":"category","embeddable":true,"href":"https:\/\/batijournal.com\/index.php\/wp-json\/wp\/v2\/categories?post=110032"},{"taxonomy":"post_tag","embeddable":true,"href":"https:\/\/batijournal.com\/index.php\/wp-json\/wp\/v2\/tags?post=110032"}],"curies":[{"name":"wp","href":"https:\/\/api.w.org\/{rel}","templated":true}]}}