{"id":110034,"date":"2024-02-08T22:06:15","date_gmt":"2024-02-08T21:06:15","guid":{"rendered":"https:\/\/batijournal.com\/?p=110034"},"modified":"2024-02-08T22:23:00","modified_gmt":"2024-02-08T21:23:00","slug":"guillaume-kasbarian-le-nouveau-ministre-du-logement-deja-interpele","status":"publish","type":"post","link":"https:\/\/batijournal.com\/index.php\/guillaume-kasbarian-le-nouveau-ministre-du-logement-deja-interpele\/110034\/","title":{"rendered":"Guillaume Kasbarian, le nouveau ministre du logement d\u00e9j\u00e0 interpell\u00e9"},"content":{"rendered":"<p>Apr\u00e8s quatre semaines d&rsquo;attente, le gouvernement de Gabriel Attal est au complet ce jeudi soir 8 f\u00e9vrier 2024. Le nouveau ministre d\u00e9l\u00e9gu\u00e9 aupr\u00e8s du ministre de la transition \u00e9cologique, charg\u00e9 du logement, est Guillaume Kasbarian. Ce d\u00e9put\u00e9 Renaissance, pr\u00e9sident de la commission des affaires \u00e9conomiques \u00e0 l\u2019Assembl\u00e9e, est \u00e0 l\u2019origine de la proposition de loi \u00ab antisquat \u00bb adopt\u00e9e en juin 2023 par le Parlement et sa nomination inqui\u00e8te d\u00e9j\u00e0 les associations de lutte contre le mal-logement. Le premier ministre, interrog\u00e9 par Caroline Roux sur France 2,\u00a0indique avoir plac\u00e9 le logement en priorit\u00e9 num\u00e9ro deux de son gouvernement : <em>\u00ab Il faut prendre des mesures fortes pour inciter \u00e0 construire davantage, pour inciter davantage \u00e0 la fois les maires \u00e0 donner des permis pour construire \u00bb<\/em>. Sur X, le nouveau ministre du logement fait part d&rsquo;une feuille de route <em>\u00ab claire pour lib\u00e9rer l\u2019offre pour permettre \u00e0 chacun d\u2019acc\u00e9der \u00e0 un logement. \u00bb<\/em><\/p>\n<p>Aussit\u00f4t, les partenaires de l\u2019Alliance pour le logement ont f\u00e9licit\u00e9 Guillaume KASBARIAN pour sa nomination tout en rappelant que les premi\u00e8res annonces du gouvernement, fin janvier, n&rsquo;\u00e9taient pas \u00e0 la hauteur et ne r\u00e9pondaient pas aux enjeux actuels. Le choc de simplification, r\u00e9guli\u00e8rement promis, se fait attendre. Le choc d&rsquo;offre, brandi en 2017, n\u00b4a pas eu lieu non plus. L\u2019Alliance pour le logement, qui a fait des propositions depuis longtemps, attend du nouveau ministre du Logement des d\u00e9cisions fortes et imm\u00e9diates.\u00a0<em>\u00ab Il est temps de mettre tous les moyens pour relancer, partout en France, la construction neuve et dynamiser la r\u00e9novation de logements, l\u2019outil de production \u00e9tant en train de se fragiliser, voire de se fracturer avec la perte annonc\u00e9e de dizaines de milliers d\u2019emplois qualifi\u00e9s dans toute la fili\u00e8re. Il est urgent de soutenir l\u2019accession \u00e0 la propri\u00e9t\u00e9 pour un vrai parcours r\u00e9sidentiel des Fran\u00e7ais et l\u2019investissement locatif de longue dur\u00e9e. Il faut par ailleurs r\u00e9pondre d\u00e8s \u00e0 pr\u00e9sent \u00e0 l\u2019effondrement de la demande, cause principale de la crise. \u00bb<\/em> Les membres de l\u2019Alliance croient toujours \u00e0 un sursaut qui requiert cinq engagements du gouvernement : r\u00e9pondre aux besoins des Fran\u00e7ais dans leurs diff\u00e9rents parcours, accompagner les particuliers qui souhaitent acqu\u00e9rir un logement, respecter les professionnels, mettre en place des mesures r\u00e9alistes pour tenir les objectifs de la Strat\u00e9gie nationale bas carbone et, dernier point fondamental, donner de la visibilit\u00e9 via un plan pluriannuel.<\/p>\n","protected":false},"excerpt":{"rendered":"<p>Apr\u00e8s quatre semaines d&rsquo;attente, le gouvernement de Gabriel Attal est au complet ce jeudi soir 8 f\u00e9vrier 2024. Le nouveau ministre d\u00e9l\u00e9gu\u00e9 aupr\u00e8s du ministre de la transition \u00e9cologique, charg\u00e9 du logement, est Guillaume Kasbarian. Ce d\u00e9put\u00e9 Renaissance, pr\u00e9sident de la commission des affaires \u00e9conomiques \u00e0 l\u2019Assembl\u00e9e, est \u00e0 l\u2019origine de la proposition de loi [&hellip;]<\/p>\n","protected":false},"author":17,"featured_media":109811,"comment_status":"closed","ping_status":"closed","sticky":false,"template":"","format":"standard","meta":{"_et_pb_use_builder":"","_et_pb_old_content":"","_et_gb_content_width":"","footnotes":""},"categories":[10736,10530,6345],"tags":[13229,13095,2020,13233],"class_list":["post-110034","post","type-post","status-publish","format-standard","has-post-thumbnail","hentry","category-a-la-une","category-actualites","category-economie-marches","tag-alliance-pour-le-logement","tag-crise","tag-logement","tag-ministre-du-logement"],"yoast_head":"<!-- This site is optimized with the Yoast SEO plugin v27.4 - https:\/\/yoast.com\/product\/yoast-seo-wordpress\/ -->\n<title>Guillaume Kasbarian, le nouveau ministre du logement d\u00e9j\u00e0 interpell\u00e9<\/title>\n<meta name=\"robots\" content=\"index, follow, max-snippet:-1, max-image-preview:large, max-video-preview:-1\" \/>\n<link rel=\"canonical\" href=\"https:\/\/batijournal.com\/index.php\/guillaume-kasbarian-le-nouveau-ministre-du-logement-deja-interpele\/110034\/\" \/>\n<meta property=\"og:locale\" content=\"fr_FR\" \/>\n<meta property=\"og:type\" content=\"article\" \/>\n<meta property=\"og:title\" content=\"Guillaume Kasbarian, le nouveau ministre du logement d\u00e9j\u00e0 interpell\u00e9\" \/>\n<meta property=\"og:description\" content=\"Apr\u00e8s quatre semaines d&rsquo;attente, le gouvernement de Gabriel Attal est au complet ce jeudi soir 8 f\u00e9vrier 2024. Le nouveau ministre d\u00e9l\u00e9gu\u00e9 aupr\u00e8s du ministre de la transition \u00e9cologique, charg\u00e9 du logement, est Guillaume Kasbarian. Ce d\u00e9put\u00e9 Renaissance, pr\u00e9sident de la commission des affaires \u00e9conomiques \u00e0 l\u2019Assembl\u00e9e, est \u00e0 l\u2019origine de la proposition de loi [&hellip;]\" \/>\n<meta property=\"og:url\" content=\"https:\/\/batijournal.com\/index.php\/guillaume-kasbarian-le-nouveau-ministre-du-logement-deja-interpele\/110034\/\" \/>\n<meta property=\"og:site_name\" content=\"Batijournal\" \/>\n<meta property=\"article:published_time\" content=\"2024-02-08T21:06:15+00:00\" \/>\n<meta property=\"article:modified_time\" content=\"2024-02-08T21:23:00+00:00\" \/>\n<meta property=\"og:image\" content=\"https:\/\/batijournal.com\/wp-content\/uploads\/2023\/12\/chantier-petit-collectif2.jpg\" \/>\n\t<meta property=\"og:image:width\" content=\"1000\" \/>\n\t<meta property=\"og:image:height\" content=\"750\" \/>\n\t<meta property=\"og:image:type\" content=\"image\/jpeg\" \/>\n<meta name=\"author\" content=\"St\u00e9phane Miget\" \/>\n<meta name=\"twitter:card\" content=\"summary_large_image\" \/>\n<meta name=\"twitter:creator\" content=\"@bati_journal\" \/>\n<meta name=\"twitter:site\" content=\"@bati_journal\" \/>\n<meta name=\"twitter:label1\" content=\"\u00c9crit par\" \/>\n\t<meta name=\"twitter:data1\" content=\"St\u00e9phane Miget\" \/>\n\t<meta name=\"twitter:label2\" content=\"Dur\u00e9e de lecture estim\u00e9e\" \/>\n\t<meta name=\"twitter:data2\" content=\"2 minutes\" \/>\n<script type=\"application\/ld+json\" class=\"yoast-schema-graph\">{\"@context\":\"https:\\\/\\\/schema.org\",\"@graph\":[{\"@type\":\"Article\",\"@id\":\"https:\\\/\\\/batijournal.com\\\/index.php\\\/guillaume-kasbarian-le-nouveau-ministre-du-logement-deja-interpele\\\/110034\\\/#article\",\"isPartOf\":{\"@id\":\"https:\\\/\\\/batijournal.com\\\/index.php\\\/guillaume-kasbarian-le-nouveau-ministre-du-logement-deja-interpele\\\/110034\\\/\"},\"author\":{\"name\":\"St\u00e9phane Miget\",\"@id\":\"https:\\\/\\\/batijournal.com\\\/#\\\/schema\\\/person\\\/1dc96ec6957aa1ccb25ebe78bb19f100\"},\"headline\":\"Guillaume Kasbarian, le nouveau ministre du logement d\u00e9j\u00e0 interpell\u00e9\",\"datePublished\":\"2024-02-08T21:06:15+00:00\",\"dateModified\":\"2024-02-08T21:23:00+00:00\",\"mainEntityOfPage\":{\"@id\":\"https:\\\/\\\/batijournal.com\\\/index.php\\\/guillaume-kasbarian-le-nouveau-ministre-du-logement-deja-interpele\\\/110034\\\/\"},\"wordCount\":429,\"image\":{\"@id\":\"https:\\\/\\\/batijournal.com\\\/index.php\\\/guillaume-kasbarian-le-nouveau-ministre-du-logement-deja-interpele\\\/110034\\\/#primaryimage\"},\"thumbnailUrl\":\"https:\\\/\\\/batijournal.com\\\/wp-content\\\/uploads\\\/2023\\\/12\\\/chantier-petit-collectif2.jpg\",\"keywords\":[\"Alliance pour le logement\",\"crise\",\"logement\",\"ministre du logement\"],\"articleSection\":[\"A la Une\",\"Actualit\u00e9s\",\"\u00c9conomie &amp; March\u00e9s\"],\"inLanguage\":\"fr-FR\"},{\"@type\":\"WebPage\",\"@id\":\"https:\\\/\\\/batijournal.com\\\/index.php\\\/guillaume-kasbarian-le-nouveau-ministre-du-logement-deja-interpele\\\/110034\\\/\",\"url\":\"https:\\\/\\\/batijournal.com\\\/index.php\\\/guillaume-kasbarian-le-nouveau-ministre-du-logement-deja-interpele\\\/110034\\\/\",\"name\":\"Guillaume Kasbarian, le nouveau ministre du logement d\u00e9j\u00e0 interpell\u00e9\",\"isPartOf\":{\"@id\":\"https:\\\/\\\/batijournal.com\\\/#website\"},\"primaryImageOfPage\":{\"@id\":\"https:\\\/\\\/batijournal.com\\\/index.php\\\/guillaume-kasbarian-le-nouveau-ministre-du-logement-deja-interpele\\\/110034\\\/#primaryimage\"},\"image\":{\"@id\":\"https:\\\/\\\/batijournal.com\\\/index.php\\\/guillaume-kasbarian-le-nouveau-ministre-du-logement-deja-interpele\\\/110034\\\/#primaryimage\"},\"thumbnailUrl\":\"https:\\\/\\\/batijournal.com\\\/wp-content\\\/uploads\\\/2023\\\/12\\\/chantier-petit-collectif2.jpg\",\"datePublished\":\"2024-02-08T21:06:15+00:00\",\"dateModified\":\"2024-02-08T21:23:00+00:00\",\"author\":{\"@id\":\"https:\\\/\\\/batijournal.com\\\/#\\\/schema\\\/person\\\/1dc96ec6957aa1ccb25ebe78bb19f100\"},\"breadcrumb\":{\"@id\":\"https:\\\/\\\/batijournal.com\\\/index.php\\\/guillaume-kasbarian-le-nouveau-ministre-du-logement-deja-interpele\\\/110034\\\/#breadcrumb\"},\"inLanguage\":\"fr-FR\",\"potentialAction\":[{\"@type\":\"ReadAction\",\"target\":[\"https:\\\/\\\/batijournal.com\\\/index.php\\\/guillaume-kasbarian-le-nouveau-ministre-du-logement-deja-interpele\\\/110034\\\/\"]}]},{\"@type\":\"ImageObject\",\"inLanguage\":\"fr-FR\",\"@id\":\"https:\\\/\\\/batijournal.com\\\/index.php\\\/guillaume-kasbarian-le-nouveau-ministre-du-logement-deja-interpele\\\/110034\\\/#primaryimage\",\"url\":\"https:\\\/\\\/batijournal.com\\\/wp-content\\\/uploads\\\/2023\\\/12\\\/chantier-petit-collectif2.jpg\",\"contentUrl\":\"https:\\\/\\\/batijournal.com\\\/wp-content\\\/uploads\\\/2023\\\/12\\\/chantier-petit-collectif2.jpg\",\"width\":1000,\"height\":750},{\"@type\":\"BreadcrumbList\",\"@id\":\"https:\\\/\\\/batijournal.com\\\/index.php\\\/guillaume-kasbarian-le-nouveau-ministre-du-logement-deja-interpele\\\/110034\\\/#breadcrumb\",\"itemListElement\":[{\"@type\":\"ListItem\",\"position\":1,\"name\":\"Accueil\",\"item\":\"https:\\\/\\\/batijournal.com\\\/\"},{\"@type\":\"ListItem\",\"position\":2,\"name\":\"A la Une\",\"item\":\"https:\\\/\\\/batijournal.com\\\/index.php\\\/category\\\/a-la-une\\\/\"},{\"@type\":\"ListItem\",\"position\":3,\"name\":\"Guillaume Kasbarian, le nouveau ministre du logement d\u00e9j\u00e0 interpell\u00e9\"}]},{\"@type\":\"WebSite\",\"@id\":\"https:\\\/\\\/batijournal.com\\\/#website\",\"url\":\"https:\\\/\\\/batijournal.com\\\/\",\"name\":\"Batijournal\",\"description\":\"L&#039;actualit\u00e9 du b\u00e2timent\",\"potentialAction\":[{\"@type\":\"SearchAction\",\"target\":{\"@type\":\"EntryPoint\",\"urlTemplate\":\"https:\\\/\\\/batijournal.com\\\/?s={search_term_string}\"},\"query-input\":{\"@type\":\"PropertyValueSpecification\",\"valueRequired\":true,\"valueName\":\"search_term_string\"}}],\"inLanguage\":\"fr-FR\"},{\"@type\":\"Person\",\"@id\":\"https:\\\/\\\/batijournal.com\\\/#\\\/schema\\\/person\\\/1dc96ec6957aa1ccb25ebe78bb19f100\",\"name\":\"St\u00e9phane Miget\",\"image\":{\"@type\":\"ImageObject\",\"inLanguage\":\"fr-FR\",\"@id\":\"https:\\\/\\\/secure.gravatar.com\\\/avatar\\\/89915563d925342126b8ef0281b93d9d7fc337043e8df017f780908eb9644451?s=96&d=mm&r=g\",\"url\":\"https:\\\/\\\/secure.gravatar.com\\\/avatar\\\/89915563d925342126b8ef0281b93d9d7fc337043e8df017f780908eb9644451?s=96&d=mm&r=g\",\"contentUrl\":\"https:\\\/\\\/secure.gravatar.com\\\/avatar\\\/89915563d925342126b8ef0281b93d9d7fc337043e8df017f780908eb9644451?s=96&d=mm&r=g\",\"caption\":\"St\u00e9phane Miget\"},\"url\":\"https:\\\/\\\/batijournal.com\\\/index.php\\\/author\\\/stephane\\\/\"}]}<\/script>\n<!-- \/ Yoast SEO plugin. -->","yoast_head_json":{"title":"Guillaume Kasbarian, le nouveau ministre du logement d\u00e9j\u00e0 interpell\u00e9","robots":{"index":"index","follow":"follow","max-snippet":"max-snippet:-1","max-image-preview":"max-image-preview:large","max-video-preview":"max-video-preview:-1"},"canonical":"https:\/\/batijournal.com\/index.php\/guillaume-kasbarian-le-nouveau-ministre-du-logement-deja-interpele\/110034\/","og_locale":"fr_FR","og_type":"article","og_title":"Guillaume Kasbarian, le nouveau ministre du logement d\u00e9j\u00e0 interpell\u00e9","og_description":"Apr\u00e8s quatre semaines d&rsquo;attente, le gouvernement de Gabriel Attal est au complet ce jeudi soir 8 f\u00e9vrier 2024. Le nouveau ministre d\u00e9l\u00e9gu\u00e9 aupr\u00e8s du ministre de la transition \u00e9cologique, charg\u00e9 du logement, est Guillaume Kasbarian. Ce d\u00e9put\u00e9 Renaissance, pr\u00e9sident de la commission des affaires \u00e9conomiques \u00e0 l\u2019Assembl\u00e9e, est \u00e0 l\u2019origine de la proposition de loi [&hellip;]","og_url":"https:\/\/batijournal.com\/index.php\/guillaume-kasbarian-le-nouveau-ministre-du-logement-deja-interpele\/110034\/","og_site_name":"Batijournal","article_published_time":"2024-02-08T21:06:15+00:00","article_modified_time":"2024-02-08T21:23:00+00:00","og_image":[{"width":1000,"height":750,"url":"https:\/\/batijournal.com\/wp-content\/uploads\/2023\/12\/chantier-petit-collectif2.jpg","type":"image\/jpeg"}],"author":"St\u00e9phane Miget","twitter_card":"summary_large_image","twitter_creator":"@bati_journal","twitter_site":"@bati_journal","twitter_misc":{"\u00c9crit par":"St\u00e9phane Miget","Dur\u00e9e de lecture estim\u00e9e":"2 minutes"},"schema":{"@context":"https:\/\/schema.org","@graph":[{"@type":"Article","@id":"https:\/\/batijournal.com\/index.php\/guillaume-kasbarian-le-nouveau-ministre-du-logement-deja-interpele\/110034\/#article","isPartOf":{"@id":"https:\/\/batijournal.com\/index.php\/guillaume-kasbarian-le-nouveau-ministre-du-logement-deja-interpele\/110034\/"},"author":{"name":"St\u00e9phane Miget","@id":"https:\/\/batijournal.com\/#\/schema\/person\/1dc96ec6957aa1ccb25ebe78bb19f100"},"headline":"Guillaume Kasbarian, le nouveau ministre du logement d\u00e9j\u00e0 interpell\u00e9","datePublished":"2024-02-08T21:06:15+00:00","dateModified":"2024-02-08T21:23:00+00:00","mainEntityOfPage":{"@id":"https:\/\/batijournal.com\/index.php\/guillaume-kasbarian-le-nouveau-ministre-du-logement-deja-interpele\/110034\/"},"wordCount":429,"image":{"@id":"https:\/\/batijournal.com\/index.php\/guillaume-kasbarian-le-nouveau-ministre-du-logement-deja-interpele\/110034\/#primaryimage"},"thumbnailUrl":"https:\/\/batijournal.com\/wp-content\/uploads\/2023\/12\/chantier-petit-collectif2.jpg","keywords":["Alliance pour le logement","crise","logement","ministre du logement"],"articleSection":["A la Une","Actualit\u00e9s","\u00c9conomie &amp; March\u00e9s"],"inLanguage":"fr-FR"},{"@type":"WebPage","@id":"https:\/\/batijournal.com\/index.php\/guillaume-kasbarian-le-nouveau-ministre-du-logement-deja-interpele\/110034\/","url":"https:\/\/batijournal.com\/index.php\/guillaume-kasbarian-le-nouveau-ministre-du-logement-deja-interpele\/110034\/","name":"Guillaume Kasbarian, le nouveau ministre du logement d\u00e9j\u00e0 interpell\u00e9","isPartOf":{"@id":"https:\/\/batijournal.com\/#website"},"primaryImageOfPage":{"@id":"https:\/\/batijournal.com\/index.php\/guillaume-kasbarian-le-nouveau-ministre-du-logement-deja-interpele\/110034\/#primaryimage"},"image":{"@id":"https:\/\/batijournal.com\/index.php\/guillaume-kasbarian-le-nouveau-ministre-du-logement-deja-interpele\/110034\/#primaryimage"},"thumbnailUrl":"https:\/\/batijournal.com\/wp-content\/uploads\/2023\/12\/chantier-petit-collectif2.jpg","datePublished":"2024-02-08T21:06:15+00:00","dateModified":"2024-02-08T21:23:00+00:00","author":{"@id":"https:\/\/batijournal.com\/#\/schema\/person\/1dc96ec6957aa1ccb25ebe78bb19f100"},"breadcrumb":{"@id":"https:\/\/batijournal.com\/index.php\/guillaume-kasbarian-le-nouveau-ministre-du-logement-deja-interpele\/110034\/#breadcrumb"},"inLanguage":"fr-FR","potentialAction":[{"@type":"ReadAction","target":["https:\/\/batijournal.com\/index.php\/guillaume-kasbarian-le-nouveau-ministre-du-logement-deja-interpele\/110034\/"]}]},{"@type":"ImageObject","inLanguage":"fr-FR","@id":"https:\/\/batijournal.com\/index.php\/guillaume-kasbarian-le-nouveau-ministre-du-logement-deja-interpele\/110034\/#primaryimage","url":"https:\/\/batijournal.com\/wp-content\/uploads\/2023\/12\/chantier-petit-collectif2.jpg","contentUrl":"https:\/\/batijournal.com\/wp-content\/uploads\/2023\/12\/chantier-petit-collectif2.jpg","width":1000,"height":750},{"@type":"BreadcrumbList","@id":"https:\/\/batijournal.com\/index.php\/guillaume-kasbarian-le-nouveau-ministre-du-logement-deja-interpele\/110034\/#breadcrumb","itemListElement":[{"@type":"ListItem","position":1,"name":"Accueil","item":"https:\/\/batijournal.com\/"},{"@type":"ListItem","position":2,"name":"A la Une","item":"https:\/\/batijournal.com\/index.php\/category\/a-la-une\/"},{"@type":"ListItem","position":3,"name":"Guillaume Kasbarian, le nouveau ministre du logement d\u00e9j\u00e0 interpell\u00e9"}]},{"@type":"WebSite","@id":"https:\/\/batijournal.com\/#website","url":"https:\/\/batijournal.com\/","name":"Batijournal","description":"L&#039;actualit\u00e9 du b\u00e2timent","potentialAction":[{"@type":"SearchAction","target":{"@type":"EntryPoint","urlTemplate":"https:\/\/batijournal.com\/?s={search_term_string}"},"query-input":{"@type":"PropertyValueSpecification","valueRequired":true,"valueName":"search_term_string"}}],"inLanguage":"fr-FR"},{"@type":"Person","@id":"https:\/\/batijournal.com\/#\/schema\/person\/1dc96ec6957aa1ccb25ebe78bb19f100","name":"St\u00e9phane Miget","image":{"@type":"ImageObject","inLanguage":"fr-FR","@id":"https:\/\/secure.gravatar.com\/avatar\/89915563d925342126b8ef0281b93d9d7fc337043e8df017f780908eb9644451?s=96&d=mm&r=g","url":"https:\/\/secure.gravatar.com\/avatar\/89915563d925342126b8ef0281b93d9d7fc337043e8df017f780908eb9644451?s=96&d=mm&r=g","contentUrl":"https:\/\/secure.gravatar.com\/avatar\/89915563d925342126b8ef0281b93d9d7fc337043e8df017f780908eb9644451?s=96&d=mm&r=g","caption":"St\u00e9phane Miget"},"url":"https:\/\/batijournal.com\/index.php\/author\/stephane\/"}]}},"_links":{"self":[{"href":"https:\/\/batijournal.com\/index.php\/wp-json\/wp\/v2\/posts\/110034","targetHints":{"allow":["GET"]}}],"collection":[{"href":"https:\/\/batijournal.com\/index.php\/wp-json\/wp\/v2\/posts"}],"about":[{"href":"https:\/\/batijournal.com\/index.php\/wp-json\/wp\/v2\/types\/post"}],"author":[{"embeddable":true,"href":"https:\/\/batijournal.com\/index.php\/wp-json\/wp\/v2\/users\/17"}],"replies":[{"embeddable":true,"href":"https:\/\/batijournal.com\/index.php\/wp-json\/wp\/v2\/comments?post=110034"}],"version-history":[{"count":0,"href":"https:\/\/batijournal.com\/index.php\/wp-json\/wp\/v2\/posts\/110034\/revisions"}],"wp:featuredmedia":[{"embeddable":true,"href":"https:\/\/batijournal.com\/index.php\/wp-json\/wp\/v2\/media\/109811"}],"wp:attachment":[{"href":"https:\/\/batijournal.com\/index.php\/wp-json\/wp\/v2\/media?parent=110034"}],"wp:term":[{"taxonomy":"category","embeddable":true,"href":"https:\/\/batijournal.com\/index.php\/wp-json\/wp\/v2\/categories?post=110034"},{"taxonomy":"post_tag","embeddable":true,"href":"https:\/\/batijournal.com\/index.php\/wp-json\/wp\/v2\/tags?post=110034"}],"curies":[{"name":"wp","href":"https:\/\/api.w.org\/{rel}","templated":true}]}}