{"id":110057,"date":"2024-02-22T14:10:45","date_gmt":"2024-02-22T13:10:45","guid":{"rendered":"https:\/\/batijournal.com\/?p=110057"},"modified":"2024-02-22T14:10:45","modified_gmt":"2024-02-22T13:10:45","slug":"13eme-edition-du-forum-bois-construction","status":"publish","type":"post","link":"https:\/\/batijournal.com\/index.php\/13eme-edition-du-forum-bois-construction\/110057\/","title":{"rendered":"13\u00e8me \u00e9dition du Forum Bois Construction"},"content":{"rendered":"<p data-sourcepos=\"3:1-3:51\">Le Forum International Bois Construction (FBC) se tiendra du 3 au 5 avril 2024 \u00e0 \u00c9pinal et Nancy. Cette 13e \u00e9dition aura pour th\u00e8me central le stockage du carbone dans la construction, la r\u00e9novation et l&rsquo;am\u00e9nagement bois et biosourc\u00e9s. Plus de 300 interventions r\u00e9parties entre 20 ateliers th\u00e9matiques, 6 sessions inaugurales et 3 pl\u00e9ni\u00e8res rythmeront ces trois journ\u00e9es. Un programme riche et vari\u00e9 qui permettra d&rsquo;aborder tous les aspects de la construction bois et biosourc\u00e9e, de la for\u00eat \u00e0 la construction, en passant par la r\u00e9novation et l&rsquo;am\u00e9nagement.<\/p>\n<p>La Tribune des Innovations mettra en lumi\u00e8re 30 innovations s\u00e9lectionn\u00e9es pour leur dynamisme et leur cr\u00e9ativit\u00e9. Un p\u00f4le Start-up sera \u00e9galement d\u00e9di\u00e9 aux jeunes entreprises innovantes de la fili\u00e8re. Le FBC s&rsquo;engage r\u00e9solument dans la transition \u00e9cologique en r\u00e9duisant son empreinte carbone et en plantant des arbres.<\/p>\n<p>&nbsp;<\/p>\n<div id=\"attachment_110106\" style=\"width: 235px\" class=\"wp-caption alignright\"><img loading=\"lazy\" decoding=\"async\" aria-describedby=\"caption-attachment-110106\" class=\"wp-image-110106 size-medium\" src=\"https:\/\/batijournal.com\/wp-content\/uploads\/2024\/02\/Capture-decran-2024-02-16-a-4.18.11-PM-225x300.png\" alt=\"\" width=\"225\" height=\"300\" srcset=\"https:\/\/batijournal.com\/wp-content\/uploads\/2024\/02\/Capture-decran-2024-02-16-a-4.18.11-PM-225x300.png 225w, https:\/\/batijournal.com\/wp-content\/uploads\/2024\/02\/Capture-decran-2024-02-16-a-4.18.11-PM-113x150.png 113w, https:\/\/batijournal.com\/wp-content\/uploads\/2024\/02\/Capture-decran-2024-02-16-a-4.18.11-PM.png 450w\" sizes=\"(max-width: 225px) 100vw, 225px\" \/><p id=\"caption-attachment-110106\" class=\"wp-caption-text\">Tour Carmelha en cours de montage \u00e0 Monaco \u00a9Tomatoki<\/p><\/div>\n<p><strong>Plusieurs focus seront mis en avant lors de cette \u00e9dition :<\/strong><\/p>\n<ul data-sourcepos=\"13:1-17:0\">\n<li data-sourcepos=\"13:1-13:112\">L&rsquo;Europe et la construction biosourc\u00e9e : pr\u00e9sentation des initiatives de la fili\u00e8re europ\u00e9enne for\u00eat-bois.<\/li>\n<li data-sourcepos=\"14:1-14:120\">La r\u00e9novation frugale : un march\u00e9 \u00e0 fort potentiel qui doit \u00eatre vertueux en termes d&rsquo;\u00e9nergie et d&rsquo;impact carbone.<\/li>\n<li data-sourcepos=\"15:1-15:96\">Le bois et la terre crue\u00a0:\u00a0une architecture prometteuse qui allie tradition et innovation.<\/li>\n<li data-sourcepos=\"16:1-17:0\">5 ans apr\u00e8s, la charpente de Notre-Dame reb\u00e2tie :\u00a0une prouesse technique et un savoir-faire unique.<\/li>\n<\/ul>\n<p data-sourcepos=\"19:1-19:30\"><strong>Engagement environnemental :<\/strong><\/p>\n<p>Le FBC s&rsquo;engage \u00e0 r\u00e9duire son empreinte carbone et \u00e0 planter des arbres. L&rsquo;\u00e9dition 2024 permettra de planter 2 000 arbres suppl\u00e9mentaires, en collaboration avec l&rsquo;association Plantons pour l&rsquo;avenir.<\/p>\n<p data-sourcepos=\"20:1-20:123\">Plus d&rsquo;informations et inscription sur : <a class=\"traceable-link\" href=\"https:\/\/www.forum-boisconstruction.com\/\" target=\"_blank\" rel=\"noopener noreferrer\">www.forum-boisconstruction.com<\/a><br \/>\nRetrouvez la programmation <a href=\"https:\/\/www.forum-boisconstruction.com\/pdf\/FBC2024_programme.pdf\">juste ici\u00a0<\/a><\/p>\n","protected":false},"excerpt":{"rendered":"<p>Le Forum International Bois Construction (FBC) se tiendra du 3 au 5 avril 2024 \u00e0 \u00c9pinal et Nancy. Cette 13e \u00e9dition aura pour th\u00e8me central le stockage du carbone dans la construction, la r\u00e9novation et l&rsquo;am\u00e9nagement bois et biosourc\u00e9s. Plus de 300 interventions r\u00e9parties entre 20 ateliers th\u00e9matiques, 6 sessions inaugurales et 3 pl\u00e9ni\u00e8res rythmeront [&hellip;]<\/p>\n","protected":false},"author":17,"featured_media":110108,"comment_status":"closed","ping_status":"closed","sticky":false,"template":"","format":"standard","meta":{"_et_pb_use_builder":"","_et_pb_old_content":"","_et_gb_content_width":"","footnotes":""},"categories":[10530],"tags":[9197,9312],"class_list":["post-110057","post","type-post","status-publish","format-standard","has-post-thumbnail","hentry","category-actualites","tag-evenement","tag-forum-bois-construction"],"yoast_head":"<!-- This site is optimized with the Yoast SEO plugin v27.4 - https:\/\/yoast.com\/product\/yoast-seo-wordpress\/ -->\n<title>13\u00e8me \u00e9dition du Forum Bois Construction<\/title>\n<meta name=\"robots\" content=\"index, follow, max-snippet:-1, max-image-preview:large, max-video-preview:-1\" \/>\n<link rel=\"canonical\" href=\"https:\/\/batijournal.com\/index.php\/13eme-edition-du-forum-bois-construction\/110057\/\" \/>\n<meta property=\"og:locale\" content=\"fr_FR\" \/>\n<meta property=\"og:type\" content=\"article\" \/>\n<meta property=\"og:title\" content=\"13\u00e8me \u00e9dition du Forum Bois Construction\" \/>\n<meta property=\"og:description\" content=\"Le Forum International Bois Construction (FBC) se tiendra du 3 au 5 avril 2024 \u00e0 \u00c9pinal et Nancy. Cette 13e \u00e9dition aura pour th\u00e8me central le stockage du carbone dans la construction, la r\u00e9novation et l&rsquo;am\u00e9nagement bois et biosourc\u00e9s. Plus de 300 interventions r\u00e9parties entre 20 ateliers th\u00e9matiques, 6 sessions inaugurales et 3 pl\u00e9ni\u00e8res rythmeront [&hellip;]\" \/>\n<meta property=\"og:url\" content=\"https:\/\/batijournal.com\/index.php\/13eme-edition-du-forum-bois-construction\/110057\/\" \/>\n<meta property=\"og:site_name\" content=\"Batijournal\" \/>\n<meta property=\"article:published_time\" content=\"2024-02-22T13:10:45+00:00\" \/>\n<meta property=\"og:image\" content=\"https:\/\/batijournal.com\/wp-content\/uploads\/2024\/02\/Stands-Belleville-\u00a9Jad-Sylla-scaled.jpg\" \/>\n\t<meta property=\"og:image:width\" content=\"2560\" \/>\n\t<meta property=\"og:image:height\" content=\"1707\" \/>\n\t<meta property=\"og:image:type\" content=\"image\/jpeg\" \/>\n<meta name=\"author\" content=\"St\u00e9phane Miget\" \/>\n<meta name=\"twitter:card\" content=\"summary_large_image\" \/>\n<meta name=\"twitter:creator\" content=\"@bati_journal\" \/>\n<meta name=\"twitter:site\" content=\"@bati_journal\" \/>\n<meta name=\"twitter:label1\" content=\"\u00c9crit par\" \/>\n\t<meta name=\"twitter:data1\" content=\"St\u00e9phane Miget\" \/>\n\t<meta name=\"twitter:label2\" content=\"Dur\u00e9e de lecture estim\u00e9e\" \/>\n\t<meta name=\"twitter:data2\" content=\"1 minute\" \/>\n<script type=\"application\/ld+json\" class=\"yoast-schema-graph\">{\"@context\":\"https:\\\/\\\/schema.org\",\"@graph\":[{\"@type\":\"Article\",\"@id\":\"https:\\\/\\\/batijournal.com\\\/index.php\\\/13eme-edition-du-forum-bois-construction\\\/110057\\\/#article\",\"isPartOf\":{\"@id\":\"https:\\\/\\\/batijournal.com\\\/index.php\\\/13eme-edition-du-forum-bois-construction\\\/110057\\\/\"},\"author\":{\"name\":\"St\u00e9phane Miget\",\"@id\":\"https:\\\/\\\/batijournal.com\\\/#\\\/schema\\\/person\\\/1dc96ec6957aa1ccb25ebe78bb19f100\"},\"headline\":\"13\u00e8me \u00e9dition du Forum Bois Construction\",\"datePublished\":\"2024-02-22T13:10:45+00:00\",\"mainEntityOfPage\":{\"@id\":\"https:\\\/\\\/batijournal.com\\\/index.php\\\/13eme-edition-du-forum-bois-construction\\\/110057\\\/\"},\"wordCount\":298,\"image\":{\"@id\":\"https:\\\/\\\/batijournal.com\\\/index.php\\\/13eme-edition-du-forum-bois-construction\\\/110057\\\/#primaryimage\"},\"thumbnailUrl\":\"https:\\\/\\\/batijournal.com\\\/wp-content\\\/uploads\\\/2024\\\/02\\\/Stands-Belleville-\u00a9Jad-Sylla-scaled.jpg\",\"keywords\":[\"evenement\",\"forum bois construction\"],\"articleSection\":[\"Actualit\u00e9s\"],\"inLanguage\":\"fr-FR\"},{\"@type\":\"WebPage\",\"@id\":\"https:\\\/\\\/batijournal.com\\\/index.php\\\/13eme-edition-du-forum-bois-construction\\\/110057\\\/\",\"url\":\"https:\\\/\\\/batijournal.com\\\/index.php\\\/13eme-edition-du-forum-bois-construction\\\/110057\\\/\",\"name\":\"13\u00e8me \u00e9dition du Forum Bois Construction\",\"isPartOf\":{\"@id\":\"https:\\\/\\\/batijournal.com\\\/#website\"},\"primaryImageOfPage\":{\"@id\":\"https:\\\/\\\/batijournal.com\\\/index.php\\\/13eme-edition-du-forum-bois-construction\\\/110057\\\/#primaryimage\"},\"image\":{\"@id\":\"https:\\\/\\\/batijournal.com\\\/index.php\\\/13eme-edition-du-forum-bois-construction\\\/110057\\\/#primaryimage\"},\"thumbnailUrl\":\"https:\\\/\\\/batijournal.com\\\/wp-content\\\/uploads\\\/2024\\\/02\\\/Stands-Belleville-\u00a9Jad-Sylla-scaled.jpg\",\"datePublished\":\"2024-02-22T13:10:45+00:00\",\"author\":{\"@id\":\"https:\\\/\\\/batijournal.com\\\/#\\\/schema\\\/person\\\/1dc96ec6957aa1ccb25ebe78bb19f100\"},\"breadcrumb\":{\"@id\":\"https:\\\/\\\/batijournal.com\\\/index.php\\\/13eme-edition-du-forum-bois-construction\\\/110057\\\/#breadcrumb\"},\"inLanguage\":\"fr-FR\",\"potentialAction\":[{\"@type\":\"ReadAction\",\"target\":[\"https:\\\/\\\/batijournal.com\\\/index.php\\\/13eme-edition-du-forum-bois-construction\\\/110057\\\/\"]}]},{\"@type\":\"ImageObject\",\"inLanguage\":\"fr-FR\",\"@id\":\"https:\\\/\\\/batijournal.com\\\/index.php\\\/13eme-edition-du-forum-bois-construction\\\/110057\\\/#primaryimage\",\"url\":\"https:\\\/\\\/batijournal.com\\\/wp-content\\\/uploads\\\/2024\\\/02\\\/Stands-Belleville-\u00a9Jad-Sylla-scaled.jpg\",\"contentUrl\":\"https:\\\/\\\/batijournal.com\\\/wp-content\\\/uploads\\\/2024\\\/02\\\/Stands-Belleville-\u00a9Jad-Sylla-scaled.jpg\",\"width\":2560,\"height\":1707},{\"@type\":\"BreadcrumbList\",\"@id\":\"https:\\\/\\\/batijournal.com\\\/index.php\\\/13eme-edition-du-forum-bois-construction\\\/110057\\\/#breadcrumb\",\"itemListElement\":[{\"@type\":\"ListItem\",\"position\":1,\"name\":\"Accueil\",\"item\":\"https:\\\/\\\/batijournal.com\\\/\"},{\"@type\":\"ListItem\",\"position\":2,\"name\":\"Actualit\u00e9s\",\"item\":\"https:\\\/\\\/batijournal.com\\\/index.php\\\/category\\\/actualites\\\/\"},{\"@type\":\"ListItem\",\"position\":3,\"name\":\"13\u00e8me \u00e9dition du Forum Bois Construction\"}]},{\"@type\":\"WebSite\",\"@id\":\"https:\\\/\\\/batijournal.com\\\/#website\",\"url\":\"https:\\\/\\\/batijournal.com\\\/\",\"name\":\"Batijournal\",\"description\":\"L&#039;actualit\u00e9 du b\u00e2timent\",\"potentialAction\":[{\"@type\":\"SearchAction\",\"target\":{\"@type\":\"EntryPoint\",\"urlTemplate\":\"https:\\\/\\\/batijournal.com\\\/?s={search_term_string}\"},\"query-input\":{\"@type\":\"PropertyValueSpecification\",\"valueRequired\":true,\"valueName\":\"search_term_string\"}}],\"inLanguage\":\"fr-FR\"},{\"@type\":\"Person\",\"@id\":\"https:\\\/\\\/batijournal.com\\\/#\\\/schema\\\/person\\\/1dc96ec6957aa1ccb25ebe78bb19f100\",\"name\":\"St\u00e9phane Miget\",\"image\":{\"@type\":\"ImageObject\",\"inLanguage\":\"fr-FR\",\"@id\":\"https:\\\/\\\/secure.gravatar.com\\\/avatar\\\/89915563d925342126b8ef0281b93d9d7fc337043e8df017f780908eb9644451?s=96&d=mm&r=g\",\"url\":\"https:\\\/\\\/secure.gravatar.com\\\/avatar\\\/89915563d925342126b8ef0281b93d9d7fc337043e8df017f780908eb9644451?s=96&d=mm&r=g\",\"contentUrl\":\"https:\\\/\\\/secure.gravatar.com\\\/avatar\\\/89915563d925342126b8ef0281b93d9d7fc337043e8df017f780908eb9644451?s=96&d=mm&r=g\",\"caption\":\"St\u00e9phane Miget\"},\"url\":\"https:\\\/\\\/batijournal.com\\\/index.php\\\/author\\\/stephane\\\/\"}]}<\/script>\n<!-- \/ Yoast SEO plugin. -->","yoast_head_json":{"title":"13\u00e8me \u00e9dition du Forum Bois Construction","robots":{"index":"index","follow":"follow","max-snippet":"max-snippet:-1","max-image-preview":"max-image-preview:large","max-video-preview":"max-video-preview:-1"},"canonical":"https:\/\/batijournal.com\/index.php\/13eme-edition-du-forum-bois-construction\/110057\/","og_locale":"fr_FR","og_type":"article","og_title":"13\u00e8me \u00e9dition du Forum Bois Construction","og_description":"Le Forum International Bois Construction (FBC) se tiendra du 3 au 5 avril 2024 \u00e0 \u00c9pinal et Nancy. Cette 13e \u00e9dition aura pour th\u00e8me central le stockage du carbone dans la construction, la r\u00e9novation et l&rsquo;am\u00e9nagement bois et biosourc\u00e9s. Plus de 300 interventions r\u00e9parties entre 20 ateliers th\u00e9matiques, 6 sessions inaugurales et 3 pl\u00e9ni\u00e8res rythmeront [&hellip;]","og_url":"https:\/\/batijournal.com\/index.php\/13eme-edition-du-forum-bois-construction\/110057\/","og_site_name":"Batijournal","article_published_time":"2024-02-22T13:10:45+00:00","og_image":[{"width":2560,"height":1707,"url":"https:\/\/batijournal.com\/wp-content\/uploads\/2024\/02\/Stands-Belleville-\u00a9Jad-Sylla-scaled.jpg","type":"image\/jpeg"}],"author":"St\u00e9phane Miget","twitter_card":"summary_large_image","twitter_creator":"@bati_journal","twitter_site":"@bati_journal","twitter_misc":{"\u00c9crit par":"St\u00e9phane Miget","Dur\u00e9e de lecture estim\u00e9e":"1 minute"},"schema":{"@context":"https:\/\/schema.org","@graph":[{"@type":"Article","@id":"https:\/\/batijournal.com\/index.php\/13eme-edition-du-forum-bois-construction\/110057\/#article","isPartOf":{"@id":"https:\/\/batijournal.com\/index.php\/13eme-edition-du-forum-bois-construction\/110057\/"},"author":{"name":"St\u00e9phane Miget","@id":"https:\/\/batijournal.com\/#\/schema\/person\/1dc96ec6957aa1ccb25ebe78bb19f100"},"headline":"13\u00e8me \u00e9dition du Forum Bois Construction","datePublished":"2024-02-22T13:10:45+00:00","mainEntityOfPage":{"@id":"https:\/\/batijournal.com\/index.php\/13eme-edition-du-forum-bois-construction\/110057\/"},"wordCount":298,"image":{"@id":"https:\/\/batijournal.com\/index.php\/13eme-edition-du-forum-bois-construction\/110057\/#primaryimage"},"thumbnailUrl":"https:\/\/batijournal.com\/wp-content\/uploads\/2024\/02\/Stands-Belleville-\u00a9Jad-Sylla-scaled.jpg","keywords":["evenement","forum bois construction"],"articleSection":["Actualit\u00e9s"],"inLanguage":"fr-FR"},{"@type":"WebPage","@id":"https:\/\/batijournal.com\/index.php\/13eme-edition-du-forum-bois-construction\/110057\/","url":"https:\/\/batijournal.com\/index.php\/13eme-edition-du-forum-bois-construction\/110057\/","name":"13\u00e8me \u00e9dition du Forum Bois Construction","isPartOf":{"@id":"https:\/\/batijournal.com\/#website"},"primaryImageOfPage":{"@id":"https:\/\/batijournal.com\/index.php\/13eme-edition-du-forum-bois-construction\/110057\/#primaryimage"},"image":{"@id":"https:\/\/batijournal.com\/index.php\/13eme-edition-du-forum-bois-construction\/110057\/#primaryimage"},"thumbnailUrl":"https:\/\/batijournal.com\/wp-content\/uploads\/2024\/02\/Stands-Belleville-\u00a9Jad-Sylla-scaled.jpg","datePublished":"2024-02-22T13:10:45+00:00","author":{"@id":"https:\/\/batijournal.com\/#\/schema\/person\/1dc96ec6957aa1ccb25ebe78bb19f100"},"breadcrumb":{"@id":"https:\/\/batijournal.com\/index.php\/13eme-edition-du-forum-bois-construction\/110057\/#breadcrumb"},"inLanguage":"fr-FR","potentialAction":[{"@type":"ReadAction","target":["https:\/\/batijournal.com\/index.php\/13eme-edition-du-forum-bois-construction\/110057\/"]}]},{"@type":"ImageObject","inLanguage":"fr-FR","@id":"https:\/\/batijournal.com\/index.php\/13eme-edition-du-forum-bois-construction\/110057\/#primaryimage","url":"https:\/\/batijournal.com\/wp-content\/uploads\/2024\/02\/Stands-Belleville-\u00a9Jad-Sylla-scaled.jpg","contentUrl":"https:\/\/batijournal.com\/wp-content\/uploads\/2024\/02\/Stands-Belleville-\u00a9Jad-Sylla-scaled.jpg","width":2560,"height":1707},{"@type":"BreadcrumbList","@id":"https:\/\/batijournal.com\/index.php\/13eme-edition-du-forum-bois-construction\/110057\/#breadcrumb","itemListElement":[{"@type":"ListItem","position":1,"name":"Accueil","item":"https:\/\/batijournal.com\/"},{"@type":"ListItem","position":2,"name":"Actualit\u00e9s","item":"https:\/\/batijournal.com\/index.php\/category\/actualites\/"},{"@type":"ListItem","position":3,"name":"13\u00e8me \u00e9dition du Forum Bois Construction"}]},{"@type":"WebSite","@id":"https:\/\/batijournal.com\/#website","url":"https:\/\/batijournal.com\/","name":"Batijournal","description":"L&#039;actualit\u00e9 du b\u00e2timent","potentialAction":[{"@type":"SearchAction","target":{"@type":"EntryPoint","urlTemplate":"https:\/\/batijournal.com\/?s={search_term_string}"},"query-input":{"@type":"PropertyValueSpecification","valueRequired":true,"valueName":"search_term_string"}}],"inLanguage":"fr-FR"},{"@type":"Person","@id":"https:\/\/batijournal.com\/#\/schema\/person\/1dc96ec6957aa1ccb25ebe78bb19f100","name":"St\u00e9phane Miget","image":{"@type":"ImageObject","inLanguage":"fr-FR","@id":"https:\/\/secure.gravatar.com\/avatar\/89915563d925342126b8ef0281b93d9d7fc337043e8df017f780908eb9644451?s=96&d=mm&r=g","url":"https:\/\/secure.gravatar.com\/avatar\/89915563d925342126b8ef0281b93d9d7fc337043e8df017f780908eb9644451?s=96&d=mm&r=g","contentUrl":"https:\/\/secure.gravatar.com\/avatar\/89915563d925342126b8ef0281b93d9d7fc337043e8df017f780908eb9644451?s=96&d=mm&r=g","caption":"St\u00e9phane Miget"},"url":"https:\/\/batijournal.com\/index.php\/author\/stephane\/"}]}},"_links":{"self":[{"href":"https:\/\/batijournal.com\/index.php\/wp-json\/wp\/v2\/posts\/110057","targetHints":{"allow":["GET"]}}],"collection":[{"href":"https:\/\/batijournal.com\/index.php\/wp-json\/wp\/v2\/posts"}],"about":[{"href":"https:\/\/batijournal.com\/index.php\/wp-json\/wp\/v2\/types\/post"}],"author":[{"embeddable":true,"href":"https:\/\/batijournal.com\/index.php\/wp-json\/wp\/v2\/users\/17"}],"replies":[{"embeddable":true,"href":"https:\/\/batijournal.com\/index.php\/wp-json\/wp\/v2\/comments?post=110057"}],"version-history":[{"count":0,"href":"https:\/\/batijournal.com\/index.php\/wp-json\/wp\/v2\/posts\/110057\/revisions"}],"wp:featuredmedia":[{"embeddable":true,"href":"https:\/\/batijournal.com\/index.php\/wp-json\/wp\/v2\/media\/110108"}],"wp:attachment":[{"href":"https:\/\/batijournal.com\/index.php\/wp-json\/wp\/v2\/media?parent=110057"}],"wp:term":[{"taxonomy":"category","embeddable":true,"href":"https:\/\/batijournal.com\/index.php\/wp-json\/wp\/v2\/categories?post=110057"},{"taxonomy":"post_tag","embeddable":true,"href":"https:\/\/batijournal.com\/index.php\/wp-json\/wp\/v2\/tags?post=110057"}],"curies":[{"name":"wp","href":"https:\/\/api.w.org\/{rel}","templated":true}]}}