{"id":110077,"date":"2024-02-14T17:46:28","date_gmt":"2024-02-14T16:46:28","guid":{"rendered":"https:\/\/batijournal.com\/?p=110077"},"modified":"2024-02-14T17:46:28","modified_gmt":"2024-02-14T16:46:28","slug":"le-premier-ministre-annonce-30-000-logements-en-3-ans","status":"publish","type":"post","link":"https:\/\/batijournal.com\/index.php\/le-premier-ministre-annonce-30-000-logements-en-3-ans\/110077\/","title":{"rendered":"Le Premier ministre annonce&#8230; 30 000 logements en 3 ans"},"content":{"rendered":"<p>Le logement est un \u00ab enjeu majeur pour le quotidien des Fran\u00e7ais \u00bb, a d\u00e9clar\u00e9 le Premier ministre lors d&rsquo;une visite de chantier \u00e0 Villejuif dans le Val-de-Marne ce mercredi 14 f\u00e9vrier 2024. Dans la foul\u00e9e, le Premier ministre a annonc\u00e9 22 \u00ab premiers territoires engag\u00e9s pour le Logement \u00bb qui s\u2019engagent \u00e0 faire sortir de terre environ 1 500 logements chacun \u00e0 horizon 2027, soit 30 000 logements en tout, dont au moins 25 % de logement social. Ces op\u00e9rations sont prioritairement localis\u00e9es sur des secteurs pr\u00e9sentant une forte tension immobili\u00e8re, sur des quartiers de gare, ou sur des territoires accueillant un projet \u00e9conomique ou industriel d\u2019envergure. Le Premier ministre a \u00e9galement \u00e9voqu\u00e9 d\u2019autres mesures destin\u00e9es \u00e0 alimenter le choc de l\u2019offre comme la sur\u00e9l\u00e9vation des constructions dans les grandes villes, la simplification des proc\u00e9dures pour construire des logements suppl\u00e9mentaires sur les terrains autour des pavillons, la facilitation de la transformation de bureaux en logements, la cr\u00e9ation de permis de construire r\u00e9versibles permettant de passer d\u2019un immeuble de bureaux \u00e0 un immeuble de logements, le doublement de la production de logements locatifs interm\u00e9diaires \u00ab dans les ann\u00e9es qui viennent d\u2019ici la fin du quiquennat \u00bb et un acc\u00e8s au cr\u00e9dit facilit\u00e9, le Gouvernement ayant pr\u00e9vu de recevoir les banques le 26 f\u00e9vrier 2024 pour \u00e9voquer ce point.<\/p>\n<p>Photo : Service d&rsquo;Information du Gouvernement<\/p>\n<p>&nbsp;<\/p>\n","protected":false},"excerpt":{"rendered":"<p>Le logement est un \u00ab enjeu majeur pour le quotidien des Fran\u00e7ais \u00bb, a d\u00e9clar\u00e9 le Premier ministre lors d&rsquo;une visite de chantier \u00e0 Villejuif dans le Val-de-Marne ce mercredi 14 f\u00e9vrier 2024. Dans la foul\u00e9e, le Premier ministre a annonc\u00e9 22 \u00ab premiers territoires engag\u00e9s pour le Logement \u00bb qui s\u2019engagent \u00e0 faire sortir [&hellip;]<\/p>\n","protected":false},"author":17,"featured_media":110078,"comment_status":"closed","ping_status":"closed","sticky":false,"template":"","format":"standard","meta":{"_et_pb_use_builder":"","_et_pb_old_content":"","_et_gb_content_width":"","footnotes":""},"categories":[10736,10530,6345],"tags":[53,2020],"class_list":["post-110077","post","type-post","status-publish","format-standard","has-post-thumbnail","hentry","category-a-la-une","category-actualites","category-economie-marches","tag-construction","tag-logement"],"yoast_head":"<!-- This site is optimized with the Yoast SEO plugin v27.4 - https:\/\/yoast.com\/product\/yoast-seo-wordpress\/ -->\n<title>Le Premier ministre annonce... 30 000 logements en 3 ans<\/title>\n<meta name=\"robots\" content=\"index, follow, max-snippet:-1, max-image-preview:large, max-video-preview:-1\" \/>\n<link rel=\"canonical\" href=\"https:\/\/batijournal.com\/index.php\/le-premier-ministre-annonce-30-000-logements-en-3-ans\/110077\/\" \/>\n<meta property=\"og:locale\" content=\"fr_FR\" \/>\n<meta property=\"og:type\" content=\"article\" \/>\n<meta property=\"og:title\" content=\"Le Premier ministre annonce... 30 000 logements en 3 ans\" \/>\n<meta property=\"og:description\" content=\"Le logement est un \u00ab enjeu majeur pour le quotidien des Fran\u00e7ais \u00bb, a d\u00e9clar\u00e9 le Premier ministre lors d&rsquo;une visite de chantier \u00e0 Villejuif dans le Val-de-Marne ce mercredi 14 f\u00e9vrier 2024. Dans la foul\u00e9e, le Premier ministre a annonc\u00e9 22 \u00ab premiers territoires engag\u00e9s pour le Logement \u00bb qui s\u2019engagent \u00e0 faire sortir [&hellip;]\" \/>\n<meta property=\"og:url\" content=\"https:\/\/batijournal.com\/index.php\/le-premier-ministre-annonce-30-000-logements-en-3-ans\/110077\/\" \/>\n<meta property=\"og:site_name\" content=\"Batijournal\" \/>\n<meta property=\"article:published_time\" content=\"2024-02-14T16:46:28+00:00\" \/>\n<meta property=\"og:image\" content=\"https:\/\/batijournal.com\/wp-content\/uploads\/2024\/02\/premier-ministre-a-villejuif-pour-le-logement.jpg\" \/>\n\t<meta property=\"og:image:width\" content=\"1440\" \/>\n\t<meta property=\"og:image:height\" content=\"808\" \/>\n\t<meta property=\"og:image:type\" content=\"image\/jpeg\" \/>\n<meta name=\"author\" content=\"St\u00e9phane Miget\" \/>\n<meta name=\"twitter:card\" content=\"summary_large_image\" \/>\n<meta name=\"twitter:creator\" content=\"@bati_journal\" \/>\n<meta name=\"twitter:site\" content=\"@bati_journal\" \/>\n<meta name=\"twitter:label1\" content=\"\u00c9crit par\" \/>\n\t<meta name=\"twitter:data1\" content=\"St\u00e9phane Miget\" \/>\n\t<meta name=\"twitter:label2\" content=\"Dur\u00e9e de lecture estim\u00e9e\" \/>\n\t<meta name=\"twitter:data2\" content=\"1 minute\" \/>\n<script type=\"application\/ld+json\" class=\"yoast-schema-graph\">{\"@context\":\"https:\\\/\\\/schema.org\",\"@graph\":[{\"@type\":\"Article\",\"@id\":\"https:\\\/\\\/batijournal.com\\\/index.php\\\/le-premier-ministre-annonce-30-000-logements-en-3-ans\\\/110077\\\/#article\",\"isPartOf\":{\"@id\":\"https:\\\/\\\/batijournal.com\\\/index.php\\\/le-premier-ministre-annonce-30-000-logements-en-3-ans\\\/110077\\\/\"},\"author\":{\"name\":\"St\u00e9phane Miget\",\"@id\":\"https:\\\/\\\/batijournal.com\\\/#\\\/schema\\\/person\\\/1dc96ec6957aa1ccb25ebe78bb19f100\"},\"headline\":\"Le Premier ministre annonce&#8230; 30 000 logements en 3 ans\",\"datePublished\":\"2024-02-14T16:46:28+00:00\",\"mainEntityOfPage\":{\"@id\":\"https:\\\/\\\/batijournal.com\\\/index.php\\\/le-premier-ministre-annonce-30-000-logements-en-3-ans\\\/110077\\\/\"},\"wordCount\":238,\"image\":{\"@id\":\"https:\\\/\\\/batijournal.com\\\/index.php\\\/le-premier-ministre-annonce-30-000-logements-en-3-ans\\\/110077\\\/#primaryimage\"},\"thumbnailUrl\":\"https:\\\/\\\/batijournal.com\\\/wp-content\\\/uploads\\\/2024\\\/02\\\/premier-ministre-a-villejuif-pour-le-logement.jpg\",\"keywords\":[\"construction\",\"logement\"],\"articleSection\":[\"A la Une\",\"Actualit\u00e9s\",\"\u00c9conomie &amp; March\u00e9s\"],\"inLanguage\":\"fr-FR\"},{\"@type\":\"WebPage\",\"@id\":\"https:\\\/\\\/batijournal.com\\\/index.php\\\/le-premier-ministre-annonce-30-000-logements-en-3-ans\\\/110077\\\/\",\"url\":\"https:\\\/\\\/batijournal.com\\\/index.php\\\/le-premier-ministre-annonce-30-000-logements-en-3-ans\\\/110077\\\/\",\"name\":\"Le Premier ministre annonce... 30 000 logements en 3 ans\",\"isPartOf\":{\"@id\":\"https:\\\/\\\/batijournal.com\\\/#website\"},\"primaryImageOfPage\":{\"@id\":\"https:\\\/\\\/batijournal.com\\\/index.php\\\/le-premier-ministre-annonce-30-000-logements-en-3-ans\\\/110077\\\/#primaryimage\"},\"image\":{\"@id\":\"https:\\\/\\\/batijournal.com\\\/index.php\\\/le-premier-ministre-annonce-30-000-logements-en-3-ans\\\/110077\\\/#primaryimage\"},\"thumbnailUrl\":\"https:\\\/\\\/batijournal.com\\\/wp-content\\\/uploads\\\/2024\\\/02\\\/premier-ministre-a-villejuif-pour-le-logement.jpg\",\"datePublished\":\"2024-02-14T16:46:28+00:00\",\"author\":{\"@id\":\"https:\\\/\\\/batijournal.com\\\/#\\\/schema\\\/person\\\/1dc96ec6957aa1ccb25ebe78bb19f100\"},\"breadcrumb\":{\"@id\":\"https:\\\/\\\/batijournal.com\\\/index.php\\\/le-premier-ministre-annonce-30-000-logements-en-3-ans\\\/110077\\\/#breadcrumb\"},\"inLanguage\":\"fr-FR\",\"potentialAction\":[{\"@type\":\"ReadAction\",\"target\":[\"https:\\\/\\\/batijournal.com\\\/index.php\\\/le-premier-ministre-annonce-30-000-logements-en-3-ans\\\/110077\\\/\"]}]},{\"@type\":\"ImageObject\",\"inLanguage\":\"fr-FR\",\"@id\":\"https:\\\/\\\/batijournal.com\\\/index.php\\\/le-premier-ministre-annonce-30-000-logements-en-3-ans\\\/110077\\\/#primaryimage\",\"url\":\"https:\\\/\\\/batijournal.com\\\/wp-content\\\/uploads\\\/2024\\\/02\\\/premier-ministre-a-villejuif-pour-le-logement.jpg\",\"contentUrl\":\"https:\\\/\\\/batijournal.com\\\/wp-content\\\/uploads\\\/2024\\\/02\\\/premier-ministre-a-villejuif-pour-le-logement.jpg\",\"width\":1440,\"height\":808},{\"@type\":\"BreadcrumbList\",\"@id\":\"https:\\\/\\\/batijournal.com\\\/index.php\\\/le-premier-ministre-annonce-30-000-logements-en-3-ans\\\/110077\\\/#breadcrumb\",\"itemListElement\":[{\"@type\":\"ListItem\",\"position\":1,\"name\":\"Accueil\",\"item\":\"https:\\\/\\\/batijournal.com\\\/\"},{\"@type\":\"ListItem\",\"position\":2,\"name\":\"Actualit\u00e9s\",\"item\":\"https:\\\/\\\/batijournal.com\\\/index.php\\\/category\\\/actualites\\\/\"},{\"@type\":\"ListItem\",\"position\":3,\"name\":\"Le Premier ministre annonce&#8230; 30 000 logements en 3 ans\"}]},{\"@type\":\"WebSite\",\"@id\":\"https:\\\/\\\/batijournal.com\\\/#website\",\"url\":\"https:\\\/\\\/batijournal.com\\\/\",\"name\":\"Batijournal\",\"description\":\"L&#039;actualit\u00e9 du b\u00e2timent\",\"potentialAction\":[{\"@type\":\"SearchAction\",\"target\":{\"@type\":\"EntryPoint\",\"urlTemplate\":\"https:\\\/\\\/batijournal.com\\\/?s={search_term_string}\"},\"query-input\":{\"@type\":\"PropertyValueSpecification\",\"valueRequired\":true,\"valueName\":\"search_term_string\"}}],\"inLanguage\":\"fr-FR\"},{\"@type\":\"Person\",\"@id\":\"https:\\\/\\\/batijournal.com\\\/#\\\/schema\\\/person\\\/1dc96ec6957aa1ccb25ebe78bb19f100\",\"name\":\"St\u00e9phane Miget\",\"image\":{\"@type\":\"ImageObject\",\"inLanguage\":\"fr-FR\",\"@id\":\"https:\\\/\\\/secure.gravatar.com\\\/avatar\\\/89915563d925342126b8ef0281b93d9d7fc337043e8df017f780908eb9644451?s=96&d=mm&r=g\",\"url\":\"https:\\\/\\\/secure.gravatar.com\\\/avatar\\\/89915563d925342126b8ef0281b93d9d7fc337043e8df017f780908eb9644451?s=96&d=mm&r=g\",\"contentUrl\":\"https:\\\/\\\/secure.gravatar.com\\\/avatar\\\/89915563d925342126b8ef0281b93d9d7fc337043e8df017f780908eb9644451?s=96&d=mm&r=g\",\"caption\":\"St\u00e9phane Miget\"},\"url\":\"https:\\\/\\\/batijournal.com\\\/index.php\\\/author\\\/stephane\\\/\"}]}<\/script>\n<!-- \/ Yoast SEO plugin. -->","yoast_head_json":{"title":"Le Premier ministre annonce... 30 000 logements en 3 ans","robots":{"index":"index","follow":"follow","max-snippet":"max-snippet:-1","max-image-preview":"max-image-preview:large","max-video-preview":"max-video-preview:-1"},"canonical":"https:\/\/batijournal.com\/index.php\/le-premier-ministre-annonce-30-000-logements-en-3-ans\/110077\/","og_locale":"fr_FR","og_type":"article","og_title":"Le Premier ministre annonce... 30 000 logements en 3 ans","og_description":"Le logement est un \u00ab enjeu majeur pour le quotidien des Fran\u00e7ais \u00bb, a d\u00e9clar\u00e9 le Premier ministre lors d&rsquo;une visite de chantier \u00e0 Villejuif dans le Val-de-Marne ce mercredi 14 f\u00e9vrier 2024. Dans la foul\u00e9e, le Premier ministre a annonc\u00e9 22 \u00ab premiers territoires engag\u00e9s pour le Logement \u00bb qui s\u2019engagent \u00e0 faire sortir [&hellip;]","og_url":"https:\/\/batijournal.com\/index.php\/le-premier-ministre-annonce-30-000-logements-en-3-ans\/110077\/","og_site_name":"Batijournal","article_published_time":"2024-02-14T16:46:28+00:00","og_image":[{"width":1440,"height":808,"url":"https:\/\/batijournal.com\/wp-content\/uploads\/2024\/02\/premier-ministre-a-villejuif-pour-le-logement.jpg","type":"image\/jpeg"}],"author":"St\u00e9phane Miget","twitter_card":"summary_large_image","twitter_creator":"@bati_journal","twitter_site":"@bati_journal","twitter_misc":{"\u00c9crit par":"St\u00e9phane Miget","Dur\u00e9e de lecture estim\u00e9e":"1 minute"},"schema":{"@context":"https:\/\/schema.org","@graph":[{"@type":"Article","@id":"https:\/\/batijournal.com\/index.php\/le-premier-ministre-annonce-30-000-logements-en-3-ans\/110077\/#article","isPartOf":{"@id":"https:\/\/batijournal.com\/index.php\/le-premier-ministre-annonce-30-000-logements-en-3-ans\/110077\/"},"author":{"name":"St\u00e9phane Miget","@id":"https:\/\/batijournal.com\/#\/schema\/person\/1dc96ec6957aa1ccb25ebe78bb19f100"},"headline":"Le Premier ministre annonce&#8230; 30 000 logements en 3 ans","datePublished":"2024-02-14T16:46:28+00:00","mainEntityOfPage":{"@id":"https:\/\/batijournal.com\/index.php\/le-premier-ministre-annonce-30-000-logements-en-3-ans\/110077\/"},"wordCount":238,"image":{"@id":"https:\/\/batijournal.com\/index.php\/le-premier-ministre-annonce-30-000-logements-en-3-ans\/110077\/#primaryimage"},"thumbnailUrl":"https:\/\/batijournal.com\/wp-content\/uploads\/2024\/02\/premier-ministre-a-villejuif-pour-le-logement.jpg","keywords":["construction","logement"],"articleSection":["A la Une","Actualit\u00e9s","\u00c9conomie &amp; March\u00e9s"],"inLanguage":"fr-FR"},{"@type":"WebPage","@id":"https:\/\/batijournal.com\/index.php\/le-premier-ministre-annonce-30-000-logements-en-3-ans\/110077\/","url":"https:\/\/batijournal.com\/index.php\/le-premier-ministre-annonce-30-000-logements-en-3-ans\/110077\/","name":"Le Premier ministre annonce... 30 000 logements en 3 ans","isPartOf":{"@id":"https:\/\/batijournal.com\/#website"},"primaryImageOfPage":{"@id":"https:\/\/batijournal.com\/index.php\/le-premier-ministre-annonce-30-000-logements-en-3-ans\/110077\/#primaryimage"},"image":{"@id":"https:\/\/batijournal.com\/index.php\/le-premier-ministre-annonce-30-000-logements-en-3-ans\/110077\/#primaryimage"},"thumbnailUrl":"https:\/\/batijournal.com\/wp-content\/uploads\/2024\/02\/premier-ministre-a-villejuif-pour-le-logement.jpg","datePublished":"2024-02-14T16:46:28+00:00","author":{"@id":"https:\/\/batijournal.com\/#\/schema\/person\/1dc96ec6957aa1ccb25ebe78bb19f100"},"breadcrumb":{"@id":"https:\/\/batijournal.com\/index.php\/le-premier-ministre-annonce-30-000-logements-en-3-ans\/110077\/#breadcrumb"},"inLanguage":"fr-FR","potentialAction":[{"@type":"ReadAction","target":["https:\/\/batijournal.com\/index.php\/le-premier-ministre-annonce-30-000-logements-en-3-ans\/110077\/"]}]},{"@type":"ImageObject","inLanguage":"fr-FR","@id":"https:\/\/batijournal.com\/index.php\/le-premier-ministre-annonce-30-000-logements-en-3-ans\/110077\/#primaryimage","url":"https:\/\/batijournal.com\/wp-content\/uploads\/2024\/02\/premier-ministre-a-villejuif-pour-le-logement.jpg","contentUrl":"https:\/\/batijournal.com\/wp-content\/uploads\/2024\/02\/premier-ministre-a-villejuif-pour-le-logement.jpg","width":1440,"height":808},{"@type":"BreadcrumbList","@id":"https:\/\/batijournal.com\/index.php\/le-premier-ministre-annonce-30-000-logements-en-3-ans\/110077\/#breadcrumb","itemListElement":[{"@type":"ListItem","position":1,"name":"Accueil","item":"https:\/\/batijournal.com\/"},{"@type":"ListItem","position":2,"name":"Actualit\u00e9s","item":"https:\/\/batijournal.com\/index.php\/category\/actualites\/"},{"@type":"ListItem","position":3,"name":"Le Premier ministre annonce&#8230; 30 000 logements en 3 ans"}]},{"@type":"WebSite","@id":"https:\/\/batijournal.com\/#website","url":"https:\/\/batijournal.com\/","name":"Batijournal","description":"L&#039;actualit\u00e9 du b\u00e2timent","potentialAction":[{"@type":"SearchAction","target":{"@type":"EntryPoint","urlTemplate":"https:\/\/batijournal.com\/?s={search_term_string}"},"query-input":{"@type":"PropertyValueSpecification","valueRequired":true,"valueName":"search_term_string"}}],"inLanguage":"fr-FR"},{"@type":"Person","@id":"https:\/\/batijournal.com\/#\/schema\/person\/1dc96ec6957aa1ccb25ebe78bb19f100","name":"St\u00e9phane Miget","image":{"@type":"ImageObject","inLanguage":"fr-FR","@id":"https:\/\/secure.gravatar.com\/avatar\/89915563d925342126b8ef0281b93d9d7fc337043e8df017f780908eb9644451?s=96&d=mm&r=g","url":"https:\/\/secure.gravatar.com\/avatar\/89915563d925342126b8ef0281b93d9d7fc337043e8df017f780908eb9644451?s=96&d=mm&r=g","contentUrl":"https:\/\/secure.gravatar.com\/avatar\/89915563d925342126b8ef0281b93d9d7fc337043e8df017f780908eb9644451?s=96&d=mm&r=g","caption":"St\u00e9phane Miget"},"url":"https:\/\/batijournal.com\/index.php\/author\/stephane\/"}]}},"_links":{"self":[{"href":"https:\/\/batijournal.com\/index.php\/wp-json\/wp\/v2\/posts\/110077","targetHints":{"allow":["GET"]}}],"collection":[{"href":"https:\/\/batijournal.com\/index.php\/wp-json\/wp\/v2\/posts"}],"about":[{"href":"https:\/\/batijournal.com\/index.php\/wp-json\/wp\/v2\/types\/post"}],"author":[{"embeddable":true,"href":"https:\/\/batijournal.com\/index.php\/wp-json\/wp\/v2\/users\/17"}],"replies":[{"embeddable":true,"href":"https:\/\/batijournal.com\/index.php\/wp-json\/wp\/v2\/comments?post=110077"}],"version-history":[{"count":0,"href":"https:\/\/batijournal.com\/index.php\/wp-json\/wp\/v2\/posts\/110077\/revisions"}],"wp:featuredmedia":[{"embeddable":true,"href":"https:\/\/batijournal.com\/index.php\/wp-json\/wp\/v2\/media\/110078"}],"wp:attachment":[{"href":"https:\/\/batijournal.com\/index.php\/wp-json\/wp\/v2\/media?parent=110077"}],"wp:term":[{"taxonomy":"category","embeddable":true,"href":"https:\/\/batijournal.com\/index.php\/wp-json\/wp\/v2\/categories?post=110077"},{"taxonomy":"post_tag","embeddable":true,"href":"https:\/\/batijournal.com\/index.php\/wp-json\/wp\/v2\/tags?post=110077"}],"curies":[{"name":"wp","href":"https:\/\/api.w.org\/{rel}","templated":true}]}}