{"id":110152,"date":"2024-02-22T13:33:05","date_gmt":"2024-02-22T12:33:05","guid":{"rendered":"https:\/\/batijournal.com\/?p=110152"},"modified":"2024-02-22T13:33:45","modified_gmt":"2024-02-22T12:33:45","slug":"lancement-de-la-18eme-edition-des-trophees-placo","status":"publish","type":"post","link":"https:\/\/batijournal.com\/index.php\/lancement-de-la-18eme-edition-des-trophees-placo\/110152\/","title":{"rendered":"Lancement de la 18\u00e8me \u00e9dition des troph\u00e9es placo"},"content":{"rendered":"<p>Depuis 1989, Placo\u00ae met \u00e0 l\u2019honneur le savoir-faire des entreprises fran\u00e7aises et la noblesse des m\u00e9tiers du pl\u00e2tre \u00e0 travers les Troph\u00e9es Placo\u00ae organis\u00e9s par son Club Entreprises Placo\u00ae. V\u00e9ritable vitrine de l\u2019expertise de ses membres et de leur passion, cet \u00e9v\u00e9nement est l\u2019occasion de partager, d\u2019apprendre et de participer \u00e0 la d\u00e9finition du b\u00e2timent de demain. Cette ann\u00e9e, le concours bisannuel attend pr\u00e8s d\u2019une centaine de candidatures. Les membres du Club Entreprises Placo\u00ae qui concourent doivent pr\u00e9senter un projet dont ils sont fiers pour l\u2019expertise technique qu\u2019il a n\u00e9cessit\u00e9e. Ces ouvrages doivent \u00eatre r\u00e9alis\u00e9s entre le 1er avril 2022 et le 28 f\u00e9vrier 2024.<\/p>\n<p>Pour cette nouvelle \u00e9dition, Placo\u00ae fait \u00e9voluer la formule avec :<br \/>\n&#8211; Des cat\u00e9gories ax\u00e9es sur les types d\u2019ouvrages<br \/>\nEn divisant en deux la cat\u00e9gorie du non-r\u00e9sidentiel, Placo\u00ae valorise la diversit\u00e9 des chantiers sur ce march\u00e9. En ad\u00e9quation avec ses engagements et la signature du Club \u00ab Ensemble, construisons l\u2019avenir des m\u00e9tiers du pl\u00e2tre \u00bb, la transition environnementale et l\u2019innovation, qui \u00e9taient auparavant deux cat\u00e9gories \u00e0 part enti\u00e8re, int\u00e8grent cette ann\u00e9e les crit\u00e8res d\u2019\u00e9valuation de toutes les cat\u00e9gories.<br \/>\n\u2022 Prix R\u00e9sidentiel<br \/>\n(logements individuels et collectifs)<br \/>\n\u2022 Prix Non-R\u00e9sidentiel &#8211; lieux de loisirs et de culture<br \/>\n(cin\u00e9mas, th\u00e9\u00e2tres, salles polyvalentes, h\u00f4tels, restaurants, mus\u00e9es, centres commerciaux&#8230;)<br \/>\n\u2022 Prix Non-R\u00e9sidentiel &#8211; affaires et b\u00e2timents institutionnels (bureaux, banques, mairies, \u00e9tablissements scolaires ou hospitaliers&#8230;)<br \/>\n\u2022 Prix Patrimoine &amp; Monuments historiques<br \/>\n(ch\u00e2teaux, \u00e9glises, moulins, mairies, domaines vinicoles&#8230;)<br \/>\nLes trois Prix sp\u00e9ciaux sont conserv\u00e9s, multipliant les chances d\u2019obtenir une pr\u00e9cieuse r\u00e9compense : Prix sp\u00e9cial du Jury, Prix des Journalistes et Prix du Public. Pour ce dernier Prix, les internautes pourront voter directement en ligne sur la plateforme de l\u2019\u00e9v\u00e9nement ou via les r\u00e9seaux sociaux Placo\u00ae apr\u00e8s l\u2019annonce des r\u00e9sultats en r\u00e9gion.<br \/>\n&#8211; Le retour des Challenges R\u00e9gionaux avec un d\u00e9coupage en quatre zones regroupant Ouest et Sud-Ouest ; Paris Sud et Paris Nord ; Est ; M\u00e9diterran\u00e9e et Centre Est.<br \/>\nPour chacun de ces secteurs, les projets retenus dans chaque cat\u00e9gorie acc\u00e8deront \u00e0 la finale nationale qui aura lieu \u00e0 Paris le vendredi 15 novembre 2024. Les 7 laur\u00e9ats (4 cat\u00e9gories et 3 Prix sp\u00e9ciaux) auront la chance de d\u00e9fendre leurs projets devant un jury international en 2025.<\/p>\n<p>Le Jury national se compose de sept personnalit\u00e9s externes et de six internes. Il se r\u00e9unira \u00e0 Paris en juin pour d\u00e9battre sur les seize dossiers s\u00e9lectionn\u00e9s lors des Challenges R\u00e9gionaux. Ils \u00e9valueront et d\u00e9partageront les projets selon des crit\u00e8res relevant :<br \/>\n&#8211; de la finition (esth\u00e9tique, formes complexes&#8230;),<br \/>\n&#8211; des performances techniques (protection incendie, isolation acoustique et thermique, protection phonique, r\u00e9sistance m\u00e9canique&#8230;),<br \/>\n&#8211; de la mise en \u0153uvre (difficult\u00e9, utilisation d\u2019une technique ou technologie sp\u00e9cifique, ad\u00e9quation des techniques aux contraintes&#8230;),<br \/>\n&#8211; des solutions utilis\u00e9es (produits techniques ou innovants, ajout de produits Isover),<br \/>\n&#8211; de l\u2019impact environnemental et soci\u00e9tal (empreinte carbone, am\u00e9lioration du confort et du bien-\u00eatre des poseurs et des usagers&#8230;),<br \/>\n&#8211; de la pr\u00e9sentation globale du dossier.<\/p>\n<p>Photo : Soir\u00e9e des Troph\u00e9es Placo\u00ae 2022 &#8211; Cr\u00e9dit photo Rapha\u00ebl Demaret<\/p>\n","protected":false},"excerpt":{"rendered":"<p>Depuis 1989, Placo\u00ae met \u00e0 l\u2019honneur le savoir-faire des entreprises fran\u00e7aises et la noblesse des m\u00e9tiers du pl\u00e2tre \u00e0 travers les Troph\u00e9es Placo\u00ae organis\u00e9s par son Club Entreprises Placo\u00ae. V\u00e9ritable vitrine de l\u2019expertise de ses membres et de leur passion, cet \u00e9v\u00e9nement est l\u2019occasion de partager, d\u2019apprendre et de participer \u00e0 la d\u00e9finition du b\u00e2timent [&hellip;]<\/p>\n","protected":false},"author":17,"featured_media":110153,"comment_status":"closed","ping_status":"closed","sticky":false,"template":"","format":"standard","meta":{"_et_pb_use_builder":"","_et_pb_old_content":"","_et_gb_content_width":"","footnotes":""},"categories":[10530,6340,10771,10775],"tags":[402,13131],"class_list":["post-110152","post","type-post","status-publish","format-standard","has-post-thumbnail","hentry","category-actualites","category-architecture-conception","category-5facades","category-actualites-5facades","tag-platre","tag-trophees-placo"],"yoast_head":"<!-- This site is optimized with the Yoast SEO plugin v27.4 - https:\/\/yoast.com\/product\/yoast-seo-wordpress\/ -->\n<title>Lancement de la 18\u00e8me \u00e9dition des troph\u00e9es placo<\/title>\n<meta name=\"robots\" content=\"index, follow, max-snippet:-1, max-image-preview:large, max-video-preview:-1\" \/>\n<link rel=\"canonical\" href=\"https:\/\/batijournal.com\/index.php\/lancement-de-la-18eme-edition-des-trophees-placo\/110152\/\" \/>\n<meta property=\"og:locale\" content=\"fr_FR\" \/>\n<meta property=\"og:type\" content=\"article\" \/>\n<meta property=\"og:title\" content=\"Lancement de la 18\u00e8me \u00e9dition des troph\u00e9es placo\" \/>\n<meta property=\"og:description\" content=\"Depuis 1989, Placo\u00ae met \u00e0 l\u2019honneur le savoir-faire des entreprises fran\u00e7aises et la noblesse des m\u00e9tiers du pl\u00e2tre \u00e0 travers les Troph\u00e9es Placo\u00ae organis\u00e9s par son Club Entreprises Placo\u00ae. V\u00e9ritable vitrine de l\u2019expertise de ses membres et de leur passion, cet \u00e9v\u00e9nement est l\u2019occasion de partager, d\u2019apprendre et de participer \u00e0 la d\u00e9finition du b\u00e2timent [&hellip;]\" \/>\n<meta property=\"og:url\" content=\"https:\/\/batijournal.com\/index.php\/lancement-de-la-18eme-edition-des-trophees-placo\/110152\/\" \/>\n<meta property=\"og:site_name\" content=\"Batijournal\" \/>\n<meta property=\"article:published_time\" content=\"2024-02-22T12:33:05+00:00\" \/>\n<meta property=\"article:modified_time\" content=\"2024-02-22T12:33:45+00:00\" \/>\n<meta property=\"og:image\" content=\"https:\/\/batijournal.com\/wp-content\/uploads\/2024\/02\/trophee-placo.png\" \/>\n\t<meta property=\"og:image:width\" content=\"1208\" \/>\n\t<meta property=\"og:image:height\" content=\"749\" \/>\n\t<meta property=\"og:image:type\" content=\"image\/png\" \/>\n<meta name=\"author\" content=\"St\u00e9phane Miget\" \/>\n<meta name=\"twitter:card\" content=\"summary_large_image\" \/>\n<meta name=\"twitter:creator\" content=\"@bati_journal\" \/>\n<meta name=\"twitter:site\" content=\"@bati_journal\" \/>\n<meta name=\"twitter:label1\" content=\"\u00c9crit par\" \/>\n\t<meta name=\"twitter:data1\" content=\"St\u00e9phane Miget\" \/>\n\t<meta name=\"twitter:label2\" content=\"Dur\u00e9e de lecture estim\u00e9e\" \/>\n\t<meta name=\"twitter:data2\" content=\"3 minutes\" \/>\n<script type=\"application\/ld+json\" class=\"yoast-schema-graph\">{\"@context\":\"https:\\\/\\\/schema.org\",\"@graph\":[{\"@type\":\"Article\",\"@id\":\"https:\\\/\\\/batijournal.com\\\/index.php\\\/lancement-de-la-18eme-edition-des-trophees-placo\\\/110152\\\/#article\",\"isPartOf\":{\"@id\":\"https:\\\/\\\/batijournal.com\\\/index.php\\\/lancement-de-la-18eme-edition-des-trophees-placo\\\/110152\\\/\"},\"author\":{\"name\":\"St\u00e9phane Miget\",\"@id\":\"https:\\\/\\\/batijournal.com\\\/#\\\/schema\\\/person\\\/1dc96ec6957aa1ccb25ebe78bb19f100\"},\"headline\":\"Lancement de la 18\u00e8me \u00e9dition des troph\u00e9es placo\",\"datePublished\":\"2024-02-22T12:33:05+00:00\",\"dateModified\":\"2024-02-22T12:33:45+00:00\",\"mainEntityOfPage\":{\"@id\":\"https:\\\/\\\/batijournal.com\\\/index.php\\\/lancement-de-la-18eme-edition-des-trophees-placo\\\/110152\\\/\"},\"wordCount\":572,\"image\":{\"@id\":\"https:\\\/\\\/batijournal.com\\\/index.php\\\/lancement-de-la-18eme-edition-des-trophees-placo\\\/110152\\\/#primaryimage\"},\"thumbnailUrl\":\"https:\\\/\\\/batijournal.com\\\/wp-content\\\/uploads\\\/2024\\\/02\\\/trophee-placo.png\",\"keywords\":[\"pl\u00e2tre\",\"Troph\u00e9es Placo\"],\"articleSection\":[\"Actualit\u00e9s\",\"Architecture &amp; Conception\",\"zz_5fa\u00e7ades\",\"zz_Actualit\u00e9s - 5fa\u00e7ades\"],\"inLanguage\":\"fr-FR\"},{\"@type\":\"WebPage\",\"@id\":\"https:\\\/\\\/batijournal.com\\\/index.php\\\/lancement-de-la-18eme-edition-des-trophees-placo\\\/110152\\\/\",\"url\":\"https:\\\/\\\/batijournal.com\\\/index.php\\\/lancement-de-la-18eme-edition-des-trophees-placo\\\/110152\\\/\",\"name\":\"Lancement de la 18\u00e8me \u00e9dition des troph\u00e9es placo\",\"isPartOf\":{\"@id\":\"https:\\\/\\\/batijournal.com\\\/#website\"},\"primaryImageOfPage\":{\"@id\":\"https:\\\/\\\/batijournal.com\\\/index.php\\\/lancement-de-la-18eme-edition-des-trophees-placo\\\/110152\\\/#primaryimage\"},\"image\":{\"@id\":\"https:\\\/\\\/batijournal.com\\\/index.php\\\/lancement-de-la-18eme-edition-des-trophees-placo\\\/110152\\\/#primaryimage\"},\"thumbnailUrl\":\"https:\\\/\\\/batijournal.com\\\/wp-content\\\/uploads\\\/2024\\\/02\\\/trophee-placo.png\",\"datePublished\":\"2024-02-22T12:33:05+00:00\",\"dateModified\":\"2024-02-22T12:33:45+00:00\",\"author\":{\"@id\":\"https:\\\/\\\/batijournal.com\\\/#\\\/schema\\\/person\\\/1dc96ec6957aa1ccb25ebe78bb19f100\"},\"breadcrumb\":{\"@id\":\"https:\\\/\\\/batijournal.com\\\/index.php\\\/lancement-de-la-18eme-edition-des-trophees-placo\\\/110152\\\/#breadcrumb\"},\"inLanguage\":\"fr-FR\",\"potentialAction\":[{\"@type\":\"ReadAction\",\"target\":[\"https:\\\/\\\/batijournal.com\\\/index.php\\\/lancement-de-la-18eme-edition-des-trophees-placo\\\/110152\\\/\"]}]},{\"@type\":\"ImageObject\",\"inLanguage\":\"fr-FR\",\"@id\":\"https:\\\/\\\/batijournal.com\\\/index.php\\\/lancement-de-la-18eme-edition-des-trophees-placo\\\/110152\\\/#primaryimage\",\"url\":\"https:\\\/\\\/batijournal.com\\\/wp-content\\\/uploads\\\/2024\\\/02\\\/trophee-placo.png\",\"contentUrl\":\"https:\\\/\\\/batijournal.com\\\/wp-content\\\/uploads\\\/2024\\\/02\\\/trophee-placo.png\",\"width\":1208,\"height\":749},{\"@type\":\"BreadcrumbList\",\"@id\":\"https:\\\/\\\/batijournal.com\\\/index.php\\\/lancement-de-la-18eme-edition-des-trophees-placo\\\/110152\\\/#breadcrumb\",\"itemListElement\":[{\"@type\":\"ListItem\",\"position\":1,\"name\":\"Accueil\",\"item\":\"https:\\\/\\\/batijournal.com\\\/\"},{\"@type\":\"ListItem\",\"position\":2,\"name\":\"Actualit\u00e9s\",\"item\":\"https:\\\/\\\/batijournal.com\\\/index.php\\\/category\\\/actualites\\\/\"},{\"@type\":\"ListItem\",\"position\":3,\"name\":\"Lancement de la 18\u00e8me \u00e9dition des troph\u00e9es placo\"}]},{\"@type\":\"WebSite\",\"@id\":\"https:\\\/\\\/batijournal.com\\\/#website\",\"url\":\"https:\\\/\\\/batijournal.com\\\/\",\"name\":\"Batijournal\",\"description\":\"L&#039;actualit\u00e9 du b\u00e2timent\",\"potentialAction\":[{\"@type\":\"SearchAction\",\"target\":{\"@type\":\"EntryPoint\",\"urlTemplate\":\"https:\\\/\\\/batijournal.com\\\/?s={search_term_string}\"},\"query-input\":{\"@type\":\"PropertyValueSpecification\",\"valueRequired\":true,\"valueName\":\"search_term_string\"}}],\"inLanguage\":\"fr-FR\"},{\"@type\":\"Person\",\"@id\":\"https:\\\/\\\/batijournal.com\\\/#\\\/schema\\\/person\\\/1dc96ec6957aa1ccb25ebe78bb19f100\",\"name\":\"St\u00e9phane Miget\",\"image\":{\"@type\":\"ImageObject\",\"inLanguage\":\"fr-FR\",\"@id\":\"https:\\\/\\\/secure.gravatar.com\\\/avatar\\\/89915563d925342126b8ef0281b93d9d7fc337043e8df017f780908eb9644451?s=96&d=mm&r=g\",\"url\":\"https:\\\/\\\/secure.gravatar.com\\\/avatar\\\/89915563d925342126b8ef0281b93d9d7fc337043e8df017f780908eb9644451?s=96&d=mm&r=g\",\"contentUrl\":\"https:\\\/\\\/secure.gravatar.com\\\/avatar\\\/89915563d925342126b8ef0281b93d9d7fc337043e8df017f780908eb9644451?s=96&d=mm&r=g\",\"caption\":\"St\u00e9phane Miget\"},\"url\":\"https:\\\/\\\/batijournal.com\\\/index.php\\\/author\\\/stephane\\\/\"}]}<\/script>\n<!-- \/ Yoast SEO plugin. -->","yoast_head_json":{"title":"Lancement de la 18\u00e8me \u00e9dition des troph\u00e9es placo","robots":{"index":"index","follow":"follow","max-snippet":"max-snippet:-1","max-image-preview":"max-image-preview:large","max-video-preview":"max-video-preview:-1"},"canonical":"https:\/\/batijournal.com\/index.php\/lancement-de-la-18eme-edition-des-trophees-placo\/110152\/","og_locale":"fr_FR","og_type":"article","og_title":"Lancement de la 18\u00e8me \u00e9dition des troph\u00e9es placo","og_description":"Depuis 1989, Placo\u00ae met \u00e0 l\u2019honneur le savoir-faire des entreprises fran\u00e7aises et la noblesse des m\u00e9tiers du pl\u00e2tre \u00e0 travers les Troph\u00e9es Placo\u00ae organis\u00e9s par son Club Entreprises Placo\u00ae. V\u00e9ritable vitrine de l\u2019expertise de ses membres et de leur passion, cet \u00e9v\u00e9nement est l\u2019occasion de partager, d\u2019apprendre et de participer \u00e0 la d\u00e9finition du b\u00e2timent [&hellip;]","og_url":"https:\/\/batijournal.com\/index.php\/lancement-de-la-18eme-edition-des-trophees-placo\/110152\/","og_site_name":"Batijournal","article_published_time":"2024-02-22T12:33:05+00:00","article_modified_time":"2024-02-22T12:33:45+00:00","og_image":[{"width":1208,"height":749,"url":"https:\/\/batijournal.com\/wp-content\/uploads\/2024\/02\/trophee-placo.png","type":"image\/png"}],"author":"St\u00e9phane Miget","twitter_card":"summary_large_image","twitter_creator":"@bati_journal","twitter_site":"@bati_journal","twitter_misc":{"\u00c9crit par":"St\u00e9phane Miget","Dur\u00e9e de lecture estim\u00e9e":"3 minutes"},"schema":{"@context":"https:\/\/schema.org","@graph":[{"@type":"Article","@id":"https:\/\/batijournal.com\/index.php\/lancement-de-la-18eme-edition-des-trophees-placo\/110152\/#article","isPartOf":{"@id":"https:\/\/batijournal.com\/index.php\/lancement-de-la-18eme-edition-des-trophees-placo\/110152\/"},"author":{"name":"St\u00e9phane Miget","@id":"https:\/\/batijournal.com\/#\/schema\/person\/1dc96ec6957aa1ccb25ebe78bb19f100"},"headline":"Lancement de la 18\u00e8me \u00e9dition des troph\u00e9es placo","datePublished":"2024-02-22T12:33:05+00:00","dateModified":"2024-02-22T12:33:45+00:00","mainEntityOfPage":{"@id":"https:\/\/batijournal.com\/index.php\/lancement-de-la-18eme-edition-des-trophees-placo\/110152\/"},"wordCount":572,"image":{"@id":"https:\/\/batijournal.com\/index.php\/lancement-de-la-18eme-edition-des-trophees-placo\/110152\/#primaryimage"},"thumbnailUrl":"https:\/\/batijournal.com\/wp-content\/uploads\/2024\/02\/trophee-placo.png","keywords":["pl\u00e2tre","Troph\u00e9es Placo"],"articleSection":["Actualit\u00e9s","Architecture &amp; Conception","zz_5fa\u00e7ades","zz_Actualit\u00e9s - 5fa\u00e7ades"],"inLanguage":"fr-FR"},{"@type":"WebPage","@id":"https:\/\/batijournal.com\/index.php\/lancement-de-la-18eme-edition-des-trophees-placo\/110152\/","url":"https:\/\/batijournal.com\/index.php\/lancement-de-la-18eme-edition-des-trophees-placo\/110152\/","name":"Lancement de la 18\u00e8me \u00e9dition des troph\u00e9es placo","isPartOf":{"@id":"https:\/\/batijournal.com\/#website"},"primaryImageOfPage":{"@id":"https:\/\/batijournal.com\/index.php\/lancement-de-la-18eme-edition-des-trophees-placo\/110152\/#primaryimage"},"image":{"@id":"https:\/\/batijournal.com\/index.php\/lancement-de-la-18eme-edition-des-trophees-placo\/110152\/#primaryimage"},"thumbnailUrl":"https:\/\/batijournal.com\/wp-content\/uploads\/2024\/02\/trophee-placo.png","datePublished":"2024-02-22T12:33:05+00:00","dateModified":"2024-02-22T12:33:45+00:00","author":{"@id":"https:\/\/batijournal.com\/#\/schema\/person\/1dc96ec6957aa1ccb25ebe78bb19f100"},"breadcrumb":{"@id":"https:\/\/batijournal.com\/index.php\/lancement-de-la-18eme-edition-des-trophees-placo\/110152\/#breadcrumb"},"inLanguage":"fr-FR","potentialAction":[{"@type":"ReadAction","target":["https:\/\/batijournal.com\/index.php\/lancement-de-la-18eme-edition-des-trophees-placo\/110152\/"]}]},{"@type":"ImageObject","inLanguage":"fr-FR","@id":"https:\/\/batijournal.com\/index.php\/lancement-de-la-18eme-edition-des-trophees-placo\/110152\/#primaryimage","url":"https:\/\/batijournal.com\/wp-content\/uploads\/2024\/02\/trophee-placo.png","contentUrl":"https:\/\/batijournal.com\/wp-content\/uploads\/2024\/02\/trophee-placo.png","width":1208,"height":749},{"@type":"BreadcrumbList","@id":"https:\/\/batijournal.com\/index.php\/lancement-de-la-18eme-edition-des-trophees-placo\/110152\/#breadcrumb","itemListElement":[{"@type":"ListItem","position":1,"name":"Accueil","item":"https:\/\/batijournal.com\/"},{"@type":"ListItem","position":2,"name":"Actualit\u00e9s","item":"https:\/\/batijournal.com\/index.php\/category\/actualites\/"},{"@type":"ListItem","position":3,"name":"Lancement de la 18\u00e8me \u00e9dition des troph\u00e9es placo"}]},{"@type":"WebSite","@id":"https:\/\/batijournal.com\/#website","url":"https:\/\/batijournal.com\/","name":"Batijournal","description":"L&#039;actualit\u00e9 du b\u00e2timent","potentialAction":[{"@type":"SearchAction","target":{"@type":"EntryPoint","urlTemplate":"https:\/\/batijournal.com\/?s={search_term_string}"},"query-input":{"@type":"PropertyValueSpecification","valueRequired":true,"valueName":"search_term_string"}}],"inLanguage":"fr-FR"},{"@type":"Person","@id":"https:\/\/batijournal.com\/#\/schema\/person\/1dc96ec6957aa1ccb25ebe78bb19f100","name":"St\u00e9phane Miget","image":{"@type":"ImageObject","inLanguage":"fr-FR","@id":"https:\/\/secure.gravatar.com\/avatar\/89915563d925342126b8ef0281b93d9d7fc337043e8df017f780908eb9644451?s=96&d=mm&r=g","url":"https:\/\/secure.gravatar.com\/avatar\/89915563d925342126b8ef0281b93d9d7fc337043e8df017f780908eb9644451?s=96&d=mm&r=g","contentUrl":"https:\/\/secure.gravatar.com\/avatar\/89915563d925342126b8ef0281b93d9d7fc337043e8df017f780908eb9644451?s=96&d=mm&r=g","caption":"St\u00e9phane Miget"},"url":"https:\/\/batijournal.com\/index.php\/author\/stephane\/"}]}},"_links":{"self":[{"href":"https:\/\/batijournal.com\/index.php\/wp-json\/wp\/v2\/posts\/110152","targetHints":{"allow":["GET"]}}],"collection":[{"href":"https:\/\/batijournal.com\/index.php\/wp-json\/wp\/v2\/posts"}],"about":[{"href":"https:\/\/batijournal.com\/index.php\/wp-json\/wp\/v2\/types\/post"}],"author":[{"embeddable":true,"href":"https:\/\/batijournal.com\/index.php\/wp-json\/wp\/v2\/users\/17"}],"replies":[{"embeddable":true,"href":"https:\/\/batijournal.com\/index.php\/wp-json\/wp\/v2\/comments?post=110152"}],"version-history":[{"count":0,"href":"https:\/\/batijournal.com\/index.php\/wp-json\/wp\/v2\/posts\/110152\/revisions"}],"wp:featuredmedia":[{"embeddable":true,"href":"https:\/\/batijournal.com\/index.php\/wp-json\/wp\/v2\/media\/110153"}],"wp:attachment":[{"href":"https:\/\/batijournal.com\/index.php\/wp-json\/wp\/v2\/media?parent=110152"}],"wp:term":[{"taxonomy":"category","embeddable":true,"href":"https:\/\/batijournal.com\/index.php\/wp-json\/wp\/v2\/categories?post=110152"},{"taxonomy":"post_tag","embeddable":true,"href":"https:\/\/batijournal.com\/index.php\/wp-json\/wp\/v2\/tags?post=110152"}],"curies":[{"name":"wp","href":"https:\/\/api.w.org\/{rel}","templated":true}]}}