{"id":110220,"date":"2024-03-06T10:59:56","date_gmt":"2024-03-06T09:59:56","guid":{"rendered":"https:\/\/batijournal.com\/?p=110220"},"modified":"2024-03-06T10:59:56","modified_gmt":"2024-03-06T09:59:56","slug":"le-tresor-de-la-cathedrale-de-chartres-de-nouveau-accessible","status":"publish","type":"post","link":"https:\/\/batijournal.com\/index.php\/le-tresor-de-la-cathedrale-de-chartres-de-nouveau-accessible\/110220\/","title":{"rendered":"Le tr\u00e9sor de la cath\u00e9drale de Chartres de nouveau accessible"},"content":{"rendered":"<p>Le Centre des monuments nationaux, avec la DRAC Centre-Val de Loire, ouvrira au public au printemps 2024 le tr\u00e9sor de la cath\u00e9drale de Chartres, apr\u00e8s 7 ans de chantier de restauration et d\u2019am\u00e9nagement de la chapelle Saint-Piat. Le tr\u00e9sor, auparavant pr\u00e9sent\u00e9 uniquement dans la chapelle haute, \u00e9tait ferm\u00e9 au public depuis 2000. Suite \u00e0 la restauration de la chapelle Saint-Piat d\u2019une part, et la restauration et la pr\u00e9sentation renouvel\u00e9e des \u0153uvres du tr\u00e9sor d\u2019autre part, les visiteurs admireront sur plus de 250 m2 le tr\u00e9sor constitu\u00e9 d\u2019un ensemble d\u2019objets exceptionnels, tels que des pi\u00e8ces d\u2019orf\u00e8vrerie et des textiles pr\u00e9cieux. Afin de le prot\u00e9ger et de le mettre en valeur, une sc\u00e9nographie r\u00e9pondant aux exigences de conservation des \u0153uvres a \u00e9t\u00e9 cr\u00e9\u00e9e. Les visiteurs acc\u00e9deront pour la premi\u00e8re fois \u00e0 la salle capitulaire en partie basse. Dans ce cadre, une commande a \u00e9t\u00e9 pass\u00e9e aupr\u00e8s de l\u2019artiste cor\u00e9enne Bang Hai Ja, pour la cr\u00e9ation des quatre verri\u00e8res contemporaines destin\u00e9es \u00e0 remplacer les verres losang\u00e9s de la salle capitulaire.<\/p>\n<p>Photo : Crosse de Monseigneur Mollien, \u00e9v\u00eaque de Chartres \u00a9 F. Lauginie<\/p>\n<p>&nbsp;<\/p>\n","protected":false},"excerpt":{"rendered":"<p>Le Centre des monuments nationaux, avec la DRAC Centre-Val de Loire, ouvrira au public au printemps 2024 le tr\u00e9sor de la cath\u00e9drale de Chartres, apr\u00e8s 7 ans de chantier de restauration et d\u2019am\u00e9nagement de la chapelle Saint-Piat. Le tr\u00e9sor, auparavant pr\u00e9sent\u00e9 uniquement dans la chapelle haute, \u00e9tait ferm\u00e9 au public depuis 2000. Suite \u00e0 la [&hellip;]<\/p>\n","protected":false},"author":17,"featured_media":110221,"comment_status":"closed","ping_status":"closed","sticky":false,"template":"","format":"standard","meta":{"_et_pb_use_builder":"","_et_pb_old_content":"","_et_gb_content_width":"","footnotes":""},"categories":[10530,6362,10789,10785],"tags":[6758,8651],"class_list":["post-110220","post","type-post","status-publish","format-standard","has-post-thumbnail","hentry","category-actualites","category-services-equipements","category-publications-atrium","category-atrium","tag-cathedrale","tag-cmn"],"yoast_head":"<!-- This site is optimized with the Yoast SEO plugin v27.4 - https:\/\/yoast.com\/product\/yoast-seo-wordpress\/ -->\n<title>Le tr\u00e9sor de la cath\u00e9drale de Chartres de nouveau accessible<\/title>\n<meta name=\"robots\" content=\"index, follow, max-snippet:-1, max-image-preview:large, max-video-preview:-1\" \/>\n<link rel=\"canonical\" href=\"https:\/\/batijournal.com\/index.php\/le-tresor-de-la-cathedrale-de-chartres-de-nouveau-accessible\/110220\/\" \/>\n<meta property=\"og:locale\" content=\"fr_FR\" \/>\n<meta property=\"og:type\" content=\"article\" \/>\n<meta property=\"og:title\" content=\"Le tr\u00e9sor de la cath\u00e9drale de Chartres de nouveau accessible\" \/>\n<meta property=\"og:description\" content=\"Le Centre des monuments nationaux, avec la DRAC Centre-Val de Loire, ouvrira au public au printemps 2024 le tr\u00e9sor de la cath\u00e9drale de Chartres, apr\u00e8s 7 ans de chantier de restauration et d\u2019am\u00e9nagement de la chapelle Saint-Piat. Le tr\u00e9sor, auparavant pr\u00e9sent\u00e9 uniquement dans la chapelle haute, \u00e9tait ferm\u00e9 au public depuis 2000. Suite \u00e0 la [&hellip;]\" \/>\n<meta property=\"og:url\" content=\"https:\/\/batijournal.com\/index.php\/le-tresor-de-la-cathedrale-de-chartres-de-nouveau-accessible\/110220\/\" \/>\n<meta property=\"og:site_name\" content=\"Batijournal\" \/>\n<meta property=\"article:published_time\" content=\"2024-03-06T09:59:56+00:00\" \/>\n<meta property=\"og:image\" content=\"https:\/\/batijournal.com\/wp-content\/uploads\/2024\/03\/crosseeveque-chartres.jpg\" \/>\n\t<meta property=\"og:image:width\" content=\"600\" \/>\n\t<meta property=\"og:image:height\" content=\"404\" \/>\n\t<meta property=\"og:image:type\" content=\"image\/jpeg\" \/>\n<meta name=\"author\" content=\"St\u00e9phane Miget\" \/>\n<meta name=\"twitter:card\" content=\"summary_large_image\" \/>\n<meta name=\"twitter:creator\" content=\"@bati_journal\" \/>\n<meta name=\"twitter:site\" content=\"@bati_journal\" \/>\n<meta name=\"twitter:label1\" content=\"\u00c9crit par\" \/>\n\t<meta name=\"twitter:data1\" content=\"St\u00e9phane Miget\" \/>\n\t<meta name=\"twitter:label2\" content=\"Dur\u00e9e de lecture estim\u00e9e\" \/>\n\t<meta name=\"twitter:data2\" content=\"1 minute\" \/>\n<script type=\"application\/ld+json\" class=\"yoast-schema-graph\">{\"@context\":\"https:\\\/\\\/schema.org\",\"@graph\":[{\"@type\":\"Article\",\"@id\":\"https:\\\/\\\/batijournal.com\\\/index.php\\\/le-tresor-de-la-cathedrale-de-chartres-de-nouveau-accessible\\\/110220\\\/#article\",\"isPartOf\":{\"@id\":\"https:\\\/\\\/batijournal.com\\\/index.php\\\/le-tresor-de-la-cathedrale-de-chartres-de-nouveau-accessible\\\/110220\\\/\"},\"author\":{\"name\":\"St\u00e9phane Miget\",\"@id\":\"https:\\\/\\\/batijournal.com\\\/#\\\/schema\\\/person\\\/1dc96ec6957aa1ccb25ebe78bb19f100\"},\"headline\":\"Le tr\u00e9sor de la cath\u00e9drale de Chartres de nouveau accessible\",\"datePublished\":\"2024-03-06T09:59:56+00:00\",\"mainEntityOfPage\":{\"@id\":\"https:\\\/\\\/batijournal.com\\\/index.php\\\/le-tresor-de-la-cathedrale-de-chartres-de-nouveau-accessible\\\/110220\\\/\"},\"wordCount\":217,\"image\":{\"@id\":\"https:\\\/\\\/batijournal.com\\\/index.php\\\/le-tresor-de-la-cathedrale-de-chartres-de-nouveau-accessible\\\/110220\\\/#primaryimage\"},\"thumbnailUrl\":\"https:\\\/\\\/batijournal.com\\\/wp-content\\\/uploads\\\/2024\\\/03\\\/crosseeveque-chartres.jpg\",\"keywords\":[\"cathedrale\",\"cmn\"],\"articleSection\":[\"Actualit\u00e9s\",\"Divers\",\"zz_Actualit\u00e9s - Atrium\",\"zz_Atrium Patrimoine\"],\"inLanguage\":\"fr-FR\"},{\"@type\":\"WebPage\",\"@id\":\"https:\\\/\\\/batijournal.com\\\/index.php\\\/le-tresor-de-la-cathedrale-de-chartres-de-nouveau-accessible\\\/110220\\\/\",\"url\":\"https:\\\/\\\/batijournal.com\\\/index.php\\\/le-tresor-de-la-cathedrale-de-chartres-de-nouveau-accessible\\\/110220\\\/\",\"name\":\"Le tr\u00e9sor de la cath\u00e9drale de Chartres de nouveau accessible\",\"isPartOf\":{\"@id\":\"https:\\\/\\\/batijournal.com\\\/#website\"},\"primaryImageOfPage\":{\"@id\":\"https:\\\/\\\/batijournal.com\\\/index.php\\\/le-tresor-de-la-cathedrale-de-chartres-de-nouveau-accessible\\\/110220\\\/#primaryimage\"},\"image\":{\"@id\":\"https:\\\/\\\/batijournal.com\\\/index.php\\\/le-tresor-de-la-cathedrale-de-chartres-de-nouveau-accessible\\\/110220\\\/#primaryimage\"},\"thumbnailUrl\":\"https:\\\/\\\/batijournal.com\\\/wp-content\\\/uploads\\\/2024\\\/03\\\/crosseeveque-chartres.jpg\",\"datePublished\":\"2024-03-06T09:59:56+00:00\",\"author\":{\"@id\":\"https:\\\/\\\/batijournal.com\\\/#\\\/schema\\\/person\\\/1dc96ec6957aa1ccb25ebe78bb19f100\"},\"breadcrumb\":{\"@id\":\"https:\\\/\\\/batijournal.com\\\/index.php\\\/le-tresor-de-la-cathedrale-de-chartres-de-nouveau-accessible\\\/110220\\\/#breadcrumb\"},\"inLanguage\":\"fr-FR\",\"potentialAction\":[{\"@type\":\"ReadAction\",\"target\":[\"https:\\\/\\\/batijournal.com\\\/index.php\\\/le-tresor-de-la-cathedrale-de-chartres-de-nouveau-accessible\\\/110220\\\/\"]}]},{\"@type\":\"ImageObject\",\"inLanguage\":\"fr-FR\",\"@id\":\"https:\\\/\\\/batijournal.com\\\/index.php\\\/le-tresor-de-la-cathedrale-de-chartres-de-nouveau-accessible\\\/110220\\\/#primaryimage\",\"url\":\"https:\\\/\\\/batijournal.com\\\/wp-content\\\/uploads\\\/2024\\\/03\\\/crosseeveque-chartres.jpg\",\"contentUrl\":\"https:\\\/\\\/batijournal.com\\\/wp-content\\\/uploads\\\/2024\\\/03\\\/crosseeveque-chartres.jpg\",\"width\":600,\"height\":404},{\"@type\":\"BreadcrumbList\",\"@id\":\"https:\\\/\\\/batijournal.com\\\/index.php\\\/le-tresor-de-la-cathedrale-de-chartres-de-nouveau-accessible\\\/110220\\\/#breadcrumb\",\"itemListElement\":[{\"@type\":\"ListItem\",\"position\":1,\"name\":\"Accueil\",\"item\":\"https:\\\/\\\/batijournal.com\\\/\"},{\"@type\":\"ListItem\",\"position\":2,\"name\":\"Actualit\u00e9s\",\"item\":\"https:\\\/\\\/batijournal.com\\\/index.php\\\/category\\\/actualites\\\/\"},{\"@type\":\"ListItem\",\"position\":3,\"name\":\"Le tr\u00e9sor de la cath\u00e9drale de Chartres de nouveau accessible\"}]},{\"@type\":\"WebSite\",\"@id\":\"https:\\\/\\\/batijournal.com\\\/#website\",\"url\":\"https:\\\/\\\/batijournal.com\\\/\",\"name\":\"Batijournal\",\"description\":\"L&#039;actualit\u00e9 du b\u00e2timent\",\"potentialAction\":[{\"@type\":\"SearchAction\",\"target\":{\"@type\":\"EntryPoint\",\"urlTemplate\":\"https:\\\/\\\/batijournal.com\\\/?s={search_term_string}\"},\"query-input\":{\"@type\":\"PropertyValueSpecification\",\"valueRequired\":true,\"valueName\":\"search_term_string\"}}],\"inLanguage\":\"fr-FR\"},{\"@type\":\"Person\",\"@id\":\"https:\\\/\\\/batijournal.com\\\/#\\\/schema\\\/person\\\/1dc96ec6957aa1ccb25ebe78bb19f100\",\"name\":\"St\u00e9phane Miget\",\"image\":{\"@type\":\"ImageObject\",\"inLanguage\":\"fr-FR\",\"@id\":\"https:\\\/\\\/secure.gravatar.com\\\/avatar\\\/89915563d925342126b8ef0281b93d9d7fc337043e8df017f780908eb9644451?s=96&d=mm&r=g\",\"url\":\"https:\\\/\\\/secure.gravatar.com\\\/avatar\\\/89915563d925342126b8ef0281b93d9d7fc337043e8df017f780908eb9644451?s=96&d=mm&r=g\",\"contentUrl\":\"https:\\\/\\\/secure.gravatar.com\\\/avatar\\\/89915563d925342126b8ef0281b93d9d7fc337043e8df017f780908eb9644451?s=96&d=mm&r=g\",\"caption\":\"St\u00e9phane Miget\"},\"url\":\"https:\\\/\\\/batijournal.com\\\/index.php\\\/author\\\/stephane\\\/\"}]}<\/script>\n<!-- \/ Yoast SEO plugin. -->","yoast_head_json":{"title":"Le tr\u00e9sor de la cath\u00e9drale de Chartres de nouveau accessible","robots":{"index":"index","follow":"follow","max-snippet":"max-snippet:-1","max-image-preview":"max-image-preview:large","max-video-preview":"max-video-preview:-1"},"canonical":"https:\/\/batijournal.com\/index.php\/le-tresor-de-la-cathedrale-de-chartres-de-nouveau-accessible\/110220\/","og_locale":"fr_FR","og_type":"article","og_title":"Le tr\u00e9sor de la cath\u00e9drale de Chartres de nouveau accessible","og_description":"Le Centre des monuments nationaux, avec la DRAC Centre-Val de Loire, ouvrira au public au printemps 2024 le tr\u00e9sor de la cath\u00e9drale de Chartres, apr\u00e8s 7 ans de chantier de restauration et d\u2019am\u00e9nagement de la chapelle Saint-Piat. Le tr\u00e9sor, auparavant pr\u00e9sent\u00e9 uniquement dans la chapelle haute, \u00e9tait ferm\u00e9 au public depuis 2000. Suite \u00e0 la [&hellip;]","og_url":"https:\/\/batijournal.com\/index.php\/le-tresor-de-la-cathedrale-de-chartres-de-nouveau-accessible\/110220\/","og_site_name":"Batijournal","article_published_time":"2024-03-06T09:59:56+00:00","og_image":[{"width":600,"height":404,"url":"https:\/\/batijournal.com\/wp-content\/uploads\/2024\/03\/crosseeveque-chartres.jpg","type":"image\/jpeg"}],"author":"St\u00e9phane Miget","twitter_card":"summary_large_image","twitter_creator":"@bati_journal","twitter_site":"@bati_journal","twitter_misc":{"\u00c9crit par":"St\u00e9phane Miget","Dur\u00e9e de lecture estim\u00e9e":"1 minute"},"schema":{"@context":"https:\/\/schema.org","@graph":[{"@type":"Article","@id":"https:\/\/batijournal.com\/index.php\/le-tresor-de-la-cathedrale-de-chartres-de-nouveau-accessible\/110220\/#article","isPartOf":{"@id":"https:\/\/batijournal.com\/index.php\/le-tresor-de-la-cathedrale-de-chartres-de-nouveau-accessible\/110220\/"},"author":{"name":"St\u00e9phane Miget","@id":"https:\/\/batijournal.com\/#\/schema\/person\/1dc96ec6957aa1ccb25ebe78bb19f100"},"headline":"Le tr\u00e9sor de la cath\u00e9drale de Chartres de nouveau accessible","datePublished":"2024-03-06T09:59:56+00:00","mainEntityOfPage":{"@id":"https:\/\/batijournal.com\/index.php\/le-tresor-de-la-cathedrale-de-chartres-de-nouveau-accessible\/110220\/"},"wordCount":217,"image":{"@id":"https:\/\/batijournal.com\/index.php\/le-tresor-de-la-cathedrale-de-chartres-de-nouveau-accessible\/110220\/#primaryimage"},"thumbnailUrl":"https:\/\/batijournal.com\/wp-content\/uploads\/2024\/03\/crosseeveque-chartres.jpg","keywords":["cathedrale","cmn"],"articleSection":["Actualit\u00e9s","Divers","zz_Actualit\u00e9s - Atrium","zz_Atrium Patrimoine"],"inLanguage":"fr-FR"},{"@type":"WebPage","@id":"https:\/\/batijournal.com\/index.php\/le-tresor-de-la-cathedrale-de-chartres-de-nouveau-accessible\/110220\/","url":"https:\/\/batijournal.com\/index.php\/le-tresor-de-la-cathedrale-de-chartres-de-nouveau-accessible\/110220\/","name":"Le tr\u00e9sor de la cath\u00e9drale de Chartres de nouveau accessible","isPartOf":{"@id":"https:\/\/batijournal.com\/#website"},"primaryImageOfPage":{"@id":"https:\/\/batijournal.com\/index.php\/le-tresor-de-la-cathedrale-de-chartres-de-nouveau-accessible\/110220\/#primaryimage"},"image":{"@id":"https:\/\/batijournal.com\/index.php\/le-tresor-de-la-cathedrale-de-chartres-de-nouveau-accessible\/110220\/#primaryimage"},"thumbnailUrl":"https:\/\/batijournal.com\/wp-content\/uploads\/2024\/03\/crosseeveque-chartres.jpg","datePublished":"2024-03-06T09:59:56+00:00","author":{"@id":"https:\/\/batijournal.com\/#\/schema\/person\/1dc96ec6957aa1ccb25ebe78bb19f100"},"breadcrumb":{"@id":"https:\/\/batijournal.com\/index.php\/le-tresor-de-la-cathedrale-de-chartres-de-nouveau-accessible\/110220\/#breadcrumb"},"inLanguage":"fr-FR","potentialAction":[{"@type":"ReadAction","target":["https:\/\/batijournal.com\/index.php\/le-tresor-de-la-cathedrale-de-chartres-de-nouveau-accessible\/110220\/"]}]},{"@type":"ImageObject","inLanguage":"fr-FR","@id":"https:\/\/batijournal.com\/index.php\/le-tresor-de-la-cathedrale-de-chartres-de-nouveau-accessible\/110220\/#primaryimage","url":"https:\/\/batijournal.com\/wp-content\/uploads\/2024\/03\/crosseeveque-chartres.jpg","contentUrl":"https:\/\/batijournal.com\/wp-content\/uploads\/2024\/03\/crosseeveque-chartres.jpg","width":600,"height":404},{"@type":"BreadcrumbList","@id":"https:\/\/batijournal.com\/index.php\/le-tresor-de-la-cathedrale-de-chartres-de-nouveau-accessible\/110220\/#breadcrumb","itemListElement":[{"@type":"ListItem","position":1,"name":"Accueil","item":"https:\/\/batijournal.com\/"},{"@type":"ListItem","position":2,"name":"Actualit\u00e9s","item":"https:\/\/batijournal.com\/index.php\/category\/actualites\/"},{"@type":"ListItem","position":3,"name":"Le tr\u00e9sor de la cath\u00e9drale de Chartres de nouveau accessible"}]},{"@type":"WebSite","@id":"https:\/\/batijournal.com\/#website","url":"https:\/\/batijournal.com\/","name":"Batijournal","description":"L&#039;actualit\u00e9 du b\u00e2timent","potentialAction":[{"@type":"SearchAction","target":{"@type":"EntryPoint","urlTemplate":"https:\/\/batijournal.com\/?s={search_term_string}"},"query-input":{"@type":"PropertyValueSpecification","valueRequired":true,"valueName":"search_term_string"}}],"inLanguage":"fr-FR"},{"@type":"Person","@id":"https:\/\/batijournal.com\/#\/schema\/person\/1dc96ec6957aa1ccb25ebe78bb19f100","name":"St\u00e9phane Miget","image":{"@type":"ImageObject","inLanguage":"fr-FR","@id":"https:\/\/secure.gravatar.com\/avatar\/89915563d925342126b8ef0281b93d9d7fc337043e8df017f780908eb9644451?s=96&d=mm&r=g","url":"https:\/\/secure.gravatar.com\/avatar\/89915563d925342126b8ef0281b93d9d7fc337043e8df017f780908eb9644451?s=96&d=mm&r=g","contentUrl":"https:\/\/secure.gravatar.com\/avatar\/89915563d925342126b8ef0281b93d9d7fc337043e8df017f780908eb9644451?s=96&d=mm&r=g","caption":"St\u00e9phane Miget"},"url":"https:\/\/batijournal.com\/index.php\/author\/stephane\/"}]}},"_links":{"self":[{"href":"https:\/\/batijournal.com\/index.php\/wp-json\/wp\/v2\/posts\/110220","targetHints":{"allow":["GET"]}}],"collection":[{"href":"https:\/\/batijournal.com\/index.php\/wp-json\/wp\/v2\/posts"}],"about":[{"href":"https:\/\/batijournal.com\/index.php\/wp-json\/wp\/v2\/types\/post"}],"author":[{"embeddable":true,"href":"https:\/\/batijournal.com\/index.php\/wp-json\/wp\/v2\/users\/17"}],"replies":[{"embeddable":true,"href":"https:\/\/batijournal.com\/index.php\/wp-json\/wp\/v2\/comments?post=110220"}],"version-history":[{"count":0,"href":"https:\/\/batijournal.com\/index.php\/wp-json\/wp\/v2\/posts\/110220\/revisions"}],"wp:featuredmedia":[{"embeddable":true,"href":"https:\/\/batijournal.com\/index.php\/wp-json\/wp\/v2\/media\/110221"}],"wp:attachment":[{"href":"https:\/\/batijournal.com\/index.php\/wp-json\/wp\/v2\/media?parent=110220"}],"wp:term":[{"taxonomy":"category","embeddable":true,"href":"https:\/\/batijournal.com\/index.php\/wp-json\/wp\/v2\/categories?post=110220"},{"taxonomy":"post_tag","embeddable":true,"href":"https:\/\/batijournal.com\/index.php\/wp-json\/wp\/v2\/tags?post=110220"}],"curies":[{"name":"wp","href":"https:\/\/api.w.org\/{rel}","templated":true}]}}