{"id":110245,"date":"2024-03-15T07:48:58","date_gmt":"2024-03-15T06:48:58","guid":{"rendered":"https:\/\/batijournal.com\/?p=110245"},"modified":"2024-03-15T07:48:58","modified_gmt":"2024-03-15T06:48:58","slug":"vivre-en-bois-salue-la-victoire-de-lequipe-de-france-des-jeunes-charpentiers","status":"publish","type":"post","link":"https:\/\/batijournal.com\/index.php\/vivre-en-bois-salue-la-victoire-de-lequipe-de-france-des-jeunes-charpentiers\/110245\/","title":{"rendered":"VIVRE EN BOIS salue la victoire de l\u2019\u00e9quipe de France des Jeunes Charpentiers"},"content":{"rendered":"<p>Pendant plus de neuf mois, le r\u00e9seau VIVRE EN BOIS a suivi de pr\u00e8s l\u2019\u00e9quipe de France des Jeunes Charpentiers lors de leurs entra\u00eenements au sein de leurs magasins. Toutes les \u00e9quipes de VIVRE EN BOIS ont partag\u00e9 cette aventure humaine au c\u0153ur du bois et ont pu soutenir l\u2019\u00e9quipe pendant la finale du 15\u00e8me championnat d\u2019Europe des jeunes Charpentiers lors du Salon Eurobois Lyon 2024. Les trois jours de comp\u00e9tition se sont d\u00e9roul\u00e9s sur un espace de 1500m2 avec 13 jeunes comp\u00e9titeurs charpentiers de moins de 23 ans, issus des pays Europ\u00e9ens (Allemagne, Hongrie, Pays Bas, Luxembourg, Suisse et France). Il se se sont affront\u00e9s durant les trois jours du salon sur un sujet complexe de charpente de 22 heures devant les professionnels visiteurs. VIVRE EN BOIS salue la victoire de l\u2019\u00e9quipe de France des Jeunes Charpentiers.<br \/>\n<strong>Podium individuel :<\/strong><br \/>\nM\u00e9daille d\u2019Or : David Cl\u00e9mencin (France)<br \/>\nM\u00e9daille d\u2019Argent : Paul Castagne (France)<br \/>\nM\u00e9daille de Bronze : Linus Brobhardt (Allemagne)<br \/>\n<strong>Podium par \u00e9quipe :<\/strong><br \/>\nM\u00e9daille d\u2019Or : L\u2019\u00e9quipe B de France compos\u00e9e de Lucas Rinaldi, Willy Baronnet et Antoine Martinet<br \/>\nM\u00e9daille d\u2019Argent : L\u2019\u00e9quipe A de France compos\u00e9e de David Cl\u00e9mencin, Paul Castagne et Timoth\u00e9e Josseaume<br \/>\nM\u00e9daille de Bronze : L\u2019\u00e9quipe d\u2019Allemagne compos\u00e9e de Linus Brobhardt, Jacob Speer et Pascal Frauendor<\/p>\n","protected":false},"excerpt":{"rendered":"<p>Pendant plus de neuf mois, le r\u00e9seau VIVRE EN BOIS a suivi de pr\u00e8s l\u2019\u00e9quipe de France des Jeunes Charpentiers lors de leurs entra\u00eenements au sein de leurs magasins. Toutes les \u00e9quipes de VIVRE EN BOIS ont partag\u00e9 cette aventure humaine au c\u0153ur du bois et ont pu soutenir l\u2019\u00e9quipe pendant la finale du 15\u00e8me [&hellip;]<\/p>\n","protected":false},"author":17,"featured_media":110246,"comment_status":"closed","ping_status":"closed","sticky":false,"template":"","format":"standard","meta":{"_et_pb_use_builder":"","_et_pb_old_content":"","_et_gb_content_width":"","footnotes":""},"categories":[10530,6362,10769,10764],"tags":[],"class_list":["post-110245","post","type-post","status-publish","format-standard","has-post-thumbnail","hentry","category-actualites","category-services-equipements","category-publications","category-woodsurfer"],"yoast_head":"<!-- This site is optimized with the Yoast SEO plugin v27.4 - https:\/\/yoast.com\/product\/yoast-seo-wordpress\/ -->\n<title>VIVRE EN BOIS salue la victoire de l\u2019\u00e9quipe de France des Jeunes Charpentiers<\/title>\n<meta name=\"robots\" content=\"index, follow, max-snippet:-1, max-image-preview:large, max-video-preview:-1\" \/>\n<link rel=\"canonical\" href=\"https:\/\/batijournal.com\/index.php\/vivre-en-bois-salue-la-victoire-de-lequipe-de-france-des-jeunes-charpentiers\/110245\/\" \/>\n<meta property=\"og:locale\" content=\"fr_FR\" \/>\n<meta property=\"og:type\" content=\"article\" \/>\n<meta property=\"og:title\" content=\"VIVRE EN BOIS salue la victoire de l\u2019\u00e9quipe de France des Jeunes Charpentiers\" \/>\n<meta property=\"og:description\" content=\"Pendant plus de neuf mois, le r\u00e9seau VIVRE EN BOIS a suivi de pr\u00e8s l\u2019\u00e9quipe de France des Jeunes Charpentiers lors de leurs entra\u00eenements au sein de leurs magasins. Toutes les \u00e9quipes de VIVRE EN BOIS ont partag\u00e9 cette aventure humaine au c\u0153ur du bois et ont pu soutenir l\u2019\u00e9quipe pendant la finale du 15\u00e8me [&hellip;]\" \/>\n<meta property=\"og:url\" content=\"https:\/\/batijournal.com\/index.php\/vivre-en-bois-salue-la-victoire-de-lequipe-de-france-des-jeunes-charpentiers\/110245\/\" \/>\n<meta property=\"og:site_name\" content=\"Batijournal\" \/>\n<meta property=\"article:published_time\" content=\"2024-03-15T06:48:58+00:00\" \/>\n<meta property=\"og:image\" content=\"https:\/\/batijournal.com\/wp-content\/uploads\/2024\/03\/championnat-europe-jeunes-charpentiers.png\" \/>\n\t<meta property=\"og:image:width\" content=\"744\" \/>\n\t<meta property=\"og:image:height\" content=\"557\" \/>\n\t<meta property=\"og:image:type\" content=\"image\/png\" \/>\n<meta name=\"author\" content=\"St\u00e9phane Miget\" \/>\n<meta name=\"twitter:card\" content=\"summary_large_image\" \/>\n<meta name=\"twitter:creator\" content=\"@bati_journal\" \/>\n<meta name=\"twitter:site\" content=\"@bati_journal\" \/>\n<meta name=\"twitter:label1\" content=\"\u00c9crit par\" \/>\n\t<meta name=\"twitter:data1\" content=\"St\u00e9phane Miget\" \/>\n\t<meta name=\"twitter:label2\" content=\"Dur\u00e9e de lecture estim\u00e9e\" \/>\n\t<meta name=\"twitter:data2\" content=\"1 minute\" \/>\n<script type=\"application\/ld+json\" class=\"yoast-schema-graph\">{\"@context\":\"https:\\\/\\\/schema.org\",\"@graph\":[{\"@type\":\"Article\",\"@id\":\"https:\\\/\\\/batijournal.com\\\/index.php\\\/vivre-en-bois-salue-la-victoire-de-lequipe-de-france-des-jeunes-charpentiers\\\/110245\\\/#article\",\"isPartOf\":{\"@id\":\"https:\\\/\\\/batijournal.com\\\/index.php\\\/vivre-en-bois-salue-la-victoire-de-lequipe-de-france-des-jeunes-charpentiers\\\/110245\\\/\"},\"author\":{\"name\":\"St\u00e9phane Miget\",\"@id\":\"https:\\\/\\\/batijournal.com\\\/#\\\/schema\\\/person\\\/1dc96ec6957aa1ccb25ebe78bb19f100\"},\"headline\":\"VIVRE EN BOIS salue la victoire de l\u2019\u00e9quipe de France des Jeunes Charpentiers\",\"datePublished\":\"2024-03-15T06:48:58+00:00\",\"mainEntityOfPage\":{\"@id\":\"https:\\\/\\\/batijournal.com\\\/index.php\\\/vivre-en-bois-salue-la-victoire-de-lequipe-de-france-des-jeunes-charpentiers\\\/110245\\\/\"},\"wordCount\":247,\"image\":{\"@id\":\"https:\\\/\\\/batijournal.com\\\/index.php\\\/vivre-en-bois-salue-la-victoire-de-lequipe-de-france-des-jeunes-charpentiers\\\/110245\\\/#primaryimage\"},\"thumbnailUrl\":\"https:\\\/\\\/batijournal.com\\\/wp-content\\\/uploads\\\/2024\\\/03\\\/championnat-europe-jeunes-charpentiers.png\",\"articleSection\":[\"Actualit\u00e9s\",\"Divers\",\"zz_Actualit\u00e9s - Woodsurfer\",\"zz_Woodsurfer\"],\"inLanguage\":\"fr-FR\"},{\"@type\":\"WebPage\",\"@id\":\"https:\\\/\\\/batijournal.com\\\/index.php\\\/vivre-en-bois-salue-la-victoire-de-lequipe-de-france-des-jeunes-charpentiers\\\/110245\\\/\",\"url\":\"https:\\\/\\\/batijournal.com\\\/index.php\\\/vivre-en-bois-salue-la-victoire-de-lequipe-de-france-des-jeunes-charpentiers\\\/110245\\\/\",\"name\":\"VIVRE EN BOIS salue la victoire de l\u2019\u00e9quipe de France des Jeunes Charpentiers\",\"isPartOf\":{\"@id\":\"https:\\\/\\\/batijournal.com\\\/#website\"},\"primaryImageOfPage\":{\"@id\":\"https:\\\/\\\/batijournal.com\\\/index.php\\\/vivre-en-bois-salue-la-victoire-de-lequipe-de-france-des-jeunes-charpentiers\\\/110245\\\/#primaryimage\"},\"image\":{\"@id\":\"https:\\\/\\\/batijournal.com\\\/index.php\\\/vivre-en-bois-salue-la-victoire-de-lequipe-de-france-des-jeunes-charpentiers\\\/110245\\\/#primaryimage\"},\"thumbnailUrl\":\"https:\\\/\\\/batijournal.com\\\/wp-content\\\/uploads\\\/2024\\\/03\\\/championnat-europe-jeunes-charpentiers.png\",\"datePublished\":\"2024-03-15T06:48:58+00:00\",\"author\":{\"@id\":\"https:\\\/\\\/batijournal.com\\\/#\\\/schema\\\/person\\\/1dc96ec6957aa1ccb25ebe78bb19f100\"},\"breadcrumb\":{\"@id\":\"https:\\\/\\\/batijournal.com\\\/index.php\\\/vivre-en-bois-salue-la-victoire-de-lequipe-de-france-des-jeunes-charpentiers\\\/110245\\\/#breadcrumb\"},\"inLanguage\":\"fr-FR\",\"potentialAction\":[{\"@type\":\"ReadAction\",\"target\":[\"https:\\\/\\\/batijournal.com\\\/index.php\\\/vivre-en-bois-salue-la-victoire-de-lequipe-de-france-des-jeunes-charpentiers\\\/110245\\\/\"]}]},{\"@type\":\"ImageObject\",\"inLanguage\":\"fr-FR\",\"@id\":\"https:\\\/\\\/batijournal.com\\\/index.php\\\/vivre-en-bois-salue-la-victoire-de-lequipe-de-france-des-jeunes-charpentiers\\\/110245\\\/#primaryimage\",\"url\":\"https:\\\/\\\/batijournal.com\\\/wp-content\\\/uploads\\\/2024\\\/03\\\/championnat-europe-jeunes-charpentiers.png\",\"contentUrl\":\"https:\\\/\\\/batijournal.com\\\/wp-content\\\/uploads\\\/2024\\\/03\\\/championnat-europe-jeunes-charpentiers.png\",\"width\":744,\"height\":557},{\"@type\":\"BreadcrumbList\",\"@id\":\"https:\\\/\\\/batijournal.com\\\/index.php\\\/vivre-en-bois-salue-la-victoire-de-lequipe-de-france-des-jeunes-charpentiers\\\/110245\\\/#breadcrumb\",\"itemListElement\":[{\"@type\":\"ListItem\",\"position\":1,\"name\":\"Accueil\",\"item\":\"https:\\\/\\\/batijournal.com\\\/\"},{\"@type\":\"ListItem\",\"position\":2,\"name\":\"Actualit\u00e9s\",\"item\":\"https:\\\/\\\/batijournal.com\\\/index.php\\\/category\\\/actualites\\\/\"},{\"@type\":\"ListItem\",\"position\":3,\"name\":\"VIVRE EN BOIS salue la victoire de l\u2019\u00e9quipe de France des Jeunes Charpentiers\"}]},{\"@type\":\"WebSite\",\"@id\":\"https:\\\/\\\/batijournal.com\\\/#website\",\"url\":\"https:\\\/\\\/batijournal.com\\\/\",\"name\":\"Batijournal\",\"description\":\"L&#039;actualit\u00e9 du b\u00e2timent\",\"potentialAction\":[{\"@type\":\"SearchAction\",\"target\":{\"@type\":\"EntryPoint\",\"urlTemplate\":\"https:\\\/\\\/batijournal.com\\\/?s={search_term_string}\"},\"query-input\":{\"@type\":\"PropertyValueSpecification\",\"valueRequired\":true,\"valueName\":\"search_term_string\"}}],\"inLanguage\":\"fr-FR\"},{\"@type\":\"Person\",\"@id\":\"https:\\\/\\\/batijournal.com\\\/#\\\/schema\\\/person\\\/1dc96ec6957aa1ccb25ebe78bb19f100\",\"name\":\"St\u00e9phane Miget\",\"image\":{\"@type\":\"ImageObject\",\"inLanguage\":\"fr-FR\",\"@id\":\"https:\\\/\\\/secure.gravatar.com\\\/avatar\\\/89915563d925342126b8ef0281b93d9d7fc337043e8df017f780908eb9644451?s=96&d=mm&r=g\",\"url\":\"https:\\\/\\\/secure.gravatar.com\\\/avatar\\\/89915563d925342126b8ef0281b93d9d7fc337043e8df017f780908eb9644451?s=96&d=mm&r=g\",\"contentUrl\":\"https:\\\/\\\/secure.gravatar.com\\\/avatar\\\/89915563d925342126b8ef0281b93d9d7fc337043e8df017f780908eb9644451?s=96&d=mm&r=g\",\"caption\":\"St\u00e9phane Miget\"},\"url\":\"https:\\\/\\\/batijournal.com\\\/index.php\\\/author\\\/stephane\\\/\"}]}<\/script>\n<!-- \/ Yoast SEO plugin. -->","yoast_head_json":{"title":"VIVRE EN BOIS salue la victoire de l\u2019\u00e9quipe de France des Jeunes Charpentiers","robots":{"index":"index","follow":"follow","max-snippet":"max-snippet:-1","max-image-preview":"max-image-preview:large","max-video-preview":"max-video-preview:-1"},"canonical":"https:\/\/batijournal.com\/index.php\/vivre-en-bois-salue-la-victoire-de-lequipe-de-france-des-jeunes-charpentiers\/110245\/","og_locale":"fr_FR","og_type":"article","og_title":"VIVRE EN BOIS salue la victoire de l\u2019\u00e9quipe de France des Jeunes Charpentiers","og_description":"Pendant plus de neuf mois, le r\u00e9seau VIVRE EN BOIS a suivi de pr\u00e8s l\u2019\u00e9quipe de France des Jeunes Charpentiers lors de leurs entra\u00eenements au sein de leurs magasins. Toutes les \u00e9quipes de VIVRE EN BOIS ont partag\u00e9 cette aventure humaine au c\u0153ur du bois et ont pu soutenir l\u2019\u00e9quipe pendant la finale du 15\u00e8me [&hellip;]","og_url":"https:\/\/batijournal.com\/index.php\/vivre-en-bois-salue-la-victoire-de-lequipe-de-france-des-jeunes-charpentiers\/110245\/","og_site_name":"Batijournal","article_published_time":"2024-03-15T06:48:58+00:00","og_image":[{"width":744,"height":557,"url":"https:\/\/batijournal.com\/wp-content\/uploads\/2024\/03\/championnat-europe-jeunes-charpentiers.png","type":"image\/png"}],"author":"St\u00e9phane Miget","twitter_card":"summary_large_image","twitter_creator":"@bati_journal","twitter_site":"@bati_journal","twitter_misc":{"\u00c9crit par":"St\u00e9phane Miget","Dur\u00e9e de lecture estim\u00e9e":"1 minute"},"schema":{"@context":"https:\/\/schema.org","@graph":[{"@type":"Article","@id":"https:\/\/batijournal.com\/index.php\/vivre-en-bois-salue-la-victoire-de-lequipe-de-france-des-jeunes-charpentiers\/110245\/#article","isPartOf":{"@id":"https:\/\/batijournal.com\/index.php\/vivre-en-bois-salue-la-victoire-de-lequipe-de-france-des-jeunes-charpentiers\/110245\/"},"author":{"name":"St\u00e9phane Miget","@id":"https:\/\/batijournal.com\/#\/schema\/person\/1dc96ec6957aa1ccb25ebe78bb19f100"},"headline":"VIVRE EN BOIS salue la victoire de l\u2019\u00e9quipe de France des Jeunes Charpentiers","datePublished":"2024-03-15T06:48:58+00:00","mainEntityOfPage":{"@id":"https:\/\/batijournal.com\/index.php\/vivre-en-bois-salue-la-victoire-de-lequipe-de-france-des-jeunes-charpentiers\/110245\/"},"wordCount":247,"image":{"@id":"https:\/\/batijournal.com\/index.php\/vivre-en-bois-salue-la-victoire-de-lequipe-de-france-des-jeunes-charpentiers\/110245\/#primaryimage"},"thumbnailUrl":"https:\/\/batijournal.com\/wp-content\/uploads\/2024\/03\/championnat-europe-jeunes-charpentiers.png","articleSection":["Actualit\u00e9s","Divers","zz_Actualit\u00e9s - Woodsurfer","zz_Woodsurfer"],"inLanguage":"fr-FR"},{"@type":"WebPage","@id":"https:\/\/batijournal.com\/index.php\/vivre-en-bois-salue-la-victoire-de-lequipe-de-france-des-jeunes-charpentiers\/110245\/","url":"https:\/\/batijournal.com\/index.php\/vivre-en-bois-salue-la-victoire-de-lequipe-de-france-des-jeunes-charpentiers\/110245\/","name":"VIVRE EN BOIS salue la victoire de l\u2019\u00e9quipe de France des Jeunes Charpentiers","isPartOf":{"@id":"https:\/\/batijournal.com\/#website"},"primaryImageOfPage":{"@id":"https:\/\/batijournal.com\/index.php\/vivre-en-bois-salue-la-victoire-de-lequipe-de-france-des-jeunes-charpentiers\/110245\/#primaryimage"},"image":{"@id":"https:\/\/batijournal.com\/index.php\/vivre-en-bois-salue-la-victoire-de-lequipe-de-france-des-jeunes-charpentiers\/110245\/#primaryimage"},"thumbnailUrl":"https:\/\/batijournal.com\/wp-content\/uploads\/2024\/03\/championnat-europe-jeunes-charpentiers.png","datePublished":"2024-03-15T06:48:58+00:00","author":{"@id":"https:\/\/batijournal.com\/#\/schema\/person\/1dc96ec6957aa1ccb25ebe78bb19f100"},"breadcrumb":{"@id":"https:\/\/batijournal.com\/index.php\/vivre-en-bois-salue-la-victoire-de-lequipe-de-france-des-jeunes-charpentiers\/110245\/#breadcrumb"},"inLanguage":"fr-FR","potentialAction":[{"@type":"ReadAction","target":["https:\/\/batijournal.com\/index.php\/vivre-en-bois-salue-la-victoire-de-lequipe-de-france-des-jeunes-charpentiers\/110245\/"]}]},{"@type":"ImageObject","inLanguage":"fr-FR","@id":"https:\/\/batijournal.com\/index.php\/vivre-en-bois-salue-la-victoire-de-lequipe-de-france-des-jeunes-charpentiers\/110245\/#primaryimage","url":"https:\/\/batijournal.com\/wp-content\/uploads\/2024\/03\/championnat-europe-jeunes-charpentiers.png","contentUrl":"https:\/\/batijournal.com\/wp-content\/uploads\/2024\/03\/championnat-europe-jeunes-charpentiers.png","width":744,"height":557},{"@type":"BreadcrumbList","@id":"https:\/\/batijournal.com\/index.php\/vivre-en-bois-salue-la-victoire-de-lequipe-de-france-des-jeunes-charpentiers\/110245\/#breadcrumb","itemListElement":[{"@type":"ListItem","position":1,"name":"Accueil","item":"https:\/\/batijournal.com\/"},{"@type":"ListItem","position":2,"name":"Actualit\u00e9s","item":"https:\/\/batijournal.com\/index.php\/category\/actualites\/"},{"@type":"ListItem","position":3,"name":"VIVRE EN BOIS salue la victoire de l\u2019\u00e9quipe de France des Jeunes Charpentiers"}]},{"@type":"WebSite","@id":"https:\/\/batijournal.com\/#website","url":"https:\/\/batijournal.com\/","name":"Batijournal","description":"L&#039;actualit\u00e9 du b\u00e2timent","potentialAction":[{"@type":"SearchAction","target":{"@type":"EntryPoint","urlTemplate":"https:\/\/batijournal.com\/?s={search_term_string}"},"query-input":{"@type":"PropertyValueSpecification","valueRequired":true,"valueName":"search_term_string"}}],"inLanguage":"fr-FR"},{"@type":"Person","@id":"https:\/\/batijournal.com\/#\/schema\/person\/1dc96ec6957aa1ccb25ebe78bb19f100","name":"St\u00e9phane Miget","image":{"@type":"ImageObject","inLanguage":"fr-FR","@id":"https:\/\/secure.gravatar.com\/avatar\/89915563d925342126b8ef0281b93d9d7fc337043e8df017f780908eb9644451?s=96&d=mm&r=g","url":"https:\/\/secure.gravatar.com\/avatar\/89915563d925342126b8ef0281b93d9d7fc337043e8df017f780908eb9644451?s=96&d=mm&r=g","contentUrl":"https:\/\/secure.gravatar.com\/avatar\/89915563d925342126b8ef0281b93d9d7fc337043e8df017f780908eb9644451?s=96&d=mm&r=g","caption":"St\u00e9phane Miget"},"url":"https:\/\/batijournal.com\/index.php\/author\/stephane\/"}]}},"_links":{"self":[{"href":"https:\/\/batijournal.com\/index.php\/wp-json\/wp\/v2\/posts\/110245","targetHints":{"allow":["GET"]}}],"collection":[{"href":"https:\/\/batijournal.com\/index.php\/wp-json\/wp\/v2\/posts"}],"about":[{"href":"https:\/\/batijournal.com\/index.php\/wp-json\/wp\/v2\/types\/post"}],"author":[{"embeddable":true,"href":"https:\/\/batijournal.com\/index.php\/wp-json\/wp\/v2\/users\/17"}],"replies":[{"embeddable":true,"href":"https:\/\/batijournal.com\/index.php\/wp-json\/wp\/v2\/comments?post=110245"}],"version-history":[{"count":0,"href":"https:\/\/batijournal.com\/index.php\/wp-json\/wp\/v2\/posts\/110245\/revisions"}],"wp:featuredmedia":[{"embeddable":true,"href":"https:\/\/batijournal.com\/index.php\/wp-json\/wp\/v2\/media\/110246"}],"wp:attachment":[{"href":"https:\/\/batijournal.com\/index.php\/wp-json\/wp\/v2\/media?parent=110245"}],"wp:term":[{"taxonomy":"category","embeddable":true,"href":"https:\/\/batijournal.com\/index.php\/wp-json\/wp\/v2\/categories?post=110245"},{"taxonomy":"post_tag","embeddable":true,"href":"https:\/\/batijournal.com\/index.php\/wp-json\/wp\/v2\/tags?post=110245"}],"curies":[{"name":"wp","href":"https:\/\/api.w.org\/{rel}","templated":true}]}}