{"id":110249,"date":"2024-03-18T09:12:23","date_gmt":"2024-03-18T08:12:23","guid":{"rendered":"https:\/\/batijournal.com\/?p=110249"},"modified":"2024-03-18T09:12:23","modified_gmt":"2024-03-18T08:12:23","slug":"manque-de-chiffres-sur-le-recyclage-des-materiaux-du-btp","status":"publish","type":"post","link":"https:\/\/batijournal.com\/index.php\/manque-de-chiffres-sur-le-recyclage-des-materiaux-du-btp\/110249\/","title":{"rendered":"Manque de chiffres sur le recyclage des mat\u00e9riaux du BTP"},"content":{"rendered":"<p>C&rsquo;est la journ\u00e9e mondiale du recyclage. A cette occasion, l\u2019ADEME d\u00e9voile son Bilan national du recyclage, qui analyse sur les dix derni\u00e8res ann\u00e9es les principales \u00e9volutions pour 11 mat\u00e9riaux, m\u00e9taux ferreux, plusieurs m\u00e9taux non-ferreux (aluminium, cuivre, zinc, plomb), les plastiques, les papiers et cartons, le verre, les inertes du BTP, le bois et les textiles.<\/p>\n<p>Le Bilan National du Recyclage couvre l\u2019ensemble des \u00e9tapes du recylcage depuis la collecte et la pr\u00e9paration des d\u00e9chets inertes du BTP jusqu\u2019\u00e0 l\u2019incorporation des d\u00e9chets inertes issu du recyclage dans les produits et mat\u00e9riaux de construction. Les donn\u00e9es de l\u2019\u00e9tude de pr\u00e9figuration de la fili\u00e8re REP Produits et Mat\u00e9riaux de Construction du secteur du B\u00e2timent (PMCB) ont \u00e9t\u00e9 utilis\u00e9es ; elles ne couvrent que le p\u00e9rim\u00e8tre b\u00e2timent et sont des estimations pour l\u2019ann\u00e9e 2019, tir\u00e9es des sources ant\u00e9rieures, r\u00e9actualis\u00e9es dans le cadre de l\u2019\u00e9tude. Aucune donn\u00e9e n\u2019est disponible sur l\u2019incorporation des mat\u00e9riaux inertes recycl\u00e9s dans la production de PMCB en 2020 et 2021. Cependant, la part du tonnage effectivement recycl\u00e9e \u00e9tait estim\u00e9e \u00e0 33 % dans le secteur du b\u00e2timent en 2019. Sur l\u2019ensemble du secteur du BTP, en 2014, le recyclage de d\u00e9chets inertes du BTP avait \u00e9t\u00e9 estim\u00e9 entre 21 % (45 Mt) et 44 % (93 Mt) des volumes de d\u00e9chets inertes g\u00e9n\u00e9r\u00e9s. En 2016, les engagements pour la croissance verte sign\u00e9s par les acteurs du secteur visaient \u00e0 augmenter de 50 % la quantit\u00e9 de granulats et mat\u00e9riaux recycl\u00e9s en 2020 par rapport \u00e0 2014 et de d\u00e9velopper la valorisation de la fraction non recyclable des d\u00e9chets inertes en r\u00e9am\u00e9nagement de carri\u00e8res, afin de r\u00e9pondre aux obligations de remise en \u00e9tat pr\u00e9vues par les arr\u00eat\u00e9s pr\u00e9fectoraux d\u2019autorisation. En France, la quantit\u00e9 de granulats recycl\u00e9s issus de mat\u00e9riaux de d\u00e9molition a progress\u00e9 de 12 Mt en 2005 \u00e0 20 Mt en 2014, 28 Mt en 2019, avant de l\u00e9g\u00e8rement baisser \u00e0 25 Mt en 2020. L\u2019objectif n\u2019a donc pas \u00e9t\u00e9 atteint. N\u00e9anmoins, ce retard peut s\u2019expliquer en partie par la baisse d\u2019activit\u00e9 significative de l\u2019ann\u00e9e 2020 durant la p\u00e9riode de confinement.<\/p>\n<p>Le premier frein \u00e0 l\u2019int\u00e9gration de davantage de mat\u00e9riaux recycl\u00e9s est le manque de d\u00e9bouch\u00e9s, une m\u00e9connaissance des fili\u00e8res et d\u00e9bouch\u00e9s d\u00e9j\u00e0 existants et les restrictions existantes en mati\u00e8re de normes constructives. Le second frein r\u00e9side dans l\u2019acceptation des produits recycl\u00e9s par les Ma\u00eetres d\u2019\u0152uvres (MOE) et Ma\u00eetres d\u2019Ouvrages (MOA). Les enjeux de production bas carbone \u00e9tant devenus un sujet majeur r\u00e9cemment, cela encourage notamment l\u2019utilisation de produits recycl\u00e9s.<\/p>\n<p>La fili\u00e8re des produits et mat\u00e9riaux de construction du secteur du b\u00e2timent ne s&rsquo;organise que depuis peu. Elle est mise en \u0153uvre depuis 2023. Quatre \u00e9co-organismes et un organisme coordonnateur sont agr\u00e9\u00e9s sur la p\u00e9riode d&rsquo;agr\u00e9ment en cours. Les cahiers des charges des \u00e9co-organismes, des syst\u00e8mes individuels et des organismes coordonnateurs de la fili\u00e8re ont \u00e9t\u00e9 publi\u00e9s par arr\u00eat\u00e9 minist\u00e9riel du 10 juin 2022. L&rsquo; arr\u00eat\u00e9 du 28 f\u00e9vrier 2023 a compl\u00e9t\u00e9 les cahiers des charges des \u00e9co-organismes et des organismes coordonnateurs. Ils fixent en particulier les objectifs de collecte, de recyclage, de valorisation et de r\u00e9emploi-r\u00e9utilisation qui sont applicables aux \u00e9co-organismes et aux syst\u00e8mes individuels et pr\u00e9cisent les modalit\u00e9s de la mont\u00e9e en puissance progressive de la REP. Avec la mise en place de la REP b\u00e2timent sur les produits et mat\u00e9riaux de construction du b\u00e2timent, les d\u00e9chets du b\u00e2timent tri\u00e9s seront progressivement repris sans frais dans les points de collecte agr\u00e9\u00e9s, sur les chantiers et sur les sites des entreprises de b\u00e2timent, selon un calendrier d\u00e9fini et sous r\u00e9serve de respecter certaines r\u00e8gles. Pour b\u00e9n\u00e9ficier de la reprise gratuite des d\u00e9chets, il n&rsquo;est pas n\u00e9cessaire d&rsquo;adh\u00e9rer \u00e0 un \u00e9co-organisme, L&rsquo;adh\u00e9sion ne concerne que les metteurs sur le march\u00e9 de produits et mat\u00e9riaux de construction. Gageons qu&rsquo;avec la mise en place de la fili\u00e8re, le suivi statistique du recyclage soit plus r\u00e9gulier.<\/p>\n<p>Graphique : r\u00e9partition des d\u00e9chets inertes par type de traitement g\u00e9n\u00e9r\u00e9s dans le secteur du b\u00e2timent en France (en Mt), 2019 &#8211; Source : ADEME<\/p>\n","protected":false},"excerpt":{"rendered":"<p>C&rsquo;est la journ\u00e9e mondiale du recyclage. A cette occasion, l\u2019ADEME d\u00e9voile son Bilan national du recyclage, qui analyse sur les dix derni\u00e8res ann\u00e9es les principales \u00e9volutions pour 11 mat\u00e9riaux, m\u00e9taux ferreux, plusieurs m\u00e9taux non-ferreux (aluminium, cuivre, zinc, plomb), les plastiques, les papiers et cartons, le verre, les inertes du BTP, le bois et les textiles. [&hellip;]<\/p>\n","protected":false},"author":17,"featured_media":110250,"comment_status":"closed","ping_status":"closed","sticky":false,"template":"","format":"standard","meta":{"_et_pb_use_builder":"","_et_pb_old_content":"","_et_gb_content_width":"","footnotes":""},"categories":[10736,10530,6345],"tags":[],"class_list":["post-110249","post","type-post","status-publish","format-standard","has-post-thumbnail","hentry","category-a-la-une","category-actualites","category-economie-marches"],"yoast_head":"<!-- This site is optimized with the Yoast SEO plugin v27.4 - https:\/\/yoast.com\/product\/yoast-seo-wordpress\/ -->\n<title>Manque de chiffres sur le recyclage des mat\u00e9riaux du BTP<\/title>\n<meta name=\"robots\" content=\"index, follow, max-snippet:-1, max-image-preview:large, max-video-preview:-1\" \/>\n<link rel=\"canonical\" href=\"https:\/\/batijournal.com\/index.php\/manque-de-chiffres-sur-le-recyclage-des-materiaux-du-btp\/110249\/\" \/>\n<meta property=\"og:locale\" content=\"fr_FR\" \/>\n<meta property=\"og:type\" content=\"article\" \/>\n<meta property=\"og:title\" content=\"Manque de chiffres sur le recyclage des mat\u00e9riaux du BTP\" \/>\n<meta property=\"og:description\" content=\"C&rsquo;est la journ\u00e9e mondiale du recyclage. A cette occasion, l\u2019ADEME d\u00e9voile son Bilan national du recyclage, qui analyse sur les dix derni\u00e8res ann\u00e9es les principales \u00e9volutions pour 11 mat\u00e9riaux, m\u00e9taux ferreux, plusieurs m\u00e9taux non-ferreux (aluminium, cuivre, zinc, plomb), les plastiques, les papiers et cartons, le verre, les inertes du BTP, le bois et les textiles. [&hellip;]\" \/>\n<meta property=\"og:url\" content=\"https:\/\/batijournal.com\/index.php\/manque-de-chiffres-sur-le-recyclage-des-materiaux-du-btp\/110249\/\" \/>\n<meta property=\"og:site_name\" content=\"Batijournal\" \/>\n<meta property=\"article:published_time\" content=\"2024-03-18T08:12:23+00:00\" \/>\n<meta property=\"og:image\" content=\"https:\/\/batijournal.com\/wp-content\/uploads\/2024\/03\/repartition-des-dechets-inertes-btp-ademe.png\" \/>\n\t<meta property=\"og:image:width\" content=\"934\" \/>\n\t<meta property=\"og:image:height\" content=\"430\" \/>\n\t<meta property=\"og:image:type\" content=\"image\/png\" \/>\n<meta name=\"author\" content=\"St\u00e9phane Miget\" \/>\n<meta name=\"twitter:card\" content=\"summary_large_image\" \/>\n<meta name=\"twitter:creator\" content=\"@bati_journal\" \/>\n<meta name=\"twitter:site\" content=\"@bati_journal\" \/>\n<meta name=\"twitter:label1\" content=\"\u00c9crit par\" \/>\n\t<meta name=\"twitter:data1\" content=\"St\u00e9phane Miget\" \/>\n\t<meta name=\"twitter:label2\" content=\"Dur\u00e9e de lecture estim\u00e9e\" \/>\n\t<meta name=\"twitter:data2\" content=\"4 minutes\" \/>\n<script type=\"application\/ld+json\" class=\"yoast-schema-graph\">{\"@context\":\"https:\\\/\\\/schema.org\",\"@graph\":[{\"@type\":\"Article\",\"@id\":\"https:\\\/\\\/batijournal.com\\\/index.php\\\/manque-de-chiffres-sur-le-recyclage-des-materiaux-du-btp\\\/110249\\\/#article\",\"isPartOf\":{\"@id\":\"https:\\\/\\\/batijournal.com\\\/index.php\\\/manque-de-chiffres-sur-le-recyclage-des-materiaux-du-btp\\\/110249\\\/\"},\"author\":{\"name\":\"St\u00e9phane Miget\",\"@id\":\"https:\\\/\\\/batijournal.com\\\/#\\\/schema\\\/person\\\/1dc96ec6957aa1ccb25ebe78bb19f100\"},\"headline\":\"Manque de chiffres sur le recyclage des mat\u00e9riaux du BTP\",\"datePublished\":\"2024-03-18T08:12:23+00:00\",\"mainEntityOfPage\":{\"@id\":\"https:\\\/\\\/batijournal.com\\\/index.php\\\/manque-de-chiffres-sur-le-recyclage-des-materiaux-du-btp\\\/110249\\\/\"},\"wordCount\":771,\"image\":{\"@id\":\"https:\\\/\\\/batijournal.com\\\/index.php\\\/manque-de-chiffres-sur-le-recyclage-des-materiaux-du-btp\\\/110249\\\/#primaryimage\"},\"thumbnailUrl\":\"https:\\\/\\\/batijournal.com\\\/wp-content\\\/uploads\\\/2024\\\/03\\\/repartition-des-dechets-inertes-btp-ademe.png\",\"articleSection\":[\"A la Une\",\"Actualit\u00e9s\",\"\u00c9conomie &amp; March\u00e9s\"],\"inLanguage\":\"fr-FR\"},{\"@type\":\"WebPage\",\"@id\":\"https:\\\/\\\/batijournal.com\\\/index.php\\\/manque-de-chiffres-sur-le-recyclage-des-materiaux-du-btp\\\/110249\\\/\",\"url\":\"https:\\\/\\\/batijournal.com\\\/index.php\\\/manque-de-chiffres-sur-le-recyclage-des-materiaux-du-btp\\\/110249\\\/\",\"name\":\"Manque de chiffres sur le recyclage des mat\u00e9riaux du BTP\",\"isPartOf\":{\"@id\":\"https:\\\/\\\/batijournal.com\\\/#website\"},\"primaryImageOfPage\":{\"@id\":\"https:\\\/\\\/batijournal.com\\\/index.php\\\/manque-de-chiffres-sur-le-recyclage-des-materiaux-du-btp\\\/110249\\\/#primaryimage\"},\"image\":{\"@id\":\"https:\\\/\\\/batijournal.com\\\/index.php\\\/manque-de-chiffres-sur-le-recyclage-des-materiaux-du-btp\\\/110249\\\/#primaryimage\"},\"thumbnailUrl\":\"https:\\\/\\\/batijournal.com\\\/wp-content\\\/uploads\\\/2024\\\/03\\\/repartition-des-dechets-inertes-btp-ademe.png\",\"datePublished\":\"2024-03-18T08:12:23+00:00\",\"author\":{\"@id\":\"https:\\\/\\\/batijournal.com\\\/#\\\/schema\\\/person\\\/1dc96ec6957aa1ccb25ebe78bb19f100\"},\"breadcrumb\":{\"@id\":\"https:\\\/\\\/batijournal.com\\\/index.php\\\/manque-de-chiffres-sur-le-recyclage-des-materiaux-du-btp\\\/110249\\\/#breadcrumb\"},\"inLanguage\":\"fr-FR\",\"potentialAction\":[{\"@type\":\"ReadAction\",\"target\":[\"https:\\\/\\\/batijournal.com\\\/index.php\\\/manque-de-chiffres-sur-le-recyclage-des-materiaux-du-btp\\\/110249\\\/\"]}]},{\"@type\":\"ImageObject\",\"inLanguage\":\"fr-FR\",\"@id\":\"https:\\\/\\\/batijournal.com\\\/index.php\\\/manque-de-chiffres-sur-le-recyclage-des-materiaux-du-btp\\\/110249\\\/#primaryimage\",\"url\":\"https:\\\/\\\/batijournal.com\\\/wp-content\\\/uploads\\\/2024\\\/03\\\/repartition-des-dechets-inertes-btp-ademe.png\",\"contentUrl\":\"https:\\\/\\\/batijournal.com\\\/wp-content\\\/uploads\\\/2024\\\/03\\\/repartition-des-dechets-inertes-btp-ademe.png\",\"width\":934,\"height\":430},{\"@type\":\"BreadcrumbList\",\"@id\":\"https:\\\/\\\/batijournal.com\\\/index.php\\\/manque-de-chiffres-sur-le-recyclage-des-materiaux-du-btp\\\/110249\\\/#breadcrumb\",\"itemListElement\":[{\"@type\":\"ListItem\",\"position\":1,\"name\":\"Accueil\",\"item\":\"https:\\\/\\\/batijournal.com\\\/\"},{\"@type\":\"ListItem\",\"position\":2,\"name\":\"Actualit\u00e9s\",\"item\":\"https:\\\/\\\/batijournal.com\\\/index.php\\\/category\\\/actualites\\\/\"},{\"@type\":\"ListItem\",\"position\":3,\"name\":\"Manque de chiffres sur le recyclage des mat\u00e9riaux du BTP\"}]},{\"@type\":\"WebSite\",\"@id\":\"https:\\\/\\\/batijournal.com\\\/#website\",\"url\":\"https:\\\/\\\/batijournal.com\\\/\",\"name\":\"Batijournal\",\"description\":\"L&#039;actualit\u00e9 du b\u00e2timent\",\"potentialAction\":[{\"@type\":\"SearchAction\",\"target\":{\"@type\":\"EntryPoint\",\"urlTemplate\":\"https:\\\/\\\/batijournal.com\\\/?s={search_term_string}\"},\"query-input\":{\"@type\":\"PropertyValueSpecification\",\"valueRequired\":true,\"valueName\":\"search_term_string\"}}],\"inLanguage\":\"fr-FR\"},{\"@type\":\"Person\",\"@id\":\"https:\\\/\\\/batijournal.com\\\/#\\\/schema\\\/person\\\/1dc96ec6957aa1ccb25ebe78bb19f100\",\"name\":\"St\u00e9phane Miget\",\"image\":{\"@type\":\"ImageObject\",\"inLanguage\":\"fr-FR\",\"@id\":\"https:\\\/\\\/secure.gravatar.com\\\/avatar\\\/89915563d925342126b8ef0281b93d9d7fc337043e8df017f780908eb9644451?s=96&d=mm&r=g\",\"url\":\"https:\\\/\\\/secure.gravatar.com\\\/avatar\\\/89915563d925342126b8ef0281b93d9d7fc337043e8df017f780908eb9644451?s=96&d=mm&r=g\",\"contentUrl\":\"https:\\\/\\\/secure.gravatar.com\\\/avatar\\\/89915563d925342126b8ef0281b93d9d7fc337043e8df017f780908eb9644451?s=96&d=mm&r=g\",\"caption\":\"St\u00e9phane Miget\"},\"url\":\"https:\\\/\\\/batijournal.com\\\/index.php\\\/author\\\/stephane\\\/\"}]}<\/script>\n<!-- \/ Yoast SEO plugin. -->","yoast_head_json":{"title":"Manque de chiffres sur le recyclage des mat\u00e9riaux du BTP","robots":{"index":"index","follow":"follow","max-snippet":"max-snippet:-1","max-image-preview":"max-image-preview:large","max-video-preview":"max-video-preview:-1"},"canonical":"https:\/\/batijournal.com\/index.php\/manque-de-chiffres-sur-le-recyclage-des-materiaux-du-btp\/110249\/","og_locale":"fr_FR","og_type":"article","og_title":"Manque de chiffres sur le recyclage des mat\u00e9riaux du BTP","og_description":"C&rsquo;est la journ\u00e9e mondiale du recyclage. A cette occasion, l\u2019ADEME d\u00e9voile son Bilan national du recyclage, qui analyse sur les dix derni\u00e8res ann\u00e9es les principales \u00e9volutions pour 11 mat\u00e9riaux, m\u00e9taux ferreux, plusieurs m\u00e9taux non-ferreux (aluminium, cuivre, zinc, plomb), les plastiques, les papiers et cartons, le verre, les inertes du BTP, le bois et les textiles. [&hellip;]","og_url":"https:\/\/batijournal.com\/index.php\/manque-de-chiffres-sur-le-recyclage-des-materiaux-du-btp\/110249\/","og_site_name":"Batijournal","article_published_time":"2024-03-18T08:12:23+00:00","og_image":[{"width":934,"height":430,"url":"https:\/\/batijournal.com\/wp-content\/uploads\/2024\/03\/repartition-des-dechets-inertes-btp-ademe.png","type":"image\/png"}],"author":"St\u00e9phane Miget","twitter_card":"summary_large_image","twitter_creator":"@bati_journal","twitter_site":"@bati_journal","twitter_misc":{"\u00c9crit par":"St\u00e9phane Miget","Dur\u00e9e de lecture estim\u00e9e":"4 minutes"},"schema":{"@context":"https:\/\/schema.org","@graph":[{"@type":"Article","@id":"https:\/\/batijournal.com\/index.php\/manque-de-chiffres-sur-le-recyclage-des-materiaux-du-btp\/110249\/#article","isPartOf":{"@id":"https:\/\/batijournal.com\/index.php\/manque-de-chiffres-sur-le-recyclage-des-materiaux-du-btp\/110249\/"},"author":{"name":"St\u00e9phane Miget","@id":"https:\/\/batijournal.com\/#\/schema\/person\/1dc96ec6957aa1ccb25ebe78bb19f100"},"headline":"Manque de chiffres sur le recyclage des mat\u00e9riaux du BTP","datePublished":"2024-03-18T08:12:23+00:00","mainEntityOfPage":{"@id":"https:\/\/batijournal.com\/index.php\/manque-de-chiffres-sur-le-recyclage-des-materiaux-du-btp\/110249\/"},"wordCount":771,"image":{"@id":"https:\/\/batijournal.com\/index.php\/manque-de-chiffres-sur-le-recyclage-des-materiaux-du-btp\/110249\/#primaryimage"},"thumbnailUrl":"https:\/\/batijournal.com\/wp-content\/uploads\/2024\/03\/repartition-des-dechets-inertes-btp-ademe.png","articleSection":["A la Une","Actualit\u00e9s","\u00c9conomie &amp; March\u00e9s"],"inLanguage":"fr-FR"},{"@type":"WebPage","@id":"https:\/\/batijournal.com\/index.php\/manque-de-chiffres-sur-le-recyclage-des-materiaux-du-btp\/110249\/","url":"https:\/\/batijournal.com\/index.php\/manque-de-chiffres-sur-le-recyclage-des-materiaux-du-btp\/110249\/","name":"Manque de chiffres sur le recyclage des mat\u00e9riaux du BTP","isPartOf":{"@id":"https:\/\/batijournal.com\/#website"},"primaryImageOfPage":{"@id":"https:\/\/batijournal.com\/index.php\/manque-de-chiffres-sur-le-recyclage-des-materiaux-du-btp\/110249\/#primaryimage"},"image":{"@id":"https:\/\/batijournal.com\/index.php\/manque-de-chiffres-sur-le-recyclage-des-materiaux-du-btp\/110249\/#primaryimage"},"thumbnailUrl":"https:\/\/batijournal.com\/wp-content\/uploads\/2024\/03\/repartition-des-dechets-inertes-btp-ademe.png","datePublished":"2024-03-18T08:12:23+00:00","author":{"@id":"https:\/\/batijournal.com\/#\/schema\/person\/1dc96ec6957aa1ccb25ebe78bb19f100"},"breadcrumb":{"@id":"https:\/\/batijournal.com\/index.php\/manque-de-chiffres-sur-le-recyclage-des-materiaux-du-btp\/110249\/#breadcrumb"},"inLanguage":"fr-FR","potentialAction":[{"@type":"ReadAction","target":["https:\/\/batijournal.com\/index.php\/manque-de-chiffres-sur-le-recyclage-des-materiaux-du-btp\/110249\/"]}]},{"@type":"ImageObject","inLanguage":"fr-FR","@id":"https:\/\/batijournal.com\/index.php\/manque-de-chiffres-sur-le-recyclage-des-materiaux-du-btp\/110249\/#primaryimage","url":"https:\/\/batijournal.com\/wp-content\/uploads\/2024\/03\/repartition-des-dechets-inertes-btp-ademe.png","contentUrl":"https:\/\/batijournal.com\/wp-content\/uploads\/2024\/03\/repartition-des-dechets-inertes-btp-ademe.png","width":934,"height":430},{"@type":"BreadcrumbList","@id":"https:\/\/batijournal.com\/index.php\/manque-de-chiffres-sur-le-recyclage-des-materiaux-du-btp\/110249\/#breadcrumb","itemListElement":[{"@type":"ListItem","position":1,"name":"Accueil","item":"https:\/\/batijournal.com\/"},{"@type":"ListItem","position":2,"name":"Actualit\u00e9s","item":"https:\/\/batijournal.com\/index.php\/category\/actualites\/"},{"@type":"ListItem","position":3,"name":"Manque de chiffres sur le recyclage des mat\u00e9riaux du BTP"}]},{"@type":"WebSite","@id":"https:\/\/batijournal.com\/#website","url":"https:\/\/batijournal.com\/","name":"Batijournal","description":"L&#039;actualit\u00e9 du b\u00e2timent","potentialAction":[{"@type":"SearchAction","target":{"@type":"EntryPoint","urlTemplate":"https:\/\/batijournal.com\/?s={search_term_string}"},"query-input":{"@type":"PropertyValueSpecification","valueRequired":true,"valueName":"search_term_string"}}],"inLanguage":"fr-FR"},{"@type":"Person","@id":"https:\/\/batijournal.com\/#\/schema\/person\/1dc96ec6957aa1ccb25ebe78bb19f100","name":"St\u00e9phane Miget","image":{"@type":"ImageObject","inLanguage":"fr-FR","@id":"https:\/\/secure.gravatar.com\/avatar\/89915563d925342126b8ef0281b93d9d7fc337043e8df017f780908eb9644451?s=96&d=mm&r=g","url":"https:\/\/secure.gravatar.com\/avatar\/89915563d925342126b8ef0281b93d9d7fc337043e8df017f780908eb9644451?s=96&d=mm&r=g","contentUrl":"https:\/\/secure.gravatar.com\/avatar\/89915563d925342126b8ef0281b93d9d7fc337043e8df017f780908eb9644451?s=96&d=mm&r=g","caption":"St\u00e9phane Miget"},"url":"https:\/\/batijournal.com\/index.php\/author\/stephane\/"}]}},"_links":{"self":[{"href":"https:\/\/batijournal.com\/index.php\/wp-json\/wp\/v2\/posts\/110249","targetHints":{"allow":["GET"]}}],"collection":[{"href":"https:\/\/batijournal.com\/index.php\/wp-json\/wp\/v2\/posts"}],"about":[{"href":"https:\/\/batijournal.com\/index.php\/wp-json\/wp\/v2\/types\/post"}],"author":[{"embeddable":true,"href":"https:\/\/batijournal.com\/index.php\/wp-json\/wp\/v2\/users\/17"}],"replies":[{"embeddable":true,"href":"https:\/\/batijournal.com\/index.php\/wp-json\/wp\/v2\/comments?post=110249"}],"version-history":[{"count":0,"href":"https:\/\/batijournal.com\/index.php\/wp-json\/wp\/v2\/posts\/110249\/revisions"}],"wp:featuredmedia":[{"embeddable":true,"href":"https:\/\/batijournal.com\/index.php\/wp-json\/wp\/v2\/media\/110250"}],"wp:attachment":[{"href":"https:\/\/batijournal.com\/index.php\/wp-json\/wp\/v2\/media?parent=110249"}],"wp:term":[{"taxonomy":"category","embeddable":true,"href":"https:\/\/batijournal.com\/index.php\/wp-json\/wp\/v2\/categories?post=110249"},{"taxonomy":"post_tag","embeddable":true,"href":"https:\/\/batijournal.com\/index.php\/wp-json\/wp\/v2\/tags?post=110249"}],"curies":[{"name":"wp","href":"https:\/\/api.w.org\/{rel}","templated":true}]}}