{"id":110268,"date":"2024-03-25T15:27:18","date_gmt":"2024-03-25T14:27:18","guid":{"rendered":"https:\/\/batijournal.com\/?p=110268"},"modified":"2024-04-06T11:30:35","modified_gmt":"2024-04-06T09:30:35","slug":"decouvrez-le-plateau-tv-bati-journal-au-forum-bois-construction-2024","status":"publish","type":"post","link":"https:\/\/batijournal.com\/index.php\/decouvrez-le-plateau-tv-bati-journal-au-forum-bois-construction-2024\/110268\/","title":{"rendered":"D\u00e9couvrez le plateau TV Bati-Journal au Forum Bois Construction 2024"},"content":{"rendered":"<p class=\"p1\">\u00c0 l\u2019occasion du <a href=\"https:\/\/www.forum-boisconstruction.com\/\" target=\"_blank\" rel=\"noopener\">Forum Bois Construction<\/a> qui se tiendra au Centre Prouv\u00e9 de Nancy les 4 &amp; 5 avril prochain, les \u00e9quipes de <a href=\"https:\/\/batijournal.com\/\" target=\"_blank\" rel=\"noopener\">Bati-Journal <\/a>seront pr\u00e9sentes avec une nouvelle \u00e9dition de son plateau TV. Cette animation est organis\u00e9e par <a href=\"https:\/\/www.woodsurfer.com\/\" target=\"_blank\" rel=\"noopener\">Wood Surfer<\/a> et le <a href=\"https:\/\/www.forum-boisconstruction.com\/\" target=\"_blank\" rel=\"noopener\">Forum Bois Construction<\/a>, avec le soutien de l\u2019Interprofession nationale <a href=\"https:\/\/franceboisforet.fr\" target=\"_blank\" rel=\"noopener\">France Bois For\u00eat<\/a> et sera anim\u00e9e par St\u00e9phane Miget, journaliste sp\u00e9cialiste b\u00e2timent construction.<\/p>\n<p class=\"p1\">Pendant les deux jours de l\u2019\u00e9v\u00e9nement, vous pourrez retrouver des \u00e9missions d\u00e9di\u00e9es aux grands th\u00e8mes abord\u00e9s pendant le Forum, dont la th\u00e9matique cette ann\u00e9e est consacr\u00e9e cette ann\u00e9e \u00e0 la construction biosourc\u00e9e.<\/p>\n<p><a href=\"https:\/\/batijournal.com\/index.php\/tag\/forum-bois-construction-2024\/\">Toutes les vid\u00e9os&#8230;<\/a><\/p>\n<p><iframe loading=\"lazy\" title=\"Plateau TV Forum Bois Construction 2024\" width=\"1080\" height=\"608\" src=\"https:\/\/www.youtube.com\/embed\/VwCguOJLTX8?feature=oembed\"  allow=\"accelerometer; autoplay; clipboard-write; encrypted-media; gyroscope; picture-in-picture; web-share\" referrerpolicy=\"strict-origin-when-cross-origin\" allowfullscreen><\/iframe><\/p>\n<p><span style=\"color: #800000;\"><strong>Les th\u00e9matiques de la journ\u00e9e du 4 avril :<\/strong><\/span><\/p>\n<ul>\n<li><strong>R\u00e9emploi &#8211; retour d&rsquo;exp\u00e9rience<\/strong> avec Odran Lema\u00eetre (Vogelis) et Alexandre Scalabrino (Architecte)<\/li>\n<li><strong>Acoustique biosourc\u00e9e<\/strong> (Projet : Carr\u00e9 et flore \u00e0 Cornebarrieu, projet avec terre crue) avec Louison Mehu (Ekkoia) et \u00c9lise Valadier (AIDA Acoustique)<\/li>\n<li><strong>La parole au Groupe ISB<\/strong> avec Pascal Toussaint<\/li>\n<li><strong>Construire en bois fran\u00e7ais<\/strong> avec Xavier G\u00e9ant (Studiolada)<\/li>\n<li><strong>D\u00e9claration r\u00e9gion Grand-Est<\/strong> avec Franck Leroy (Conseil R\u00e9gional Grand-Est), Pascal Triboulot (ENSTIB) et Nicole Valkyser (Forum Bois Construction)<\/li>\n<li><strong>Le bois biosourc\u00e9 hors-site<\/strong> avec Pierre-Etienne Robinet (Atelier Archi 4)<\/li>\n<li><strong>Le logement social, acteur de la d\u00e9carbonation<\/strong> avec Marc B\u00e9nard (Equateur Architecture), Paul-Emmanuel Huet (PEFC France) et Herv\u00e9 Demeure (Continental Foncier)<\/li>\n<li><strong>Les mat\u00e9riaux biosourc\u00e9s dans le Grand Est<\/strong> avec Daniel Gremillet (R\u00e9gion Grand Est), Jean-Marc Gaulard (Parc Naturel de Lorraine) et Charlotte de Bellefroid (Isohemp)<\/li>\n<li><strong>Strat\u00e9gie tr\u00e8s bas carbone contre l&rsquo;inconfort estival<\/strong> (Projet : Centre Gilbert Raby \u00e0 Meulan-en-Yvelines) avec Nicholas Gilliland (Tolila+Gilliland Atelier d&rsquo;Architecture)<\/li>\n<li><strong>Strat\u00e9gie tr\u00e8s bas carbone contre l&rsquo;inconfort estival<\/strong> (Projet : A\u00e9roport \u00cele de la R\u00e9union, sans climatisation) avec Alexis Autret (AIA Life Designers)<\/li>\n<li><strong>Vers la r\u00e9habilitation<\/strong> frugale avec Vincent Dani\u00e8re (Atelier des Vergers Architectes et Benjamin Colboc (COSA Architectes)<\/li>\n<li><strong>Acoustique biosourc\u00e9e<\/strong> (Projet : plateforme de stockage bois Qu\u00e9ven \/ en paille porteuse) avec Xavier Davy (EGIS Group), Bertrand de Bastiani (EGIS Group) et Aur\u00e9lien Lepoutre (DLW Architectes<\/li>\n<li><strong>Les conditions de la r\u00e9ussite pour la construction hors-site<\/strong> avec Pascal Chazal (Hors-Site)<\/li>\n<\/ul>\n<p><span style=\"color: #800000;\"><strong>Les th\u00e9matiques de la journ\u00e9e du vendredi 5 avril :<\/strong><\/span><\/p>\n<ul>\n<li><strong>Nouvelles mixit\u00e9s<\/strong> avec Toma Dryjsky (DVVD Architectes)<\/li>\n<li><strong>Les \u00e9coquartiers en biosourc\u00e9<\/strong> avec Jacques-Alexandre Vignon et Lucas Duchaine (Les Constructeurs du Bois)<\/li>\n<li><strong>3D pr\u00e9fabrication ou industrialisation ?<\/strong> avec Laurent Pillaud (Virtuel Architecture) et Sylvain Fourel (Selvea)<\/li>\n<li><strong>Construire avec le bois et la terre crue<\/strong> avec Damien Gallet (Gallet Architectes), Vincent Dani\u00e8re (Ateliers des Vergers Architectes) et Samuel Delmas (A+ Architectes Urbanistes)<\/li>\n<li><strong>Le bois dans les jeux de Paris<\/strong> &#8211; Livre h\u00e9ritage avec Georges-Henri Florentin (France Bois 2024) et Bernard Lechevalier (\u00c9ditions des Halles)<\/li>\n<li><strong>5 ans apr\u00e8s, la charpente de Notre-Dame reb\u00e2tie<\/strong> avec S\u00e9bastien Faure (\u00c9tablissement public Reb\u00e2tir Notre-Dame de Paris)<\/li>\n<\/ul>\n<p class=\"p1\"><strong>Toutes les vid\u00e9os seront \u00e0 retrouver d\u00e8s le 4 avril su<\/strong>r <strong><a href=\"https:\/\/batijournal.com\/\" target=\"_blank\" rel=\"noopener\">bati-journal.com<\/a>, <a href=\"http:\/\/woodsurfer.com\"><span class=\"s2\">woodsurfer.com<\/span><\/a> et sur le site de <a href=\"http:\/\/franceboisforet.com\"><span class=\"s2\">franceboisforet.com<\/span><\/a><span class=\"Apple-converted-space\">\u00a0<\/span><\/strong><\/p>\n<p class=\"p1\"><strong>Suivez l\u2019actualit\u00e9 du plateau en direct sur notre compte <a href=\"https:\/\/www.linkedin.com\/showcase\/bati-journal\/\" target=\"_blank\" rel=\"noopener\">LinkedIn !<\/a><\/strong><\/p>\n","protected":false},"excerpt":{"rendered":"<p>\u00c0 l\u2019occasion du Forum Bois Construction qui se tiendra au Centre Prouv\u00e9 de Nancy les 4 &amp; 5 avril prochain, les \u00e9quipes de Bati-Journal seront pr\u00e9sentes avec une nouvelle \u00e9dition de son plateau TV. Cette animation est organis\u00e9e par Wood Surfer et le Forum Bois Construction, avec le soutien de l\u2019Interprofession nationale France Bois For\u00eat [&hellip;]<\/p>\n","protected":false},"author":1,"featured_media":110269,"comment_status":"closed","ping_status":"closed","sticky":false,"template":"","format":"standard","meta":{"_et_pb_use_builder":"","_et_pb_old_content":"","_et_gb_content_width":"","footnotes":""},"categories":[10736,10530,11953,10764],"tags":[9312,12501],"class_list":["post-110268","post","type-post","status-publish","format-standard","has-post-thumbnail","hentry","category-a-la-une","category-actualites","category-actualites-generalistes","category-woodsurfer","tag-forum-bois-construction","tag-plateau-tv"],"yoast_head":"<!-- This site is optimized with the Yoast SEO plugin v27.4 - https:\/\/yoast.com\/product\/yoast-seo-wordpress\/ -->\n<title>D\u00e9couvrez le plateau TV Bati-Journal au Forum Bois Construction 2024<\/title>\n<meta name=\"robots\" content=\"index, follow, max-snippet:-1, max-image-preview:large, max-video-preview:-1\" \/>\n<link rel=\"canonical\" href=\"https:\/\/batijournal.com\/index.php\/decouvrez-le-plateau-tv-bati-journal-au-forum-bois-construction-2024\/110268\/\" \/>\n<meta property=\"og:locale\" content=\"fr_FR\" \/>\n<meta property=\"og:type\" content=\"article\" \/>\n<meta property=\"og:title\" content=\"D\u00e9couvrez le plateau TV Bati-Journal au Forum Bois Construction 2024\" \/>\n<meta property=\"og:description\" content=\"\u00c0 l\u2019occasion du Forum Bois Construction qui se tiendra au Centre Prouv\u00e9 de Nancy les 4 &amp; 5 avril prochain, les \u00e9quipes de Bati-Journal seront pr\u00e9sentes avec une nouvelle \u00e9dition de son plateau TV. Cette animation est organis\u00e9e par Wood Surfer et le Forum Bois Construction, avec le soutien de l\u2019Interprofession nationale France Bois For\u00eat [&hellip;]\" \/>\n<meta property=\"og:url\" content=\"https:\/\/batijournal.com\/index.php\/decouvrez-le-plateau-tv-bati-journal-au-forum-bois-construction-2024\/110268\/\" \/>\n<meta property=\"og:site_name\" content=\"Batijournal\" \/>\n<meta property=\"article:published_time\" content=\"2024-03-25T14:27:18+00:00\" \/>\n<meta property=\"article:modified_time\" content=\"2024-04-06T09:30:35+00:00\" \/>\n<meta property=\"og:image\" content=\"https:\/\/batijournal.com\/wp-content\/uploads\/2024\/03\/FBC_plateauTV2.jpg\" \/>\n\t<meta property=\"og:image:width\" content=\"750\" \/>\n\t<meta property=\"og:image:height\" content=\"563\" \/>\n\t<meta property=\"og:image:type\" content=\"image\/jpeg\" \/>\n<meta name=\"author\" content=\"Bati-journal\" \/>\n<meta name=\"twitter:card\" content=\"summary_large_image\" \/>\n<meta name=\"twitter:creator\" content=\"@bati_journal\" \/>\n<meta name=\"twitter:site\" content=\"@bati_journal\" \/>\n<meta name=\"twitter:label1\" content=\"\u00c9crit par\" \/>\n\t<meta name=\"twitter:data1\" content=\"Bati-journal\" \/>\n\t<meta name=\"twitter:label2\" content=\"Dur\u00e9e de lecture estim\u00e9e\" \/>\n\t<meta name=\"twitter:data2\" content=\"3 minutes\" \/>\n<script type=\"application\/ld+json\" class=\"yoast-schema-graph\">{\"@context\":\"https:\\\/\\\/schema.org\",\"@graph\":[{\"@type\":\"Article\",\"@id\":\"https:\\\/\\\/batijournal.com\\\/index.php\\\/decouvrez-le-plateau-tv-bati-journal-au-forum-bois-construction-2024\\\/110268\\\/#article\",\"isPartOf\":{\"@id\":\"https:\\\/\\\/batijournal.com\\\/index.php\\\/decouvrez-le-plateau-tv-bati-journal-au-forum-bois-construction-2024\\\/110268\\\/\"},\"author\":{\"name\":\"Bati-journal\",\"@id\":\"https:\\\/\\\/batijournal.com\\\/#\\\/schema\\\/person\\\/6a657e8967569e1b299972574848aa76\"},\"headline\":\"D\u00e9couvrez le plateau TV Bati-Journal au Forum Bois Construction 2024\",\"datePublished\":\"2024-03-25T14:27:18+00:00\",\"dateModified\":\"2024-04-06T09:30:35+00:00\",\"mainEntityOfPage\":{\"@id\":\"https:\\\/\\\/batijournal.com\\\/index.php\\\/decouvrez-le-plateau-tv-bati-journal-au-forum-bois-construction-2024\\\/110268\\\/\"},\"wordCount\":535,\"image\":{\"@id\":\"https:\\\/\\\/batijournal.com\\\/index.php\\\/decouvrez-le-plateau-tv-bati-journal-au-forum-bois-construction-2024\\\/110268\\\/#primaryimage\"},\"thumbnailUrl\":\"https:\\\/\\\/batijournal.com\\\/wp-content\\\/uploads\\\/2024\\\/03\\\/FBC_plateauTV2.jpg\",\"keywords\":[\"forum bois construction\",\"plateau TV\"],\"articleSection\":[\"A la Une\",\"Actualit\u00e9s\",\"Actualit\u00e9s g\u00e9n\u00e9ralistes\",\"zz_Woodsurfer\"],\"inLanguage\":\"fr-FR\"},{\"@type\":\"WebPage\",\"@id\":\"https:\\\/\\\/batijournal.com\\\/index.php\\\/decouvrez-le-plateau-tv-bati-journal-au-forum-bois-construction-2024\\\/110268\\\/\",\"url\":\"https:\\\/\\\/batijournal.com\\\/index.php\\\/decouvrez-le-plateau-tv-bati-journal-au-forum-bois-construction-2024\\\/110268\\\/\",\"name\":\"D\u00e9couvrez le plateau TV Bati-Journal au Forum Bois Construction 2024\",\"isPartOf\":{\"@id\":\"https:\\\/\\\/batijournal.com\\\/#website\"},\"primaryImageOfPage\":{\"@id\":\"https:\\\/\\\/batijournal.com\\\/index.php\\\/decouvrez-le-plateau-tv-bati-journal-au-forum-bois-construction-2024\\\/110268\\\/#primaryimage\"},\"image\":{\"@id\":\"https:\\\/\\\/batijournal.com\\\/index.php\\\/decouvrez-le-plateau-tv-bati-journal-au-forum-bois-construction-2024\\\/110268\\\/#primaryimage\"},\"thumbnailUrl\":\"https:\\\/\\\/batijournal.com\\\/wp-content\\\/uploads\\\/2024\\\/03\\\/FBC_plateauTV2.jpg\",\"datePublished\":\"2024-03-25T14:27:18+00:00\",\"dateModified\":\"2024-04-06T09:30:35+00:00\",\"author\":{\"@id\":\"https:\\\/\\\/batijournal.com\\\/#\\\/schema\\\/person\\\/6a657e8967569e1b299972574848aa76\"},\"breadcrumb\":{\"@id\":\"https:\\\/\\\/batijournal.com\\\/index.php\\\/decouvrez-le-plateau-tv-bati-journal-au-forum-bois-construction-2024\\\/110268\\\/#breadcrumb\"},\"inLanguage\":\"fr-FR\",\"potentialAction\":[{\"@type\":\"ReadAction\",\"target\":[\"https:\\\/\\\/batijournal.com\\\/index.php\\\/decouvrez-le-plateau-tv-bati-journal-au-forum-bois-construction-2024\\\/110268\\\/\"]}]},{\"@type\":\"ImageObject\",\"inLanguage\":\"fr-FR\",\"@id\":\"https:\\\/\\\/batijournal.com\\\/index.php\\\/decouvrez-le-plateau-tv-bati-journal-au-forum-bois-construction-2024\\\/110268\\\/#primaryimage\",\"url\":\"https:\\\/\\\/batijournal.com\\\/wp-content\\\/uploads\\\/2024\\\/03\\\/FBC_plateauTV2.jpg\",\"contentUrl\":\"https:\\\/\\\/batijournal.com\\\/wp-content\\\/uploads\\\/2024\\\/03\\\/FBC_plateauTV2.jpg\",\"width\":750,\"height\":563},{\"@type\":\"BreadcrumbList\",\"@id\":\"https:\\\/\\\/batijournal.com\\\/index.php\\\/decouvrez-le-plateau-tv-bati-journal-au-forum-bois-construction-2024\\\/110268\\\/#breadcrumb\",\"itemListElement\":[{\"@type\":\"ListItem\",\"position\":1,\"name\":\"Accueil\",\"item\":\"https:\\\/\\\/batijournal.com\\\/\"},{\"@type\":\"ListItem\",\"position\":2,\"name\":\"Actualit\u00e9s\",\"item\":\"https:\\\/\\\/batijournal.com\\\/index.php\\\/category\\\/actualites\\\/\"},{\"@type\":\"ListItem\",\"position\":3,\"name\":\"D\u00e9couvrez le plateau TV Bati-Journal au Forum Bois Construction 2024\"}]},{\"@type\":\"WebSite\",\"@id\":\"https:\\\/\\\/batijournal.com\\\/#website\",\"url\":\"https:\\\/\\\/batijournal.com\\\/\",\"name\":\"Batijournal\",\"description\":\"L&#039;actualit\u00e9 du b\u00e2timent\",\"potentialAction\":[{\"@type\":\"SearchAction\",\"target\":{\"@type\":\"EntryPoint\",\"urlTemplate\":\"https:\\\/\\\/batijournal.com\\\/?s={search_term_string}\"},\"query-input\":{\"@type\":\"PropertyValueSpecification\",\"valueRequired\":true,\"valueName\":\"search_term_string\"}}],\"inLanguage\":\"fr-FR\"},{\"@type\":\"Person\",\"@id\":\"https:\\\/\\\/batijournal.com\\\/#\\\/schema\\\/person\\\/6a657e8967569e1b299972574848aa76\",\"name\":\"Bati-journal\",\"image\":{\"@type\":\"ImageObject\",\"inLanguage\":\"fr-FR\",\"@id\":\"https:\\\/\\\/secure.gravatar.com\\\/avatar\\\/a64364ea26392f9b4dd47e017ddaec74ff03aefc073b49e492e847201258f777?s=96&d=mm&r=g\",\"url\":\"https:\\\/\\\/secure.gravatar.com\\\/avatar\\\/a64364ea26392f9b4dd47e017ddaec74ff03aefc073b49e492e847201258f777?s=96&d=mm&r=g\",\"contentUrl\":\"https:\\\/\\\/secure.gravatar.com\\\/avatar\\\/a64364ea26392f9b4dd47e017ddaec74ff03aefc073b49e492e847201258f777?s=96&d=mm&r=g\",\"caption\":\"Bati-journal\"},\"url\":\"https:\\\/\\\/batijournal.com\\\/index.php\\\/author\\\/elodie\\\/\"}]}<\/script>\n<!-- \/ Yoast SEO plugin. -->","yoast_head_json":{"title":"D\u00e9couvrez le plateau TV Bati-Journal au Forum Bois Construction 2024","robots":{"index":"index","follow":"follow","max-snippet":"max-snippet:-1","max-image-preview":"max-image-preview:large","max-video-preview":"max-video-preview:-1"},"canonical":"https:\/\/batijournal.com\/index.php\/decouvrez-le-plateau-tv-bati-journal-au-forum-bois-construction-2024\/110268\/","og_locale":"fr_FR","og_type":"article","og_title":"D\u00e9couvrez le plateau TV Bati-Journal au Forum Bois Construction 2024","og_description":"\u00c0 l\u2019occasion du Forum Bois Construction qui se tiendra au Centre Prouv\u00e9 de Nancy les 4 &amp; 5 avril prochain, les \u00e9quipes de Bati-Journal seront pr\u00e9sentes avec une nouvelle \u00e9dition de son plateau TV. Cette animation est organis\u00e9e par Wood Surfer et le Forum Bois Construction, avec le soutien de l\u2019Interprofession nationale France Bois For\u00eat [&hellip;]","og_url":"https:\/\/batijournal.com\/index.php\/decouvrez-le-plateau-tv-bati-journal-au-forum-bois-construction-2024\/110268\/","og_site_name":"Batijournal","article_published_time":"2024-03-25T14:27:18+00:00","article_modified_time":"2024-04-06T09:30:35+00:00","og_image":[{"width":750,"height":563,"url":"https:\/\/batijournal.com\/wp-content\/uploads\/2024\/03\/FBC_plateauTV2.jpg","type":"image\/jpeg"}],"author":"Bati-journal","twitter_card":"summary_large_image","twitter_creator":"@bati_journal","twitter_site":"@bati_journal","twitter_misc":{"\u00c9crit par":"Bati-journal","Dur\u00e9e de lecture estim\u00e9e":"3 minutes"},"schema":{"@context":"https:\/\/schema.org","@graph":[{"@type":"Article","@id":"https:\/\/batijournal.com\/index.php\/decouvrez-le-plateau-tv-bati-journal-au-forum-bois-construction-2024\/110268\/#article","isPartOf":{"@id":"https:\/\/batijournal.com\/index.php\/decouvrez-le-plateau-tv-bati-journal-au-forum-bois-construction-2024\/110268\/"},"author":{"name":"Bati-journal","@id":"https:\/\/batijournal.com\/#\/schema\/person\/6a657e8967569e1b299972574848aa76"},"headline":"D\u00e9couvrez le plateau TV Bati-Journal au Forum Bois Construction 2024","datePublished":"2024-03-25T14:27:18+00:00","dateModified":"2024-04-06T09:30:35+00:00","mainEntityOfPage":{"@id":"https:\/\/batijournal.com\/index.php\/decouvrez-le-plateau-tv-bati-journal-au-forum-bois-construction-2024\/110268\/"},"wordCount":535,"image":{"@id":"https:\/\/batijournal.com\/index.php\/decouvrez-le-plateau-tv-bati-journal-au-forum-bois-construction-2024\/110268\/#primaryimage"},"thumbnailUrl":"https:\/\/batijournal.com\/wp-content\/uploads\/2024\/03\/FBC_plateauTV2.jpg","keywords":["forum bois construction","plateau TV"],"articleSection":["A la Une","Actualit\u00e9s","Actualit\u00e9s g\u00e9n\u00e9ralistes","zz_Woodsurfer"],"inLanguage":"fr-FR"},{"@type":"WebPage","@id":"https:\/\/batijournal.com\/index.php\/decouvrez-le-plateau-tv-bati-journal-au-forum-bois-construction-2024\/110268\/","url":"https:\/\/batijournal.com\/index.php\/decouvrez-le-plateau-tv-bati-journal-au-forum-bois-construction-2024\/110268\/","name":"D\u00e9couvrez le plateau TV Bati-Journal au Forum Bois Construction 2024","isPartOf":{"@id":"https:\/\/batijournal.com\/#website"},"primaryImageOfPage":{"@id":"https:\/\/batijournal.com\/index.php\/decouvrez-le-plateau-tv-bati-journal-au-forum-bois-construction-2024\/110268\/#primaryimage"},"image":{"@id":"https:\/\/batijournal.com\/index.php\/decouvrez-le-plateau-tv-bati-journal-au-forum-bois-construction-2024\/110268\/#primaryimage"},"thumbnailUrl":"https:\/\/batijournal.com\/wp-content\/uploads\/2024\/03\/FBC_plateauTV2.jpg","datePublished":"2024-03-25T14:27:18+00:00","dateModified":"2024-04-06T09:30:35+00:00","author":{"@id":"https:\/\/batijournal.com\/#\/schema\/person\/6a657e8967569e1b299972574848aa76"},"breadcrumb":{"@id":"https:\/\/batijournal.com\/index.php\/decouvrez-le-plateau-tv-bati-journal-au-forum-bois-construction-2024\/110268\/#breadcrumb"},"inLanguage":"fr-FR","potentialAction":[{"@type":"ReadAction","target":["https:\/\/batijournal.com\/index.php\/decouvrez-le-plateau-tv-bati-journal-au-forum-bois-construction-2024\/110268\/"]}]},{"@type":"ImageObject","inLanguage":"fr-FR","@id":"https:\/\/batijournal.com\/index.php\/decouvrez-le-plateau-tv-bati-journal-au-forum-bois-construction-2024\/110268\/#primaryimage","url":"https:\/\/batijournal.com\/wp-content\/uploads\/2024\/03\/FBC_plateauTV2.jpg","contentUrl":"https:\/\/batijournal.com\/wp-content\/uploads\/2024\/03\/FBC_plateauTV2.jpg","width":750,"height":563},{"@type":"BreadcrumbList","@id":"https:\/\/batijournal.com\/index.php\/decouvrez-le-plateau-tv-bati-journal-au-forum-bois-construction-2024\/110268\/#breadcrumb","itemListElement":[{"@type":"ListItem","position":1,"name":"Accueil","item":"https:\/\/batijournal.com\/"},{"@type":"ListItem","position":2,"name":"Actualit\u00e9s","item":"https:\/\/batijournal.com\/index.php\/category\/actualites\/"},{"@type":"ListItem","position":3,"name":"D\u00e9couvrez le plateau TV Bati-Journal au Forum Bois Construction 2024"}]},{"@type":"WebSite","@id":"https:\/\/batijournal.com\/#website","url":"https:\/\/batijournal.com\/","name":"Batijournal","description":"L&#039;actualit\u00e9 du b\u00e2timent","potentialAction":[{"@type":"SearchAction","target":{"@type":"EntryPoint","urlTemplate":"https:\/\/batijournal.com\/?s={search_term_string}"},"query-input":{"@type":"PropertyValueSpecification","valueRequired":true,"valueName":"search_term_string"}}],"inLanguage":"fr-FR"},{"@type":"Person","@id":"https:\/\/batijournal.com\/#\/schema\/person\/6a657e8967569e1b299972574848aa76","name":"Bati-journal","image":{"@type":"ImageObject","inLanguage":"fr-FR","@id":"https:\/\/secure.gravatar.com\/avatar\/a64364ea26392f9b4dd47e017ddaec74ff03aefc073b49e492e847201258f777?s=96&d=mm&r=g","url":"https:\/\/secure.gravatar.com\/avatar\/a64364ea26392f9b4dd47e017ddaec74ff03aefc073b49e492e847201258f777?s=96&d=mm&r=g","contentUrl":"https:\/\/secure.gravatar.com\/avatar\/a64364ea26392f9b4dd47e017ddaec74ff03aefc073b49e492e847201258f777?s=96&d=mm&r=g","caption":"Bati-journal"},"url":"https:\/\/batijournal.com\/index.php\/author\/elodie\/"}]}},"_links":{"self":[{"href":"https:\/\/batijournal.com\/index.php\/wp-json\/wp\/v2\/posts\/110268","targetHints":{"allow":["GET"]}}],"collection":[{"href":"https:\/\/batijournal.com\/index.php\/wp-json\/wp\/v2\/posts"}],"about":[{"href":"https:\/\/batijournal.com\/index.php\/wp-json\/wp\/v2\/types\/post"}],"author":[{"embeddable":true,"href":"https:\/\/batijournal.com\/index.php\/wp-json\/wp\/v2\/users\/1"}],"replies":[{"embeddable":true,"href":"https:\/\/batijournal.com\/index.php\/wp-json\/wp\/v2\/comments?post=110268"}],"version-history":[{"count":0,"href":"https:\/\/batijournal.com\/index.php\/wp-json\/wp\/v2\/posts\/110268\/revisions"}],"wp:featuredmedia":[{"embeddable":true,"href":"https:\/\/batijournal.com\/index.php\/wp-json\/wp\/v2\/media\/110269"}],"wp:attachment":[{"href":"https:\/\/batijournal.com\/index.php\/wp-json\/wp\/v2\/media?parent=110268"}],"wp:term":[{"taxonomy":"category","embeddable":true,"href":"https:\/\/batijournal.com\/index.php\/wp-json\/wp\/v2\/categories?post=110268"},{"taxonomy":"post_tag","embeddable":true,"href":"https:\/\/batijournal.com\/index.php\/wp-json\/wp\/v2\/tags?post=110268"}],"curies":[{"name":"wp","href":"https:\/\/api.w.org\/{rel}","templated":true}]}}