{"id":110351,"date":"2024-04-04T19:17:42","date_gmt":"2024-04-04T17:17:42","guid":{"rendered":"https:\/\/batijournal.com\/?p=110351"},"modified":"2024-04-04T19:17:42","modified_gmt":"2024-04-04T17:17:42","slug":"le-logement-social-acteur-de-la-decarbonation-forum-international-bois-construction-2024","status":"publish","type":"post","link":"https:\/\/batijournal.com\/index.php\/le-logement-social-acteur-de-la-decarbonation-forum-international-bois-construction-2024\/110351\/","title":{"rendered":"Le logement social, acteur de la d\u00e9carbonation &#8211; Forum International Bois Construction 2024"},"content":{"rendered":"<p><iframe loading=\"lazy\" title=\"Le logement social, acteur de la d\u00e9carbonation\" width=\"1080\" height=\"608\" src=\"https:\/\/www.youtube.com\/embed\/fmDJMUr2YLc?feature=oembed\"  allow=\"accelerometer; autoplay; clipboard-write; encrypted-media; gyroscope; picture-in-picture; web-share\" referrerpolicy=\"strict-origin-when-cross-origin\" allowfullscreen><\/iframe><\/p>\n<p>avec :<br \/>\nMarc B\u00e9nard &#8211; Equateur Architecture<br \/>\nPaul Emmanuel Huet &#8211; PEFC France<br \/>\nHerv\u00e9 Demeure &#8211; Continental Foncier<\/p>\n<p>\u00c0 l\u2019occasion du <a href=\"https:\/\/www.forum-boisconstruction.com\/\" target=\"_blank\" rel=\"noopener\">Forum Bois Construction<\/a> qui se tient au Centre Prouv\u00e9 de Nancy les 4 &amp; 5 avril 2024, les \u00e9quipes de <a href=\"https:\/\/batijournal.com\/\" target=\"_blank\" rel=\"noopener\">Bati-Journal <\/a>sont pr\u00e9sentes avec une nouvelle \u00e9dition de son plateau TV. Cette animation est organis\u00e9e par <a href=\"https:\/\/www.woodsurfer.com\/\" target=\"_blank\" rel=\"noopener\">Wood Surfer<\/a> et le <a href=\"https:\/\/www.forum-boisconstruction.com\/\" target=\"_blank\" rel=\"noopener\">Forum Bois Construction<\/a>, avec le soutien de l\u2019Interprofession nationale <a href=\"https:\/\/franceboisforet.fr\" target=\"_blank\" rel=\"noopener\">France Bois For\u00eat<\/a> et est anim\u00e9e par St\u00e9phane Miget, journaliste sp\u00e9cialiste b\u00e2timent construction.<\/p>\n","protected":false},"excerpt":{"rendered":"<p>avec : Marc B\u00e9nard &#8211; Equateur Architecture Paul Emmanuel Huet &#8211; PEFC France Herv\u00e9 Demeure &#8211; Continental Foncier \u00c0 l\u2019occasion du Forum Bois Construction qui se tient au Centre Prouv\u00e9 de Nancy les 4 &amp; 5 avril 2024, les \u00e9quipes de Bati-Journal sont pr\u00e9sentes avec une nouvelle \u00e9dition de son plateau TV. Cette animation est [&hellip;]<\/p>\n","protected":false},"author":17,"featured_media":110352,"comment_status":"closed","ping_status":"closed","sticky":false,"template":"","format":"standard","meta":{"_et_pb_use_builder":"","_et_pb_old_content":"","_et_gb_content_width":"","footnotes":""},"categories":[10530,11200,6362,10769,10764],"tags":[11505,13090,13242],"class_list":["post-110351","post","type-post","status-publish","format-standard","has-post-thumbnail","hentry","category-actualites","category-batijournal-tv","category-services-equipements","category-publications","category-woodsurfer","tag-batijournal-tv","tag-decarbonation","tag-forum-bois-construction-2024"],"yoast_head":"<!-- This site is optimized with the Yoast SEO plugin v27.4 - https:\/\/yoast.com\/product\/yoast-seo-wordpress\/ -->\n<title>Le logement social, acteur de la d\u00e9carbonation - Forum International Bois Construction 2024<\/title>\n<meta name=\"robots\" content=\"index, follow, max-snippet:-1, max-image-preview:large, max-video-preview:-1\" \/>\n<link rel=\"canonical\" href=\"https:\/\/batijournal.com\/index.php\/le-logement-social-acteur-de-la-decarbonation-forum-international-bois-construction-2024\/110351\/\" \/>\n<meta property=\"og:locale\" content=\"fr_FR\" \/>\n<meta property=\"og:type\" content=\"article\" \/>\n<meta property=\"og:title\" content=\"Le logement social, acteur de la d\u00e9carbonation - Forum International Bois Construction 2024\" \/>\n<meta property=\"og:description\" content=\"avec : Marc B\u00e9nard &#8211; Equateur Architecture Paul Emmanuel Huet &#8211; PEFC France Herv\u00e9 Demeure &#8211; Continental Foncier \u00c0 l\u2019occasion du Forum Bois Construction qui se tient au Centre Prouv\u00e9 de Nancy les 4 &amp; 5 avril 2024, les \u00e9quipes de Bati-Journal sont pr\u00e9sentes avec une nouvelle \u00e9dition de son plateau TV. Cette animation est [&hellip;]\" \/>\n<meta property=\"og:url\" content=\"https:\/\/batijournal.com\/index.php\/le-logement-social-acteur-de-la-decarbonation-forum-international-bois-construction-2024\/110351\/\" \/>\n<meta property=\"og:site_name\" content=\"Batijournal\" \/>\n<meta property=\"article:published_time\" content=\"2024-04-04T17:17:42+00:00\" \/>\n<meta property=\"og:image\" content=\"https:\/\/batijournal.com\/wp-content\/uploads\/2024\/04\/logementsocial-decarbonation.png\" \/>\n\t<meta property=\"og:image:width\" content=\"875\" \/>\n\t<meta property=\"og:image:height\" content=\"491\" \/>\n\t<meta property=\"og:image:type\" content=\"image\/png\" \/>\n<meta name=\"author\" content=\"St\u00e9phane Miget\" \/>\n<meta name=\"twitter:card\" content=\"summary_large_image\" \/>\n<meta name=\"twitter:creator\" content=\"@bati_journal\" \/>\n<meta name=\"twitter:site\" content=\"@bati_journal\" \/>\n<meta name=\"twitter:label1\" content=\"\u00c9crit par\" \/>\n\t<meta name=\"twitter:data1\" content=\"St\u00e9phane Miget\" \/>\n<script type=\"application\/ld+json\" class=\"yoast-schema-graph\">{\"@context\":\"https:\\\/\\\/schema.org\",\"@graph\":[{\"@type\":\"Article\",\"@id\":\"https:\\\/\\\/batijournal.com\\\/index.php\\\/le-logement-social-acteur-de-la-decarbonation-forum-international-bois-construction-2024\\\/110351\\\/#article\",\"isPartOf\":{\"@id\":\"https:\\\/\\\/batijournal.com\\\/index.php\\\/le-logement-social-acteur-de-la-decarbonation-forum-international-bois-construction-2024\\\/110351\\\/\"},\"author\":{\"name\":\"St\u00e9phane Miget\",\"@id\":\"https:\\\/\\\/batijournal.com\\\/#\\\/schema\\\/person\\\/1dc96ec6957aa1ccb25ebe78bb19f100\"},\"headline\":\"Le logement social, acteur de la d\u00e9carbonation &#8211; Forum International Bois Construction 2024\",\"datePublished\":\"2024-04-04T17:17:42+00:00\",\"mainEntityOfPage\":{\"@id\":\"https:\\\/\\\/batijournal.com\\\/index.php\\\/le-logement-social-acteur-de-la-decarbonation-forum-international-bois-construction-2024\\\/110351\\\/\"},\"wordCount\":109,\"image\":{\"@id\":\"https:\\\/\\\/batijournal.com\\\/index.php\\\/le-logement-social-acteur-de-la-decarbonation-forum-international-bois-construction-2024\\\/110351\\\/#primaryimage\"},\"thumbnailUrl\":\"https:\\\/\\\/batijournal.com\\\/wp-content\\\/uploads\\\/2024\\\/04\\\/logementsocial-decarbonation.png\",\"keywords\":[\"batijournal TV\",\"d\u00e9carbonation\",\"Forum Bois Construction 2024\"],\"articleSection\":[\"Actualit\u00e9s\",\"batijournal TV\",\"Divers\",\"zz_Actualit\u00e9s - Woodsurfer\",\"zz_Woodsurfer\"],\"inLanguage\":\"fr-FR\"},{\"@type\":\"WebPage\",\"@id\":\"https:\\\/\\\/batijournal.com\\\/index.php\\\/le-logement-social-acteur-de-la-decarbonation-forum-international-bois-construction-2024\\\/110351\\\/\",\"url\":\"https:\\\/\\\/batijournal.com\\\/index.php\\\/le-logement-social-acteur-de-la-decarbonation-forum-international-bois-construction-2024\\\/110351\\\/\",\"name\":\"Le logement social, acteur de la d\u00e9carbonation - Forum International Bois Construction 2024\",\"isPartOf\":{\"@id\":\"https:\\\/\\\/batijournal.com\\\/#website\"},\"primaryImageOfPage\":{\"@id\":\"https:\\\/\\\/batijournal.com\\\/index.php\\\/le-logement-social-acteur-de-la-decarbonation-forum-international-bois-construction-2024\\\/110351\\\/#primaryimage\"},\"image\":{\"@id\":\"https:\\\/\\\/batijournal.com\\\/index.php\\\/le-logement-social-acteur-de-la-decarbonation-forum-international-bois-construction-2024\\\/110351\\\/#primaryimage\"},\"thumbnailUrl\":\"https:\\\/\\\/batijournal.com\\\/wp-content\\\/uploads\\\/2024\\\/04\\\/logementsocial-decarbonation.png\",\"datePublished\":\"2024-04-04T17:17:42+00:00\",\"author\":{\"@id\":\"https:\\\/\\\/batijournal.com\\\/#\\\/schema\\\/person\\\/1dc96ec6957aa1ccb25ebe78bb19f100\"},\"breadcrumb\":{\"@id\":\"https:\\\/\\\/batijournal.com\\\/index.php\\\/le-logement-social-acteur-de-la-decarbonation-forum-international-bois-construction-2024\\\/110351\\\/#breadcrumb\"},\"inLanguage\":\"fr-FR\",\"potentialAction\":[{\"@type\":\"ReadAction\",\"target\":[\"https:\\\/\\\/batijournal.com\\\/index.php\\\/le-logement-social-acteur-de-la-decarbonation-forum-international-bois-construction-2024\\\/110351\\\/\"]}]},{\"@type\":\"ImageObject\",\"inLanguage\":\"fr-FR\",\"@id\":\"https:\\\/\\\/batijournal.com\\\/index.php\\\/le-logement-social-acteur-de-la-decarbonation-forum-international-bois-construction-2024\\\/110351\\\/#primaryimage\",\"url\":\"https:\\\/\\\/batijournal.com\\\/wp-content\\\/uploads\\\/2024\\\/04\\\/logementsocial-decarbonation.png\",\"contentUrl\":\"https:\\\/\\\/batijournal.com\\\/wp-content\\\/uploads\\\/2024\\\/04\\\/logementsocial-decarbonation.png\",\"width\":875,\"height\":491},{\"@type\":\"BreadcrumbList\",\"@id\":\"https:\\\/\\\/batijournal.com\\\/index.php\\\/le-logement-social-acteur-de-la-decarbonation-forum-international-bois-construction-2024\\\/110351\\\/#breadcrumb\",\"itemListElement\":[{\"@type\":\"ListItem\",\"position\":1,\"name\":\"Accueil\",\"item\":\"https:\\\/\\\/batijournal.com\\\/\"},{\"@type\":\"ListItem\",\"position\":2,\"name\":\"Actualit\u00e9s\",\"item\":\"https:\\\/\\\/batijournal.com\\\/index.php\\\/category\\\/actualites\\\/\"},{\"@type\":\"ListItem\",\"position\":3,\"name\":\"Le logement social, acteur de la d\u00e9carbonation &#8211; Forum International Bois Construction 2024\"}]},{\"@type\":\"WebSite\",\"@id\":\"https:\\\/\\\/batijournal.com\\\/#website\",\"url\":\"https:\\\/\\\/batijournal.com\\\/\",\"name\":\"Batijournal\",\"description\":\"L&#039;actualit\u00e9 du b\u00e2timent\",\"potentialAction\":[{\"@type\":\"SearchAction\",\"target\":{\"@type\":\"EntryPoint\",\"urlTemplate\":\"https:\\\/\\\/batijournal.com\\\/?s={search_term_string}\"},\"query-input\":{\"@type\":\"PropertyValueSpecification\",\"valueRequired\":true,\"valueName\":\"search_term_string\"}}],\"inLanguage\":\"fr-FR\"},{\"@type\":\"Person\",\"@id\":\"https:\\\/\\\/batijournal.com\\\/#\\\/schema\\\/person\\\/1dc96ec6957aa1ccb25ebe78bb19f100\",\"name\":\"St\u00e9phane Miget\",\"image\":{\"@type\":\"ImageObject\",\"inLanguage\":\"fr-FR\",\"@id\":\"https:\\\/\\\/secure.gravatar.com\\\/avatar\\\/89915563d925342126b8ef0281b93d9d7fc337043e8df017f780908eb9644451?s=96&d=mm&r=g\",\"url\":\"https:\\\/\\\/secure.gravatar.com\\\/avatar\\\/89915563d925342126b8ef0281b93d9d7fc337043e8df017f780908eb9644451?s=96&d=mm&r=g\",\"contentUrl\":\"https:\\\/\\\/secure.gravatar.com\\\/avatar\\\/89915563d925342126b8ef0281b93d9d7fc337043e8df017f780908eb9644451?s=96&d=mm&r=g\",\"caption\":\"St\u00e9phane Miget\"},\"url\":\"https:\\\/\\\/batijournal.com\\\/index.php\\\/author\\\/stephane\\\/\"}]}<\/script>\n<!-- \/ Yoast SEO plugin. -->","yoast_head_json":{"title":"Le logement social, acteur de la d\u00e9carbonation - Forum International Bois Construction 2024","robots":{"index":"index","follow":"follow","max-snippet":"max-snippet:-1","max-image-preview":"max-image-preview:large","max-video-preview":"max-video-preview:-1"},"canonical":"https:\/\/batijournal.com\/index.php\/le-logement-social-acteur-de-la-decarbonation-forum-international-bois-construction-2024\/110351\/","og_locale":"fr_FR","og_type":"article","og_title":"Le logement social, acteur de la d\u00e9carbonation - Forum International Bois Construction 2024","og_description":"avec : Marc B\u00e9nard &#8211; Equateur Architecture Paul Emmanuel Huet &#8211; PEFC France Herv\u00e9 Demeure &#8211; Continental Foncier \u00c0 l\u2019occasion du Forum Bois Construction qui se tient au Centre Prouv\u00e9 de Nancy les 4 &amp; 5 avril 2024, les \u00e9quipes de Bati-Journal sont pr\u00e9sentes avec une nouvelle \u00e9dition de son plateau TV. Cette animation est [&hellip;]","og_url":"https:\/\/batijournal.com\/index.php\/le-logement-social-acteur-de-la-decarbonation-forum-international-bois-construction-2024\/110351\/","og_site_name":"Batijournal","article_published_time":"2024-04-04T17:17:42+00:00","og_image":[{"width":875,"height":491,"url":"https:\/\/batijournal.com\/wp-content\/uploads\/2024\/04\/logementsocial-decarbonation.png","type":"image\/png"}],"author":"St\u00e9phane Miget","twitter_card":"summary_large_image","twitter_creator":"@bati_journal","twitter_site":"@bati_journal","twitter_misc":{"\u00c9crit par":"St\u00e9phane Miget"},"schema":{"@context":"https:\/\/schema.org","@graph":[{"@type":"Article","@id":"https:\/\/batijournal.com\/index.php\/le-logement-social-acteur-de-la-decarbonation-forum-international-bois-construction-2024\/110351\/#article","isPartOf":{"@id":"https:\/\/batijournal.com\/index.php\/le-logement-social-acteur-de-la-decarbonation-forum-international-bois-construction-2024\/110351\/"},"author":{"name":"St\u00e9phane Miget","@id":"https:\/\/batijournal.com\/#\/schema\/person\/1dc96ec6957aa1ccb25ebe78bb19f100"},"headline":"Le logement social, acteur de la d\u00e9carbonation &#8211; Forum International Bois Construction 2024","datePublished":"2024-04-04T17:17:42+00:00","mainEntityOfPage":{"@id":"https:\/\/batijournal.com\/index.php\/le-logement-social-acteur-de-la-decarbonation-forum-international-bois-construction-2024\/110351\/"},"wordCount":109,"image":{"@id":"https:\/\/batijournal.com\/index.php\/le-logement-social-acteur-de-la-decarbonation-forum-international-bois-construction-2024\/110351\/#primaryimage"},"thumbnailUrl":"https:\/\/batijournal.com\/wp-content\/uploads\/2024\/04\/logementsocial-decarbonation.png","keywords":["batijournal TV","d\u00e9carbonation","Forum Bois Construction 2024"],"articleSection":["Actualit\u00e9s","batijournal TV","Divers","zz_Actualit\u00e9s - Woodsurfer","zz_Woodsurfer"],"inLanguage":"fr-FR"},{"@type":"WebPage","@id":"https:\/\/batijournal.com\/index.php\/le-logement-social-acteur-de-la-decarbonation-forum-international-bois-construction-2024\/110351\/","url":"https:\/\/batijournal.com\/index.php\/le-logement-social-acteur-de-la-decarbonation-forum-international-bois-construction-2024\/110351\/","name":"Le logement social, acteur de la d\u00e9carbonation - Forum International Bois Construction 2024","isPartOf":{"@id":"https:\/\/batijournal.com\/#website"},"primaryImageOfPage":{"@id":"https:\/\/batijournal.com\/index.php\/le-logement-social-acteur-de-la-decarbonation-forum-international-bois-construction-2024\/110351\/#primaryimage"},"image":{"@id":"https:\/\/batijournal.com\/index.php\/le-logement-social-acteur-de-la-decarbonation-forum-international-bois-construction-2024\/110351\/#primaryimage"},"thumbnailUrl":"https:\/\/batijournal.com\/wp-content\/uploads\/2024\/04\/logementsocial-decarbonation.png","datePublished":"2024-04-04T17:17:42+00:00","author":{"@id":"https:\/\/batijournal.com\/#\/schema\/person\/1dc96ec6957aa1ccb25ebe78bb19f100"},"breadcrumb":{"@id":"https:\/\/batijournal.com\/index.php\/le-logement-social-acteur-de-la-decarbonation-forum-international-bois-construction-2024\/110351\/#breadcrumb"},"inLanguage":"fr-FR","potentialAction":[{"@type":"ReadAction","target":["https:\/\/batijournal.com\/index.php\/le-logement-social-acteur-de-la-decarbonation-forum-international-bois-construction-2024\/110351\/"]}]},{"@type":"ImageObject","inLanguage":"fr-FR","@id":"https:\/\/batijournal.com\/index.php\/le-logement-social-acteur-de-la-decarbonation-forum-international-bois-construction-2024\/110351\/#primaryimage","url":"https:\/\/batijournal.com\/wp-content\/uploads\/2024\/04\/logementsocial-decarbonation.png","contentUrl":"https:\/\/batijournal.com\/wp-content\/uploads\/2024\/04\/logementsocial-decarbonation.png","width":875,"height":491},{"@type":"BreadcrumbList","@id":"https:\/\/batijournal.com\/index.php\/le-logement-social-acteur-de-la-decarbonation-forum-international-bois-construction-2024\/110351\/#breadcrumb","itemListElement":[{"@type":"ListItem","position":1,"name":"Accueil","item":"https:\/\/batijournal.com\/"},{"@type":"ListItem","position":2,"name":"Actualit\u00e9s","item":"https:\/\/batijournal.com\/index.php\/category\/actualites\/"},{"@type":"ListItem","position":3,"name":"Le logement social, acteur de la d\u00e9carbonation &#8211; Forum International Bois Construction 2024"}]},{"@type":"WebSite","@id":"https:\/\/batijournal.com\/#website","url":"https:\/\/batijournal.com\/","name":"Batijournal","description":"L&#039;actualit\u00e9 du b\u00e2timent","potentialAction":[{"@type":"SearchAction","target":{"@type":"EntryPoint","urlTemplate":"https:\/\/batijournal.com\/?s={search_term_string}"},"query-input":{"@type":"PropertyValueSpecification","valueRequired":true,"valueName":"search_term_string"}}],"inLanguage":"fr-FR"},{"@type":"Person","@id":"https:\/\/batijournal.com\/#\/schema\/person\/1dc96ec6957aa1ccb25ebe78bb19f100","name":"St\u00e9phane Miget","image":{"@type":"ImageObject","inLanguage":"fr-FR","@id":"https:\/\/secure.gravatar.com\/avatar\/89915563d925342126b8ef0281b93d9d7fc337043e8df017f780908eb9644451?s=96&d=mm&r=g","url":"https:\/\/secure.gravatar.com\/avatar\/89915563d925342126b8ef0281b93d9d7fc337043e8df017f780908eb9644451?s=96&d=mm&r=g","contentUrl":"https:\/\/secure.gravatar.com\/avatar\/89915563d925342126b8ef0281b93d9d7fc337043e8df017f780908eb9644451?s=96&d=mm&r=g","caption":"St\u00e9phane Miget"},"url":"https:\/\/batijournal.com\/index.php\/author\/stephane\/"}]}},"_links":{"self":[{"href":"https:\/\/batijournal.com\/index.php\/wp-json\/wp\/v2\/posts\/110351","targetHints":{"allow":["GET"]}}],"collection":[{"href":"https:\/\/batijournal.com\/index.php\/wp-json\/wp\/v2\/posts"}],"about":[{"href":"https:\/\/batijournal.com\/index.php\/wp-json\/wp\/v2\/types\/post"}],"author":[{"embeddable":true,"href":"https:\/\/batijournal.com\/index.php\/wp-json\/wp\/v2\/users\/17"}],"replies":[{"embeddable":true,"href":"https:\/\/batijournal.com\/index.php\/wp-json\/wp\/v2\/comments?post=110351"}],"version-history":[{"count":0,"href":"https:\/\/batijournal.com\/index.php\/wp-json\/wp\/v2\/posts\/110351\/revisions"}],"wp:featuredmedia":[{"embeddable":true,"href":"https:\/\/batijournal.com\/index.php\/wp-json\/wp\/v2\/media\/110352"}],"wp:attachment":[{"href":"https:\/\/batijournal.com\/index.php\/wp-json\/wp\/v2\/media?parent=110351"}],"wp:term":[{"taxonomy":"category","embeddable":true,"href":"https:\/\/batijournal.com\/index.php\/wp-json\/wp\/v2\/categories?post=110351"},{"taxonomy":"post_tag","embeddable":true,"href":"https:\/\/batijournal.com\/index.php\/wp-json\/wp\/v2\/tags?post=110351"}],"curies":[{"name":"wp","href":"https:\/\/api.w.org\/{rel}","templated":true}]}}