{"id":110441,"date":"2024-04-13T07:42:44","date_gmt":"2024-04-13T05:42:44","guid":{"rendered":"https:\/\/batijournal.com\/?p=110441"},"modified":"2024-04-13T07:42:44","modified_gmt":"2024-04-13T05:42:44","slug":"vincent-bouthors-nouveau-directeur-general-de-biesse-france","status":"publish","type":"post","link":"https:\/\/batijournal.com\/index.php\/vincent-bouthors-nouveau-directeur-general-de-biesse-france\/110441\/","title":{"rendered":"Vincent Bouthors, nouveau Directeur G\u00e9n\u00e9ral de Biesse France"},"content":{"rendered":"<p>Biesse France annonce l&rsquo;arriv\u00e9e de Vincent Bouthors en tant que nouveau Directeur G\u00e9n\u00e9ral. Il apporte avec lui de riches exp\u00e9riences en Management et D\u00e9veloppement Commercial de filiales fran\u00e7aises de groupes internationaux tels que Kaeser Compresseurs, Jungheinrich AG, Trane, ou Otis Elevator, ainsi que son expertise dans les Services pour l&rsquo;Industrie. \u00a0Sa vision strat\u00e9gique et son engagement envers l&rsquo;excellence op\u00e9rationnelle seront de pr\u00e9cieux atouts pour la poursuite des ambitions du Groupe Biesse en France.<\/p>\n","protected":false},"excerpt":{"rendered":"<p>Biesse France annonce l&rsquo;arriv\u00e9e de Vincent Bouthors en tant que nouveau Directeur G\u00e9n\u00e9ral. Il apporte avec lui de riches exp\u00e9riences en Management et D\u00e9veloppement Commercial de filiales fran\u00e7aises de groupes internationaux tels que Kaeser Compresseurs, Jungheinrich AG, Trane, ou Otis Elevator, ainsi que son expertise dans les Services pour l&rsquo;Industrie. \u00a0Sa vision strat\u00e9gique et son [&hellip;]<\/p>\n","protected":false},"author":17,"featured_media":110442,"comment_status":"closed","ping_status":"closed","sticky":false,"template":"","format":"standard","meta":{"_et_pb_use_builder":"","_et_pb_old_content":"","_et_gb_content_width":"","footnotes":""},"categories":[10530,6345,10769,10764],"tags":[791],"class_list":["post-110441","post","type-post","status-publish","format-standard","has-post-thumbnail","hentry","category-actualites","category-economie-marches","category-publications","category-woodsurfer","tag-machine-a-bois"],"yoast_head":"<!-- This site is optimized with the Yoast SEO plugin v27.4 - https:\/\/yoast.com\/product\/yoast-seo-wordpress\/ -->\n<title>Vincent Bouthors, nouveau Directeur G\u00e9n\u00e9ral de Biesse France<\/title>\n<meta name=\"robots\" content=\"index, follow, max-snippet:-1, max-image-preview:large, max-video-preview:-1\" \/>\n<link rel=\"canonical\" href=\"https:\/\/batijournal.com\/index.php\/vincent-bouthors-nouveau-directeur-general-de-biesse-france\/110441\/\" \/>\n<meta property=\"og:locale\" content=\"fr_FR\" \/>\n<meta property=\"og:type\" content=\"article\" \/>\n<meta property=\"og:title\" content=\"Vincent Bouthors, nouveau Directeur G\u00e9n\u00e9ral de Biesse France\" \/>\n<meta property=\"og:description\" content=\"Biesse France annonce l&rsquo;arriv\u00e9e de Vincent Bouthors en tant que nouveau Directeur G\u00e9n\u00e9ral. Il apporte avec lui de riches exp\u00e9riences en Management et D\u00e9veloppement Commercial de filiales fran\u00e7aises de groupes internationaux tels que Kaeser Compresseurs, Jungheinrich AG, Trane, ou Otis Elevator, ainsi que son expertise dans les Services pour l&rsquo;Industrie. \u00a0Sa vision strat\u00e9gique et son [&hellip;]\" \/>\n<meta property=\"og:url\" content=\"https:\/\/batijournal.com\/index.php\/vincent-bouthors-nouveau-directeur-general-de-biesse-france\/110441\/\" \/>\n<meta property=\"og:site_name\" content=\"Batijournal\" \/>\n<meta property=\"article:published_time\" content=\"2024-04-13T05:42:44+00:00\" \/>\n<meta property=\"og:image\" content=\"https:\/\/batijournal.com\/wp-content\/uploads\/2024\/04\/Vincent-Bouthors-Biesse.jpg\" \/>\n\t<meta property=\"og:image:width\" content=\"1800\" \/>\n\t<meta property=\"og:image:height\" content=\"1140\" \/>\n\t<meta property=\"og:image:type\" content=\"image\/jpeg\" \/>\n<meta name=\"author\" content=\"St\u00e9phane Miget\" \/>\n<meta name=\"twitter:card\" content=\"summary_large_image\" \/>\n<meta name=\"twitter:creator\" content=\"@bati_journal\" \/>\n<meta name=\"twitter:site\" content=\"@bati_journal\" \/>\n<meta name=\"twitter:label1\" content=\"\u00c9crit par\" \/>\n\t<meta name=\"twitter:data1\" content=\"St\u00e9phane Miget\" \/>\n<script type=\"application\/ld+json\" class=\"yoast-schema-graph\">{\"@context\":\"https:\\\/\\\/schema.org\",\"@graph\":[{\"@type\":\"Article\",\"@id\":\"https:\\\/\\\/batijournal.com\\\/index.php\\\/vincent-bouthors-nouveau-directeur-general-de-biesse-france\\\/110441\\\/#article\",\"isPartOf\":{\"@id\":\"https:\\\/\\\/batijournal.com\\\/index.php\\\/vincent-bouthors-nouveau-directeur-general-de-biesse-france\\\/110441\\\/\"},\"author\":{\"name\":\"St\u00e9phane Miget\",\"@id\":\"https:\\\/\\\/batijournal.com\\\/#\\\/schema\\\/person\\\/1dc96ec6957aa1ccb25ebe78bb19f100\"},\"headline\":\"Vincent Bouthors, nouveau Directeur G\u00e9n\u00e9ral de Biesse France\",\"datePublished\":\"2024-04-13T05:42:44+00:00\",\"mainEntityOfPage\":{\"@id\":\"https:\\\/\\\/batijournal.com\\\/index.php\\\/vincent-bouthors-nouveau-directeur-general-de-biesse-france\\\/110441\\\/\"},\"wordCount\":95,\"image\":{\"@id\":\"https:\\\/\\\/batijournal.com\\\/index.php\\\/vincent-bouthors-nouveau-directeur-general-de-biesse-france\\\/110441\\\/#primaryimage\"},\"thumbnailUrl\":\"https:\\\/\\\/batijournal.com\\\/wp-content\\\/uploads\\\/2024\\\/04\\\/Vincent-Bouthors-Biesse.jpg\",\"keywords\":[\"machine \u00e0 bois\"],\"articleSection\":[\"Actualit\u00e9s\",\"\u00c9conomie &amp; March\u00e9s\",\"zz_Actualit\u00e9s - Woodsurfer\",\"zz_Woodsurfer\"],\"inLanguage\":\"fr-FR\"},{\"@type\":\"WebPage\",\"@id\":\"https:\\\/\\\/batijournal.com\\\/index.php\\\/vincent-bouthors-nouveau-directeur-general-de-biesse-france\\\/110441\\\/\",\"url\":\"https:\\\/\\\/batijournal.com\\\/index.php\\\/vincent-bouthors-nouveau-directeur-general-de-biesse-france\\\/110441\\\/\",\"name\":\"Vincent Bouthors, nouveau Directeur G\u00e9n\u00e9ral de Biesse France\",\"isPartOf\":{\"@id\":\"https:\\\/\\\/batijournal.com\\\/#website\"},\"primaryImageOfPage\":{\"@id\":\"https:\\\/\\\/batijournal.com\\\/index.php\\\/vincent-bouthors-nouveau-directeur-general-de-biesse-france\\\/110441\\\/#primaryimage\"},\"image\":{\"@id\":\"https:\\\/\\\/batijournal.com\\\/index.php\\\/vincent-bouthors-nouveau-directeur-general-de-biesse-france\\\/110441\\\/#primaryimage\"},\"thumbnailUrl\":\"https:\\\/\\\/batijournal.com\\\/wp-content\\\/uploads\\\/2024\\\/04\\\/Vincent-Bouthors-Biesse.jpg\",\"datePublished\":\"2024-04-13T05:42:44+00:00\",\"author\":{\"@id\":\"https:\\\/\\\/batijournal.com\\\/#\\\/schema\\\/person\\\/1dc96ec6957aa1ccb25ebe78bb19f100\"},\"breadcrumb\":{\"@id\":\"https:\\\/\\\/batijournal.com\\\/index.php\\\/vincent-bouthors-nouveau-directeur-general-de-biesse-france\\\/110441\\\/#breadcrumb\"},\"inLanguage\":\"fr-FR\",\"potentialAction\":[{\"@type\":\"ReadAction\",\"target\":[\"https:\\\/\\\/batijournal.com\\\/index.php\\\/vincent-bouthors-nouveau-directeur-general-de-biesse-france\\\/110441\\\/\"]}]},{\"@type\":\"ImageObject\",\"inLanguage\":\"fr-FR\",\"@id\":\"https:\\\/\\\/batijournal.com\\\/index.php\\\/vincent-bouthors-nouveau-directeur-general-de-biesse-france\\\/110441\\\/#primaryimage\",\"url\":\"https:\\\/\\\/batijournal.com\\\/wp-content\\\/uploads\\\/2024\\\/04\\\/Vincent-Bouthors-Biesse.jpg\",\"contentUrl\":\"https:\\\/\\\/batijournal.com\\\/wp-content\\\/uploads\\\/2024\\\/04\\\/Vincent-Bouthors-Biesse.jpg\",\"width\":1800,\"height\":1140},{\"@type\":\"BreadcrumbList\",\"@id\":\"https:\\\/\\\/batijournal.com\\\/index.php\\\/vincent-bouthors-nouveau-directeur-general-de-biesse-france\\\/110441\\\/#breadcrumb\",\"itemListElement\":[{\"@type\":\"ListItem\",\"position\":1,\"name\":\"Accueil\",\"item\":\"https:\\\/\\\/batijournal.com\\\/\"},{\"@type\":\"ListItem\",\"position\":2,\"name\":\"Actualit\u00e9s\",\"item\":\"https:\\\/\\\/batijournal.com\\\/index.php\\\/category\\\/actualites\\\/\"},{\"@type\":\"ListItem\",\"position\":3,\"name\":\"Vincent Bouthors, nouveau Directeur G\u00e9n\u00e9ral de Biesse France\"}]},{\"@type\":\"WebSite\",\"@id\":\"https:\\\/\\\/batijournal.com\\\/#website\",\"url\":\"https:\\\/\\\/batijournal.com\\\/\",\"name\":\"Batijournal\",\"description\":\"L&#039;actualit\u00e9 du b\u00e2timent\",\"potentialAction\":[{\"@type\":\"SearchAction\",\"target\":{\"@type\":\"EntryPoint\",\"urlTemplate\":\"https:\\\/\\\/batijournal.com\\\/?s={search_term_string}\"},\"query-input\":{\"@type\":\"PropertyValueSpecification\",\"valueRequired\":true,\"valueName\":\"search_term_string\"}}],\"inLanguage\":\"fr-FR\"},{\"@type\":\"Person\",\"@id\":\"https:\\\/\\\/batijournal.com\\\/#\\\/schema\\\/person\\\/1dc96ec6957aa1ccb25ebe78bb19f100\",\"name\":\"St\u00e9phane Miget\",\"image\":{\"@type\":\"ImageObject\",\"inLanguage\":\"fr-FR\",\"@id\":\"https:\\\/\\\/secure.gravatar.com\\\/avatar\\\/89915563d925342126b8ef0281b93d9d7fc337043e8df017f780908eb9644451?s=96&d=mm&r=g\",\"url\":\"https:\\\/\\\/secure.gravatar.com\\\/avatar\\\/89915563d925342126b8ef0281b93d9d7fc337043e8df017f780908eb9644451?s=96&d=mm&r=g\",\"contentUrl\":\"https:\\\/\\\/secure.gravatar.com\\\/avatar\\\/89915563d925342126b8ef0281b93d9d7fc337043e8df017f780908eb9644451?s=96&d=mm&r=g\",\"caption\":\"St\u00e9phane Miget\"},\"url\":\"https:\\\/\\\/batijournal.com\\\/index.php\\\/author\\\/stephane\\\/\"}]}<\/script>\n<!-- \/ Yoast SEO plugin. -->","yoast_head_json":{"title":"Vincent Bouthors, nouveau Directeur G\u00e9n\u00e9ral de Biesse France","robots":{"index":"index","follow":"follow","max-snippet":"max-snippet:-1","max-image-preview":"max-image-preview:large","max-video-preview":"max-video-preview:-1"},"canonical":"https:\/\/batijournal.com\/index.php\/vincent-bouthors-nouveau-directeur-general-de-biesse-france\/110441\/","og_locale":"fr_FR","og_type":"article","og_title":"Vincent Bouthors, nouveau Directeur G\u00e9n\u00e9ral de Biesse France","og_description":"Biesse France annonce l&rsquo;arriv\u00e9e de Vincent Bouthors en tant que nouveau Directeur G\u00e9n\u00e9ral. Il apporte avec lui de riches exp\u00e9riences en Management et D\u00e9veloppement Commercial de filiales fran\u00e7aises de groupes internationaux tels que Kaeser Compresseurs, Jungheinrich AG, Trane, ou Otis Elevator, ainsi que son expertise dans les Services pour l&rsquo;Industrie. \u00a0Sa vision strat\u00e9gique et son [&hellip;]","og_url":"https:\/\/batijournal.com\/index.php\/vincent-bouthors-nouveau-directeur-general-de-biesse-france\/110441\/","og_site_name":"Batijournal","article_published_time":"2024-04-13T05:42:44+00:00","og_image":[{"width":1800,"height":1140,"url":"https:\/\/batijournal.com\/wp-content\/uploads\/2024\/04\/Vincent-Bouthors-Biesse.jpg","type":"image\/jpeg"}],"author":"St\u00e9phane Miget","twitter_card":"summary_large_image","twitter_creator":"@bati_journal","twitter_site":"@bati_journal","twitter_misc":{"\u00c9crit par":"St\u00e9phane Miget"},"schema":{"@context":"https:\/\/schema.org","@graph":[{"@type":"Article","@id":"https:\/\/batijournal.com\/index.php\/vincent-bouthors-nouveau-directeur-general-de-biesse-france\/110441\/#article","isPartOf":{"@id":"https:\/\/batijournal.com\/index.php\/vincent-bouthors-nouveau-directeur-general-de-biesse-france\/110441\/"},"author":{"name":"St\u00e9phane Miget","@id":"https:\/\/batijournal.com\/#\/schema\/person\/1dc96ec6957aa1ccb25ebe78bb19f100"},"headline":"Vincent Bouthors, nouveau Directeur G\u00e9n\u00e9ral de Biesse France","datePublished":"2024-04-13T05:42:44+00:00","mainEntityOfPage":{"@id":"https:\/\/batijournal.com\/index.php\/vincent-bouthors-nouveau-directeur-general-de-biesse-france\/110441\/"},"wordCount":95,"image":{"@id":"https:\/\/batijournal.com\/index.php\/vincent-bouthors-nouveau-directeur-general-de-biesse-france\/110441\/#primaryimage"},"thumbnailUrl":"https:\/\/batijournal.com\/wp-content\/uploads\/2024\/04\/Vincent-Bouthors-Biesse.jpg","keywords":["machine \u00e0 bois"],"articleSection":["Actualit\u00e9s","\u00c9conomie &amp; March\u00e9s","zz_Actualit\u00e9s - Woodsurfer","zz_Woodsurfer"],"inLanguage":"fr-FR"},{"@type":"WebPage","@id":"https:\/\/batijournal.com\/index.php\/vincent-bouthors-nouveau-directeur-general-de-biesse-france\/110441\/","url":"https:\/\/batijournal.com\/index.php\/vincent-bouthors-nouveau-directeur-general-de-biesse-france\/110441\/","name":"Vincent Bouthors, nouveau Directeur G\u00e9n\u00e9ral de Biesse France","isPartOf":{"@id":"https:\/\/batijournal.com\/#website"},"primaryImageOfPage":{"@id":"https:\/\/batijournal.com\/index.php\/vincent-bouthors-nouveau-directeur-general-de-biesse-france\/110441\/#primaryimage"},"image":{"@id":"https:\/\/batijournal.com\/index.php\/vincent-bouthors-nouveau-directeur-general-de-biesse-france\/110441\/#primaryimage"},"thumbnailUrl":"https:\/\/batijournal.com\/wp-content\/uploads\/2024\/04\/Vincent-Bouthors-Biesse.jpg","datePublished":"2024-04-13T05:42:44+00:00","author":{"@id":"https:\/\/batijournal.com\/#\/schema\/person\/1dc96ec6957aa1ccb25ebe78bb19f100"},"breadcrumb":{"@id":"https:\/\/batijournal.com\/index.php\/vincent-bouthors-nouveau-directeur-general-de-biesse-france\/110441\/#breadcrumb"},"inLanguage":"fr-FR","potentialAction":[{"@type":"ReadAction","target":["https:\/\/batijournal.com\/index.php\/vincent-bouthors-nouveau-directeur-general-de-biesse-france\/110441\/"]}]},{"@type":"ImageObject","inLanguage":"fr-FR","@id":"https:\/\/batijournal.com\/index.php\/vincent-bouthors-nouveau-directeur-general-de-biesse-france\/110441\/#primaryimage","url":"https:\/\/batijournal.com\/wp-content\/uploads\/2024\/04\/Vincent-Bouthors-Biesse.jpg","contentUrl":"https:\/\/batijournal.com\/wp-content\/uploads\/2024\/04\/Vincent-Bouthors-Biesse.jpg","width":1800,"height":1140},{"@type":"BreadcrumbList","@id":"https:\/\/batijournal.com\/index.php\/vincent-bouthors-nouveau-directeur-general-de-biesse-france\/110441\/#breadcrumb","itemListElement":[{"@type":"ListItem","position":1,"name":"Accueil","item":"https:\/\/batijournal.com\/"},{"@type":"ListItem","position":2,"name":"Actualit\u00e9s","item":"https:\/\/batijournal.com\/index.php\/category\/actualites\/"},{"@type":"ListItem","position":3,"name":"Vincent Bouthors, nouveau Directeur G\u00e9n\u00e9ral de Biesse France"}]},{"@type":"WebSite","@id":"https:\/\/batijournal.com\/#website","url":"https:\/\/batijournal.com\/","name":"Batijournal","description":"L&#039;actualit\u00e9 du b\u00e2timent","potentialAction":[{"@type":"SearchAction","target":{"@type":"EntryPoint","urlTemplate":"https:\/\/batijournal.com\/?s={search_term_string}"},"query-input":{"@type":"PropertyValueSpecification","valueRequired":true,"valueName":"search_term_string"}}],"inLanguage":"fr-FR"},{"@type":"Person","@id":"https:\/\/batijournal.com\/#\/schema\/person\/1dc96ec6957aa1ccb25ebe78bb19f100","name":"St\u00e9phane Miget","image":{"@type":"ImageObject","inLanguage":"fr-FR","@id":"https:\/\/secure.gravatar.com\/avatar\/89915563d925342126b8ef0281b93d9d7fc337043e8df017f780908eb9644451?s=96&d=mm&r=g","url":"https:\/\/secure.gravatar.com\/avatar\/89915563d925342126b8ef0281b93d9d7fc337043e8df017f780908eb9644451?s=96&d=mm&r=g","contentUrl":"https:\/\/secure.gravatar.com\/avatar\/89915563d925342126b8ef0281b93d9d7fc337043e8df017f780908eb9644451?s=96&d=mm&r=g","caption":"St\u00e9phane Miget"},"url":"https:\/\/batijournal.com\/index.php\/author\/stephane\/"}]}},"_links":{"self":[{"href":"https:\/\/batijournal.com\/index.php\/wp-json\/wp\/v2\/posts\/110441","targetHints":{"allow":["GET"]}}],"collection":[{"href":"https:\/\/batijournal.com\/index.php\/wp-json\/wp\/v2\/posts"}],"about":[{"href":"https:\/\/batijournal.com\/index.php\/wp-json\/wp\/v2\/types\/post"}],"author":[{"embeddable":true,"href":"https:\/\/batijournal.com\/index.php\/wp-json\/wp\/v2\/users\/17"}],"replies":[{"embeddable":true,"href":"https:\/\/batijournal.com\/index.php\/wp-json\/wp\/v2\/comments?post=110441"}],"version-history":[{"count":0,"href":"https:\/\/batijournal.com\/index.php\/wp-json\/wp\/v2\/posts\/110441\/revisions"}],"wp:featuredmedia":[{"embeddable":true,"href":"https:\/\/batijournal.com\/index.php\/wp-json\/wp\/v2\/media\/110442"}],"wp:attachment":[{"href":"https:\/\/batijournal.com\/index.php\/wp-json\/wp\/v2\/media?parent=110441"}],"wp:term":[{"taxonomy":"category","embeddable":true,"href":"https:\/\/batijournal.com\/index.php\/wp-json\/wp\/v2\/categories?post=110441"},{"taxonomy":"post_tag","embeddable":true,"href":"https:\/\/batijournal.com\/index.php\/wp-json\/wp\/v2\/tags?post=110441"}],"curies":[{"name":"wp","href":"https:\/\/api.w.org\/{rel}","templated":true}]}}