{"id":110502,"date":"2024-04-30T06:55:42","date_gmt":"2024-04-30T04:55:42","guid":{"rendered":"https:\/\/batijournal.com\/?p=110502"},"modified":"2024-04-30T06:55:42","modified_gmt":"2024-04-30T04:55:42","slug":"sur-fond-de-crise-du-logement-nexity-va-supprimer-pres-de-500-postes","status":"publish","type":"post","link":"https:\/\/batijournal.com\/index.php\/sur-fond-de-crise-du-logement-nexity-va-supprimer-pres-de-500-postes\/110502\/","title":{"rendered":"Sur fond de crise du logement, Nexity va supprimer pr\u00e8s de 500 postes"},"content":{"rendered":"<p>Nexity va supprimer pr\u00e8s de 500 postes pour faire face \u00e0 la profonde crise de la construction, a annonc\u00e9 le premier promoteur immobilier fran\u00e7ais, jeudi 25 avril. L\u2019offre commerciale du groupe, fin mars 2024, accuse une baisse de 10 % par rapport \u00e0 fin 2023 et son chiffre d\u2019affaires en baisse de 15% \u00e0 489 M\u20ac. Apr\u00e8s avoir fait preuve sur 2023 d\u2019agilit\u00e9 dans le recentrage de ses activit\u00e9s, Nexity acc\u00e9l\u00e8re la mise en \u0153uvre de d\u00e9cisions visant \u00e0 adapter son offre, tout en activant tous les leviers de d\u00e9sendettement, et se donner les moyens de sa transformation vers un mod\u00e8le d\u2019op\u00e9rateur urbain. Nexity a finalis\u00e9 le 2 avril 2024, la cession de 100% de ses activit\u00e9s de services aux particuliers \u00e0 Bridgepoint, acteur europ\u00e9en majeur de la gestion d\u2019actifs alternatifs. Cette op\u00e9ration s\u2019accompagne d\u2019un partenariat strat\u00e9gique d\u2019une dur\u00e9e de 6 ans, renouvelable 4 ans, visant \u00e0 p\u00e9renniser et amplifier les synergies existantes avec les activit\u00e9s de promotion de Nexity. Sur la base d\u2019une valeur d\u2019entreprise de 440 M\u20ac, le produit de cession de 400 M\u20ac re\u00e7u par Nexity va \u00eatre utilis\u00e9 pour poursuivre la trajectoire de d\u00e9sendettement du Groupe (la dette nette \u00e9tait de 776 M\u20ac \u00e0 fin 2023). La liquidit\u00e9, solide \u00e0 fin 2023 (882 M\u20ac de tr\u00e9sorerie et 630 M\u20ac de lignes de cr\u00e9dit non tir\u00e9es), se trouve renforc\u00e9e par cette cession. La plus-value d\u00e9gag\u00e9e par cette cession donne au groupe les moyens de mettre en \u0153uvre sa transformation en profondeur. Dans le cadre d&rsquo;une r\u00e9organisation, ancr\u00e9e sur les territoires et au service de la performance op\u00e9rationnelle, la documentation sociale a \u00e9t\u00e9 remise le 24 avril aux repr\u00e9sentants du personnel en vue de commencer l\u2019information-consultation dans le cadre d\u2019un Plan de Sauvegarde de l\u2019Emploi qui concerne pr\u00e8s de 500 postes. Les co\u00fbts exceptionnels de r\u00e9organisation attendus sur 2024 sont estim\u00e9s \u00e0 environ 50 M\u20ac. Les \u00e9conomies sur la base de co\u00fbts sont attendues d\u00e8s 2025 (\u00e0 hauteur de 36 M\u20ac) et repr\u00e9sentent une \u00e9conomie totale en ann\u00e9e pleine de 45 M\u20ac.\u00a0En int\u00e9grant ce plan et comparativement \u00e0 2022, les effectifs du p\u00e9rim\u00e8tre concern\u00e9 auront \u00e9t\u00e9 r\u00e9duits au total de 28%. L\u2019ensemble des \u00e9conomies, int\u00e9grant les mesures activ\u00e9es sur la masse salariale ainsi que sur les leviers frais g\u00e9n\u00e9raux et immobilier, repr\u00e9sentent une r\u00e9duction totale de la base de co\u00fbts attendue \u00e0 pr\u00e8s de 95 M\u20ac en ann\u00e9e pleine, soit une r\u00e9duction de 16%, dont 75% d\u00e8s 2025.<\/p>\n","protected":false},"excerpt":{"rendered":"<p>Nexity va supprimer pr\u00e8s de 500 postes pour faire face \u00e0 la profonde crise de la construction, a annonc\u00e9 le premier promoteur immobilier fran\u00e7ais, jeudi 25 avril. L\u2019offre commerciale du groupe, fin mars 2024, accuse une baisse de 10 % par rapport \u00e0 fin 2023 et son chiffre d\u2019affaires en baisse de 15% \u00e0 489 [&hellip;]<\/p>\n","protected":false},"author":17,"featured_media":104176,"comment_status":"closed","ping_status":"closed","sticky":false,"template":"","format":"standard","meta":{"_et_pb_use_builder":"","_et_pb_old_content":"","_et_gb_content_width":"","footnotes":""},"categories":[10736,10530,6345],"tags":[13095,2020],"class_list":["post-110502","post","type-post","status-publish","format-standard","has-post-thumbnail","hentry","category-a-la-une","category-actualites","category-economie-marches","tag-crise","tag-logement"],"yoast_head":"<!-- This site is optimized with the Yoast SEO plugin v27.4 - https:\/\/yoast.com\/product\/yoast-seo-wordpress\/ -->\n<title>Sur fond de crise du logement, Nexity va supprimer pr\u00e8s de 500 postes<\/title>\n<meta name=\"robots\" content=\"index, follow, max-snippet:-1, max-image-preview:large, max-video-preview:-1\" \/>\n<link rel=\"canonical\" href=\"https:\/\/batijournal.com\/index.php\/sur-fond-de-crise-du-logement-nexity-va-supprimer-pres-de-500-postes\/110502\/\" \/>\n<meta property=\"og:locale\" content=\"fr_FR\" \/>\n<meta property=\"og:type\" content=\"article\" \/>\n<meta property=\"og:title\" content=\"Sur fond de crise du logement, Nexity va supprimer pr\u00e8s de 500 postes\" \/>\n<meta property=\"og:description\" content=\"Nexity va supprimer pr\u00e8s de 500 postes pour faire face \u00e0 la profonde crise de la construction, a annonc\u00e9 le premier promoteur immobilier fran\u00e7ais, jeudi 25 avril. L\u2019offre commerciale du groupe, fin mars 2024, accuse une baisse de 10 % par rapport \u00e0 fin 2023 et son chiffre d\u2019affaires en baisse de 15% \u00e0 489 [&hellip;]\" \/>\n<meta property=\"og:url\" content=\"https:\/\/batijournal.com\/index.php\/sur-fond-de-crise-du-logement-nexity-va-supprimer-pres-de-500-postes\/110502\/\" \/>\n<meta property=\"og:site_name\" content=\"Batijournal\" \/>\n<meta property=\"article:published_time\" content=\"2024-04-30T04:55:42+00:00\" \/>\n<meta property=\"og:image\" content=\"https:\/\/batijournal.com\/wp-content\/uploads\/2020\/04\/nexity.jpg\" \/>\n\t<meta property=\"og:image:width\" content=\"900\" \/>\n\t<meta property=\"og:image:height\" content=\"506\" \/>\n\t<meta property=\"og:image:type\" content=\"image\/jpeg\" \/>\n<meta name=\"author\" content=\"St\u00e9phane Miget\" \/>\n<meta name=\"twitter:card\" content=\"summary_large_image\" \/>\n<meta name=\"twitter:creator\" content=\"@bati_journal\" \/>\n<meta name=\"twitter:site\" content=\"@bati_journal\" \/>\n<meta name=\"twitter:label1\" content=\"\u00c9crit par\" \/>\n\t<meta name=\"twitter:data1\" content=\"St\u00e9phane Miget\" \/>\n\t<meta name=\"twitter:label2\" content=\"Dur\u00e9e de lecture estim\u00e9e\" \/>\n\t<meta name=\"twitter:data2\" content=\"2 minutes\" \/>\n<script type=\"application\/ld+json\" class=\"yoast-schema-graph\">{\"@context\":\"https:\\\/\\\/schema.org\",\"@graph\":[{\"@type\":\"Article\",\"@id\":\"https:\\\/\\\/batijournal.com\\\/index.php\\\/sur-fond-de-crise-du-logement-nexity-va-supprimer-pres-de-500-postes\\\/110502\\\/#article\",\"isPartOf\":{\"@id\":\"https:\\\/\\\/batijournal.com\\\/index.php\\\/sur-fond-de-crise-du-logement-nexity-va-supprimer-pres-de-500-postes\\\/110502\\\/\"},\"author\":{\"name\":\"St\u00e9phane Miget\",\"@id\":\"https:\\\/\\\/batijournal.com\\\/#\\\/schema\\\/person\\\/1dc96ec6957aa1ccb25ebe78bb19f100\"},\"headline\":\"Sur fond de crise du logement, Nexity va supprimer pr\u00e8s de 500 postes\",\"datePublished\":\"2024-04-30T04:55:42+00:00\",\"mainEntityOfPage\":{\"@id\":\"https:\\\/\\\/batijournal.com\\\/index.php\\\/sur-fond-de-crise-du-logement-nexity-va-supprimer-pres-de-500-postes\\\/110502\\\/\"},\"wordCount\":435,\"image\":{\"@id\":\"https:\\\/\\\/batijournal.com\\\/index.php\\\/sur-fond-de-crise-du-logement-nexity-va-supprimer-pres-de-500-postes\\\/110502\\\/#primaryimage\"},\"thumbnailUrl\":\"https:\\\/\\\/batijournal.com\\\/wp-content\\\/uploads\\\/2020\\\/04\\\/nexity.jpg\",\"keywords\":[\"crise\",\"logement\"],\"articleSection\":[\"A la Une\",\"Actualit\u00e9s\",\"\u00c9conomie &amp; March\u00e9s\"],\"inLanguage\":\"fr-FR\"},{\"@type\":\"WebPage\",\"@id\":\"https:\\\/\\\/batijournal.com\\\/index.php\\\/sur-fond-de-crise-du-logement-nexity-va-supprimer-pres-de-500-postes\\\/110502\\\/\",\"url\":\"https:\\\/\\\/batijournal.com\\\/index.php\\\/sur-fond-de-crise-du-logement-nexity-va-supprimer-pres-de-500-postes\\\/110502\\\/\",\"name\":\"Sur fond de crise du logement, Nexity va supprimer pr\u00e8s de 500 postes\",\"isPartOf\":{\"@id\":\"https:\\\/\\\/batijournal.com\\\/#website\"},\"primaryImageOfPage\":{\"@id\":\"https:\\\/\\\/batijournal.com\\\/index.php\\\/sur-fond-de-crise-du-logement-nexity-va-supprimer-pres-de-500-postes\\\/110502\\\/#primaryimage\"},\"image\":{\"@id\":\"https:\\\/\\\/batijournal.com\\\/index.php\\\/sur-fond-de-crise-du-logement-nexity-va-supprimer-pres-de-500-postes\\\/110502\\\/#primaryimage\"},\"thumbnailUrl\":\"https:\\\/\\\/batijournal.com\\\/wp-content\\\/uploads\\\/2020\\\/04\\\/nexity.jpg\",\"datePublished\":\"2024-04-30T04:55:42+00:00\",\"author\":{\"@id\":\"https:\\\/\\\/batijournal.com\\\/#\\\/schema\\\/person\\\/1dc96ec6957aa1ccb25ebe78bb19f100\"},\"breadcrumb\":{\"@id\":\"https:\\\/\\\/batijournal.com\\\/index.php\\\/sur-fond-de-crise-du-logement-nexity-va-supprimer-pres-de-500-postes\\\/110502\\\/#breadcrumb\"},\"inLanguage\":\"fr-FR\",\"potentialAction\":[{\"@type\":\"ReadAction\",\"target\":[\"https:\\\/\\\/batijournal.com\\\/index.php\\\/sur-fond-de-crise-du-logement-nexity-va-supprimer-pres-de-500-postes\\\/110502\\\/\"]}]},{\"@type\":\"ImageObject\",\"inLanguage\":\"fr-FR\",\"@id\":\"https:\\\/\\\/batijournal.com\\\/index.php\\\/sur-fond-de-crise-du-logement-nexity-va-supprimer-pres-de-500-postes\\\/110502\\\/#primaryimage\",\"url\":\"https:\\\/\\\/batijournal.com\\\/wp-content\\\/uploads\\\/2020\\\/04\\\/nexity.jpg\",\"contentUrl\":\"https:\\\/\\\/batijournal.com\\\/wp-content\\\/uploads\\\/2020\\\/04\\\/nexity.jpg\",\"width\":900,\"height\":506},{\"@type\":\"BreadcrumbList\",\"@id\":\"https:\\\/\\\/batijournal.com\\\/index.php\\\/sur-fond-de-crise-du-logement-nexity-va-supprimer-pres-de-500-postes\\\/110502\\\/#breadcrumb\",\"itemListElement\":[{\"@type\":\"ListItem\",\"position\":1,\"name\":\"Accueil\",\"item\":\"https:\\\/\\\/batijournal.com\\\/\"},{\"@type\":\"ListItem\",\"position\":2,\"name\":\"Actualit\u00e9s\",\"item\":\"https:\\\/\\\/batijournal.com\\\/index.php\\\/category\\\/actualites\\\/\"},{\"@type\":\"ListItem\",\"position\":3,\"name\":\"Sur fond de crise du logement, Nexity va supprimer pr\u00e8s de 500 postes\"}]},{\"@type\":\"WebSite\",\"@id\":\"https:\\\/\\\/batijournal.com\\\/#website\",\"url\":\"https:\\\/\\\/batijournal.com\\\/\",\"name\":\"Batijournal\",\"description\":\"L&#039;actualit\u00e9 du b\u00e2timent\",\"potentialAction\":[{\"@type\":\"SearchAction\",\"target\":{\"@type\":\"EntryPoint\",\"urlTemplate\":\"https:\\\/\\\/batijournal.com\\\/?s={search_term_string}\"},\"query-input\":{\"@type\":\"PropertyValueSpecification\",\"valueRequired\":true,\"valueName\":\"search_term_string\"}}],\"inLanguage\":\"fr-FR\"},{\"@type\":\"Person\",\"@id\":\"https:\\\/\\\/batijournal.com\\\/#\\\/schema\\\/person\\\/1dc96ec6957aa1ccb25ebe78bb19f100\",\"name\":\"St\u00e9phane Miget\",\"image\":{\"@type\":\"ImageObject\",\"inLanguage\":\"fr-FR\",\"@id\":\"https:\\\/\\\/secure.gravatar.com\\\/avatar\\\/89915563d925342126b8ef0281b93d9d7fc337043e8df017f780908eb9644451?s=96&d=mm&r=g\",\"url\":\"https:\\\/\\\/secure.gravatar.com\\\/avatar\\\/89915563d925342126b8ef0281b93d9d7fc337043e8df017f780908eb9644451?s=96&d=mm&r=g\",\"contentUrl\":\"https:\\\/\\\/secure.gravatar.com\\\/avatar\\\/89915563d925342126b8ef0281b93d9d7fc337043e8df017f780908eb9644451?s=96&d=mm&r=g\",\"caption\":\"St\u00e9phane Miget\"},\"url\":\"https:\\\/\\\/batijournal.com\\\/index.php\\\/author\\\/stephane\\\/\"}]}<\/script>\n<!-- \/ Yoast SEO plugin. -->","yoast_head_json":{"title":"Sur fond de crise du logement, Nexity va supprimer pr\u00e8s de 500 postes","robots":{"index":"index","follow":"follow","max-snippet":"max-snippet:-1","max-image-preview":"max-image-preview:large","max-video-preview":"max-video-preview:-1"},"canonical":"https:\/\/batijournal.com\/index.php\/sur-fond-de-crise-du-logement-nexity-va-supprimer-pres-de-500-postes\/110502\/","og_locale":"fr_FR","og_type":"article","og_title":"Sur fond de crise du logement, Nexity va supprimer pr\u00e8s de 500 postes","og_description":"Nexity va supprimer pr\u00e8s de 500 postes pour faire face \u00e0 la profonde crise de la construction, a annonc\u00e9 le premier promoteur immobilier fran\u00e7ais, jeudi 25 avril. L\u2019offre commerciale du groupe, fin mars 2024, accuse une baisse de 10 % par rapport \u00e0 fin 2023 et son chiffre d\u2019affaires en baisse de 15% \u00e0 489 [&hellip;]","og_url":"https:\/\/batijournal.com\/index.php\/sur-fond-de-crise-du-logement-nexity-va-supprimer-pres-de-500-postes\/110502\/","og_site_name":"Batijournal","article_published_time":"2024-04-30T04:55:42+00:00","og_image":[{"width":900,"height":506,"url":"https:\/\/batijournal.com\/wp-content\/uploads\/2020\/04\/nexity.jpg","type":"image\/jpeg"}],"author":"St\u00e9phane Miget","twitter_card":"summary_large_image","twitter_creator":"@bati_journal","twitter_site":"@bati_journal","twitter_misc":{"\u00c9crit par":"St\u00e9phane Miget","Dur\u00e9e de lecture estim\u00e9e":"2 minutes"},"schema":{"@context":"https:\/\/schema.org","@graph":[{"@type":"Article","@id":"https:\/\/batijournal.com\/index.php\/sur-fond-de-crise-du-logement-nexity-va-supprimer-pres-de-500-postes\/110502\/#article","isPartOf":{"@id":"https:\/\/batijournal.com\/index.php\/sur-fond-de-crise-du-logement-nexity-va-supprimer-pres-de-500-postes\/110502\/"},"author":{"name":"St\u00e9phane Miget","@id":"https:\/\/batijournal.com\/#\/schema\/person\/1dc96ec6957aa1ccb25ebe78bb19f100"},"headline":"Sur fond de crise du logement, Nexity va supprimer pr\u00e8s de 500 postes","datePublished":"2024-04-30T04:55:42+00:00","mainEntityOfPage":{"@id":"https:\/\/batijournal.com\/index.php\/sur-fond-de-crise-du-logement-nexity-va-supprimer-pres-de-500-postes\/110502\/"},"wordCount":435,"image":{"@id":"https:\/\/batijournal.com\/index.php\/sur-fond-de-crise-du-logement-nexity-va-supprimer-pres-de-500-postes\/110502\/#primaryimage"},"thumbnailUrl":"https:\/\/batijournal.com\/wp-content\/uploads\/2020\/04\/nexity.jpg","keywords":["crise","logement"],"articleSection":["A la Une","Actualit\u00e9s","\u00c9conomie &amp; March\u00e9s"],"inLanguage":"fr-FR"},{"@type":"WebPage","@id":"https:\/\/batijournal.com\/index.php\/sur-fond-de-crise-du-logement-nexity-va-supprimer-pres-de-500-postes\/110502\/","url":"https:\/\/batijournal.com\/index.php\/sur-fond-de-crise-du-logement-nexity-va-supprimer-pres-de-500-postes\/110502\/","name":"Sur fond de crise du logement, Nexity va supprimer pr\u00e8s de 500 postes","isPartOf":{"@id":"https:\/\/batijournal.com\/#website"},"primaryImageOfPage":{"@id":"https:\/\/batijournal.com\/index.php\/sur-fond-de-crise-du-logement-nexity-va-supprimer-pres-de-500-postes\/110502\/#primaryimage"},"image":{"@id":"https:\/\/batijournal.com\/index.php\/sur-fond-de-crise-du-logement-nexity-va-supprimer-pres-de-500-postes\/110502\/#primaryimage"},"thumbnailUrl":"https:\/\/batijournal.com\/wp-content\/uploads\/2020\/04\/nexity.jpg","datePublished":"2024-04-30T04:55:42+00:00","author":{"@id":"https:\/\/batijournal.com\/#\/schema\/person\/1dc96ec6957aa1ccb25ebe78bb19f100"},"breadcrumb":{"@id":"https:\/\/batijournal.com\/index.php\/sur-fond-de-crise-du-logement-nexity-va-supprimer-pres-de-500-postes\/110502\/#breadcrumb"},"inLanguage":"fr-FR","potentialAction":[{"@type":"ReadAction","target":["https:\/\/batijournal.com\/index.php\/sur-fond-de-crise-du-logement-nexity-va-supprimer-pres-de-500-postes\/110502\/"]}]},{"@type":"ImageObject","inLanguage":"fr-FR","@id":"https:\/\/batijournal.com\/index.php\/sur-fond-de-crise-du-logement-nexity-va-supprimer-pres-de-500-postes\/110502\/#primaryimage","url":"https:\/\/batijournal.com\/wp-content\/uploads\/2020\/04\/nexity.jpg","contentUrl":"https:\/\/batijournal.com\/wp-content\/uploads\/2020\/04\/nexity.jpg","width":900,"height":506},{"@type":"BreadcrumbList","@id":"https:\/\/batijournal.com\/index.php\/sur-fond-de-crise-du-logement-nexity-va-supprimer-pres-de-500-postes\/110502\/#breadcrumb","itemListElement":[{"@type":"ListItem","position":1,"name":"Accueil","item":"https:\/\/batijournal.com\/"},{"@type":"ListItem","position":2,"name":"Actualit\u00e9s","item":"https:\/\/batijournal.com\/index.php\/category\/actualites\/"},{"@type":"ListItem","position":3,"name":"Sur fond de crise du logement, Nexity va supprimer pr\u00e8s de 500 postes"}]},{"@type":"WebSite","@id":"https:\/\/batijournal.com\/#website","url":"https:\/\/batijournal.com\/","name":"Batijournal","description":"L&#039;actualit\u00e9 du b\u00e2timent","potentialAction":[{"@type":"SearchAction","target":{"@type":"EntryPoint","urlTemplate":"https:\/\/batijournal.com\/?s={search_term_string}"},"query-input":{"@type":"PropertyValueSpecification","valueRequired":true,"valueName":"search_term_string"}}],"inLanguage":"fr-FR"},{"@type":"Person","@id":"https:\/\/batijournal.com\/#\/schema\/person\/1dc96ec6957aa1ccb25ebe78bb19f100","name":"St\u00e9phane Miget","image":{"@type":"ImageObject","inLanguage":"fr-FR","@id":"https:\/\/secure.gravatar.com\/avatar\/89915563d925342126b8ef0281b93d9d7fc337043e8df017f780908eb9644451?s=96&d=mm&r=g","url":"https:\/\/secure.gravatar.com\/avatar\/89915563d925342126b8ef0281b93d9d7fc337043e8df017f780908eb9644451?s=96&d=mm&r=g","contentUrl":"https:\/\/secure.gravatar.com\/avatar\/89915563d925342126b8ef0281b93d9d7fc337043e8df017f780908eb9644451?s=96&d=mm&r=g","caption":"St\u00e9phane Miget"},"url":"https:\/\/batijournal.com\/index.php\/author\/stephane\/"}]}},"_links":{"self":[{"href":"https:\/\/batijournal.com\/index.php\/wp-json\/wp\/v2\/posts\/110502","targetHints":{"allow":["GET"]}}],"collection":[{"href":"https:\/\/batijournal.com\/index.php\/wp-json\/wp\/v2\/posts"}],"about":[{"href":"https:\/\/batijournal.com\/index.php\/wp-json\/wp\/v2\/types\/post"}],"author":[{"embeddable":true,"href":"https:\/\/batijournal.com\/index.php\/wp-json\/wp\/v2\/users\/17"}],"replies":[{"embeddable":true,"href":"https:\/\/batijournal.com\/index.php\/wp-json\/wp\/v2\/comments?post=110502"}],"version-history":[{"count":0,"href":"https:\/\/batijournal.com\/index.php\/wp-json\/wp\/v2\/posts\/110502\/revisions"}],"wp:featuredmedia":[{"embeddable":true,"href":"https:\/\/batijournal.com\/index.php\/wp-json\/wp\/v2\/media\/104176"}],"wp:attachment":[{"href":"https:\/\/batijournal.com\/index.php\/wp-json\/wp\/v2\/media?parent=110502"}],"wp:term":[{"taxonomy":"category","embeddable":true,"href":"https:\/\/batijournal.com\/index.php\/wp-json\/wp\/v2\/categories?post=110502"},{"taxonomy":"post_tag","embeddable":true,"href":"https:\/\/batijournal.com\/index.php\/wp-json\/wp\/v2\/tags?post=110502"}],"curies":[{"name":"wp","href":"https:\/\/api.w.org\/{rel}","templated":true}]}}