{"id":110562,"date":"2024-05-17T15:27:52","date_gmt":"2024-05-17T13:27:52","guid":{"rendered":"https:\/\/batijournal.com\/?p=110562"},"modified":"2024-05-17T15:27:55","modified_gmt":"2024-05-17T13:27:55","slug":"programmation-architectwork-2024","status":"publish","type":"post","link":"https:\/\/batijournal.com\/index.php\/programmation-architectwork-2024\/110562\/","title":{"rendered":"Programmation Architect@Work 2024"},"content":{"rendered":"<p>[et_pb_section fb_built=\u00a0\u00bb1&Prime; _builder_version=\u00a0\u00bb4.25.1&Prime; _module_preset=\u00a0\u00bbdefault\u00a0\u00bb global_colors_info=\u00a0\u00bb{}\u00a0\u00bb][et_pb_row _builder_version=\u00a0\u00bb4.25.1&Prime; _module_preset=\u00a0\u00bbdefault\u00a0\u00bb global_colors_info=\u00a0\u00bb{}\u00a0\u00bb][et_pb_column type=\u00a0\u00bb4_4&Prime; _builder_version=\u00a0\u00bb4.25.1&Prime; _module_preset=\u00a0\u00bbdefault\u00a0\u00bb global_colors_info=\u00a0\u00bb{}\u00a0\u00bb][et_pb_text _builder_version=\u00a0\u00bb4.25.1&Prime; _module_preset=\u00a0\u00bbdefault\u00a0\u00bb global_colors_info=\u00a0\u00bb{}\u00a0\u00bb]<\/p>\n<div class=\"page\" title=\"Page 1\">\n<div class=\"layoutArea\">\n<div class=\"column\">\n<p>&nbsp;<\/p>\n<p style=\"text-align: center;\">ARCHITECT@WORK Lyon, ouvrira ses portes pour la 7\u1d49 fois, les mercredi 5 juin &amp; jeudi 6 juin 2024.<br \/>Re\u0301serve\u0301 aux architectes et autres prescripteurs, le salon proposera une se\u0301lection de plus de 400 nouveaux produits, pre\u0301sente\u0301s par non moins de 176 industriels.<\/p>\n<\/div>\n<\/div>\n<\/div>\n<p>&nbsp;<\/p>\n<p>[\/et_pb_text][et_pb_text _builder_version=\u00a0\u00bb4.25.1&Prime; _module_preset=\u00a0\u00bbdefault\u00a0\u00bb global_colors_info=\u00a0\u00bb{}\u00a0\u00bb]<\/p>\n<div class=\"page\" title=\"Page 1\">\n<div class=\"layoutArea\">\n<div class=\"column\">\n<h5 style=\"text-align: center;\"><strong>Voici le programme de conf\u00e9rence avec les interventions :\u00a0<\/strong><\/h5>\n<p>&nbsp;<\/p>\n<\/div>\n<\/div>\n<\/div>\n<p style=\"text-align: center;\"><strong>Mercredi 5 juin :<\/strong><\/p>\n<p>&nbsp;<\/p>\n<ul>\n<li><strong>Comment valoriser les bois scolyt\u00e9s en construction ?<\/strong>\u00a0\n<div class=\"page\" title=\"Page 1\">\n<div class=\"layoutArea\">\n<div class=\"column\">\n<p>Confe\u0301rence organise\u0301e par FIBOIS AuRA a\u0300 11h<\/p>\n<p>Intervention de :<\/p>\n<\/div>\n<\/div>\n<\/div>\n<p><strong><br \/>Maude Renvois\u00e9<\/strong> (Cheffe de projet, Commune de Bois d&rsquo;Armont)<br \/><strong>R\u00e9mi Chauduri\u00e9<\/strong> (Architecte Diplom\u00e9 d&rsquo;Etat)<br \/><strong>Julien Gamerro<\/strong> (Responsable Bureau d&rsquo;\u00e9tudes AuRA &#8211; CBS CBT Lifteam)<br \/><strong>Nathalie Mionetto<\/strong> (Charg\u00e9e de Territoire Nord-Est &#8211; FCBA)<\/p>\n<\/li>\n<\/ul>\n<p>[\/et_pb_text][et_pb_divider _builder_version=\u00a0\u00bb4.25.1&Prime; _module_preset=\u00a0\u00bbdefault\u00a0\u00bb global_colors_info=\u00a0\u00bb{}\u00a0\u00bb][\/et_pb_divider][et_pb_text _builder_version=\u00a0\u00bb4.25.1&Prime; _module_preset=\u00a0\u00bbdefault\u00a0\u00bb global_colors_info=\u00a0\u00bb{}\u00a0\u00bb]<\/p>\n<ul>\n<li><strong>La main et l&rsquo;architecte <\/strong><strong>\u00a0<\/strong>\n<div class=\"page\" title=\"Page 1\">\n<div class=\"layoutArea\">\n<div class=\"column\">\n<p>&nbsp;<\/p>\n<p>Intervention de <strong>Yves Perret <\/strong>(Architecte, Poe\u0300te)\u00a0 a\u0300 14 h 30<\/p>\n<\/div>\n<\/div>\n<\/div>\n<\/li>\n<\/ul>\n<p>[\/et_pb_text][et_pb_divider _builder_version=\u00a0\u00bb4.25.1&Prime; _module_preset=\u00a0\u00bbdefault\u00a0\u00bb global_colors_info=\u00a0\u00bb{}\u00a0\u00bb][\/et_pb_divider][et_pb_text _builder_version=\u00a0\u00bb4.25.1&Prime; _module_preset=\u00a0\u00bbdefault\u00a0\u00bb global_colors_info=\u00a0\u00bb{}\u00a0\u00bb]<\/p>\n<div class=\"page\" title=\"Page 1\">\n<div class=\"layoutArea\">\n<div class=\"column\">\n<ul>\n<li><strong>Transformation d\u2019un bar restaurant de quartier en une trattoria moderne<\/strong><\/li>\n<\/ul>\n<p>Portrait d\u2019agencement propose\u0301 par l\u2019Ameublement Franc\u0327ais a\u0300 16 h<\/p>\n<p>Intervention de :<\/p>\n<p><strong>Ste\u0301phan Revol <\/strong>(Architecte, Revol Architecte)<br \/><strong>Marie-Laurence Mazuir et Franck Jollet<\/strong>\u00a0(Dirigeants et Restaurateurs Gina Trattoria)<br \/><strong>Christophe Dumoux<\/strong>\u00a0(Agenceur, Comptoirs &amp; agencements LARGE)<\/p>\n<\/div>\n<p>&nbsp;<\/p>\n<\/div>\n<\/div>\n<p>[\/et_pb_text][et_pb_divider admin_label=\u00a0\u00bbS\u00e9parateur\u00a0\u00bb _builder_version=\u00a0\u00bb4.25.1&Prime; _module_preset=\u00a0\u00bbdefault\u00a0\u00bb global_colors_info=\u00a0\u00bb{}\u00a0\u00bb][\/et_pb_divider][et_pb_text _builder_version=\u00a0\u00bb4.25.1&Prime; _module_preset=\u00a0\u00bbdefault\u00a0\u00bb global_colors_info=\u00a0\u00bb{}\u00a0\u00bb]<\/p>\n<p style=\"text-align: center;\"><strong>Jeudi 6 juin :\u00a0<\/strong><\/p>\n<div class=\"page\" title=\"Page 2\">\n<div class=\"layoutArea\">\n<div class=\"column\">\n<p>&nbsp;<\/p>\n<ul>\n<li><strong>Construction hors site : une e\u0301criture architecturale alliant innovation et modernite\u0301<\/strong><\/li>\n<\/ul>\n<p>Confe\u0301rence propose\u0301e par le Cluster Eco Ba\u0302timent Auvergne-Rho\u0302ne-Alpes a\u0300 11h<\/p>\n<p>Intervention de :<\/p>\n<p><strong>Nathalie Casefont<\/strong>, (Architecte associe\u0301e, Les Ateliers 4+)<br \/><strong>Leila Rouleux<\/strong>, (Conductrice d\u2019ope\u0301ration ba\u0302timent, De\u0301partement de l\u2019Ise\u0300re)<br \/><strong>Marie-Soriya Ao<\/strong>\u00a0(De\u0301le\u0301gue\u0301e Ge\u0301ne\u0301rale, Cluster Eco-Ba\u0302timent)<\/p>\n<\/div>\n<p>&nbsp;<\/p>\n<\/div>\n<\/div>\n<p>[\/et_pb_text][et_pb_divider admin_label=\u00a0\u00bbS\u00e9parateur\u00a0\u00bb _builder_version=\u00a0\u00bb4.25.1&Prime; _module_preset=\u00a0\u00bbdefault\u00a0\u00bb global_colors_info=\u00a0\u00bb{}\u00a0\u00bb][\/et_pb_divider][et_pb_text _builder_version=\u00a0\u00bb4.25.1&Prime; _module_preset=\u00a0\u00bbdefault\u00a0\u00bb global_colors_info=\u00a0\u00bb{}\u00a0\u00bb]<\/p>\n<div class=\"page\" title=\"Page 2\">\n<div class=\"layoutArea\">\n<div class=\"column\">\n<ul>\n<li><strong>Sobriexpo \u2013 Moins, c\u2019est mieux<\/strong><\/li>\n<\/ul>\n<p>Intervention de <strong>Justine Rouger<\/strong> (responsable e\u0301quipe Innovation, Po\u0302le Ame\u0301nagement des espaces de vie, FCBA) \u00e0\u00a014h30<\/p>\n<p>&nbsp;<\/p>\n<\/div>\n<\/div>\n<\/div>\n<p>[\/et_pb_text][et_pb_divider admin_label=\u00a0\u00bbS\u00e9parateur\u00a0\u00bb _builder_version=\u00a0\u00bb4.25.1&Prime; _module_preset=\u00a0\u00bbdefault\u00a0\u00bb global_colors_info=\u00a0\u00bb{}\u00a0\u00bb][\/et_pb_divider][et_pb_text _builder_version=\u00a0\u00bb4.25.1&Prime; _module_preset=\u00a0\u00bbdefault\u00a0\u00bb global_colors_info=\u00a0\u00bb{}\u00a0\u00bb]<\/p>\n<div class=\"page\" title=\"Page 2\">\n<div class=\"layoutArea\">\n<div class=\"column\">\n<ul>\n<li><strong>Equilibre<\/strong><\/li>\n<\/ul>\n<p>Intervention de <strong>Nikola Radovanovic<\/strong> (Architecte, Directeur, Groupe H Architecture &amp; Inge\u0301nie\u0301rie sa) a\u0300 16 h<\/p>\n<\/div>\n<\/div>\n<\/div>\n<p>[\/et_pb_text][et_pb_text _builder_version=\u00a0\u00bb4.25.1&Prime; _module_preset=\u00a0\u00bbdefault\u00a0\u00bb global_colors_info=\u00a0\u00bb{}\u00a0\u00bb]<\/p>\n<p>&nbsp;<\/p>\n<p>Plus d&rsquo;informations sur le site : <a href=\"https:\/\/lyon.architectatwork.fr\/home\/\" target=\"_blank\" rel=\"noopener\">lyon.architectatwork.fr<\/a><\/p>\n<p>[\/et_pb_text][\/et_pb_column][\/et_pb_row][\/et_pb_section]<\/p>\n","protected":false},"excerpt":{"rendered":"<p>&nbsp; ARCHITECT@WORK Lyon, ouvrira ses portes pour la 7\u1d49 fois, les mercredi 5 juin &amp; jeudi 6 juin 2024.Re\u0301serve\u0301 aux architectes et autres prescripteurs, le salon proposera une se\u0301lection de plus de 400 nouveaux produits, pre\u0301sente\u0301s par non moins de 176 industriels. &nbsp; Voici le programme de conf\u00e9rence avec les interventions :\u00a0 &nbsp; Mercredi 5 [&hellip;]<\/p>\n","protected":false},"author":17,"featured_media":110564,"comment_status":"closed","ping_status":"closed","sticky":false,"template":"","format":"standard","meta":{"_et_pb_use_builder":"on","_et_pb_old_content":"","_et_gb_content_width":"","footnotes":""},"categories":[10530,10771,10775],"tags":[13124,386],"class_list":["post-110562","post","type-post","status-publish","format-standard","has-post-thumbnail","hentry","category-actualites","category-5facades","category-actualites-5facades","tag-architectwork","tag-salon"],"yoast_head":"<!-- This site is optimized with the Yoast SEO plugin v27.4 - https:\/\/yoast.com\/product\/yoast-seo-wordpress\/ -->\n<title>Programmation Architect@Work 2024<\/title>\n<meta name=\"robots\" content=\"index, follow, max-snippet:-1, max-image-preview:large, max-video-preview:-1\" \/>\n<link rel=\"canonical\" href=\"https:\/\/batijournal.com\/index.php\/programmation-architectwork-2024\/110562\/\" \/>\n<meta property=\"og:locale\" content=\"fr_FR\" \/>\n<meta property=\"og:type\" content=\"article\" \/>\n<meta property=\"og:title\" content=\"Programmation Architect@Work 2024\" \/>\n<meta property=\"og:description\" content=\"&nbsp; ARCHITECT@WORK Lyon, ouvrira ses portes pour la 7\u1d49 fois, les mercredi 5 juin &amp; jeudi 6 juin 2024.Re\u0301serve\u0301 aux architectes et autres prescripteurs, le salon proposera une se\u0301lection de plus de 400 nouveaux produits, pre\u0301sente\u0301s par non moins de 176 industriels. &nbsp; Voici le programme de conf\u00e9rence avec les interventions :\u00a0 &nbsp; Mercredi 5 [&hellip;]\" \/>\n<meta property=\"og:url\" content=\"https:\/\/batijournal.com\/index.php\/programmation-architectwork-2024\/110562\/\" \/>\n<meta property=\"og:site_name\" content=\"Batijournal\" \/>\n<meta property=\"article:published_time\" content=\"2024-05-17T13:27:52+00:00\" \/>\n<meta property=\"article:modified_time\" content=\"2024-05-17T13:27:55+00:00\" \/>\n<meta property=\"og:image\" content=\"https:\/\/batijournal.com\/wp-content\/uploads\/2024\/05\/Architect-at-work-Lyon-5.jpg\" \/>\n\t<meta property=\"og:image:width\" content=\"1920\" \/>\n\t<meta property=\"og:image:height\" content=\"1280\" \/>\n\t<meta property=\"og:image:type\" content=\"image\/jpeg\" \/>\n<meta name=\"author\" content=\"St\u00e9phane Miget\" \/>\n<meta name=\"twitter:card\" content=\"summary_large_image\" \/>\n<meta name=\"twitter:creator\" content=\"@bati_journal\" \/>\n<meta name=\"twitter:site\" content=\"@bati_journal\" \/>\n<meta name=\"twitter:label1\" content=\"\u00c9crit par\" \/>\n\t<meta name=\"twitter:data1\" content=\"St\u00e9phane Miget\" \/>\n\t<meta name=\"twitter:label2\" content=\"Dur\u00e9e de lecture estim\u00e9e\" \/>\n\t<meta name=\"twitter:data2\" content=\"3 minutes\" \/>\n<script type=\"application\/ld+json\" class=\"yoast-schema-graph\">{\"@context\":\"https:\\\/\\\/schema.org\",\"@graph\":[{\"@type\":\"Article\",\"@id\":\"https:\\\/\\\/batijournal.com\\\/index.php\\\/programmation-architectwork-2024\\\/110562\\\/#article\",\"isPartOf\":{\"@id\":\"https:\\\/\\\/batijournal.com\\\/index.php\\\/programmation-architectwork-2024\\\/110562\\\/\"},\"author\":{\"name\":\"St\u00e9phane Miget\",\"@id\":\"https:\\\/\\\/batijournal.com\\\/#\\\/schema\\\/person\\\/1dc96ec6957aa1ccb25ebe78bb19f100\"},\"headline\":\"Programmation Architect@Work 2024\",\"datePublished\":\"2024-05-17T13:27:52+00:00\",\"dateModified\":\"2024-05-17T13:27:55+00:00\",\"mainEntityOfPage\":{\"@id\":\"https:\\\/\\\/batijournal.com\\\/index.php\\\/programmation-architectwork-2024\\\/110562\\\/\"},\"wordCount\":532,\"image\":{\"@id\":\"https:\\\/\\\/batijournal.com\\\/index.php\\\/programmation-architectwork-2024\\\/110562\\\/#primaryimage\"},\"thumbnailUrl\":\"https:\\\/\\\/batijournal.com\\\/wp-content\\\/uploads\\\/2024\\\/05\\\/Architect-at-work-Lyon-5.jpg\",\"keywords\":[\"architect@work\",\"salon\"],\"articleSection\":[\"Actualit\u00e9s\",\"zz_5fa\u00e7ades\",\"zz_Actualit\u00e9s - 5fa\u00e7ades\"],\"inLanguage\":\"fr-FR\"},{\"@type\":\"WebPage\",\"@id\":\"https:\\\/\\\/batijournal.com\\\/index.php\\\/programmation-architectwork-2024\\\/110562\\\/\",\"url\":\"https:\\\/\\\/batijournal.com\\\/index.php\\\/programmation-architectwork-2024\\\/110562\\\/\",\"name\":\"Programmation Architect@Work 2024\",\"isPartOf\":{\"@id\":\"https:\\\/\\\/batijournal.com\\\/#website\"},\"primaryImageOfPage\":{\"@id\":\"https:\\\/\\\/batijournal.com\\\/index.php\\\/programmation-architectwork-2024\\\/110562\\\/#primaryimage\"},\"image\":{\"@id\":\"https:\\\/\\\/batijournal.com\\\/index.php\\\/programmation-architectwork-2024\\\/110562\\\/#primaryimage\"},\"thumbnailUrl\":\"https:\\\/\\\/batijournal.com\\\/wp-content\\\/uploads\\\/2024\\\/05\\\/Architect-at-work-Lyon-5.jpg\",\"datePublished\":\"2024-05-17T13:27:52+00:00\",\"dateModified\":\"2024-05-17T13:27:55+00:00\",\"author\":{\"@id\":\"https:\\\/\\\/batijournal.com\\\/#\\\/schema\\\/person\\\/1dc96ec6957aa1ccb25ebe78bb19f100\"},\"breadcrumb\":{\"@id\":\"https:\\\/\\\/batijournal.com\\\/index.php\\\/programmation-architectwork-2024\\\/110562\\\/#breadcrumb\"},\"inLanguage\":\"fr-FR\",\"potentialAction\":[{\"@type\":\"ReadAction\",\"target\":[\"https:\\\/\\\/batijournal.com\\\/index.php\\\/programmation-architectwork-2024\\\/110562\\\/\"]}]},{\"@type\":\"ImageObject\",\"inLanguage\":\"fr-FR\",\"@id\":\"https:\\\/\\\/batijournal.com\\\/index.php\\\/programmation-architectwork-2024\\\/110562\\\/#primaryimage\",\"url\":\"https:\\\/\\\/batijournal.com\\\/wp-content\\\/uploads\\\/2024\\\/05\\\/Architect-at-work-Lyon-5.jpg\",\"contentUrl\":\"https:\\\/\\\/batijournal.com\\\/wp-content\\\/uploads\\\/2024\\\/05\\\/Architect-at-work-Lyon-5.jpg\",\"width\":1920,\"height\":1280},{\"@type\":\"BreadcrumbList\",\"@id\":\"https:\\\/\\\/batijournal.com\\\/index.php\\\/programmation-architectwork-2024\\\/110562\\\/#breadcrumb\",\"itemListElement\":[{\"@type\":\"ListItem\",\"position\":1,\"name\":\"Accueil\",\"item\":\"https:\\\/\\\/batijournal.com\\\/\"},{\"@type\":\"ListItem\",\"position\":2,\"name\":\"Actualit\u00e9s\",\"item\":\"https:\\\/\\\/batijournal.com\\\/index.php\\\/category\\\/actualites\\\/\"},{\"@type\":\"ListItem\",\"position\":3,\"name\":\"Programmation Architect@Work 2024\"}]},{\"@type\":\"WebSite\",\"@id\":\"https:\\\/\\\/batijournal.com\\\/#website\",\"url\":\"https:\\\/\\\/batijournal.com\\\/\",\"name\":\"Batijournal\",\"description\":\"L&#039;actualit\u00e9 du b\u00e2timent\",\"potentialAction\":[{\"@type\":\"SearchAction\",\"target\":{\"@type\":\"EntryPoint\",\"urlTemplate\":\"https:\\\/\\\/batijournal.com\\\/?s={search_term_string}\"},\"query-input\":{\"@type\":\"PropertyValueSpecification\",\"valueRequired\":true,\"valueName\":\"search_term_string\"}}],\"inLanguage\":\"fr-FR\"},{\"@type\":\"Person\",\"@id\":\"https:\\\/\\\/batijournal.com\\\/#\\\/schema\\\/person\\\/1dc96ec6957aa1ccb25ebe78bb19f100\",\"name\":\"St\u00e9phane Miget\",\"image\":{\"@type\":\"ImageObject\",\"inLanguage\":\"fr-FR\",\"@id\":\"https:\\\/\\\/secure.gravatar.com\\\/avatar\\\/89915563d925342126b8ef0281b93d9d7fc337043e8df017f780908eb9644451?s=96&d=mm&r=g\",\"url\":\"https:\\\/\\\/secure.gravatar.com\\\/avatar\\\/89915563d925342126b8ef0281b93d9d7fc337043e8df017f780908eb9644451?s=96&d=mm&r=g\",\"contentUrl\":\"https:\\\/\\\/secure.gravatar.com\\\/avatar\\\/89915563d925342126b8ef0281b93d9d7fc337043e8df017f780908eb9644451?s=96&d=mm&r=g\",\"caption\":\"St\u00e9phane Miget\"},\"url\":\"https:\\\/\\\/batijournal.com\\\/index.php\\\/author\\\/stephane\\\/\"}]}<\/script>\n<!-- \/ Yoast SEO plugin. -->","yoast_head_json":{"title":"Programmation Architect@Work 2024","robots":{"index":"index","follow":"follow","max-snippet":"max-snippet:-1","max-image-preview":"max-image-preview:large","max-video-preview":"max-video-preview:-1"},"canonical":"https:\/\/batijournal.com\/index.php\/programmation-architectwork-2024\/110562\/","og_locale":"fr_FR","og_type":"article","og_title":"Programmation Architect@Work 2024","og_description":"&nbsp; ARCHITECT@WORK Lyon, ouvrira ses portes pour la 7\u1d49 fois, les mercredi 5 juin &amp; jeudi 6 juin 2024.Re\u0301serve\u0301 aux architectes et autres prescripteurs, le salon proposera une se\u0301lection de plus de 400 nouveaux produits, pre\u0301sente\u0301s par non moins de 176 industriels. &nbsp; Voici le programme de conf\u00e9rence avec les interventions :\u00a0 &nbsp; Mercredi 5 [&hellip;]","og_url":"https:\/\/batijournal.com\/index.php\/programmation-architectwork-2024\/110562\/","og_site_name":"Batijournal","article_published_time":"2024-05-17T13:27:52+00:00","article_modified_time":"2024-05-17T13:27:55+00:00","og_image":[{"width":1920,"height":1280,"url":"https:\/\/batijournal.com\/wp-content\/uploads\/2024\/05\/Architect-at-work-Lyon-5.jpg","type":"image\/jpeg"}],"author":"St\u00e9phane Miget","twitter_card":"summary_large_image","twitter_creator":"@bati_journal","twitter_site":"@bati_journal","twitter_misc":{"\u00c9crit par":"St\u00e9phane Miget","Dur\u00e9e de lecture estim\u00e9e":"3 minutes"},"schema":{"@context":"https:\/\/schema.org","@graph":[{"@type":"Article","@id":"https:\/\/batijournal.com\/index.php\/programmation-architectwork-2024\/110562\/#article","isPartOf":{"@id":"https:\/\/batijournal.com\/index.php\/programmation-architectwork-2024\/110562\/"},"author":{"name":"St\u00e9phane Miget","@id":"https:\/\/batijournal.com\/#\/schema\/person\/1dc96ec6957aa1ccb25ebe78bb19f100"},"headline":"Programmation Architect@Work 2024","datePublished":"2024-05-17T13:27:52+00:00","dateModified":"2024-05-17T13:27:55+00:00","mainEntityOfPage":{"@id":"https:\/\/batijournal.com\/index.php\/programmation-architectwork-2024\/110562\/"},"wordCount":532,"image":{"@id":"https:\/\/batijournal.com\/index.php\/programmation-architectwork-2024\/110562\/#primaryimage"},"thumbnailUrl":"https:\/\/batijournal.com\/wp-content\/uploads\/2024\/05\/Architect-at-work-Lyon-5.jpg","keywords":["architect@work","salon"],"articleSection":["Actualit\u00e9s","zz_5fa\u00e7ades","zz_Actualit\u00e9s - 5fa\u00e7ades"],"inLanguage":"fr-FR"},{"@type":"WebPage","@id":"https:\/\/batijournal.com\/index.php\/programmation-architectwork-2024\/110562\/","url":"https:\/\/batijournal.com\/index.php\/programmation-architectwork-2024\/110562\/","name":"Programmation Architect@Work 2024","isPartOf":{"@id":"https:\/\/batijournal.com\/#website"},"primaryImageOfPage":{"@id":"https:\/\/batijournal.com\/index.php\/programmation-architectwork-2024\/110562\/#primaryimage"},"image":{"@id":"https:\/\/batijournal.com\/index.php\/programmation-architectwork-2024\/110562\/#primaryimage"},"thumbnailUrl":"https:\/\/batijournal.com\/wp-content\/uploads\/2024\/05\/Architect-at-work-Lyon-5.jpg","datePublished":"2024-05-17T13:27:52+00:00","dateModified":"2024-05-17T13:27:55+00:00","author":{"@id":"https:\/\/batijournal.com\/#\/schema\/person\/1dc96ec6957aa1ccb25ebe78bb19f100"},"breadcrumb":{"@id":"https:\/\/batijournal.com\/index.php\/programmation-architectwork-2024\/110562\/#breadcrumb"},"inLanguage":"fr-FR","potentialAction":[{"@type":"ReadAction","target":["https:\/\/batijournal.com\/index.php\/programmation-architectwork-2024\/110562\/"]}]},{"@type":"ImageObject","inLanguage":"fr-FR","@id":"https:\/\/batijournal.com\/index.php\/programmation-architectwork-2024\/110562\/#primaryimage","url":"https:\/\/batijournal.com\/wp-content\/uploads\/2024\/05\/Architect-at-work-Lyon-5.jpg","contentUrl":"https:\/\/batijournal.com\/wp-content\/uploads\/2024\/05\/Architect-at-work-Lyon-5.jpg","width":1920,"height":1280},{"@type":"BreadcrumbList","@id":"https:\/\/batijournal.com\/index.php\/programmation-architectwork-2024\/110562\/#breadcrumb","itemListElement":[{"@type":"ListItem","position":1,"name":"Accueil","item":"https:\/\/batijournal.com\/"},{"@type":"ListItem","position":2,"name":"Actualit\u00e9s","item":"https:\/\/batijournal.com\/index.php\/category\/actualites\/"},{"@type":"ListItem","position":3,"name":"Programmation Architect@Work 2024"}]},{"@type":"WebSite","@id":"https:\/\/batijournal.com\/#website","url":"https:\/\/batijournal.com\/","name":"Batijournal","description":"L&#039;actualit\u00e9 du b\u00e2timent","potentialAction":[{"@type":"SearchAction","target":{"@type":"EntryPoint","urlTemplate":"https:\/\/batijournal.com\/?s={search_term_string}"},"query-input":{"@type":"PropertyValueSpecification","valueRequired":true,"valueName":"search_term_string"}}],"inLanguage":"fr-FR"},{"@type":"Person","@id":"https:\/\/batijournal.com\/#\/schema\/person\/1dc96ec6957aa1ccb25ebe78bb19f100","name":"St\u00e9phane Miget","image":{"@type":"ImageObject","inLanguage":"fr-FR","@id":"https:\/\/secure.gravatar.com\/avatar\/89915563d925342126b8ef0281b93d9d7fc337043e8df017f780908eb9644451?s=96&d=mm&r=g","url":"https:\/\/secure.gravatar.com\/avatar\/89915563d925342126b8ef0281b93d9d7fc337043e8df017f780908eb9644451?s=96&d=mm&r=g","contentUrl":"https:\/\/secure.gravatar.com\/avatar\/89915563d925342126b8ef0281b93d9d7fc337043e8df017f780908eb9644451?s=96&d=mm&r=g","caption":"St\u00e9phane Miget"},"url":"https:\/\/batijournal.com\/index.php\/author\/stephane\/"}]}},"_links":{"self":[{"href":"https:\/\/batijournal.com\/index.php\/wp-json\/wp\/v2\/posts\/110562","targetHints":{"allow":["GET"]}}],"collection":[{"href":"https:\/\/batijournal.com\/index.php\/wp-json\/wp\/v2\/posts"}],"about":[{"href":"https:\/\/batijournal.com\/index.php\/wp-json\/wp\/v2\/types\/post"}],"author":[{"embeddable":true,"href":"https:\/\/batijournal.com\/index.php\/wp-json\/wp\/v2\/users\/17"}],"replies":[{"embeddable":true,"href":"https:\/\/batijournal.com\/index.php\/wp-json\/wp\/v2\/comments?post=110562"}],"version-history":[{"count":0,"href":"https:\/\/batijournal.com\/index.php\/wp-json\/wp\/v2\/posts\/110562\/revisions"}],"wp:featuredmedia":[{"embeddable":true,"href":"https:\/\/batijournal.com\/index.php\/wp-json\/wp\/v2\/media\/110564"}],"wp:attachment":[{"href":"https:\/\/batijournal.com\/index.php\/wp-json\/wp\/v2\/media?parent=110562"}],"wp:term":[{"taxonomy":"category","embeddable":true,"href":"https:\/\/batijournal.com\/index.php\/wp-json\/wp\/v2\/categories?post=110562"},{"taxonomy":"post_tag","embeddable":true,"href":"https:\/\/batijournal.com\/index.php\/wp-json\/wp\/v2\/tags?post=110562"}],"curies":[{"name":"wp","href":"https:\/\/api.w.org\/{rel}","templated":true}]}}