{"id":110572,"date":"2024-05-17T17:41:54","date_gmt":"2024-05-17T15:41:54","guid":{"rendered":"https:\/\/batijournal.com\/?p=110572"},"modified":"2024-05-17T17:41:54","modified_gmt":"2024-05-17T15:41:54","slug":"stora-enso-accelere-le-developpement-de-renovation-de-groupes-scolaires-integrant-du-bois","status":"publish","type":"post","link":"https:\/\/batijournal.com\/index.php\/stora-enso-accelere-le-developpement-de-renovation-de-groupes-scolaires-integrant-du-bois\/110572\/","title":{"rendered":"STORA ENSO acc\u00e9l\u00e8re le d\u00e9veloppement de r\u00e9novation de groupes scolaires int\u00e9grant du bois"},"content":{"rendered":"<p>Pour le groupe STORA ENSO WOOD PRODUCTS, leader en Europe de solutions durables \u00e0 base de bois pour l\u2019industrie de la construction en bois avec en moyenne 2 000 projets par an, la construction bois est la solution performante et \u00e9conomique pour les projets de b\u00e2timents durables et notamment dans des endroits extr\u00eames et difficiles d\u2019acc\u00e8s et pour agir sur la d\u00e9carbonation du secteur de la construction. Ses experts seront pr\u00e9sents pour le d\u00e9montrer au Carrefour International du bois \u00e0 Nantes du 28 au 30 mai. Sur r\u00e9servation,il y aura possibilit\u00e9 d&rsquo;une visite comment\u00e9e du Groupe scolaire bas carbone Alice Milliat \u00e0 Nantes, premier projet pour Nantes M\u00e9tropole avec la soci\u00e9t\u00e9 OBM r\u00e9alis\u00e9 gr\u00e2ce la ligne de rev\u00eatement 100% automatis\u00e9e de Stora Enso pour le bois CLT contre l\u2019humidit\u00e9 (livraison pr\u00e9vue \u00e0 l\u2019\u00e9t\u00e9 2024).<\/p>\n","protected":false},"excerpt":{"rendered":"<p>Pour le groupe STORA ENSO WOOD PRODUCTS, leader en Europe de solutions durables \u00e0 base de bois pour l\u2019industrie de la construction en bois avec en moyenne 2 000 projets par an, la construction bois est la solution performante et \u00e9conomique pour les projets de b\u00e2timents durables et notamment dans des endroits extr\u00eames et difficiles [&hellip;]<\/p>\n","protected":false},"author":17,"featured_media":110573,"comment_status":"closed","ping_status":"closed","sticky":false,"template":"","format":"standard","meta":{"_et_pb_use_builder":"","_et_pb_old_content":"","_et_gb_content_width":"","footnotes":""},"categories":[10530,6345,10769,10764],"tags":[2880],"class_list":["post-110572","post","type-post","status-publish","format-standard","has-post-thumbnail","hentry","category-actualites","category-economie-marches","category-publications","category-woodsurfer","tag-ecole"],"yoast_head":"<!-- This site is optimized with the Yoast SEO plugin v27.4 - https:\/\/yoast.com\/product\/yoast-seo-wordpress\/ -->\n<title>STORA ENSO acc\u00e9l\u00e8re le d\u00e9veloppement de r\u00e9novation de groupes scolaires int\u00e9grant du bois<\/title>\n<meta name=\"robots\" content=\"index, follow, max-snippet:-1, max-image-preview:large, max-video-preview:-1\" \/>\n<link rel=\"canonical\" href=\"https:\/\/batijournal.com\/index.php\/stora-enso-accelere-le-developpement-de-renovation-de-groupes-scolaires-integrant-du-bois\/110572\/\" \/>\n<meta property=\"og:locale\" content=\"fr_FR\" \/>\n<meta property=\"og:type\" content=\"article\" \/>\n<meta property=\"og:title\" content=\"STORA ENSO acc\u00e9l\u00e8re le d\u00e9veloppement de r\u00e9novation de groupes scolaires int\u00e9grant du bois\" \/>\n<meta property=\"og:description\" content=\"Pour le groupe STORA ENSO WOOD PRODUCTS, leader en Europe de solutions durables \u00e0 base de bois pour l\u2019industrie de la construction en bois avec en moyenne 2 000 projets par an, la construction bois est la solution performante et \u00e9conomique pour les projets de b\u00e2timents durables et notamment dans des endroits extr\u00eames et difficiles [&hellip;]\" \/>\n<meta property=\"og:url\" content=\"https:\/\/batijournal.com\/index.php\/stora-enso-accelere-le-developpement-de-renovation-de-groupes-scolaires-integrant-du-bois\/110572\/\" \/>\n<meta property=\"og:site_name\" content=\"Batijournal\" \/>\n<meta property=\"article:published_time\" content=\"2024-05-17T15:41:54+00:00\" \/>\n<meta property=\"og:image\" content=\"https:\/\/batijournal.com\/wp-content\/uploads\/2024\/05\/stora-enso.png\" \/>\n\t<meta property=\"og:image:width\" content=\"654\" \/>\n\t<meta property=\"og:image:height\" content=\"308\" \/>\n\t<meta property=\"og:image:type\" content=\"image\/png\" \/>\n<meta name=\"author\" content=\"St\u00e9phane Miget\" \/>\n<meta name=\"twitter:card\" content=\"summary_large_image\" \/>\n<meta name=\"twitter:creator\" content=\"@bati_journal\" \/>\n<meta name=\"twitter:site\" content=\"@bati_journal\" \/>\n<meta name=\"twitter:label1\" content=\"\u00c9crit par\" \/>\n\t<meta name=\"twitter:data1\" content=\"St\u00e9phane Miget\" \/>\n\t<meta name=\"twitter:label2\" content=\"Dur\u00e9e de lecture estim\u00e9e\" \/>\n\t<meta name=\"twitter:data2\" content=\"1 minute\" \/>\n<script type=\"application\/ld+json\" class=\"yoast-schema-graph\">{\"@context\":\"https:\\\/\\\/schema.org\",\"@graph\":[{\"@type\":\"Article\",\"@id\":\"https:\\\/\\\/batijournal.com\\\/index.php\\\/stora-enso-accelere-le-developpement-de-renovation-de-groupes-scolaires-integrant-du-bois\\\/110572\\\/#article\",\"isPartOf\":{\"@id\":\"https:\\\/\\\/batijournal.com\\\/index.php\\\/stora-enso-accelere-le-developpement-de-renovation-de-groupes-scolaires-integrant-du-bois\\\/110572\\\/\"},\"author\":{\"name\":\"St\u00e9phane Miget\",\"@id\":\"https:\\\/\\\/batijournal.com\\\/#\\\/schema\\\/person\\\/1dc96ec6957aa1ccb25ebe78bb19f100\"},\"headline\":\"STORA ENSO acc\u00e9l\u00e8re le d\u00e9veloppement de r\u00e9novation de groupes scolaires int\u00e9grant du bois\",\"datePublished\":\"2024-05-17T15:41:54+00:00\",\"mainEntityOfPage\":{\"@id\":\"https:\\\/\\\/batijournal.com\\\/index.php\\\/stora-enso-accelere-le-developpement-de-renovation-de-groupes-scolaires-integrant-du-bois\\\/110572\\\/\"},\"wordCount\":163,\"image\":{\"@id\":\"https:\\\/\\\/batijournal.com\\\/index.php\\\/stora-enso-accelere-le-developpement-de-renovation-de-groupes-scolaires-integrant-du-bois\\\/110572\\\/#primaryimage\"},\"thumbnailUrl\":\"https:\\\/\\\/batijournal.com\\\/wp-content\\\/uploads\\\/2024\\\/05\\\/stora-enso.png\",\"keywords\":[\"\u00e9cole\"],\"articleSection\":[\"Actualit\u00e9s\",\"\u00c9conomie &amp; March\u00e9s\",\"zz_Actualit\u00e9s - Woodsurfer\",\"zz_Woodsurfer\"],\"inLanguage\":\"fr-FR\"},{\"@type\":\"WebPage\",\"@id\":\"https:\\\/\\\/batijournal.com\\\/index.php\\\/stora-enso-accelere-le-developpement-de-renovation-de-groupes-scolaires-integrant-du-bois\\\/110572\\\/\",\"url\":\"https:\\\/\\\/batijournal.com\\\/index.php\\\/stora-enso-accelere-le-developpement-de-renovation-de-groupes-scolaires-integrant-du-bois\\\/110572\\\/\",\"name\":\"STORA ENSO acc\u00e9l\u00e8re le d\u00e9veloppement de r\u00e9novation de groupes scolaires int\u00e9grant du bois\",\"isPartOf\":{\"@id\":\"https:\\\/\\\/batijournal.com\\\/#website\"},\"primaryImageOfPage\":{\"@id\":\"https:\\\/\\\/batijournal.com\\\/index.php\\\/stora-enso-accelere-le-developpement-de-renovation-de-groupes-scolaires-integrant-du-bois\\\/110572\\\/#primaryimage\"},\"image\":{\"@id\":\"https:\\\/\\\/batijournal.com\\\/index.php\\\/stora-enso-accelere-le-developpement-de-renovation-de-groupes-scolaires-integrant-du-bois\\\/110572\\\/#primaryimage\"},\"thumbnailUrl\":\"https:\\\/\\\/batijournal.com\\\/wp-content\\\/uploads\\\/2024\\\/05\\\/stora-enso.png\",\"datePublished\":\"2024-05-17T15:41:54+00:00\",\"author\":{\"@id\":\"https:\\\/\\\/batijournal.com\\\/#\\\/schema\\\/person\\\/1dc96ec6957aa1ccb25ebe78bb19f100\"},\"breadcrumb\":{\"@id\":\"https:\\\/\\\/batijournal.com\\\/index.php\\\/stora-enso-accelere-le-developpement-de-renovation-de-groupes-scolaires-integrant-du-bois\\\/110572\\\/#breadcrumb\"},\"inLanguage\":\"fr-FR\",\"potentialAction\":[{\"@type\":\"ReadAction\",\"target\":[\"https:\\\/\\\/batijournal.com\\\/index.php\\\/stora-enso-accelere-le-developpement-de-renovation-de-groupes-scolaires-integrant-du-bois\\\/110572\\\/\"]}]},{\"@type\":\"ImageObject\",\"inLanguage\":\"fr-FR\",\"@id\":\"https:\\\/\\\/batijournal.com\\\/index.php\\\/stora-enso-accelere-le-developpement-de-renovation-de-groupes-scolaires-integrant-du-bois\\\/110572\\\/#primaryimage\",\"url\":\"https:\\\/\\\/batijournal.com\\\/wp-content\\\/uploads\\\/2024\\\/05\\\/stora-enso.png\",\"contentUrl\":\"https:\\\/\\\/batijournal.com\\\/wp-content\\\/uploads\\\/2024\\\/05\\\/stora-enso.png\",\"width\":654,\"height\":308},{\"@type\":\"BreadcrumbList\",\"@id\":\"https:\\\/\\\/batijournal.com\\\/index.php\\\/stora-enso-accelere-le-developpement-de-renovation-de-groupes-scolaires-integrant-du-bois\\\/110572\\\/#breadcrumb\",\"itemListElement\":[{\"@type\":\"ListItem\",\"position\":1,\"name\":\"Accueil\",\"item\":\"https:\\\/\\\/batijournal.com\\\/\"},{\"@type\":\"ListItem\",\"position\":2,\"name\":\"Actualit\u00e9s\",\"item\":\"https:\\\/\\\/batijournal.com\\\/index.php\\\/category\\\/actualites\\\/\"},{\"@type\":\"ListItem\",\"position\":3,\"name\":\"STORA ENSO acc\u00e9l\u00e8re le d\u00e9veloppement de r\u00e9novation de groupes scolaires int\u00e9grant du bois\"}]},{\"@type\":\"WebSite\",\"@id\":\"https:\\\/\\\/batijournal.com\\\/#website\",\"url\":\"https:\\\/\\\/batijournal.com\\\/\",\"name\":\"Batijournal\",\"description\":\"L&#039;actualit\u00e9 du b\u00e2timent\",\"potentialAction\":[{\"@type\":\"SearchAction\",\"target\":{\"@type\":\"EntryPoint\",\"urlTemplate\":\"https:\\\/\\\/batijournal.com\\\/?s={search_term_string}\"},\"query-input\":{\"@type\":\"PropertyValueSpecification\",\"valueRequired\":true,\"valueName\":\"search_term_string\"}}],\"inLanguage\":\"fr-FR\"},{\"@type\":\"Person\",\"@id\":\"https:\\\/\\\/batijournal.com\\\/#\\\/schema\\\/person\\\/1dc96ec6957aa1ccb25ebe78bb19f100\",\"name\":\"St\u00e9phane Miget\",\"image\":{\"@type\":\"ImageObject\",\"inLanguage\":\"fr-FR\",\"@id\":\"https:\\\/\\\/secure.gravatar.com\\\/avatar\\\/89915563d925342126b8ef0281b93d9d7fc337043e8df017f780908eb9644451?s=96&d=mm&r=g\",\"url\":\"https:\\\/\\\/secure.gravatar.com\\\/avatar\\\/89915563d925342126b8ef0281b93d9d7fc337043e8df017f780908eb9644451?s=96&d=mm&r=g\",\"contentUrl\":\"https:\\\/\\\/secure.gravatar.com\\\/avatar\\\/89915563d925342126b8ef0281b93d9d7fc337043e8df017f780908eb9644451?s=96&d=mm&r=g\",\"caption\":\"St\u00e9phane Miget\"},\"url\":\"https:\\\/\\\/batijournal.com\\\/index.php\\\/author\\\/stephane\\\/\"}]}<\/script>\n<!-- \/ Yoast SEO plugin. -->","yoast_head_json":{"title":"STORA ENSO acc\u00e9l\u00e8re le d\u00e9veloppement de r\u00e9novation de groupes scolaires int\u00e9grant du bois","robots":{"index":"index","follow":"follow","max-snippet":"max-snippet:-1","max-image-preview":"max-image-preview:large","max-video-preview":"max-video-preview:-1"},"canonical":"https:\/\/batijournal.com\/index.php\/stora-enso-accelere-le-developpement-de-renovation-de-groupes-scolaires-integrant-du-bois\/110572\/","og_locale":"fr_FR","og_type":"article","og_title":"STORA ENSO acc\u00e9l\u00e8re le d\u00e9veloppement de r\u00e9novation de groupes scolaires int\u00e9grant du bois","og_description":"Pour le groupe STORA ENSO WOOD PRODUCTS, leader en Europe de solutions durables \u00e0 base de bois pour l\u2019industrie de la construction en bois avec en moyenne 2 000 projets par an, la construction bois est la solution performante et \u00e9conomique pour les projets de b\u00e2timents durables et notamment dans des endroits extr\u00eames et difficiles [&hellip;]","og_url":"https:\/\/batijournal.com\/index.php\/stora-enso-accelere-le-developpement-de-renovation-de-groupes-scolaires-integrant-du-bois\/110572\/","og_site_name":"Batijournal","article_published_time":"2024-05-17T15:41:54+00:00","og_image":[{"width":654,"height":308,"url":"https:\/\/batijournal.com\/wp-content\/uploads\/2024\/05\/stora-enso.png","type":"image\/png"}],"author":"St\u00e9phane Miget","twitter_card":"summary_large_image","twitter_creator":"@bati_journal","twitter_site":"@bati_journal","twitter_misc":{"\u00c9crit par":"St\u00e9phane Miget","Dur\u00e9e de lecture estim\u00e9e":"1 minute"},"schema":{"@context":"https:\/\/schema.org","@graph":[{"@type":"Article","@id":"https:\/\/batijournal.com\/index.php\/stora-enso-accelere-le-developpement-de-renovation-de-groupes-scolaires-integrant-du-bois\/110572\/#article","isPartOf":{"@id":"https:\/\/batijournal.com\/index.php\/stora-enso-accelere-le-developpement-de-renovation-de-groupes-scolaires-integrant-du-bois\/110572\/"},"author":{"name":"St\u00e9phane Miget","@id":"https:\/\/batijournal.com\/#\/schema\/person\/1dc96ec6957aa1ccb25ebe78bb19f100"},"headline":"STORA ENSO acc\u00e9l\u00e8re le d\u00e9veloppement de r\u00e9novation de groupes scolaires int\u00e9grant du bois","datePublished":"2024-05-17T15:41:54+00:00","mainEntityOfPage":{"@id":"https:\/\/batijournal.com\/index.php\/stora-enso-accelere-le-developpement-de-renovation-de-groupes-scolaires-integrant-du-bois\/110572\/"},"wordCount":163,"image":{"@id":"https:\/\/batijournal.com\/index.php\/stora-enso-accelere-le-developpement-de-renovation-de-groupes-scolaires-integrant-du-bois\/110572\/#primaryimage"},"thumbnailUrl":"https:\/\/batijournal.com\/wp-content\/uploads\/2024\/05\/stora-enso.png","keywords":["\u00e9cole"],"articleSection":["Actualit\u00e9s","\u00c9conomie &amp; March\u00e9s","zz_Actualit\u00e9s - Woodsurfer","zz_Woodsurfer"],"inLanguage":"fr-FR"},{"@type":"WebPage","@id":"https:\/\/batijournal.com\/index.php\/stora-enso-accelere-le-developpement-de-renovation-de-groupes-scolaires-integrant-du-bois\/110572\/","url":"https:\/\/batijournal.com\/index.php\/stora-enso-accelere-le-developpement-de-renovation-de-groupes-scolaires-integrant-du-bois\/110572\/","name":"STORA ENSO acc\u00e9l\u00e8re le d\u00e9veloppement de r\u00e9novation de groupes scolaires int\u00e9grant du bois","isPartOf":{"@id":"https:\/\/batijournal.com\/#website"},"primaryImageOfPage":{"@id":"https:\/\/batijournal.com\/index.php\/stora-enso-accelere-le-developpement-de-renovation-de-groupes-scolaires-integrant-du-bois\/110572\/#primaryimage"},"image":{"@id":"https:\/\/batijournal.com\/index.php\/stora-enso-accelere-le-developpement-de-renovation-de-groupes-scolaires-integrant-du-bois\/110572\/#primaryimage"},"thumbnailUrl":"https:\/\/batijournal.com\/wp-content\/uploads\/2024\/05\/stora-enso.png","datePublished":"2024-05-17T15:41:54+00:00","author":{"@id":"https:\/\/batijournal.com\/#\/schema\/person\/1dc96ec6957aa1ccb25ebe78bb19f100"},"breadcrumb":{"@id":"https:\/\/batijournal.com\/index.php\/stora-enso-accelere-le-developpement-de-renovation-de-groupes-scolaires-integrant-du-bois\/110572\/#breadcrumb"},"inLanguage":"fr-FR","potentialAction":[{"@type":"ReadAction","target":["https:\/\/batijournal.com\/index.php\/stora-enso-accelere-le-developpement-de-renovation-de-groupes-scolaires-integrant-du-bois\/110572\/"]}]},{"@type":"ImageObject","inLanguage":"fr-FR","@id":"https:\/\/batijournal.com\/index.php\/stora-enso-accelere-le-developpement-de-renovation-de-groupes-scolaires-integrant-du-bois\/110572\/#primaryimage","url":"https:\/\/batijournal.com\/wp-content\/uploads\/2024\/05\/stora-enso.png","contentUrl":"https:\/\/batijournal.com\/wp-content\/uploads\/2024\/05\/stora-enso.png","width":654,"height":308},{"@type":"BreadcrumbList","@id":"https:\/\/batijournal.com\/index.php\/stora-enso-accelere-le-developpement-de-renovation-de-groupes-scolaires-integrant-du-bois\/110572\/#breadcrumb","itemListElement":[{"@type":"ListItem","position":1,"name":"Accueil","item":"https:\/\/batijournal.com\/"},{"@type":"ListItem","position":2,"name":"Actualit\u00e9s","item":"https:\/\/batijournal.com\/index.php\/category\/actualites\/"},{"@type":"ListItem","position":3,"name":"STORA ENSO acc\u00e9l\u00e8re le d\u00e9veloppement de r\u00e9novation de groupes scolaires int\u00e9grant du bois"}]},{"@type":"WebSite","@id":"https:\/\/batijournal.com\/#website","url":"https:\/\/batijournal.com\/","name":"Batijournal","description":"L&#039;actualit\u00e9 du b\u00e2timent","potentialAction":[{"@type":"SearchAction","target":{"@type":"EntryPoint","urlTemplate":"https:\/\/batijournal.com\/?s={search_term_string}"},"query-input":{"@type":"PropertyValueSpecification","valueRequired":true,"valueName":"search_term_string"}}],"inLanguage":"fr-FR"},{"@type":"Person","@id":"https:\/\/batijournal.com\/#\/schema\/person\/1dc96ec6957aa1ccb25ebe78bb19f100","name":"St\u00e9phane Miget","image":{"@type":"ImageObject","inLanguage":"fr-FR","@id":"https:\/\/secure.gravatar.com\/avatar\/89915563d925342126b8ef0281b93d9d7fc337043e8df017f780908eb9644451?s=96&d=mm&r=g","url":"https:\/\/secure.gravatar.com\/avatar\/89915563d925342126b8ef0281b93d9d7fc337043e8df017f780908eb9644451?s=96&d=mm&r=g","contentUrl":"https:\/\/secure.gravatar.com\/avatar\/89915563d925342126b8ef0281b93d9d7fc337043e8df017f780908eb9644451?s=96&d=mm&r=g","caption":"St\u00e9phane Miget"},"url":"https:\/\/batijournal.com\/index.php\/author\/stephane\/"}]}},"_links":{"self":[{"href":"https:\/\/batijournal.com\/index.php\/wp-json\/wp\/v2\/posts\/110572","targetHints":{"allow":["GET"]}}],"collection":[{"href":"https:\/\/batijournal.com\/index.php\/wp-json\/wp\/v2\/posts"}],"about":[{"href":"https:\/\/batijournal.com\/index.php\/wp-json\/wp\/v2\/types\/post"}],"author":[{"embeddable":true,"href":"https:\/\/batijournal.com\/index.php\/wp-json\/wp\/v2\/users\/17"}],"replies":[{"embeddable":true,"href":"https:\/\/batijournal.com\/index.php\/wp-json\/wp\/v2\/comments?post=110572"}],"version-history":[{"count":0,"href":"https:\/\/batijournal.com\/index.php\/wp-json\/wp\/v2\/posts\/110572\/revisions"}],"wp:featuredmedia":[{"embeddable":true,"href":"https:\/\/batijournal.com\/index.php\/wp-json\/wp\/v2\/media\/110573"}],"wp:attachment":[{"href":"https:\/\/batijournal.com\/index.php\/wp-json\/wp\/v2\/media?parent=110572"}],"wp:term":[{"taxonomy":"category","embeddable":true,"href":"https:\/\/batijournal.com\/index.php\/wp-json\/wp\/v2\/categories?post=110572"},{"taxonomy":"post_tag","embeddable":true,"href":"https:\/\/batijournal.com\/index.php\/wp-json\/wp\/v2\/tags?post=110572"}],"curies":[{"name":"wp","href":"https:\/\/api.w.org\/{rel}","templated":true}]}}