{"id":110584,"date":"2024-05-23T10:58:46","date_gmt":"2024-05-23T08:58:46","guid":{"rendered":"https:\/\/batijournal.com\/?p=110584"},"modified":"2024-05-24T11:06:27","modified_gmt":"2024-05-24T09:06:27","slug":"nouvelle-edition-du-plateau-tv-bati-journal-au-carrefour-international-du-bois","status":"publish","type":"post","link":"https:\/\/batijournal.com\/index.php\/nouvelle-edition-du-plateau-tv-bati-journal-au-carrefour-international-du-bois\/110584\/","title":{"rendered":"Nouvelle \u00e9dition du plateau TV Bati-Journal au Carrefour International du Bois !"},"content":{"rendered":"<p>\u00c0 l&rsquo;occasion du Carrefour international du bois, qui se tiendra \u00e0 Nantes du 28 au 30 mai prochain, les \u00e9quipes de <a href=\"https:\/\/batijournal.com\" target=\"_blank\" rel=\"noopener\">Bati-Journal<\/a> seront pr\u00e9sentes avec une nouvelle \u00e9dition de son plateau TV. Cette animation est organis\u00e9e par <a href=\"https:\/\/www.editions-des-halles.fr\" target=\"_blank\" rel=\"noopener\">\u00c9ditions des Halles<\/a> et le <a href=\"https:\/\/www.timbershow.com\" target=\"_blank\" rel=\"noopener\">Carrefour international du bois<\/a>, avec le soutien du <a href=\"https:\/\/www.codifab.fr\" target=\"_blank\" rel=\"noopener\">CODIFAB<\/a> (Comit\u00e9 professionnel de D\u00e9veloppement des Industries Fran\u00e7aises de l\u2019Ameublement et du Bois) et de la <a href=\"https:\/\/www.fnbois.com\" target=\"_blank\" rel=\"noopener\">FNB<\/a> (F\u00e9d\u00e9ration nationale du bois), en partenariat avec les magazines <a href=\"https:\/\/www.woodsurfer.com\" target=\"_blank\" rel=\"noopener\">Wood Surfer<\/a> et <a href=\"https:\/\/www.l-atelier-bois.com\" target=\"_blank\" rel=\"noopener\">L\u2019Atelier Bois<\/a> et sera anim\u00e9e par St\u00e9phane Miget, journaliste sp\u00e9cialiste b\u00e2timent construction.<\/p>\n<p>Pendant ces trois jours, vous pourrez venir assister au tournage des \u00e9missions sur notre plateau TV (Hall XXL stand I-19) ou retrouver toutes les vid\u00e9os sur <a href=\"https:\/\/www.youtube.com\/@Batijournal-tv\" target=\"_blank\" rel=\"noopener\">notre cha\u00eene YouTube<\/a>.<\/p>\n<p><iframe loading=\"lazy\" title=\"Plateau TV Carrefour International du Bois 2024\" width=\"1080\" height=\"608\" src=\"https:\/\/www.youtube.com\/embed\/0UQQ8rdYPL0?feature=oembed\"  allow=\"accelerometer; autoplay; clipboard-write; encrypted-media; gyroscope; picture-in-picture; web-share\" referrerpolicy=\"strict-origin-when-cross-origin\" allowfullscreen><\/iframe><\/p>\n<p><strong>Au programme pour cette \u00e9dition (non d\u00e9finitif) :<\/strong><\/p>\n<p><strong>Mardi 28 mai<\/strong><\/p>\n<ul>\n<li>10h30 &#8211; <strong>Plans d&rsquo;actions propos\u00e9s sur les essences feuillus secondaires<\/strong> avec Fabienne Delabouglise (Fibois Hauts-de-France), Fanny Cadoret (Fibois Hauts-de-France) et Jade Housay (Fibois \u00cele de France)<\/li>\n<li>11h30 &#8211; <strong>L&rsquo;am\u00e9nagement int\u00e9rieur en bois fran\u00e7ais<\/strong> avec Jean-Denis Forterre (F\u00e9d\u00e9ration nationale du bois), Jean-Marc Legrand (BerryWood) et Fr\u00e9d\u00e9ric Castaings (ABPANO)<\/li>\n<li>12h30 &#8211; <strong>La parole au groupe ISB<\/strong> avec Manel Eon<\/li>\n<li>13h30 &#8211; <strong>RESOBOIS, la nouvelle plateforme pour d\u00e9velopper le bois construction<\/strong> avec C\u00e9line Barbier (Bois de France)<\/li>\n<li>14h00 &#8211; <strong>Comment s\u00e9curiser un projet \u00ab\u00a0hors-site\u00a0\u00bb en construction bois ?<\/strong> avec Denis Dagoury (Socotec)<\/li>\n<li>14h30 &#8211; <strong>Les march\u00e9s en France et \u00e0 l&rsquo;international<\/strong> avec Eric Toppan (Fransylva) et Jean-Fran\u00e7ois Guilbert (French Timber)<\/li>\n<li>15h00 &#8211; <strong>La parole \u00e0 Piveteau Bois<\/strong> avec Gw\u00e9nol\u00e9 Lees<\/li>\n<li>15h30 &#8211;<strong> La parole au Groupe Deschaumes<\/strong> avec Samuel Deschaumes<\/li>\n<li>16h00 &#8211; <strong>Prescrire le bois \u00e0 l&rsquo;\u00e9chelle des r\u00e9gions<\/strong> avec Lucie Meunier (Fibois France) et J\u00e9r\u00f4me Martinez (Bois de France)<\/li>\n<li>16h30 &#8211; <strong>La parole \u00e0 Bjelin<\/strong> avec David Sarcinella<\/li>\n<li>17h00 &#8211;<strong> Produits Bois Made in France : tendance forte 2024 pour les architectes d&rsquo;int\u00e9rieurs et designers<\/strong> avec Sarah Laroussi (CNDB), Marie-C\u00e9cile Pinson (My Wooden Life) et Jean-Denis Forterre (FNB)<\/li>\n<li>17h30 &#8211;<strong> La parole au Groupe Durieu<\/strong> avec J\u00e9r\u00f4me Dauve<\/li>\n<\/ul>\n<p><strong>Mercredi 29 mai<\/strong><\/p>\n<ul>\n<li>09h30 &#8211; <strong>BLC, CLT, LVL : l&rsquo;offre made in France<\/strong> avec Dominique Cottineau (UICB), Arnaud Fenestre (FCB Charpentes) et Gw\u00e9nol\u00e9 Lees (Piveteau Bois)<\/li>\n<li>10h30 &#8211; <strong>Immeubles multi-\u00e9tages en bois : quels \u00e9quilibre technico-\u00e9conomiques ?<\/strong> avec Julien Brisebourg (Bouygues Immobilier) et Bastien Boutelou (Woodeum)<\/li>\n<li>11h00 &#8211; <strong>La parole \u00e0 SwissKrono<\/strong> avec S\u00e9bastien Marchal<\/li>\n<li>11h30 &#8211;<strong> L&#8217;emploi dans la fili\u00e8re bois<\/strong> : de multiples opportunit\u00e9s (Very Wood M\u00e9tiers) avec L\u00e9a Charron (FNB)<\/li>\n<li>12h30 &#8211; <strong>La parole \u00e0 FSC<\/strong> avec Guillaume Dahringer<\/li>\n<li>13h30 &#8211;\u00a0<strong>Les bois autoclaves, une solution p\u00e9renne en bois fran\u00e7ais<\/strong> avec Jean-Denis Forterre (FNB)<\/li>\n<li>14h00 &#8211;<strong> Pr\u00e9sentation des dispositifs de soutien \u00e0 la fili\u00e8re bois dans le cadre la planification \u00e9cologique<\/strong> avec Sylvain Bordebeure (Ademe), St\u00e9phane Prigent (Fibois Pays de la Loire) et Nicolas Douzain-Didier (FNB)<\/li>\n<li>15h00 &#8211;<strong> Innovation entreprise &amp; technique : jumeaux num\u00e9rique dans la fili\u00e8re bois construction<\/strong> avec Thierry Albert (Beam 3) et Maxime Besnard (Piveteau Bois)<\/li>\n<li>15h30 &#8211; <strong>Upcycling : le bois au c\u0153ur de l&rsquo;\u00e9conomie responsable avec <\/strong>S\u00e9bastien Poussielgue (The Minimum)<\/li>\n<li>17h30 &#8211; <strong>Femmes For\u00eat Bois : f\u00e9miniser les m\u00e9tiers de la for\u00eat et du bois<\/strong> avec Sarah Laroussi (CNDB) et Chantal Zimmer (Zimmer)<\/li>\n<\/ul>\n<p><strong>Jeudi 30 mai<\/strong><\/p>\n<ul>\n<li>09h30 &#8211; <strong>Produits bois construction labellis\u00e9s Bois de France, l&rsquo;offre s&rsquo;\u00e9toffe ! <\/strong>avec Christophe\u00a0Gramond (Cosylva), Maxime\u00a0Castel (Groupe Lefebvre) et Mathieu\u00a0ROBERT (Groupe Thebault)<\/li>\n<li>10h30 &#8211; <strong>Pr\u00e9sentation de l&rsquo;Acad\u00e9mie du Commerce du Bois (LCB), des formations au format e-learning d\u00e9velopp\u00e9es par des professionnels pour des professionnels<\/strong> avec Arnaud Hetroit (Le Commerce du Bois)<\/li>\n<li>11h00 &#8211; <strong>Emplois, formations, RH dans la fili\u00e8re for\u00eat bois<\/strong> avec Roland Grilleres (France Travail), Karine Bouhier (LCA Construction Bois) et Arnaud Godevin (\u00c9cole Sup\u00e9rieure du Bois)<\/li>\n<li>14h00 &#8211; <strong>Hors-site : quand la pr\u00e9fabrication bois change d&rsquo;\u00e9chelles<\/strong> avec Sarah Laroussi (CNDB) et Julien Meha (Meha Construction)<\/li>\n<li>15h00 &#8211; <strong>Le WoodTech Startup Challenge : lancement du concours national de startups de la fili\u00e8re for\u00eat bois<\/strong> avec David Annic (WoodTech) et Fr\u00e9d\u00e9ric Carteret (Xylofutur)<\/li>\n<\/ul>\n<p><strong>Suivez l\u2019actualit\u00e9 du plateau en direct sur notre compte <a href=\"https:\/\/www.linkedin.com\/showcase\/bati-journal\/\" target=\"_blank\" rel=\"noopener\">LinkedIn !<\/a><\/strong><\/p>\n","protected":false},"excerpt":{"rendered":"<p>\u00c0 l&rsquo;occasion du Carrefour international du bois, qui se tiendra \u00e0 Nantes du 28 au 30 mai prochain, les \u00e9quipes de Bati-Journal seront pr\u00e9sentes avec une nouvelle \u00e9dition de son plateau TV. Cette animation est organis\u00e9e par \u00c9ditions des Halles et le Carrefour international du bois, avec le soutien du CODIFAB (Comit\u00e9 professionnel de D\u00e9veloppement [&hellip;]<\/p>\n","protected":false},"author":1,"featured_media":110585,"comment_status":"closed","ping_status":"closed","sticky":false,"template":"","format":"standard","meta":{"_et_pb_use_builder":"","_et_pb_old_content":"","_et_gb_content_width":"","footnotes":""},"categories":[10530,10769,10764],"tags":[46,12501],"class_list":["post-110584","post","type-post","status-publish","format-standard","has-post-thumbnail","hentry","category-actualites","category-publications","category-woodsurfer","tag-carrefour-du-bois","tag-plateau-tv"],"yoast_head":"<!-- This site is optimized with the Yoast SEO plugin v27.4 - https:\/\/yoast.com\/product\/yoast-seo-wordpress\/ -->\n<title>Nouvelle \u00e9dition du plateau TV Bati-Journal au Carrefour International du Bois !<\/title>\n<meta name=\"robots\" content=\"index, follow, max-snippet:-1, max-image-preview:large, max-video-preview:-1\" \/>\n<link rel=\"canonical\" href=\"https:\/\/batijournal.com\/index.php\/nouvelle-edition-du-plateau-tv-bati-journal-au-carrefour-international-du-bois\/110584\/\" \/>\n<meta property=\"og:locale\" content=\"fr_FR\" \/>\n<meta property=\"og:type\" content=\"article\" \/>\n<meta property=\"og:title\" content=\"Nouvelle \u00e9dition du plateau TV Bati-Journal au Carrefour International du Bois !\" \/>\n<meta property=\"og:description\" content=\"\u00c0 l&rsquo;occasion du Carrefour international du bois, qui se tiendra \u00e0 Nantes du 28 au 30 mai prochain, les \u00e9quipes de Bati-Journal seront pr\u00e9sentes avec une nouvelle \u00e9dition de son plateau TV. Cette animation est organis\u00e9e par \u00c9ditions des Halles et le Carrefour international du bois, avec le soutien du CODIFAB (Comit\u00e9 professionnel de D\u00e9veloppement [&hellip;]\" \/>\n<meta property=\"og:url\" content=\"https:\/\/batijournal.com\/index.php\/nouvelle-edition-du-plateau-tv-bati-journal-au-carrefour-international-du-bois\/110584\/\" \/>\n<meta property=\"og:site_name\" content=\"Batijournal\" \/>\n<meta property=\"article:published_time\" content=\"2024-05-23T08:58:46+00:00\" \/>\n<meta property=\"article:modified_time\" content=\"2024-05-24T09:06:27+00:00\" \/>\n<meta property=\"og:image\" content=\"https:\/\/batijournal.com\/wp-content\/uploads\/2024\/05\/CIB18_1.jpeg\" \/>\n\t<meta property=\"og:image:width\" content=\"2048\" \/>\n\t<meta property=\"og:image:height\" content=\"1536\" \/>\n\t<meta property=\"og:image:type\" content=\"image\/jpeg\" \/>\n<meta name=\"author\" content=\"Bati-journal\" \/>\n<meta name=\"twitter:card\" content=\"summary_large_image\" \/>\n<meta name=\"twitter:creator\" content=\"@bati_journal\" \/>\n<meta name=\"twitter:site\" content=\"@bati_journal\" \/>\n<meta name=\"twitter:label1\" content=\"\u00c9crit par\" \/>\n\t<meta name=\"twitter:data1\" content=\"Bati-journal\" \/>\n\t<meta name=\"twitter:label2\" content=\"Dur\u00e9e de lecture estim\u00e9e\" \/>\n\t<meta name=\"twitter:data2\" content=\"4 minutes\" \/>\n<script type=\"application\/ld+json\" class=\"yoast-schema-graph\">{\"@context\":\"https:\\\/\\\/schema.org\",\"@graph\":[{\"@type\":\"Article\",\"@id\":\"https:\\\/\\\/batijournal.com\\\/index.php\\\/nouvelle-edition-du-plateau-tv-bati-journal-au-carrefour-international-du-bois\\\/110584\\\/#article\",\"isPartOf\":{\"@id\":\"https:\\\/\\\/batijournal.com\\\/index.php\\\/nouvelle-edition-du-plateau-tv-bati-journal-au-carrefour-international-du-bois\\\/110584\\\/\"},\"author\":{\"name\":\"Bati-journal\",\"@id\":\"https:\\\/\\\/batijournal.com\\\/#\\\/schema\\\/person\\\/6a657e8967569e1b299972574848aa76\"},\"headline\":\"Nouvelle \u00e9dition du plateau TV Bati-Journal au Carrefour International du Bois !\",\"datePublished\":\"2024-05-23T08:58:46+00:00\",\"dateModified\":\"2024-05-24T09:06:27+00:00\",\"mainEntityOfPage\":{\"@id\":\"https:\\\/\\\/batijournal.com\\\/index.php\\\/nouvelle-edition-du-plateau-tv-bati-journal-au-carrefour-international-du-bois\\\/110584\\\/\"},\"wordCount\":733,\"image\":{\"@id\":\"https:\\\/\\\/batijournal.com\\\/index.php\\\/nouvelle-edition-du-plateau-tv-bati-journal-au-carrefour-international-du-bois\\\/110584\\\/#primaryimage\"},\"thumbnailUrl\":\"https:\\\/\\\/batijournal.com\\\/wp-content\\\/uploads\\\/2024\\\/05\\\/CIB18_1.jpeg\",\"keywords\":[\"carrefour du bois\",\"plateau TV\"],\"articleSection\":[\"Actualit\u00e9s\",\"zz_Actualit\u00e9s - Woodsurfer\",\"zz_Woodsurfer\"],\"inLanguage\":\"fr-FR\"},{\"@type\":\"WebPage\",\"@id\":\"https:\\\/\\\/batijournal.com\\\/index.php\\\/nouvelle-edition-du-plateau-tv-bati-journal-au-carrefour-international-du-bois\\\/110584\\\/\",\"url\":\"https:\\\/\\\/batijournal.com\\\/index.php\\\/nouvelle-edition-du-plateau-tv-bati-journal-au-carrefour-international-du-bois\\\/110584\\\/\",\"name\":\"Nouvelle \u00e9dition du plateau TV Bati-Journal au Carrefour International du Bois !\",\"isPartOf\":{\"@id\":\"https:\\\/\\\/batijournal.com\\\/#website\"},\"primaryImageOfPage\":{\"@id\":\"https:\\\/\\\/batijournal.com\\\/index.php\\\/nouvelle-edition-du-plateau-tv-bati-journal-au-carrefour-international-du-bois\\\/110584\\\/#primaryimage\"},\"image\":{\"@id\":\"https:\\\/\\\/batijournal.com\\\/index.php\\\/nouvelle-edition-du-plateau-tv-bati-journal-au-carrefour-international-du-bois\\\/110584\\\/#primaryimage\"},\"thumbnailUrl\":\"https:\\\/\\\/batijournal.com\\\/wp-content\\\/uploads\\\/2024\\\/05\\\/CIB18_1.jpeg\",\"datePublished\":\"2024-05-23T08:58:46+00:00\",\"dateModified\":\"2024-05-24T09:06:27+00:00\",\"author\":{\"@id\":\"https:\\\/\\\/batijournal.com\\\/#\\\/schema\\\/person\\\/6a657e8967569e1b299972574848aa76\"},\"breadcrumb\":{\"@id\":\"https:\\\/\\\/batijournal.com\\\/index.php\\\/nouvelle-edition-du-plateau-tv-bati-journal-au-carrefour-international-du-bois\\\/110584\\\/#breadcrumb\"},\"inLanguage\":\"fr-FR\",\"potentialAction\":[{\"@type\":\"ReadAction\",\"target\":[\"https:\\\/\\\/batijournal.com\\\/index.php\\\/nouvelle-edition-du-plateau-tv-bati-journal-au-carrefour-international-du-bois\\\/110584\\\/\"]}]},{\"@type\":\"ImageObject\",\"inLanguage\":\"fr-FR\",\"@id\":\"https:\\\/\\\/batijournal.com\\\/index.php\\\/nouvelle-edition-du-plateau-tv-bati-journal-au-carrefour-international-du-bois\\\/110584\\\/#primaryimage\",\"url\":\"https:\\\/\\\/batijournal.com\\\/wp-content\\\/uploads\\\/2024\\\/05\\\/CIB18_1.jpeg\",\"contentUrl\":\"https:\\\/\\\/batijournal.com\\\/wp-content\\\/uploads\\\/2024\\\/05\\\/CIB18_1.jpeg\",\"width\":2048,\"height\":1536},{\"@type\":\"BreadcrumbList\",\"@id\":\"https:\\\/\\\/batijournal.com\\\/index.php\\\/nouvelle-edition-du-plateau-tv-bati-journal-au-carrefour-international-du-bois\\\/110584\\\/#breadcrumb\",\"itemListElement\":[{\"@type\":\"ListItem\",\"position\":1,\"name\":\"Accueil\",\"item\":\"https:\\\/\\\/batijournal.com\\\/\"},{\"@type\":\"ListItem\",\"position\":2,\"name\":\"zz_Woodsurfer\",\"item\":\"https:\\\/\\\/batijournal.com\\\/index.php\\\/category\\\/woodsurfer\\\/\"},{\"@type\":\"ListItem\",\"position\":3,\"name\":\"zz_Actualit\u00e9s - Woodsurfer\",\"item\":\"https:\\\/\\\/batijournal.com\\\/index.php\\\/category\\\/woodsurfer\\\/publications\\\/\"},{\"@type\":\"ListItem\",\"position\":4,\"name\":\"Nouvelle \u00e9dition du plateau TV Bati-Journal au Carrefour International du Bois !\"}]},{\"@type\":\"WebSite\",\"@id\":\"https:\\\/\\\/batijournal.com\\\/#website\",\"url\":\"https:\\\/\\\/batijournal.com\\\/\",\"name\":\"Batijournal\",\"description\":\"L&#039;actualit\u00e9 du b\u00e2timent\",\"potentialAction\":[{\"@type\":\"SearchAction\",\"target\":{\"@type\":\"EntryPoint\",\"urlTemplate\":\"https:\\\/\\\/batijournal.com\\\/?s={search_term_string}\"},\"query-input\":{\"@type\":\"PropertyValueSpecification\",\"valueRequired\":true,\"valueName\":\"search_term_string\"}}],\"inLanguage\":\"fr-FR\"},{\"@type\":\"Person\",\"@id\":\"https:\\\/\\\/batijournal.com\\\/#\\\/schema\\\/person\\\/6a657e8967569e1b299972574848aa76\",\"name\":\"Bati-journal\",\"image\":{\"@type\":\"ImageObject\",\"inLanguage\":\"fr-FR\",\"@id\":\"https:\\\/\\\/secure.gravatar.com\\\/avatar\\\/a64364ea26392f9b4dd47e017ddaec74ff03aefc073b49e492e847201258f777?s=96&d=mm&r=g\",\"url\":\"https:\\\/\\\/secure.gravatar.com\\\/avatar\\\/a64364ea26392f9b4dd47e017ddaec74ff03aefc073b49e492e847201258f777?s=96&d=mm&r=g\",\"contentUrl\":\"https:\\\/\\\/secure.gravatar.com\\\/avatar\\\/a64364ea26392f9b4dd47e017ddaec74ff03aefc073b49e492e847201258f777?s=96&d=mm&r=g\",\"caption\":\"Bati-journal\"},\"url\":\"https:\\\/\\\/batijournal.com\\\/index.php\\\/author\\\/elodie\\\/\"}]}<\/script>\n<!-- \/ Yoast SEO plugin. -->","yoast_head_json":{"title":"Nouvelle \u00e9dition du plateau TV Bati-Journal au Carrefour International du Bois !","robots":{"index":"index","follow":"follow","max-snippet":"max-snippet:-1","max-image-preview":"max-image-preview:large","max-video-preview":"max-video-preview:-1"},"canonical":"https:\/\/batijournal.com\/index.php\/nouvelle-edition-du-plateau-tv-bati-journal-au-carrefour-international-du-bois\/110584\/","og_locale":"fr_FR","og_type":"article","og_title":"Nouvelle \u00e9dition du plateau TV Bati-Journal au Carrefour International du Bois !","og_description":"\u00c0 l&rsquo;occasion du Carrefour international du bois, qui se tiendra \u00e0 Nantes du 28 au 30 mai prochain, les \u00e9quipes de Bati-Journal seront pr\u00e9sentes avec une nouvelle \u00e9dition de son plateau TV. Cette animation est organis\u00e9e par \u00c9ditions des Halles et le Carrefour international du bois, avec le soutien du CODIFAB (Comit\u00e9 professionnel de D\u00e9veloppement [&hellip;]","og_url":"https:\/\/batijournal.com\/index.php\/nouvelle-edition-du-plateau-tv-bati-journal-au-carrefour-international-du-bois\/110584\/","og_site_name":"Batijournal","article_published_time":"2024-05-23T08:58:46+00:00","article_modified_time":"2024-05-24T09:06:27+00:00","og_image":[{"width":2048,"height":1536,"url":"https:\/\/batijournal.com\/wp-content\/uploads\/2024\/05\/CIB18_1.jpeg","type":"image\/jpeg"}],"author":"Bati-journal","twitter_card":"summary_large_image","twitter_creator":"@bati_journal","twitter_site":"@bati_journal","twitter_misc":{"\u00c9crit par":"Bati-journal","Dur\u00e9e de lecture estim\u00e9e":"4 minutes"},"schema":{"@context":"https:\/\/schema.org","@graph":[{"@type":"Article","@id":"https:\/\/batijournal.com\/index.php\/nouvelle-edition-du-plateau-tv-bati-journal-au-carrefour-international-du-bois\/110584\/#article","isPartOf":{"@id":"https:\/\/batijournal.com\/index.php\/nouvelle-edition-du-plateau-tv-bati-journal-au-carrefour-international-du-bois\/110584\/"},"author":{"name":"Bati-journal","@id":"https:\/\/batijournal.com\/#\/schema\/person\/6a657e8967569e1b299972574848aa76"},"headline":"Nouvelle \u00e9dition du plateau TV Bati-Journal au Carrefour International du Bois !","datePublished":"2024-05-23T08:58:46+00:00","dateModified":"2024-05-24T09:06:27+00:00","mainEntityOfPage":{"@id":"https:\/\/batijournal.com\/index.php\/nouvelle-edition-du-plateau-tv-bati-journal-au-carrefour-international-du-bois\/110584\/"},"wordCount":733,"image":{"@id":"https:\/\/batijournal.com\/index.php\/nouvelle-edition-du-plateau-tv-bati-journal-au-carrefour-international-du-bois\/110584\/#primaryimage"},"thumbnailUrl":"https:\/\/batijournal.com\/wp-content\/uploads\/2024\/05\/CIB18_1.jpeg","keywords":["carrefour du bois","plateau TV"],"articleSection":["Actualit\u00e9s","zz_Actualit\u00e9s - Woodsurfer","zz_Woodsurfer"],"inLanguage":"fr-FR"},{"@type":"WebPage","@id":"https:\/\/batijournal.com\/index.php\/nouvelle-edition-du-plateau-tv-bati-journal-au-carrefour-international-du-bois\/110584\/","url":"https:\/\/batijournal.com\/index.php\/nouvelle-edition-du-plateau-tv-bati-journal-au-carrefour-international-du-bois\/110584\/","name":"Nouvelle \u00e9dition du plateau TV Bati-Journal au Carrefour International du Bois !","isPartOf":{"@id":"https:\/\/batijournal.com\/#website"},"primaryImageOfPage":{"@id":"https:\/\/batijournal.com\/index.php\/nouvelle-edition-du-plateau-tv-bati-journal-au-carrefour-international-du-bois\/110584\/#primaryimage"},"image":{"@id":"https:\/\/batijournal.com\/index.php\/nouvelle-edition-du-plateau-tv-bati-journal-au-carrefour-international-du-bois\/110584\/#primaryimage"},"thumbnailUrl":"https:\/\/batijournal.com\/wp-content\/uploads\/2024\/05\/CIB18_1.jpeg","datePublished":"2024-05-23T08:58:46+00:00","dateModified":"2024-05-24T09:06:27+00:00","author":{"@id":"https:\/\/batijournal.com\/#\/schema\/person\/6a657e8967569e1b299972574848aa76"},"breadcrumb":{"@id":"https:\/\/batijournal.com\/index.php\/nouvelle-edition-du-plateau-tv-bati-journal-au-carrefour-international-du-bois\/110584\/#breadcrumb"},"inLanguage":"fr-FR","potentialAction":[{"@type":"ReadAction","target":["https:\/\/batijournal.com\/index.php\/nouvelle-edition-du-plateau-tv-bati-journal-au-carrefour-international-du-bois\/110584\/"]}]},{"@type":"ImageObject","inLanguage":"fr-FR","@id":"https:\/\/batijournal.com\/index.php\/nouvelle-edition-du-plateau-tv-bati-journal-au-carrefour-international-du-bois\/110584\/#primaryimage","url":"https:\/\/batijournal.com\/wp-content\/uploads\/2024\/05\/CIB18_1.jpeg","contentUrl":"https:\/\/batijournal.com\/wp-content\/uploads\/2024\/05\/CIB18_1.jpeg","width":2048,"height":1536},{"@type":"BreadcrumbList","@id":"https:\/\/batijournal.com\/index.php\/nouvelle-edition-du-plateau-tv-bati-journal-au-carrefour-international-du-bois\/110584\/#breadcrumb","itemListElement":[{"@type":"ListItem","position":1,"name":"Accueil","item":"https:\/\/batijournal.com\/"},{"@type":"ListItem","position":2,"name":"zz_Woodsurfer","item":"https:\/\/batijournal.com\/index.php\/category\/woodsurfer\/"},{"@type":"ListItem","position":3,"name":"zz_Actualit\u00e9s - Woodsurfer","item":"https:\/\/batijournal.com\/index.php\/category\/woodsurfer\/publications\/"},{"@type":"ListItem","position":4,"name":"Nouvelle \u00e9dition du plateau TV Bati-Journal au Carrefour International du Bois !"}]},{"@type":"WebSite","@id":"https:\/\/batijournal.com\/#website","url":"https:\/\/batijournal.com\/","name":"Batijournal","description":"L&#039;actualit\u00e9 du b\u00e2timent","potentialAction":[{"@type":"SearchAction","target":{"@type":"EntryPoint","urlTemplate":"https:\/\/batijournal.com\/?s={search_term_string}"},"query-input":{"@type":"PropertyValueSpecification","valueRequired":true,"valueName":"search_term_string"}}],"inLanguage":"fr-FR"},{"@type":"Person","@id":"https:\/\/batijournal.com\/#\/schema\/person\/6a657e8967569e1b299972574848aa76","name":"Bati-journal","image":{"@type":"ImageObject","inLanguage":"fr-FR","@id":"https:\/\/secure.gravatar.com\/avatar\/a64364ea26392f9b4dd47e017ddaec74ff03aefc073b49e492e847201258f777?s=96&d=mm&r=g","url":"https:\/\/secure.gravatar.com\/avatar\/a64364ea26392f9b4dd47e017ddaec74ff03aefc073b49e492e847201258f777?s=96&d=mm&r=g","contentUrl":"https:\/\/secure.gravatar.com\/avatar\/a64364ea26392f9b4dd47e017ddaec74ff03aefc073b49e492e847201258f777?s=96&d=mm&r=g","caption":"Bati-journal"},"url":"https:\/\/batijournal.com\/index.php\/author\/elodie\/"}]}},"_links":{"self":[{"href":"https:\/\/batijournal.com\/index.php\/wp-json\/wp\/v2\/posts\/110584","targetHints":{"allow":["GET"]}}],"collection":[{"href":"https:\/\/batijournal.com\/index.php\/wp-json\/wp\/v2\/posts"}],"about":[{"href":"https:\/\/batijournal.com\/index.php\/wp-json\/wp\/v2\/types\/post"}],"author":[{"embeddable":true,"href":"https:\/\/batijournal.com\/index.php\/wp-json\/wp\/v2\/users\/1"}],"replies":[{"embeddable":true,"href":"https:\/\/batijournal.com\/index.php\/wp-json\/wp\/v2\/comments?post=110584"}],"version-history":[{"count":0,"href":"https:\/\/batijournal.com\/index.php\/wp-json\/wp\/v2\/posts\/110584\/revisions"}],"wp:featuredmedia":[{"embeddable":true,"href":"https:\/\/batijournal.com\/index.php\/wp-json\/wp\/v2\/media\/110585"}],"wp:attachment":[{"href":"https:\/\/batijournal.com\/index.php\/wp-json\/wp\/v2\/media?parent=110584"}],"wp:term":[{"taxonomy":"category","embeddable":true,"href":"https:\/\/batijournal.com\/index.php\/wp-json\/wp\/v2\/categories?post=110584"},{"taxonomy":"post_tag","embeddable":true,"href":"https:\/\/batijournal.com\/index.php\/wp-json\/wp\/v2\/tags?post=110584"}],"curies":[{"name":"wp","href":"https:\/\/api.w.org\/{rel}","templated":true}]}}