{"id":110594,"date":"2024-05-23T13:41:15","date_gmt":"2024-05-23T11:41:15","guid":{"rendered":"https:\/\/batijournal.com\/?p=110594"},"modified":"2024-05-23T13:41:15","modified_gmt":"2024-05-23T11:41:15","slug":"architectwork-lyonles-5-juin-et-6-juin-2024","status":"publish","type":"post","link":"https:\/\/batijournal.com\/index.php\/architectwork-lyonles-5-juin-et-6-juin-2024\/110594\/","title":{"rendered":"ARCHITECT@WORK Lyon,les 5 juin et 6 juin 2024"},"content":{"rendered":"<p>ARCHITECT@WORK Lyon, ouvrira ses portes pour la 7e fois, les mercredi 5 juin &amp; jeudi 6 juin 2024. Cet \u00e9v\u00e9nement atypique, r\u00e9serv\u00e9 aux architectes et autres prescripteurs, proposera une s\u00e9lection de plus de 400 nouveaux produits, pr\u00e9sent\u00e9s par non moins de 176 industriels. Comme \u00e0 son habitude ARCHITECT@WORK propose un vaste programme d\u2019interventions et d\u2019expositions sur l\u2019architecture : l\u2019exposition mat\u00e9riaux, SOBRIEXPO \u2013 Moins c\u2019est mieux ; l\u2019exposition photographique, Regard sur 10 ans d\u2019Architecture par Gilles Alonso ; la remise du Prix R\u00e9gional de la Construction Bois 2024 et un riche programme d\u2019interventions.<\/p>\n<p><a href=\"https:\/\/lyon.architectatwork.fr\/\">https:\/\/lyon.architectatwork.fr\/<\/a><\/p>\n<p>&nbsp;<\/p>\n","protected":false},"excerpt":{"rendered":"<p>ARCHITECT@WORK Lyon, ouvrira ses portes pour la 7e fois, les mercredi 5 juin &amp; jeudi 6 juin 2024. Cet \u00e9v\u00e9nement atypique, r\u00e9serv\u00e9 aux architectes et autres prescripteurs, proposera une s\u00e9lection de plus de 400 nouveaux produits, pr\u00e9sent\u00e9s par non moins de 176 industriels. Comme \u00e0 son habitude ARCHITECT@WORK propose un vaste programme d\u2019interventions et d\u2019expositions [&hellip;]<\/p>\n","protected":false},"author":17,"featured_media":110595,"comment_status":"closed","ping_status":"closed","sticky":false,"template":"","format":"standard","meta":{"_et_pb_use_builder":"","_et_pb_old_content":"","_et_gb_content_width":"","footnotes":""},"categories":[10530,6340,10771,10775],"tags":[13124],"class_list":["post-110594","post","type-post","status-publish","format-standard","has-post-thumbnail","hentry","category-actualites","category-architecture-conception","category-5facades","category-actualites-5facades","tag-architectwork"],"yoast_head":"<!-- This site is optimized with the Yoast SEO plugin v27.4 - https:\/\/yoast.com\/product\/yoast-seo-wordpress\/ -->\n<title>ARCHITECT@WORK Lyon,les 5 juin et 6 juin 2024<\/title>\n<meta name=\"robots\" content=\"index, follow, max-snippet:-1, max-image-preview:large, max-video-preview:-1\" \/>\n<link rel=\"canonical\" href=\"https:\/\/batijournal.com\/index.php\/architectwork-lyonles-5-juin-et-6-juin-2024\/110594\/\" \/>\n<meta property=\"og:locale\" content=\"fr_FR\" \/>\n<meta property=\"og:type\" content=\"article\" \/>\n<meta property=\"og:title\" content=\"ARCHITECT@WORK Lyon,les 5 juin et 6 juin 2024\" \/>\n<meta property=\"og:description\" content=\"ARCHITECT@WORK Lyon, ouvrira ses portes pour la 7e fois, les mercredi 5 juin &amp; jeudi 6 juin 2024. Cet \u00e9v\u00e9nement atypique, r\u00e9serv\u00e9 aux architectes et autres prescripteurs, proposera une s\u00e9lection de plus de 400 nouveaux produits, pr\u00e9sent\u00e9s par non moins de 176 industriels. Comme \u00e0 son habitude ARCHITECT@WORK propose un vaste programme d\u2019interventions et d\u2019expositions [&hellip;]\" \/>\n<meta property=\"og:url\" content=\"https:\/\/batijournal.com\/index.php\/architectwork-lyonles-5-juin-et-6-juin-2024\/110594\/\" \/>\n<meta property=\"og:site_name\" content=\"Batijournal\" \/>\n<meta property=\"article:published_time\" content=\"2024-05-23T11:41:15+00:00\" \/>\n<meta property=\"og:image\" content=\"https:\/\/batijournal.com\/wp-content\/uploads\/2024\/05\/Architect-at-work-Lyon-5.jpeg\" \/>\n\t<meta property=\"og:image:width\" content=\"1280\" \/>\n\t<meta property=\"og:image:height\" content=\"853\" \/>\n\t<meta property=\"og:image:type\" content=\"image\/jpeg\" \/>\n<meta name=\"author\" content=\"St\u00e9phane Miget\" \/>\n<meta name=\"twitter:card\" content=\"summary_large_image\" \/>\n<meta name=\"twitter:creator\" content=\"@bati_journal\" \/>\n<meta name=\"twitter:site\" content=\"@bati_journal\" \/>\n<meta name=\"twitter:label1\" content=\"\u00c9crit par\" \/>\n\t<meta name=\"twitter:data1\" content=\"St\u00e9phane Miget\" \/>\n\t<meta name=\"twitter:label2\" content=\"Dur\u00e9e de lecture estim\u00e9e\" \/>\n\t<meta name=\"twitter:data2\" content=\"1 minute\" \/>\n<script type=\"application\/ld+json\" class=\"yoast-schema-graph\">{\"@context\":\"https:\\\/\\\/schema.org\",\"@graph\":[{\"@type\":\"Article\",\"@id\":\"https:\\\/\\\/batijournal.com\\\/index.php\\\/architectwork-lyonles-5-juin-et-6-juin-2024\\\/110594\\\/#article\",\"isPartOf\":{\"@id\":\"https:\\\/\\\/batijournal.com\\\/index.php\\\/architectwork-lyonles-5-juin-et-6-juin-2024\\\/110594\\\/\"},\"author\":{\"name\":\"St\u00e9phane Miget\",\"@id\":\"https:\\\/\\\/batijournal.com\\\/#\\\/schema\\\/person\\\/1dc96ec6957aa1ccb25ebe78bb19f100\"},\"headline\":\"ARCHITECT@WORK Lyon,les 5 juin et 6 juin 2024\",\"datePublished\":\"2024-05-23T11:41:15+00:00\",\"mainEntityOfPage\":{\"@id\":\"https:\\\/\\\/batijournal.com\\\/index.php\\\/architectwork-lyonles-5-juin-et-6-juin-2024\\\/110594\\\/\"},\"wordCount\":109,\"image\":{\"@id\":\"https:\\\/\\\/batijournal.com\\\/index.php\\\/architectwork-lyonles-5-juin-et-6-juin-2024\\\/110594\\\/#primaryimage\"},\"thumbnailUrl\":\"https:\\\/\\\/batijournal.com\\\/wp-content\\\/uploads\\\/2024\\\/05\\\/Architect-at-work-Lyon-5.jpeg\",\"keywords\":[\"architect@work\"],\"articleSection\":[\"Actualit\u00e9s\",\"Architecture &amp; Conception\",\"zz_5fa\u00e7ades\",\"zz_Actualit\u00e9s - 5fa\u00e7ades\"],\"inLanguage\":\"fr-FR\"},{\"@type\":\"WebPage\",\"@id\":\"https:\\\/\\\/batijournal.com\\\/index.php\\\/architectwork-lyonles-5-juin-et-6-juin-2024\\\/110594\\\/\",\"url\":\"https:\\\/\\\/batijournal.com\\\/index.php\\\/architectwork-lyonles-5-juin-et-6-juin-2024\\\/110594\\\/\",\"name\":\"ARCHITECT@WORK Lyon,les 5 juin et 6 juin 2024\",\"isPartOf\":{\"@id\":\"https:\\\/\\\/batijournal.com\\\/#website\"},\"primaryImageOfPage\":{\"@id\":\"https:\\\/\\\/batijournal.com\\\/index.php\\\/architectwork-lyonles-5-juin-et-6-juin-2024\\\/110594\\\/#primaryimage\"},\"image\":{\"@id\":\"https:\\\/\\\/batijournal.com\\\/index.php\\\/architectwork-lyonles-5-juin-et-6-juin-2024\\\/110594\\\/#primaryimage\"},\"thumbnailUrl\":\"https:\\\/\\\/batijournal.com\\\/wp-content\\\/uploads\\\/2024\\\/05\\\/Architect-at-work-Lyon-5.jpeg\",\"datePublished\":\"2024-05-23T11:41:15+00:00\",\"author\":{\"@id\":\"https:\\\/\\\/batijournal.com\\\/#\\\/schema\\\/person\\\/1dc96ec6957aa1ccb25ebe78bb19f100\"},\"breadcrumb\":{\"@id\":\"https:\\\/\\\/batijournal.com\\\/index.php\\\/architectwork-lyonles-5-juin-et-6-juin-2024\\\/110594\\\/#breadcrumb\"},\"inLanguage\":\"fr-FR\",\"potentialAction\":[{\"@type\":\"ReadAction\",\"target\":[\"https:\\\/\\\/batijournal.com\\\/index.php\\\/architectwork-lyonles-5-juin-et-6-juin-2024\\\/110594\\\/\"]}]},{\"@type\":\"ImageObject\",\"inLanguage\":\"fr-FR\",\"@id\":\"https:\\\/\\\/batijournal.com\\\/index.php\\\/architectwork-lyonles-5-juin-et-6-juin-2024\\\/110594\\\/#primaryimage\",\"url\":\"https:\\\/\\\/batijournal.com\\\/wp-content\\\/uploads\\\/2024\\\/05\\\/Architect-at-work-Lyon-5.jpeg\",\"contentUrl\":\"https:\\\/\\\/batijournal.com\\\/wp-content\\\/uploads\\\/2024\\\/05\\\/Architect-at-work-Lyon-5.jpeg\",\"width\":1280,\"height\":853},{\"@type\":\"BreadcrumbList\",\"@id\":\"https:\\\/\\\/batijournal.com\\\/index.php\\\/architectwork-lyonles-5-juin-et-6-juin-2024\\\/110594\\\/#breadcrumb\",\"itemListElement\":[{\"@type\":\"ListItem\",\"position\":1,\"name\":\"Accueil\",\"item\":\"https:\\\/\\\/batijournal.com\\\/\"},{\"@type\":\"ListItem\",\"position\":2,\"name\":\"Actualit\u00e9s\",\"item\":\"https:\\\/\\\/batijournal.com\\\/index.php\\\/category\\\/actualites\\\/\"},{\"@type\":\"ListItem\",\"position\":3,\"name\":\"ARCHITECT@WORK Lyon,les 5 juin et 6 juin 2024\"}]},{\"@type\":\"WebSite\",\"@id\":\"https:\\\/\\\/batijournal.com\\\/#website\",\"url\":\"https:\\\/\\\/batijournal.com\\\/\",\"name\":\"Batijournal\",\"description\":\"L&#039;actualit\u00e9 du b\u00e2timent\",\"potentialAction\":[{\"@type\":\"SearchAction\",\"target\":{\"@type\":\"EntryPoint\",\"urlTemplate\":\"https:\\\/\\\/batijournal.com\\\/?s={search_term_string}\"},\"query-input\":{\"@type\":\"PropertyValueSpecification\",\"valueRequired\":true,\"valueName\":\"search_term_string\"}}],\"inLanguage\":\"fr-FR\"},{\"@type\":\"Person\",\"@id\":\"https:\\\/\\\/batijournal.com\\\/#\\\/schema\\\/person\\\/1dc96ec6957aa1ccb25ebe78bb19f100\",\"name\":\"St\u00e9phane Miget\",\"image\":{\"@type\":\"ImageObject\",\"inLanguage\":\"fr-FR\",\"@id\":\"https:\\\/\\\/secure.gravatar.com\\\/avatar\\\/89915563d925342126b8ef0281b93d9d7fc337043e8df017f780908eb9644451?s=96&d=mm&r=g\",\"url\":\"https:\\\/\\\/secure.gravatar.com\\\/avatar\\\/89915563d925342126b8ef0281b93d9d7fc337043e8df017f780908eb9644451?s=96&d=mm&r=g\",\"contentUrl\":\"https:\\\/\\\/secure.gravatar.com\\\/avatar\\\/89915563d925342126b8ef0281b93d9d7fc337043e8df017f780908eb9644451?s=96&d=mm&r=g\",\"caption\":\"St\u00e9phane Miget\"},\"url\":\"https:\\\/\\\/batijournal.com\\\/index.php\\\/author\\\/stephane\\\/\"}]}<\/script>\n<!-- \/ Yoast SEO plugin. -->","yoast_head_json":{"title":"ARCHITECT@WORK Lyon,les 5 juin et 6 juin 2024","robots":{"index":"index","follow":"follow","max-snippet":"max-snippet:-1","max-image-preview":"max-image-preview:large","max-video-preview":"max-video-preview:-1"},"canonical":"https:\/\/batijournal.com\/index.php\/architectwork-lyonles-5-juin-et-6-juin-2024\/110594\/","og_locale":"fr_FR","og_type":"article","og_title":"ARCHITECT@WORK Lyon,les 5 juin et 6 juin 2024","og_description":"ARCHITECT@WORK Lyon, ouvrira ses portes pour la 7e fois, les mercredi 5 juin &amp; jeudi 6 juin 2024. Cet \u00e9v\u00e9nement atypique, r\u00e9serv\u00e9 aux architectes et autres prescripteurs, proposera une s\u00e9lection de plus de 400 nouveaux produits, pr\u00e9sent\u00e9s par non moins de 176 industriels. Comme \u00e0 son habitude ARCHITECT@WORK propose un vaste programme d\u2019interventions et d\u2019expositions [&hellip;]","og_url":"https:\/\/batijournal.com\/index.php\/architectwork-lyonles-5-juin-et-6-juin-2024\/110594\/","og_site_name":"Batijournal","article_published_time":"2024-05-23T11:41:15+00:00","og_image":[{"width":1280,"height":853,"url":"https:\/\/batijournal.com\/wp-content\/uploads\/2024\/05\/Architect-at-work-Lyon-5.jpeg","type":"image\/jpeg"}],"author":"St\u00e9phane Miget","twitter_card":"summary_large_image","twitter_creator":"@bati_journal","twitter_site":"@bati_journal","twitter_misc":{"\u00c9crit par":"St\u00e9phane Miget","Dur\u00e9e de lecture estim\u00e9e":"1 minute"},"schema":{"@context":"https:\/\/schema.org","@graph":[{"@type":"Article","@id":"https:\/\/batijournal.com\/index.php\/architectwork-lyonles-5-juin-et-6-juin-2024\/110594\/#article","isPartOf":{"@id":"https:\/\/batijournal.com\/index.php\/architectwork-lyonles-5-juin-et-6-juin-2024\/110594\/"},"author":{"name":"St\u00e9phane Miget","@id":"https:\/\/batijournal.com\/#\/schema\/person\/1dc96ec6957aa1ccb25ebe78bb19f100"},"headline":"ARCHITECT@WORK Lyon,les 5 juin et 6 juin 2024","datePublished":"2024-05-23T11:41:15+00:00","mainEntityOfPage":{"@id":"https:\/\/batijournal.com\/index.php\/architectwork-lyonles-5-juin-et-6-juin-2024\/110594\/"},"wordCount":109,"image":{"@id":"https:\/\/batijournal.com\/index.php\/architectwork-lyonles-5-juin-et-6-juin-2024\/110594\/#primaryimage"},"thumbnailUrl":"https:\/\/batijournal.com\/wp-content\/uploads\/2024\/05\/Architect-at-work-Lyon-5.jpeg","keywords":["architect@work"],"articleSection":["Actualit\u00e9s","Architecture &amp; Conception","zz_5fa\u00e7ades","zz_Actualit\u00e9s - 5fa\u00e7ades"],"inLanguage":"fr-FR"},{"@type":"WebPage","@id":"https:\/\/batijournal.com\/index.php\/architectwork-lyonles-5-juin-et-6-juin-2024\/110594\/","url":"https:\/\/batijournal.com\/index.php\/architectwork-lyonles-5-juin-et-6-juin-2024\/110594\/","name":"ARCHITECT@WORK Lyon,les 5 juin et 6 juin 2024","isPartOf":{"@id":"https:\/\/batijournal.com\/#website"},"primaryImageOfPage":{"@id":"https:\/\/batijournal.com\/index.php\/architectwork-lyonles-5-juin-et-6-juin-2024\/110594\/#primaryimage"},"image":{"@id":"https:\/\/batijournal.com\/index.php\/architectwork-lyonles-5-juin-et-6-juin-2024\/110594\/#primaryimage"},"thumbnailUrl":"https:\/\/batijournal.com\/wp-content\/uploads\/2024\/05\/Architect-at-work-Lyon-5.jpeg","datePublished":"2024-05-23T11:41:15+00:00","author":{"@id":"https:\/\/batijournal.com\/#\/schema\/person\/1dc96ec6957aa1ccb25ebe78bb19f100"},"breadcrumb":{"@id":"https:\/\/batijournal.com\/index.php\/architectwork-lyonles-5-juin-et-6-juin-2024\/110594\/#breadcrumb"},"inLanguage":"fr-FR","potentialAction":[{"@type":"ReadAction","target":["https:\/\/batijournal.com\/index.php\/architectwork-lyonles-5-juin-et-6-juin-2024\/110594\/"]}]},{"@type":"ImageObject","inLanguage":"fr-FR","@id":"https:\/\/batijournal.com\/index.php\/architectwork-lyonles-5-juin-et-6-juin-2024\/110594\/#primaryimage","url":"https:\/\/batijournal.com\/wp-content\/uploads\/2024\/05\/Architect-at-work-Lyon-5.jpeg","contentUrl":"https:\/\/batijournal.com\/wp-content\/uploads\/2024\/05\/Architect-at-work-Lyon-5.jpeg","width":1280,"height":853},{"@type":"BreadcrumbList","@id":"https:\/\/batijournal.com\/index.php\/architectwork-lyonles-5-juin-et-6-juin-2024\/110594\/#breadcrumb","itemListElement":[{"@type":"ListItem","position":1,"name":"Accueil","item":"https:\/\/batijournal.com\/"},{"@type":"ListItem","position":2,"name":"Actualit\u00e9s","item":"https:\/\/batijournal.com\/index.php\/category\/actualites\/"},{"@type":"ListItem","position":3,"name":"ARCHITECT@WORK Lyon,les 5 juin et 6 juin 2024"}]},{"@type":"WebSite","@id":"https:\/\/batijournal.com\/#website","url":"https:\/\/batijournal.com\/","name":"Batijournal","description":"L&#039;actualit\u00e9 du b\u00e2timent","potentialAction":[{"@type":"SearchAction","target":{"@type":"EntryPoint","urlTemplate":"https:\/\/batijournal.com\/?s={search_term_string}"},"query-input":{"@type":"PropertyValueSpecification","valueRequired":true,"valueName":"search_term_string"}}],"inLanguage":"fr-FR"},{"@type":"Person","@id":"https:\/\/batijournal.com\/#\/schema\/person\/1dc96ec6957aa1ccb25ebe78bb19f100","name":"St\u00e9phane Miget","image":{"@type":"ImageObject","inLanguage":"fr-FR","@id":"https:\/\/secure.gravatar.com\/avatar\/89915563d925342126b8ef0281b93d9d7fc337043e8df017f780908eb9644451?s=96&d=mm&r=g","url":"https:\/\/secure.gravatar.com\/avatar\/89915563d925342126b8ef0281b93d9d7fc337043e8df017f780908eb9644451?s=96&d=mm&r=g","contentUrl":"https:\/\/secure.gravatar.com\/avatar\/89915563d925342126b8ef0281b93d9d7fc337043e8df017f780908eb9644451?s=96&d=mm&r=g","caption":"St\u00e9phane Miget"},"url":"https:\/\/batijournal.com\/index.php\/author\/stephane\/"}]}},"_links":{"self":[{"href":"https:\/\/batijournal.com\/index.php\/wp-json\/wp\/v2\/posts\/110594","targetHints":{"allow":["GET"]}}],"collection":[{"href":"https:\/\/batijournal.com\/index.php\/wp-json\/wp\/v2\/posts"}],"about":[{"href":"https:\/\/batijournal.com\/index.php\/wp-json\/wp\/v2\/types\/post"}],"author":[{"embeddable":true,"href":"https:\/\/batijournal.com\/index.php\/wp-json\/wp\/v2\/users\/17"}],"replies":[{"embeddable":true,"href":"https:\/\/batijournal.com\/index.php\/wp-json\/wp\/v2\/comments?post=110594"}],"version-history":[{"count":0,"href":"https:\/\/batijournal.com\/index.php\/wp-json\/wp\/v2\/posts\/110594\/revisions"}],"wp:featuredmedia":[{"embeddable":true,"href":"https:\/\/batijournal.com\/index.php\/wp-json\/wp\/v2\/media\/110595"}],"wp:attachment":[{"href":"https:\/\/batijournal.com\/index.php\/wp-json\/wp\/v2\/media?parent=110594"}],"wp:term":[{"taxonomy":"category","embeddable":true,"href":"https:\/\/batijournal.com\/index.php\/wp-json\/wp\/v2\/categories?post=110594"},{"taxonomy":"post_tag","embeddable":true,"href":"https:\/\/batijournal.com\/index.php\/wp-json\/wp\/v2\/tags?post=110594"}],"curies":[{"name":"wp","href":"https:\/\/api.w.org\/{rel}","templated":true}]}}