{"id":110599,"date":"2024-05-23T13:53:11","date_gmt":"2024-05-23T11:53:11","guid":{"rendered":"https:\/\/batijournal.com\/?p=110599"},"modified":"2024-05-23T13:53:11","modified_gmt":"2024-05-23T11:53:11","slug":"larchitecte-francais-marcelo-joulia-remporte-un-concours-international-darchitecture","status":"publish","type":"post","link":"https:\/\/batijournal.com\/index.php\/larchitecte-francais-marcelo-joulia-remporte-un-concours-international-darchitecture\/110599\/","title":{"rendered":"L&rsquo;architecte fran\u00e7ais Marcelo Joulia remporte un concours international d&rsquo;architecture"},"content":{"rendered":"<p>L&rsquo;architecte Marcelo Joulia et le cabinet d&rsquo;architectes estonien Eek &amp; Mutso annoncent la victoire de leur projet \u00ab\u00a0Lumi\u00e8re\u00a0\u00bb dans le cadre d&rsquo;un concours international d&rsquo;architecture pour la conception d&rsquo;une nouvelle tour r\u00e9sidentielle au c\u0153ur de Tallinn, en Estonie. Le concours d&rsquo;id\u00e9es d&rsquo;architecture pour la conception d&rsquo;une nouvelle tour dans le centre-ville de Tallinn a suscit\u00e9 l&rsquo;int\u00e9r\u00eat de 87 cabinets et \u00e9quipes d&rsquo;architectes du monde entier. Parmi ces participants figuraient de nombreux noms illustres de la sc\u00e8ne architecturale internationale. Le jury du concours a soigneusement examin\u00e9 les travaux re\u00e7us et s\u00e9lectionn\u00e9 huit candidats pour la phase suivante. Apr\u00e8s une analyse approfondie des projets finalistes, c&rsquo;est le projet \u00ab\u00a0Lumi\u00e8re\u00a0\u00bb, une tour de 125 m\u00e8tres, qui a \u00e9t\u00e9 choisi comme laur\u00e9at, gr\u00e2ce \u00e0 son design innovant, sa sensibilit\u00e9 au contexte urbain et son potentiel de cr\u00e9er un espace public dynamique et attractif. Le projet propose un rez-de-chauss\u00e9e ouvert \u00e0 tous, favorisant la transparence et l&rsquo;accueil, o\u00f9 la vie communautaire peut s&rsquo;\u00e9panouir. Les \u00e9tages sup\u00e9rieurs abritent des logements, des bureaux, des restaurants, une galerie d\u2019art et des espaces publics, tandis que des terrasses v\u00e9g\u00e9talis\u00e9es luxuriantes offrent des havres de paix et de contemplation, connectant les r\u00e9sidents \u00e0 la nature dans un esprit de calme et de s\u00e9r\u00e9nit\u00e9. \u00ab\u00a0Lumi\u00e8re\u00a0\u00bb est plus qu&rsquo;un simple b\u00e2timent, c&rsquo;est une contribution majeure \u00e0 l&rsquo;avenir de Tallinn. Il contribuera \u00e0 la revitalisation du quartier de Maakri et \u00e0 la cr\u00e9ation d&rsquo;un nouveau centre dynamique au c\u0153ur de la ville, tout en servant de symbole de l&rsquo;innovation, de la durabilit\u00e9 et de l&rsquo;ambition de Tallinn.<\/p>\n","protected":false},"excerpt":{"rendered":"<p>L&rsquo;architecte Marcelo Joulia et le cabinet d&rsquo;architectes estonien Eek &amp; Mutso annoncent la victoire de leur projet \u00ab\u00a0Lumi\u00e8re\u00a0\u00bb dans le cadre d&rsquo;un concours international d&rsquo;architecture pour la conception d&rsquo;une nouvelle tour r\u00e9sidentielle au c\u0153ur de Tallinn, en Estonie. Le concours d&rsquo;id\u00e9es d&rsquo;architecture pour la conception d&rsquo;une nouvelle tour dans le centre-ville de Tallinn a suscit\u00e9 [&hellip;]<\/p>\n","protected":false},"author":17,"featured_media":110600,"comment_status":"closed","ping_status":"closed","sticky":false,"template":"","format":"standard","meta":{"_et_pb_use_builder":"","_et_pb_old_content":"","_et_gb_content_width":"","footnotes":""},"categories":[10530,6340,10771,10775],"tags":[12901],"class_list":["post-110599","post","type-post","status-publish","format-standard","has-post-thumbnail","hentry","category-actualites","category-architecture-conception","category-5facades","category-actualites-5facades","tag-architecture"],"yoast_head":"<!-- This site is optimized with the Yoast SEO plugin v27.4 - https:\/\/yoast.com\/product\/yoast-seo-wordpress\/ -->\n<title>L&#039;architecte fran\u00e7ais Marcelo Joulia remporte un concours international d&#039;architecture<\/title>\n<meta name=\"robots\" content=\"index, follow, max-snippet:-1, max-image-preview:large, max-video-preview:-1\" \/>\n<link rel=\"canonical\" href=\"https:\/\/batijournal.com\/index.php\/larchitecte-francais-marcelo-joulia-remporte-un-concours-international-darchitecture\/110599\/\" \/>\n<meta property=\"og:locale\" content=\"fr_FR\" \/>\n<meta property=\"og:type\" content=\"article\" \/>\n<meta property=\"og:title\" content=\"L&#039;architecte fran\u00e7ais Marcelo Joulia remporte un concours international d&#039;architecture\" \/>\n<meta property=\"og:description\" content=\"L&rsquo;architecte Marcelo Joulia et le cabinet d&rsquo;architectes estonien Eek &amp; Mutso annoncent la victoire de leur projet \u00ab\u00a0Lumi\u00e8re\u00a0\u00bb dans le cadre d&rsquo;un concours international d&rsquo;architecture pour la conception d&rsquo;une nouvelle tour r\u00e9sidentielle au c\u0153ur de Tallinn, en Estonie. Le concours d&rsquo;id\u00e9es d&rsquo;architecture pour la conception d&rsquo;une nouvelle tour dans le centre-ville de Tallinn a suscit\u00e9 [&hellip;]\" \/>\n<meta property=\"og:url\" content=\"https:\/\/batijournal.com\/index.php\/larchitecte-francais-marcelo-joulia-remporte-un-concours-international-darchitecture\/110599\/\" \/>\n<meta property=\"og:site_name\" content=\"Batijournal\" \/>\n<meta property=\"article:published_time\" content=\"2024-05-23T11:53:11+00:00\" \/>\n<meta property=\"og:image\" content=\"https:\/\/batijournal.com\/wp-content\/uploads\/2024\/05\/Marcelo-Joulia-Lumiere-Talinn.jpeg\" \/>\n\t<meta property=\"og:image:width\" content=\"855\" \/>\n\t<meta property=\"og:image:height\" content=\"630\" \/>\n\t<meta property=\"og:image:type\" content=\"image\/jpeg\" \/>\n<meta name=\"author\" content=\"St\u00e9phane Miget\" \/>\n<meta name=\"twitter:card\" content=\"summary_large_image\" \/>\n<meta name=\"twitter:creator\" content=\"@bati_journal\" \/>\n<meta name=\"twitter:site\" content=\"@bati_journal\" \/>\n<meta name=\"twitter:label1\" content=\"\u00c9crit par\" \/>\n\t<meta name=\"twitter:data1\" content=\"St\u00e9phane Miget\" \/>\n\t<meta name=\"twitter:label2\" content=\"Dur\u00e9e de lecture estim\u00e9e\" \/>\n\t<meta name=\"twitter:data2\" content=\"1 minute\" \/>\n<script type=\"application\/ld+json\" class=\"yoast-schema-graph\">{\"@context\":\"https:\\\/\\\/schema.org\",\"@graph\":[{\"@type\":\"Article\",\"@id\":\"https:\\\/\\\/batijournal.com\\\/index.php\\\/larchitecte-francais-marcelo-joulia-remporte-un-concours-international-darchitecture\\\/110599\\\/#article\",\"isPartOf\":{\"@id\":\"https:\\\/\\\/batijournal.com\\\/index.php\\\/larchitecte-francais-marcelo-joulia-remporte-un-concours-international-darchitecture\\\/110599\\\/\"},\"author\":{\"name\":\"St\u00e9phane Miget\",\"@id\":\"https:\\\/\\\/batijournal.com\\\/#\\\/schema\\\/person\\\/1dc96ec6957aa1ccb25ebe78bb19f100\"},\"headline\":\"L&rsquo;architecte fran\u00e7ais Marcelo Joulia remporte un concours international d&rsquo;architecture\",\"datePublished\":\"2024-05-23T11:53:11+00:00\",\"mainEntityOfPage\":{\"@id\":\"https:\\\/\\\/batijournal.com\\\/index.php\\\/larchitecte-francais-marcelo-joulia-remporte-un-concours-international-darchitecture\\\/110599\\\/\"},\"wordCount\":305,\"image\":{\"@id\":\"https:\\\/\\\/batijournal.com\\\/index.php\\\/larchitecte-francais-marcelo-joulia-remporte-un-concours-international-darchitecture\\\/110599\\\/#primaryimage\"},\"thumbnailUrl\":\"https:\\\/\\\/batijournal.com\\\/wp-content\\\/uploads\\\/2024\\\/05\\\/Marcelo-Joulia-Lumiere-Talinn.jpeg\",\"keywords\":[\"architecture\"],\"articleSection\":[\"Actualit\u00e9s\",\"Architecture &amp; Conception\",\"zz_5fa\u00e7ades\",\"zz_Actualit\u00e9s - 5fa\u00e7ades\"],\"inLanguage\":\"fr-FR\"},{\"@type\":\"WebPage\",\"@id\":\"https:\\\/\\\/batijournal.com\\\/index.php\\\/larchitecte-francais-marcelo-joulia-remporte-un-concours-international-darchitecture\\\/110599\\\/\",\"url\":\"https:\\\/\\\/batijournal.com\\\/index.php\\\/larchitecte-francais-marcelo-joulia-remporte-un-concours-international-darchitecture\\\/110599\\\/\",\"name\":\"L'architecte fran\u00e7ais Marcelo Joulia remporte un concours international d'architecture\",\"isPartOf\":{\"@id\":\"https:\\\/\\\/batijournal.com\\\/#website\"},\"primaryImageOfPage\":{\"@id\":\"https:\\\/\\\/batijournal.com\\\/index.php\\\/larchitecte-francais-marcelo-joulia-remporte-un-concours-international-darchitecture\\\/110599\\\/#primaryimage\"},\"image\":{\"@id\":\"https:\\\/\\\/batijournal.com\\\/index.php\\\/larchitecte-francais-marcelo-joulia-remporte-un-concours-international-darchitecture\\\/110599\\\/#primaryimage\"},\"thumbnailUrl\":\"https:\\\/\\\/batijournal.com\\\/wp-content\\\/uploads\\\/2024\\\/05\\\/Marcelo-Joulia-Lumiere-Talinn.jpeg\",\"datePublished\":\"2024-05-23T11:53:11+00:00\",\"author\":{\"@id\":\"https:\\\/\\\/batijournal.com\\\/#\\\/schema\\\/person\\\/1dc96ec6957aa1ccb25ebe78bb19f100\"},\"breadcrumb\":{\"@id\":\"https:\\\/\\\/batijournal.com\\\/index.php\\\/larchitecte-francais-marcelo-joulia-remporte-un-concours-international-darchitecture\\\/110599\\\/#breadcrumb\"},\"inLanguage\":\"fr-FR\",\"potentialAction\":[{\"@type\":\"ReadAction\",\"target\":[\"https:\\\/\\\/batijournal.com\\\/index.php\\\/larchitecte-francais-marcelo-joulia-remporte-un-concours-international-darchitecture\\\/110599\\\/\"]}]},{\"@type\":\"ImageObject\",\"inLanguage\":\"fr-FR\",\"@id\":\"https:\\\/\\\/batijournal.com\\\/index.php\\\/larchitecte-francais-marcelo-joulia-remporte-un-concours-international-darchitecture\\\/110599\\\/#primaryimage\",\"url\":\"https:\\\/\\\/batijournal.com\\\/wp-content\\\/uploads\\\/2024\\\/05\\\/Marcelo-Joulia-Lumiere-Talinn.jpeg\",\"contentUrl\":\"https:\\\/\\\/batijournal.com\\\/wp-content\\\/uploads\\\/2024\\\/05\\\/Marcelo-Joulia-Lumiere-Talinn.jpeg\",\"width\":855,\"height\":630},{\"@type\":\"BreadcrumbList\",\"@id\":\"https:\\\/\\\/batijournal.com\\\/index.php\\\/larchitecte-francais-marcelo-joulia-remporte-un-concours-international-darchitecture\\\/110599\\\/#breadcrumb\",\"itemListElement\":[{\"@type\":\"ListItem\",\"position\":1,\"name\":\"Accueil\",\"item\":\"https:\\\/\\\/batijournal.com\\\/\"},{\"@type\":\"ListItem\",\"position\":2,\"name\":\"Actualit\u00e9s\",\"item\":\"https:\\\/\\\/batijournal.com\\\/index.php\\\/category\\\/actualites\\\/\"},{\"@type\":\"ListItem\",\"position\":3,\"name\":\"L&rsquo;architecte fran\u00e7ais Marcelo Joulia remporte un concours international d&rsquo;architecture\"}]},{\"@type\":\"WebSite\",\"@id\":\"https:\\\/\\\/batijournal.com\\\/#website\",\"url\":\"https:\\\/\\\/batijournal.com\\\/\",\"name\":\"Batijournal\",\"description\":\"L&#039;actualit\u00e9 du b\u00e2timent\",\"potentialAction\":[{\"@type\":\"SearchAction\",\"target\":{\"@type\":\"EntryPoint\",\"urlTemplate\":\"https:\\\/\\\/batijournal.com\\\/?s={search_term_string}\"},\"query-input\":{\"@type\":\"PropertyValueSpecification\",\"valueRequired\":true,\"valueName\":\"search_term_string\"}}],\"inLanguage\":\"fr-FR\"},{\"@type\":\"Person\",\"@id\":\"https:\\\/\\\/batijournal.com\\\/#\\\/schema\\\/person\\\/1dc96ec6957aa1ccb25ebe78bb19f100\",\"name\":\"St\u00e9phane Miget\",\"image\":{\"@type\":\"ImageObject\",\"inLanguage\":\"fr-FR\",\"@id\":\"https:\\\/\\\/secure.gravatar.com\\\/avatar\\\/89915563d925342126b8ef0281b93d9d7fc337043e8df017f780908eb9644451?s=96&d=mm&r=g\",\"url\":\"https:\\\/\\\/secure.gravatar.com\\\/avatar\\\/89915563d925342126b8ef0281b93d9d7fc337043e8df017f780908eb9644451?s=96&d=mm&r=g\",\"contentUrl\":\"https:\\\/\\\/secure.gravatar.com\\\/avatar\\\/89915563d925342126b8ef0281b93d9d7fc337043e8df017f780908eb9644451?s=96&d=mm&r=g\",\"caption\":\"St\u00e9phane Miget\"},\"url\":\"https:\\\/\\\/batijournal.com\\\/index.php\\\/author\\\/stephane\\\/\"}]}<\/script>\n<!-- \/ Yoast SEO plugin. -->","yoast_head_json":{"title":"L'architecte fran\u00e7ais Marcelo Joulia remporte un concours international d'architecture","robots":{"index":"index","follow":"follow","max-snippet":"max-snippet:-1","max-image-preview":"max-image-preview:large","max-video-preview":"max-video-preview:-1"},"canonical":"https:\/\/batijournal.com\/index.php\/larchitecte-francais-marcelo-joulia-remporte-un-concours-international-darchitecture\/110599\/","og_locale":"fr_FR","og_type":"article","og_title":"L'architecte fran\u00e7ais Marcelo Joulia remporte un concours international d'architecture","og_description":"L&rsquo;architecte Marcelo Joulia et le cabinet d&rsquo;architectes estonien Eek &amp; Mutso annoncent la victoire de leur projet \u00ab\u00a0Lumi\u00e8re\u00a0\u00bb dans le cadre d&rsquo;un concours international d&rsquo;architecture pour la conception d&rsquo;une nouvelle tour r\u00e9sidentielle au c\u0153ur de Tallinn, en Estonie. Le concours d&rsquo;id\u00e9es d&rsquo;architecture pour la conception d&rsquo;une nouvelle tour dans le centre-ville de Tallinn a suscit\u00e9 [&hellip;]","og_url":"https:\/\/batijournal.com\/index.php\/larchitecte-francais-marcelo-joulia-remporte-un-concours-international-darchitecture\/110599\/","og_site_name":"Batijournal","article_published_time":"2024-05-23T11:53:11+00:00","og_image":[{"width":855,"height":630,"url":"https:\/\/batijournal.com\/wp-content\/uploads\/2024\/05\/Marcelo-Joulia-Lumiere-Talinn.jpeg","type":"image\/jpeg"}],"author":"St\u00e9phane Miget","twitter_card":"summary_large_image","twitter_creator":"@bati_journal","twitter_site":"@bati_journal","twitter_misc":{"\u00c9crit par":"St\u00e9phane Miget","Dur\u00e9e de lecture estim\u00e9e":"1 minute"},"schema":{"@context":"https:\/\/schema.org","@graph":[{"@type":"Article","@id":"https:\/\/batijournal.com\/index.php\/larchitecte-francais-marcelo-joulia-remporte-un-concours-international-darchitecture\/110599\/#article","isPartOf":{"@id":"https:\/\/batijournal.com\/index.php\/larchitecte-francais-marcelo-joulia-remporte-un-concours-international-darchitecture\/110599\/"},"author":{"name":"St\u00e9phane Miget","@id":"https:\/\/batijournal.com\/#\/schema\/person\/1dc96ec6957aa1ccb25ebe78bb19f100"},"headline":"L&rsquo;architecte fran\u00e7ais Marcelo Joulia remporte un concours international d&rsquo;architecture","datePublished":"2024-05-23T11:53:11+00:00","mainEntityOfPage":{"@id":"https:\/\/batijournal.com\/index.php\/larchitecte-francais-marcelo-joulia-remporte-un-concours-international-darchitecture\/110599\/"},"wordCount":305,"image":{"@id":"https:\/\/batijournal.com\/index.php\/larchitecte-francais-marcelo-joulia-remporte-un-concours-international-darchitecture\/110599\/#primaryimage"},"thumbnailUrl":"https:\/\/batijournal.com\/wp-content\/uploads\/2024\/05\/Marcelo-Joulia-Lumiere-Talinn.jpeg","keywords":["architecture"],"articleSection":["Actualit\u00e9s","Architecture &amp; Conception","zz_5fa\u00e7ades","zz_Actualit\u00e9s - 5fa\u00e7ades"],"inLanguage":"fr-FR"},{"@type":"WebPage","@id":"https:\/\/batijournal.com\/index.php\/larchitecte-francais-marcelo-joulia-remporte-un-concours-international-darchitecture\/110599\/","url":"https:\/\/batijournal.com\/index.php\/larchitecte-francais-marcelo-joulia-remporte-un-concours-international-darchitecture\/110599\/","name":"L'architecte fran\u00e7ais Marcelo Joulia remporte un concours international d'architecture","isPartOf":{"@id":"https:\/\/batijournal.com\/#website"},"primaryImageOfPage":{"@id":"https:\/\/batijournal.com\/index.php\/larchitecte-francais-marcelo-joulia-remporte-un-concours-international-darchitecture\/110599\/#primaryimage"},"image":{"@id":"https:\/\/batijournal.com\/index.php\/larchitecte-francais-marcelo-joulia-remporte-un-concours-international-darchitecture\/110599\/#primaryimage"},"thumbnailUrl":"https:\/\/batijournal.com\/wp-content\/uploads\/2024\/05\/Marcelo-Joulia-Lumiere-Talinn.jpeg","datePublished":"2024-05-23T11:53:11+00:00","author":{"@id":"https:\/\/batijournal.com\/#\/schema\/person\/1dc96ec6957aa1ccb25ebe78bb19f100"},"breadcrumb":{"@id":"https:\/\/batijournal.com\/index.php\/larchitecte-francais-marcelo-joulia-remporte-un-concours-international-darchitecture\/110599\/#breadcrumb"},"inLanguage":"fr-FR","potentialAction":[{"@type":"ReadAction","target":["https:\/\/batijournal.com\/index.php\/larchitecte-francais-marcelo-joulia-remporte-un-concours-international-darchitecture\/110599\/"]}]},{"@type":"ImageObject","inLanguage":"fr-FR","@id":"https:\/\/batijournal.com\/index.php\/larchitecte-francais-marcelo-joulia-remporte-un-concours-international-darchitecture\/110599\/#primaryimage","url":"https:\/\/batijournal.com\/wp-content\/uploads\/2024\/05\/Marcelo-Joulia-Lumiere-Talinn.jpeg","contentUrl":"https:\/\/batijournal.com\/wp-content\/uploads\/2024\/05\/Marcelo-Joulia-Lumiere-Talinn.jpeg","width":855,"height":630},{"@type":"BreadcrumbList","@id":"https:\/\/batijournal.com\/index.php\/larchitecte-francais-marcelo-joulia-remporte-un-concours-international-darchitecture\/110599\/#breadcrumb","itemListElement":[{"@type":"ListItem","position":1,"name":"Accueil","item":"https:\/\/batijournal.com\/"},{"@type":"ListItem","position":2,"name":"Actualit\u00e9s","item":"https:\/\/batijournal.com\/index.php\/category\/actualites\/"},{"@type":"ListItem","position":3,"name":"L&rsquo;architecte fran\u00e7ais Marcelo Joulia remporte un concours international d&rsquo;architecture"}]},{"@type":"WebSite","@id":"https:\/\/batijournal.com\/#website","url":"https:\/\/batijournal.com\/","name":"Batijournal","description":"L&#039;actualit\u00e9 du b\u00e2timent","potentialAction":[{"@type":"SearchAction","target":{"@type":"EntryPoint","urlTemplate":"https:\/\/batijournal.com\/?s={search_term_string}"},"query-input":{"@type":"PropertyValueSpecification","valueRequired":true,"valueName":"search_term_string"}}],"inLanguage":"fr-FR"},{"@type":"Person","@id":"https:\/\/batijournal.com\/#\/schema\/person\/1dc96ec6957aa1ccb25ebe78bb19f100","name":"St\u00e9phane Miget","image":{"@type":"ImageObject","inLanguage":"fr-FR","@id":"https:\/\/secure.gravatar.com\/avatar\/89915563d925342126b8ef0281b93d9d7fc337043e8df017f780908eb9644451?s=96&d=mm&r=g","url":"https:\/\/secure.gravatar.com\/avatar\/89915563d925342126b8ef0281b93d9d7fc337043e8df017f780908eb9644451?s=96&d=mm&r=g","contentUrl":"https:\/\/secure.gravatar.com\/avatar\/89915563d925342126b8ef0281b93d9d7fc337043e8df017f780908eb9644451?s=96&d=mm&r=g","caption":"St\u00e9phane Miget"},"url":"https:\/\/batijournal.com\/index.php\/author\/stephane\/"}]}},"_links":{"self":[{"href":"https:\/\/batijournal.com\/index.php\/wp-json\/wp\/v2\/posts\/110599","targetHints":{"allow":["GET"]}}],"collection":[{"href":"https:\/\/batijournal.com\/index.php\/wp-json\/wp\/v2\/posts"}],"about":[{"href":"https:\/\/batijournal.com\/index.php\/wp-json\/wp\/v2\/types\/post"}],"author":[{"embeddable":true,"href":"https:\/\/batijournal.com\/index.php\/wp-json\/wp\/v2\/users\/17"}],"replies":[{"embeddable":true,"href":"https:\/\/batijournal.com\/index.php\/wp-json\/wp\/v2\/comments?post=110599"}],"version-history":[{"count":0,"href":"https:\/\/batijournal.com\/index.php\/wp-json\/wp\/v2\/posts\/110599\/revisions"}],"wp:featuredmedia":[{"embeddable":true,"href":"https:\/\/batijournal.com\/index.php\/wp-json\/wp\/v2\/media\/110600"}],"wp:attachment":[{"href":"https:\/\/batijournal.com\/index.php\/wp-json\/wp\/v2\/media?parent=110599"}],"wp:term":[{"taxonomy":"category","embeddable":true,"href":"https:\/\/batijournal.com\/index.php\/wp-json\/wp\/v2\/categories?post=110599"},{"taxonomy":"post_tag","embeddable":true,"href":"https:\/\/batijournal.com\/index.php\/wp-json\/wp\/v2\/tags?post=110599"}],"curies":[{"name":"wp","href":"https:\/\/api.w.org\/{rel}","templated":true}]}}