{"id":110603,"date":"2024-05-24T07:22:07","date_gmt":"2024-05-24T05:22:07","guid":{"rendered":"https:\/\/batijournal.com\/?p=110603"},"modified":"2024-05-24T07:22:07","modified_gmt":"2024-05-24T05:22:07","slug":"la-filiere-bois-en-2024-croissance-et-utilite-societale-grandissante-dun-materiau-davenir","status":"publish","type":"post","link":"https:\/\/batijournal.com\/index.php\/la-filiere-bois-en-2024-croissance-et-utilite-societale-grandissante-dun-materiau-davenir\/110603\/","title":{"rendered":"La fili\u00e8re bois en 2024 : croissance et utilit\u00e9 soci\u00e9tale grandissante d\u2019un mat\u00e9riau d\u2019avenir"},"content":{"rendered":"<p>Le Carrefour International du Bois, rendez-vous de r\u00e9f\u00e9rence pour toute la fili\u00e8re for\u00eat bois revient \u00e0 Nantes les 28, 29 et 30 mai 2024. La place du bois dans la soci\u00e9t\u00e9 a consid\u00e9rablement \u00e9volu\u00e9 ces derni\u00e8res d\u00e9cennies. Mat\u00e9riau vertueux par nature, son usage se d\u00e9ploie \u00e0 la mesure de l\u2019urgence de la transition environnementale. La crise majeure de l\u2019\u00e9nergie que nous traversons en t\u00e9moigne, le bois \u00e9nergie est une alternative qui ne cesse de se d\u00e9velopper. Son usage cro\u00eet \u00e9galement dans le secteur de la construction. Particuli\u00e8rement dynamique et porteur pour la fili\u00e8re bois, ce dernier traverse actuellement des turbulences. Int\u00e9ressant \u00e9conomiquement, environnementalement et pour ses propri\u00e9t\u00e9s intrins\u00e8ques, le bois est pr\u00e9sent dans nos infrastructures et habitations. Pour autant, la construction ne repr\u00e9sente toujours qu\u2019une faible part de march\u00e9 pour la fili\u00e8re bois. La crise du b\u00e2timent l\u2019affecte donc moins que les autres mat\u00e9riaux comme le b\u00e9ton. Cette conjoncture pourrait ainsi constituer une opportunit\u00e9 d\u2019augmenter la part de march\u00e9 du bois dans la construction et g\u00e9n\u00e9rer paradoxalement de la croissance dans un secteur en d\u00e9croissance. Le bois r\u00e9pond aujourd\u2019hui \u00e0 de nombreuses probl\u00e9matiques dans les secteurs de la construction ou de l\u2019\u00e9nergie, il joue un r\u00f4le soci\u00e9tal majeur dans la d\u00e9carbonation de notre \u00e9conomie.<br \/>\n<em>\u201cNous croyons sinc\u00e8rement que le bois est un mat\u00e9riau d\u2019avenir, aujourd\u2019hui plus que jamais. C\u2019est une philosophie qui nous anime depuis plus de 20 ans et qui a pr\u00e9sid\u00e9 \u00e0 la cr\u00e9ation du salon en 1992, \u00e0 une \u00e9poque o\u00f9 le bois \u00e9tait consid\u00e9r\u00e9 comme \u201cringard\u201d. L\u2019id\u00e9e \u00e9tait de mettre \u00e0 disposition de la fili\u00e8re bois un outil pour permettre aux entreprises d\u2019avoir un lieu pour pr\u00e9senter leurs produits et savoir-faire\u201d<\/em>, confie Jean PIVETEAU, qui a succ\u00e9d\u00e9 \u00e0 son fr\u00e8re Pierre PIVETEAU en qualit\u00e9 de Pr\u00e9sident du Carrefour International du Bois en octobre 2021.<\/p>\n","protected":false},"excerpt":{"rendered":"<p>Le Carrefour International du Bois, rendez-vous de r\u00e9f\u00e9rence pour toute la fili\u00e8re for\u00eat bois revient \u00e0 Nantes les 28, 29 et 30 mai 2024. La place du bois dans la soci\u00e9t\u00e9 a consid\u00e9rablement \u00e9volu\u00e9 ces derni\u00e8res d\u00e9cennies. Mat\u00e9riau vertueux par nature, son usage se d\u00e9ploie \u00e0 la mesure de l\u2019urgence de la transition environnementale. La [&hellip;]<\/p>\n","protected":false},"author":17,"featured_media":110604,"comment_status":"closed","ping_status":"closed","sticky":false,"template":"","format":"standard","meta":{"_et_pb_use_builder":"","_et_pb_old_content":"","_et_gb_content_width":"","footnotes":""},"categories":[10530,6345,10769,10764],"tags":[11054],"class_list":["post-110603","post","type-post","status-publish","format-standard","has-post-thumbnail","hentry","category-actualites","category-economie-marches","category-publications","category-woodsurfer","tag-carrefour-international-du-bois"],"yoast_head":"<!-- This site is optimized with the Yoast SEO plugin v27.4 - https:\/\/yoast.com\/product\/yoast-seo-wordpress\/ -->\n<title>La fili\u00e8re bois en 2024 : croissance et utilit\u00e9 soci\u00e9tale grandissante d\u2019un mat\u00e9riau d\u2019avenir<\/title>\n<meta name=\"robots\" content=\"index, follow, max-snippet:-1, max-image-preview:large, max-video-preview:-1\" \/>\n<link rel=\"canonical\" href=\"https:\/\/batijournal.com\/index.php\/la-filiere-bois-en-2024-croissance-et-utilite-societale-grandissante-dun-materiau-davenir\/110603\/\" \/>\n<meta property=\"og:locale\" content=\"fr_FR\" \/>\n<meta property=\"og:type\" content=\"article\" \/>\n<meta property=\"og:title\" content=\"La fili\u00e8re bois en 2024 : croissance et utilit\u00e9 soci\u00e9tale grandissante d\u2019un mat\u00e9riau d\u2019avenir\" \/>\n<meta property=\"og:description\" content=\"Le Carrefour International du Bois, rendez-vous de r\u00e9f\u00e9rence pour toute la fili\u00e8re for\u00eat bois revient \u00e0 Nantes les 28, 29 et 30 mai 2024. La place du bois dans la soci\u00e9t\u00e9 a consid\u00e9rablement \u00e9volu\u00e9 ces derni\u00e8res d\u00e9cennies. Mat\u00e9riau vertueux par nature, son usage se d\u00e9ploie \u00e0 la mesure de l\u2019urgence de la transition environnementale. La [&hellip;]\" \/>\n<meta property=\"og:url\" content=\"https:\/\/batijournal.com\/index.php\/la-filiere-bois-en-2024-croissance-et-utilite-societale-grandissante-dun-materiau-davenir\/110603\/\" \/>\n<meta property=\"og:site_name\" content=\"Batijournal\" \/>\n<meta property=\"article:published_time\" content=\"2024-05-24T05:22:07+00:00\" \/>\n<meta property=\"og:image\" content=\"https:\/\/batijournal.com\/wp-content\/uploads\/2024\/05\/carrefour-international-du-bois-2024.png\" \/>\n\t<meta property=\"og:image:width\" content=\"593\" \/>\n\t<meta property=\"og:image:height\" content=\"493\" \/>\n\t<meta property=\"og:image:type\" content=\"image\/png\" \/>\n<meta name=\"author\" content=\"St\u00e9phane Miget\" \/>\n<meta name=\"twitter:card\" content=\"summary_large_image\" \/>\n<meta name=\"twitter:creator\" content=\"@bati_journal\" \/>\n<meta name=\"twitter:site\" content=\"@bati_journal\" \/>\n<meta name=\"twitter:label1\" content=\"\u00c9crit par\" \/>\n\t<meta name=\"twitter:data1\" content=\"St\u00e9phane Miget\" \/>\n\t<meta name=\"twitter:label2\" content=\"Dur\u00e9e de lecture estim\u00e9e\" \/>\n\t<meta name=\"twitter:data2\" content=\"2 minutes\" \/>\n<script type=\"application\/ld+json\" class=\"yoast-schema-graph\">{\"@context\":\"https:\\\/\\\/schema.org\",\"@graph\":[{\"@type\":\"Article\",\"@id\":\"https:\\\/\\\/batijournal.com\\\/index.php\\\/la-filiere-bois-en-2024-croissance-et-utilite-societale-grandissante-dun-materiau-davenir\\\/110603\\\/#article\",\"isPartOf\":{\"@id\":\"https:\\\/\\\/batijournal.com\\\/index.php\\\/la-filiere-bois-en-2024-croissance-et-utilite-societale-grandissante-dun-materiau-davenir\\\/110603\\\/\"},\"author\":{\"name\":\"St\u00e9phane Miget\",\"@id\":\"https:\\\/\\\/batijournal.com\\\/#\\\/schema\\\/person\\\/1dc96ec6957aa1ccb25ebe78bb19f100\"},\"headline\":\"La fili\u00e8re bois en 2024 : croissance et utilit\u00e9 soci\u00e9tale grandissante d\u2019un mat\u00e9riau d\u2019avenir\",\"datePublished\":\"2024-05-24T05:22:07+00:00\",\"mainEntityOfPage\":{\"@id\":\"https:\\\/\\\/batijournal.com\\\/index.php\\\/la-filiere-bois-en-2024-croissance-et-utilite-societale-grandissante-dun-materiau-davenir\\\/110603\\\/\"},\"wordCount\":357,\"image\":{\"@id\":\"https:\\\/\\\/batijournal.com\\\/index.php\\\/la-filiere-bois-en-2024-croissance-et-utilite-societale-grandissante-dun-materiau-davenir\\\/110603\\\/#primaryimage\"},\"thumbnailUrl\":\"https:\\\/\\\/batijournal.com\\\/wp-content\\\/uploads\\\/2024\\\/05\\\/carrefour-international-du-bois-2024.png\",\"keywords\":[\"Carrefour international du bois\"],\"articleSection\":[\"Actualit\u00e9s\",\"\u00c9conomie &amp; March\u00e9s\",\"zz_Actualit\u00e9s - Woodsurfer\",\"zz_Woodsurfer\"],\"inLanguage\":\"fr-FR\"},{\"@type\":\"WebPage\",\"@id\":\"https:\\\/\\\/batijournal.com\\\/index.php\\\/la-filiere-bois-en-2024-croissance-et-utilite-societale-grandissante-dun-materiau-davenir\\\/110603\\\/\",\"url\":\"https:\\\/\\\/batijournal.com\\\/index.php\\\/la-filiere-bois-en-2024-croissance-et-utilite-societale-grandissante-dun-materiau-davenir\\\/110603\\\/\",\"name\":\"La fili\u00e8re bois en 2024 : croissance et utilit\u00e9 soci\u00e9tale grandissante d\u2019un mat\u00e9riau d\u2019avenir\",\"isPartOf\":{\"@id\":\"https:\\\/\\\/batijournal.com\\\/#website\"},\"primaryImageOfPage\":{\"@id\":\"https:\\\/\\\/batijournal.com\\\/index.php\\\/la-filiere-bois-en-2024-croissance-et-utilite-societale-grandissante-dun-materiau-davenir\\\/110603\\\/#primaryimage\"},\"image\":{\"@id\":\"https:\\\/\\\/batijournal.com\\\/index.php\\\/la-filiere-bois-en-2024-croissance-et-utilite-societale-grandissante-dun-materiau-davenir\\\/110603\\\/#primaryimage\"},\"thumbnailUrl\":\"https:\\\/\\\/batijournal.com\\\/wp-content\\\/uploads\\\/2024\\\/05\\\/carrefour-international-du-bois-2024.png\",\"datePublished\":\"2024-05-24T05:22:07+00:00\",\"author\":{\"@id\":\"https:\\\/\\\/batijournal.com\\\/#\\\/schema\\\/person\\\/1dc96ec6957aa1ccb25ebe78bb19f100\"},\"breadcrumb\":{\"@id\":\"https:\\\/\\\/batijournal.com\\\/index.php\\\/la-filiere-bois-en-2024-croissance-et-utilite-societale-grandissante-dun-materiau-davenir\\\/110603\\\/#breadcrumb\"},\"inLanguage\":\"fr-FR\",\"potentialAction\":[{\"@type\":\"ReadAction\",\"target\":[\"https:\\\/\\\/batijournal.com\\\/index.php\\\/la-filiere-bois-en-2024-croissance-et-utilite-societale-grandissante-dun-materiau-davenir\\\/110603\\\/\"]}]},{\"@type\":\"ImageObject\",\"inLanguage\":\"fr-FR\",\"@id\":\"https:\\\/\\\/batijournal.com\\\/index.php\\\/la-filiere-bois-en-2024-croissance-et-utilite-societale-grandissante-dun-materiau-davenir\\\/110603\\\/#primaryimage\",\"url\":\"https:\\\/\\\/batijournal.com\\\/wp-content\\\/uploads\\\/2024\\\/05\\\/carrefour-international-du-bois-2024.png\",\"contentUrl\":\"https:\\\/\\\/batijournal.com\\\/wp-content\\\/uploads\\\/2024\\\/05\\\/carrefour-international-du-bois-2024.png\",\"width\":593,\"height\":493},{\"@type\":\"BreadcrumbList\",\"@id\":\"https:\\\/\\\/batijournal.com\\\/index.php\\\/la-filiere-bois-en-2024-croissance-et-utilite-societale-grandissante-dun-materiau-davenir\\\/110603\\\/#breadcrumb\",\"itemListElement\":[{\"@type\":\"ListItem\",\"position\":1,\"name\":\"Accueil\",\"item\":\"https:\\\/\\\/batijournal.com\\\/\"},{\"@type\":\"ListItem\",\"position\":2,\"name\":\"Actualit\u00e9s\",\"item\":\"https:\\\/\\\/batijournal.com\\\/index.php\\\/category\\\/actualites\\\/\"},{\"@type\":\"ListItem\",\"position\":3,\"name\":\"La fili\u00e8re bois en 2024 : croissance et utilit\u00e9 soci\u00e9tale grandissante d\u2019un mat\u00e9riau d\u2019avenir\"}]},{\"@type\":\"WebSite\",\"@id\":\"https:\\\/\\\/batijournal.com\\\/#website\",\"url\":\"https:\\\/\\\/batijournal.com\\\/\",\"name\":\"Batijournal\",\"description\":\"L&#039;actualit\u00e9 du b\u00e2timent\",\"potentialAction\":[{\"@type\":\"SearchAction\",\"target\":{\"@type\":\"EntryPoint\",\"urlTemplate\":\"https:\\\/\\\/batijournal.com\\\/?s={search_term_string}\"},\"query-input\":{\"@type\":\"PropertyValueSpecification\",\"valueRequired\":true,\"valueName\":\"search_term_string\"}}],\"inLanguage\":\"fr-FR\"},{\"@type\":\"Person\",\"@id\":\"https:\\\/\\\/batijournal.com\\\/#\\\/schema\\\/person\\\/1dc96ec6957aa1ccb25ebe78bb19f100\",\"name\":\"St\u00e9phane Miget\",\"image\":{\"@type\":\"ImageObject\",\"inLanguage\":\"fr-FR\",\"@id\":\"https:\\\/\\\/secure.gravatar.com\\\/avatar\\\/89915563d925342126b8ef0281b93d9d7fc337043e8df017f780908eb9644451?s=96&d=mm&r=g\",\"url\":\"https:\\\/\\\/secure.gravatar.com\\\/avatar\\\/89915563d925342126b8ef0281b93d9d7fc337043e8df017f780908eb9644451?s=96&d=mm&r=g\",\"contentUrl\":\"https:\\\/\\\/secure.gravatar.com\\\/avatar\\\/89915563d925342126b8ef0281b93d9d7fc337043e8df017f780908eb9644451?s=96&d=mm&r=g\",\"caption\":\"St\u00e9phane Miget\"},\"url\":\"https:\\\/\\\/batijournal.com\\\/index.php\\\/author\\\/stephane\\\/\"}]}<\/script>\n<!-- \/ Yoast SEO plugin. -->","yoast_head_json":{"title":"La fili\u00e8re bois en 2024 : croissance et utilit\u00e9 soci\u00e9tale grandissante d\u2019un mat\u00e9riau d\u2019avenir","robots":{"index":"index","follow":"follow","max-snippet":"max-snippet:-1","max-image-preview":"max-image-preview:large","max-video-preview":"max-video-preview:-1"},"canonical":"https:\/\/batijournal.com\/index.php\/la-filiere-bois-en-2024-croissance-et-utilite-societale-grandissante-dun-materiau-davenir\/110603\/","og_locale":"fr_FR","og_type":"article","og_title":"La fili\u00e8re bois en 2024 : croissance et utilit\u00e9 soci\u00e9tale grandissante d\u2019un mat\u00e9riau d\u2019avenir","og_description":"Le Carrefour International du Bois, rendez-vous de r\u00e9f\u00e9rence pour toute la fili\u00e8re for\u00eat bois revient \u00e0 Nantes les 28, 29 et 30 mai 2024. La place du bois dans la soci\u00e9t\u00e9 a consid\u00e9rablement \u00e9volu\u00e9 ces derni\u00e8res d\u00e9cennies. Mat\u00e9riau vertueux par nature, son usage se d\u00e9ploie \u00e0 la mesure de l\u2019urgence de la transition environnementale. La [&hellip;]","og_url":"https:\/\/batijournal.com\/index.php\/la-filiere-bois-en-2024-croissance-et-utilite-societale-grandissante-dun-materiau-davenir\/110603\/","og_site_name":"Batijournal","article_published_time":"2024-05-24T05:22:07+00:00","og_image":[{"width":593,"height":493,"url":"https:\/\/batijournal.com\/wp-content\/uploads\/2024\/05\/carrefour-international-du-bois-2024.png","type":"image\/png"}],"author":"St\u00e9phane Miget","twitter_card":"summary_large_image","twitter_creator":"@bati_journal","twitter_site":"@bati_journal","twitter_misc":{"\u00c9crit par":"St\u00e9phane Miget","Dur\u00e9e de lecture estim\u00e9e":"2 minutes"},"schema":{"@context":"https:\/\/schema.org","@graph":[{"@type":"Article","@id":"https:\/\/batijournal.com\/index.php\/la-filiere-bois-en-2024-croissance-et-utilite-societale-grandissante-dun-materiau-davenir\/110603\/#article","isPartOf":{"@id":"https:\/\/batijournal.com\/index.php\/la-filiere-bois-en-2024-croissance-et-utilite-societale-grandissante-dun-materiau-davenir\/110603\/"},"author":{"name":"St\u00e9phane Miget","@id":"https:\/\/batijournal.com\/#\/schema\/person\/1dc96ec6957aa1ccb25ebe78bb19f100"},"headline":"La fili\u00e8re bois en 2024 : croissance et utilit\u00e9 soci\u00e9tale grandissante d\u2019un mat\u00e9riau d\u2019avenir","datePublished":"2024-05-24T05:22:07+00:00","mainEntityOfPage":{"@id":"https:\/\/batijournal.com\/index.php\/la-filiere-bois-en-2024-croissance-et-utilite-societale-grandissante-dun-materiau-davenir\/110603\/"},"wordCount":357,"image":{"@id":"https:\/\/batijournal.com\/index.php\/la-filiere-bois-en-2024-croissance-et-utilite-societale-grandissante-dun-materiau-davenir\/110603\/#primaryimage"},"thumbnailUrl":"https:\/\/batijournal.com\/wp-content\/uploads\/2024\/05\/carrefour-international-du-bois-2024.png","keywords":["Carrefour international du bois"],"articleSection":["Actualit\u00e9s","\u00c9conomie &amp; March\u00e9s","zz_Actualit\u00e9s - Woodsurfer","zz_Woodsurfer"],"inLanguage":"fr-FR"},{"@type":"WebPage","@id":"https:\/\/batijournal.com\/index.php\/la-filiere-bois-en-2024-croissance-et-utilite-societale-grandissante-dun-materiau-davenir\/110603\/","url":"https:\/\/batijournal.com\/index.php\/la-filiere-bois-en-2024-croissance-et-utilite-societale-grandissante-dun-materiau-davenir\/110603\/","name":"La fili\u00e8re bois en 2024 : croissance et utilit\u00e9 soci\u00e9tale grandissante d\u2019un mat\u00e9riau d\u2019avenir","isPartOf":{"@id":"https:\/\/batijournal.com\/#website"},"primaryImageOfPage":{"@id":"https:\/\/batijournal.com\/index.php\/la-filiere-bois-en-2024-croissance-et-utilite-societale-grandissante-dun-materiau-davenir\/110603\/#primaryimage"},"image":{"@id":"https:\/\/batijournal.com\/index.php\/la-filiere-bois-en-2024-croissance-et-utilite-societale-grandissante-dun-materiau-davenir\/110603\/#primaryimage"},"thumbnailUrl":"https:\/\/batijournal.com\/wp-content\/uploads\/2024\/05\/carrefour-international-du-bois-2024.png","datePublished":"2024-05-24T05:22:07+00:00","author":{"@id":"https:\/\/batijournal.com\/#\/schema\/person\/1dc96ec6957aa1ccb25ebe78bb19f100"},"breadcrumb":{"@id":"https:\/\/batijournal.com\/index.php\/la-filiere-bois-en-2024-croissance-et-utilite-societale-grandissante-dun-materiau-davenir\/110603\/#breadcrumb"},"inLanguage":"fr-FR","potentialAction":[{"@type":"ReadAction","target":["https:\/\/batijournal.com\/index.php\/la-filiere-bois-en-2024-croissance-et-utilite-societale-grandissante-dun-materiau-davenir\/110603\/"]}]},{"@type":"ImageObject","inLanguage":"fr-FR","@id":"https:\/\/batijournal.com\/index.php\/la-filiere-bois-en-2024-croissance-et-utilite-societale-grandissante-dun-materiau-davenir\/110603\/#primaryimage","url":"https:\/\/batijournal.com\/wp-content\/uploads\/2024\/05\/carrefour-international-du-bois-2024.png","contentUrl":"https:\/\/batijournal.com\/wp-content\/uploads\/2024\/05\/carrefour-international-du-bois-2024.png","width":593,"height":493},{"@type":"BreadcrumbList","@id":"https:\/\/batijournal.com\/index.php\/la-filiere-bois-en-2024-croissance-et-utilite-societale-grandissante-dun-materiau-davenir\/110603\/#breadcrumb","itemListElement":[{"@type":"ListItem","position":1,"name":"Accueil","item":"https:\/\/batijournal.com\/"},{"@type":"ListItem","position":2,"name":"Actualit\u00e9s","item":"https:\/\/batijournal.com\/index.php\/category\/actualites\/"},{"@type":"ListItem","position":3,"name":"La fili\u00e8re bois en 2024 : croissance et utilit\u00e9 soci\u00e9tale grandissante d\u2019un mat\u00e9riau d\u2019avenir"}]},{"@type":"WebSite","@id":"https:\/\/batijournal.com\/#website","url":"https:\/\/batijournal.com\/","name":"Batijournal","description":"L&#039;actualit\u00e9 du b\u00e2timent","potentialAction":[{"@type":"SearchAction","target":{"@type":"EntryPoint","urlTemplate":"https:\/\/batijournal.com\/?s={search_term_string}"},"query-input":{"@type":"PropertyValueSpecification","valueRequired":true,"valueName":"search_term_string"}}],"inLanguage":"fr-FR"},{"@type":"Person","@id":"https:\/\/batijournal.com\/#\/schema\/person\/1dc96ec6957aa1ccb25ebe78bb19f100","name":"St\u00e9phane Miget","image":{"@type":"ImageObject","inLanguage":"fr-FR","@id":"https:\/\/secure.gravatar.com\/avatar\/89915563d925342126b8ef0281b93d9d7fc337043e8df017f780908eb9644451?s=96&d=mm&r=g","url":"https:\/\/secure.gravatar.com\/avatar\/89915563d925342126b8ef0281b93d9d7fc337043e8df017f780908eb9644451?s=96&d=mm&r=g","contentUrl":"https:\/\/secure.gravatar.com\/avatar\/89915563d925342126b8ef0281b93d9d7fc337043e8df017f780908eb9644451?s=96&d=mm&r=g","caption":"St\u00e9phane Miget"},"url":"https:\/\/batijournal.com\/index.php\/author\/stephane\/"}]}},"_links":{"self":[{"href":"https:\/\/batijournal.com\/index.php\/wp-json\/wp\/v2\/posts\/110603","targetHints":{"allow":["GET"]}}],"collection":[{"href":"https:\/\/batijournal.com\/index.php\/wp-json\/wp\/v2\/posts"}],"about":[{"href":"https:\/\/batijournal.com\/index.php\/wp-json\/wp\/v2\/types\/post"}],"author":[{"embeddable":true,"href":"https:\/\/batijournal.com\/index.php\/wp-json\/wp\/v2\/users\/17"}],"replies":[{"embeddable":true,"href":"https:\/\/batijournal.com\/index.php\/wp-json\/wp\/v2\/comments?post=110603"}],"version-history":[{"count":0,"href":"https:\/\/batijournal.com\/index.php\/wp-json\/wp\/v2\/posts\/110603\/revisions"}],"wp:featuredmedia":[{"embeddable":true,"href":"https:\/\/batijournal.com\/index.php\/wp-json\/wp\/v2\/media\/110604"}],"wp:attachment":[{"href":"https:\/\/batijournal.com\/index.php\/wp-json\/wp\/v2\/media?parent=110603"}],"wp:term":[{"taxonomy":"category","embeddable":true,"href":"https:\/\/batijournal.com\/index.php\/wp-json\/wp\/v2\/categories?post=110603"},{"taxonomy":"post_tag","embeddable":true,"href":"https:\/\/batijournal.com\/index.php\/wp-json\/wp\/v2\/tags?post=110603"}],"curies":[{"name":"wp","href":"https:\/\/api.w.org\/{rel}","templated":true}]}}