{"id":110612,"date":"2024-05-29T07:42:55","date_gmt":"2024-05-29T05:42:55","guid":{"rendered":"https:\/\/batijournal.com\/?p=110612"},"modified":"2024-05-29T07:42:55","modified_gmt":"2024-05-29T05:42:55","slug":"la-parole-au-groupe-isb-avec-manel-eon-directrice-marketing-et-innovation-carrefour-international-du-bois","status":"publish","type":"post","link":"https:\/\/batijournal.com\/index.php\/la-parole-au-groupe-isb-avec-manel-eon-directrice-marketing-et-innovation-carrefour-international-du-bois\/110612\/","title":{"rendered":"La parole au Groupe ISB avec Manel Eon, directrice marketing et innovation &#8211; Carrefour international du bois"},"content":{"rendered":"<p><iframe loading=\"lazy\" title=\"La parole au Groupe ISB\" width=\"1080\" height=\"608\" src=\"https:\/\/www.youtube.com\/embed\/rD8XsEkVbeE?feature=oembed\"  allow=\"accelerometer; autoplay; clipboard-write; encrypted-media; gyroscope; picture-in-picture; web-share\" referrerpolicy=\"strict-origin-when-cross-origin\" allowfullscreen><\/iframe><\/p>\n<p>La parole au Groupe ISB avec Manel Eon, directrice marketing et innovation<\/p>\n<p>Le plateau TV Bati-Joural est organis\u00e9 par \u00c9ditions des Halles et le Carrefour international du bois, avec le soutien du CODIFAB (Comit\u00e9 professionnel de D\u00e9veloppement des Industries Fran\u00e7aises de l\u2019Ameublement et du Bois) et de la FNB (F\u00e9d\u00e9ration nationale du bois), en partenariat avec les magazines Wood Surfer et L\u2019Atelier Bois.<\/p>\n","protected":false},"excerpt":{"rendered":"<p>La parole au Groupe ISB avec Manel Eon, directrice marketing et innovation &#8211; Carrefour international du bois<\/p>\n","protected":false},"author":17,"featured_media":110613,"comment_status":"closed","ping_status":"closed","sticky":false,"template":"","format":"standard","meta":{"_et_pb_use_builder":"","_et_pb_old_content":"","_et_gb_content_width":"","footnotes":""},"categories":[10530,11200,6362,10769,10764],"tags":[11505,11054],"class_list":["post-110612","post","type-post","status-publish","format-standard","has-post-thumbnail","hentry","category-actualites","category-batijournal-tv","category-services-equipements","category-publications","category-woodsurfer","tag-batijournal-tv","tag-carrefour-international-du-bois"],"yoast_head":"<!-- This site is optimized with the Yoast SEO plugin v27.4 - https:\/\/yoast.com\/product\/yoast-seo-wordpress\/ -->\n<title>La parole au Groupe ISB avec Manel Eon, directrice marketing et innovation - Carrefour international du bois<\/title>\n<meta name=\"robots\" content=\"index, follow, max-snippet:-1, max-image-preview:large, max-video-preview:-1\" \/>\n<link rel=\"canonical\" href=\"https:\/\/batijournal.com\/index.php\/la-parole-au-groupe-isb-avec-manel-eon-directrice-marketing-et-innovation-carrefour-international-du-bois\/110612\/\" \/>\n<meta property=\"og:locale\" content=\"fr_FR\" \/>\n<meta property=\"og:type\" content=\"article\" \/>\n<meta property=\"og:title\" content=\"La parole au Groupe ISB avec Manel Eon, directrice marketing et innovation - Carrefour international du bois\" \/>\n<meta property=\"og:description\" content=\"La parole au Groupe ISB avec Manel Eon, directrice marketing et innovation - Carrefour international du bois\" \/>\n<meta property=\"og:url\" content=\"https:\/\/batijournal.com\/index.php\/la-parole-au-groupe-isb-avec-manel-eon-directrice-marketing-et-innovation-carrefour-international-du-bois\/110612\/\" \/>\n<meta property=\"og:site_name\" content=\"Batijournal\" \/>\n<meta property=\"article:published_time\" content=\"2024-05-29T05:42:55+00:00\" \/>\n<meta property=\"og:image\" content=\"https:\/\/batijournal.com\/wp-content\/uploads\/2024\/05\/Groupe-ISB-avec-Manel-Eon.png\" \/>\n\t<meta property=\"og:image:width\" content=\"818\" \/>\n\t<meta property=\"og:image:height\" content=\"459\" \/>\n\t<meta property=\"og:image:type\" content=\"image\/png\" \/>\n<meta name=\"author\" content=\"St\u00e9phane Miget\" \/>\n<meta name=\"twitter:card\" content=\"summary_large_image\" \/>\n<meta name=\"twitter:creator\" content=\"@bati_journal\" \/>\n<meta name=\"twitter:site\" content=\"@bati_journal\" \/>\n<meta name=\"twitter:label1\" content=\"\u00c9crit par\" \/>\n\t<meta name=\"twitter:data1\" content=\"St\u00e9phane Miget\" \/>\n<script type=\"application\/ld+json\" class=\"yoast-schema-graph\">{\"@context\":\"https:\\\/\\\/schema.org\",\"@graph\":[{\"@type\":\"Article\",\"@id\":\"https:\\\/\\\/batijournal.com\\\/index.php\\\/la-parole-au-groupe-isb-avec-manel-eon-directrice-marketing-et-innovation-carrefour-international-du-bois\\\/110612\\\/#article\",\"isPartOf\":{\"@id\":\"https:\\\/\\\/batijournal.com\\\/index.php\\\/la-parole-au-groupe-isb-avec-manel-eon-directrice-marketing-et-innovation-carrefour-international-du-bois\\\/110612\\\/\"},\"author\":{\"name\":\"St\u00e9phane Miget\",\"@id\":\"https:\\\/\\\/batijournal.com\\\/#\\\/schema\\\/person\\\/1dc96ec6957aa1ccb25ebe78bb19f100\"},\"headline\":\"La parole au Groupe ISB avec Manel Eon, directrice marketing et innovation &#8211; Carrefour international du bois\",\"datePublished\":\"2024-05-29T05:42:55+00:00\",\"mainEntityOfPage\":{\"@id\":\"https:\\\/\\\/batijournal.com\\\/index.php\\\/la-parole-au-groupe-isb-avec-manel-eon-directrice-marketing-et-innovation-carrefour-international-du-bois\\\/110612\\\/\"},\"wordCount\":94,\"image\":{\"@id\":\"https:\\\/\\\/batijournal.com\\\/index.php\\\/la-parole-au-groupe-isb-avec-manel-eon-directrice-marketing-et-innovation-carrefour-international-du-bois\\\/110612\\\/#primaryimage\"},\"thumbnailUrl\":\"https:\\\/\\\/batijournal.com\\\/wp-content\\\/uploads\\\/2024\\\/05\\\/Groupe-ISB-avec-Manel-Eon.png\",\"keywords\":[\"batijournal TV\",\"Carrefour international du bois\"],\"articleSection\":[\"Actualit\u00e9s\",\"batijournal TV\",\"Divers\",\"zz_Actualit\u00e9s - Woodsurfer\",\"zz_Woodsurfer\"],\"inLanguage\":\"fr-FR\"},{\"@type\":\"WebPage\",\"@id\":\"https:\\\/\\\/batijournal.com\\\/index.php\\\/la-parole-au-groupe-isb-avec-manel-eon-directrice-marketing-et-innovation-carrefour-international-du-bois\\\/110612\\\/\",\"url\":\"https:\\\/\\\/batijournal.com\\\/index.php\\\/la-parole-au-groupe-isb-avec-manel-eon-directrice-marketing-et-innovation-carrefour-international-du-bois\\\/110612\\\/\",\"name\":\"La parole au Groupe ISB avec Manel Eon, directrice marketing et innovation - Carrefour international du bois\",\"isPartOf\":{\"@id\":\"https:\\\/\\\/batijournal.com\\\/#website\"},\"primaryImageOfPage\":{\"@id\":\"https:\\\/\\\/batijournal.com\\\/index.php\\\/la-parole-au-groupe-isb-avec-manel-eon-directrice-marketing-et-innovation-carrefour-international-du-bois\\\/110612\\\/#primaryimage\"},\"image\":{\"@id\":\"https:\\\/\\\/batijournal.com\\\/index.php\\\/la-parole-au-groupe-isb-avec-manel-eon-directrice-marketing-et-innovation-carrefour-international-du-bois\\\/110612\\\/#primaryimage\"},\"thumbnailUrl\":\"https:\\\/\\\/batijournal.com\\\/wp-content\\\/uploads\\\/2024\\\/05\\\/Groupe-ISB-avec-Manel-Eon.png\",\"datePublished\":\"2024-05-29T05:42:55+00:00\",\"author\":{\"@id\":\"https:\\\/\\\/batijournal.com\\\/#\\\/schema\\\/person\\\/1dc96ec6957aa1ccb25ebe78bb19f100\"},\"breadcrumb\":{\"@id\":\"https:\\\/\\\/batijournal.com\\\/index.php\\\/la-parole-au-groupe-isb-avec-manel-eon-directrice-marketing-et-innovation-carrefour-international-du-bois\\\/110612\\\/#breadcrumb\"},\"inLanguage\":\"fr-FR\",\"potentialAction\":[{\"@type\":\"ReadAction\",\"target\":[\"https:\\\/\\\/batijournal.com\\\/index.php\\\/la-parole-au-groupe-isb-avec-manel-eon-directrice-marketing-et-innovation-carrefour-international-du-bois\\\/110612\\\/\"]}]},{\"@type\":\"ImageObject\",\"inLanguage\":\"fr-FR\",\"@id\":\"https:\\\/\\\/batijournal.com\\\/index.php\\\/la-parole-au-groupe-isb-avec-manel-eon-directrice-marketing-et-innovation-carrefour-international-du-bois\\\/110612\\\/#primaryimage\",\"url\":\"https:\\\/\\\/batijournal.com\\\/wp-content\\\/uploads\\\/2024\\\/05\\\/Groupe-ISB-avec-Manel-Eon.png\",\"contentUrl\":\"https:\\\/\\\/batijournal.com\\\/wp-content\\\/uploads\\\/2024\\\/05\\\/Groupe-ISB-avec-Manel-Eon.png\",\"width\":818,\"height\":459},{\"@type\":\"BreadcrumbList\",\"@id\":\"https:\\\/\\\/batijournal.com\\\/index.php\\\/la-parole-au-groupe-isb-avec-manel-eon-directrice-marketing-et-innovation-carrefour-international-du-bois\\\/110612\\\/#breadcrumb\",\"itemListElement\":[{\"@type\":\"ListItem\",\"position\":1,\"name\":\"Accueil\",\"item\":\"https:\\\/\\\/batijournal.com\\\/\"},{\"@type\":\"ListItem\",\"position\":2,\"name\":\"Actualit\u00e9s\",\"item\":\"https:\\\/\\\/batijournal.com\\\/index.php\\\/category\\\/actualites\\\/\"},{\"@type\":\"ListItem\",\"position\":3,\"name\":\"La parole au Groupe ISB avec Manel Eon, directrice marketing et innovation &#8211; Carrefour international du bois\"}]},{\"@type\":\"WebSite\",\"@id\":\"https:\\\/\\\/batijournal.com\\\/#website\",\"url\":\"https:\\\/\\\/batijournal.com\\\/\",\"name\":\"Batijournal\",\"description\":\"L&#039;actualit\u00e9 du b\u00e2timent\",\"potentialAction\":[{\"@type\":\"SearchAction\",\"target\":{\"@type\":\"EntryPoint\",\"urlTemplate\":\"https:\\\/\\\/batijournal.com\\\/?s={search_term_string}\"},\"query-input\":{\"@type\":\"PropertyValueSpecification\",\"valueRequired\":true,\"valueName\":\"search_term_string\"}}],\"inLanguage\":\"fr-FR\"},{\"@type\":\"Person\",\"@id\":\"https:\\\/\\\/batijournal.com\\\/#\\\/schema\\\/person\\\/1dc96ec6957aa1ccb25ebe78bb19f100\",\"name\":\"St\u00e9phane Miget\",\"image\":{\"@type\":\"ImageObject\",\"inLanguage\":\"fr-FR\",\"@id\":\"https:\\\/\\\/secure.gravatar.com\\\/avatar\\\/89915563d925342126b8ef0281b93d9d7fc337043e8df017f780908eb9644451?s=96&d=mm&r=g\",\"url\":\"https:\\\/\\\/secure.gravatar.com\\\/avatar\\\/89915563d925342126b8ef0281b93d9d7fc337043e8df017f780908eb9644451?s=96&d=mm&r=g\",\"contentUrl\":\"https:\\\/\\\/secure.gravatar.com\\\/avatar\\\/89915563d925342126b8ef0281b93d9d7fc337043e8df017f780908eb9644451?s=96&d=mm&r=g\",\"caption\":\"St\u00e9phane Miget\"},\"url\":\"https:\\\/\\\/batijournal.com\\\/index.php\\\/author\\\/stephane\\\/\"}]}<\/script>\n<!-- \/ Yoast SEO plugin. -->","yoast_head_json":{"title":"La parole au Groupe ISB avec Manel Eon, directrice marketing et innovation - Carrefour international du bois","robots":{"index":"index","follow":"follow","max-snippet":"max-snippet:-1","max-image-preview":"max-image-preview:large","max-video-preview":"max-video-preview:-1"},"canonical":"https:\/\/batijournal.com\/index.php\/la-parole-au-groupe-isb-avec-manel-eon-directrice-marketing-et-innovation-carrefour-international-du-bois\/110612\/","og_locale":"fr_FR","og_type":"article","og_title":"La parole au Groupe ISB avec Manel Eon, directrice marketing et innovation - Carrefour international du bois","og_description":"La parole au Groupe ISB avec Manel Eon, directrice marketing et innovation - Carrefour international du bois","og_url":"https:\/\/batijournal.com\/index.php\/la-parole-au-groupe-isb-avec-manel-eon-directrice-marketing-et-innovation-carrefour-international-du-bois\/110612\/","og_site_name":"Batijournal","article_published_time":"2024-05-29T05:42:55+00:00","og_image":[{"width":818,"height":459,"url":"https:\/\/batijournal.com\/wp-content\/uploads\/2024\/05\/Groupe-ISB-avec-Manel-Eon.png","type":"image\/png"}],"author":"St\u00e9phane Miget","twitter_card":"summary_large_image","twitter_creator":"@bati_journal","twitter_site":"@bati_journal","twitter_misc":{"\u00c9crit par":"St\u00e9phane Miget"},"schema":{"@context":"https:\/\/schema.org","@graph":[{"@type":"Article","@id":"https:\/\/batijournal.com\/index.php\/la-parole-au-groupe-isb-avec-manel-eon-directrice-marketing-et-innovation-carrefour-international-du-bois\/110612\/#article","isPartOf":{"@id":"https:\/\/batijournal.com\/index.php\/la-parole-au-groupe-isb-avec-manel-eon-directrice-marketing-et-innovation-carrefour-international-du-bois\/110612\/"},"author":{"name":"St\u00e9phane Miget","@id":"https:\/\/batijournal.com\/#\/schema\/person\/1dc96ec6957aa1ccb25ebe78bb19f100"},"headline":"La parole au Groupe ISB avec Manel Eon, directrice marketing et innovation &#8211; Carrefour international du bois","datePublished":"2024-05-29T05:42:55+00:00","mainEntityOfPage":{"@id":"https:\/\/batijournal.com\/index.php\/la-parole-au-groupe-isb-avec-manel-eon-directrice-marketing-et-innovation-carrefour-international-du-bois\/110612\/"},"wordCount":94,"image":{"@id":"https:\/\/batijournal.com\/index.php\/la-parole-au-groupe-isb-avec-manel-eon-directrice-marketing-et-innovation-carrefour-international-du-bois\/110612\/#primaryimage"},"thumbnailUrl":"https:\/\/batijournal.com\/wp-content\/uploads\/2024\/05\/Groupe-ISB-avec-Manel-Eon.png","keywords":["batijournal TV","Carrefour international du bois"],"articleSection":["Actualit\u00e9s","batijournal TV","Divers","zz_Actualit\u00e9s - Woodsurfer","zz_Woodsurfer"],"inLanguage":"fr-FR"},{"@type":"WebPage","@id":"https:\/\/batijournal.com\/index.php\/la-parole-au-groupe-isb-avec-manel-eon-directrice-marketing-et-innovation-carrefour-international-du-bois\/110612\/","url":"https:\/\/batijournal.com\/index.php\/la-parole-au-groupe-isb-avec-manel-eon-directrice-marketing-et-innovation-carrefour-international-du-bois\/110612\/","name":"La parole au Groupe ISB avec Manel Eon, directrice marketing et innovation - Carrefour international du bois","isPartOf":{"@id":"https:\/\/batijournal.com\/#website"},"primaryImageOfPage":{"@id":"https:\/\/batijournal.com\/index.php\/la-parole-au-groupe-isb-avec-manel-eon-directrice-marketing-et-innovation-carrefour-international-du-bois\/110612\/#primaryimage"},"image":{"@id":"https:\/\/batijournal.com\/index.php\/la-parole-au-groupe-isb-avec-manel-eon-directrice-marketing-et-innovation-carrefour-international-du-bois\/110612\/#primaryimage"},"thumbnailUrl":"https:\/\/batijournal.com\/wp-content\/uploads\/2024\/05\/Groupe-ISB-avec-Manel-Eon.png","datePublished":"2024-05-29T05:42:55+00:00","author":{"@id":"https:\/\/batijournal.com\/#\/schema\/person\/1dc96ec6957aa1ccb25ebe78bb19f100"},"breadcrumb":{"@id":"https:\/\/batijournal.com\/index.php\/la-parole-au-groupe-isb-avec-manel-eon-directrice-marketing-et-innovation-carrefour-international-du-bois\/110612\/#breadcrumb"},"inLanguage":"fr-FR","potentialAction":[{"@type":"ReadAction","target":["https:\/\/batijournal.com\/index.php\/la-parole-au-groupe-isb-avec-manel-eon-directrice-marketing-et-innovation-carrefour-international-du-bois\/110612\/"]}]},{"@type":"ImageObject","inLanguage":"fr-FR","@id":"https:\/\/batijournal.com\/index.php\/la-parole-au-groupe-isb-avec-manel-eon-directrice-marketing-et-innovation-carrefour-international-du-bois\/110612\/#primaryimage","url":"https:\/\/batijournal.com\/wp-content\/uploads\/2024\/05\/Groupe-ISB-avec-Manel-Eon.png","contentUrl":"https:\/\/batijournal.com\/wp-content\/uploads\/2024\/05\/Groupe-ISB-avec-Manel-Eon.png","width":818,"height":459},{"@type":"BreadcrumbList","@id":"https:\/\/batijournal.com\/index.php\/la-parole-au-groupe-isb-avec-manel-eon-directrice-marketing-et-innovation-carrefour-international-du-bois\/110612\/#breadcrumb","itemListElement":[{"@type":"ListItem","position":1,"name":"Accueil","item":"https:\/\/batijournal.com\/"},{"@type":"ListItem","position":2,"name":"Actualit\u00e9s","item":"https:\/\/batijournal.com\/index.php\/category\/actualites\/"},{"@type":"ListItem","position":3,"name":"La parole au Groupe ISB avec Manel Eon, directrice marketing et innovation &#8211; Carrefour international du bois"}]},{"@type":"WebSite","@id":"https:\/\/batijournal.com\/#website","url":"https:\/\/batijournal.com\/","name":"Batijournal","description":"L&#039;actualit\u00e9 du b\u00e2timent","potentialAction":[{"@type":"SearchAction","target":{"@type":"EntryPoint","urlTemplate":"https:\/\/batijournal.com\/?s={search_term_string}"},"query-input":{"@type":"PropertyValueSpecification","valueRequired":true,"valueName":"search_term_string"}}],"inLanguage":"fr-FR"},{"@type":"Person","@id":"https:\/\/batijournal.com\/#\/schema\/person\/1dc96ec6957aa1ccb25ebe78bb19f100","name":"St\u00e9phane Miget","image":{"@type":"ImageObject","inLanguage":"fr-FR","@id":"https:\/\/secure.gravatar.com\/avatar\/89915563d925342126b8ef0281b93d9d7fc337043e8df017f780908eb9644451?s=96&d=mm&r=g","url":"https:\/\/secure.gravatar.com\/avatar\/89915563d925342126b8ef0281b93d9d7fc337043e8df017f780908eb9644451?s=96&d=mm&r=g","contentUrl":"https:\/\/secure.gravatar.com\/avatar\/89915563d925342126b8ef0281b93d9d7fc337043e8df017f780908eb9644451?s=96&d=mm&r=g","caption":"St\u00e9phane Miget"},"url":"https:\/\/batijournal.com\/index.php\/author\/stephane\/"}]}},"_links":{"self":[{"href":"https:\/\/batijournal.com\/index.php\/wp-json\/wp\/v2\/posts\/110612","targetHints":{"allow":["GET"]}}],"collection":[{"href":"https:\/\/batijournal.com\/index.php\/wp-json\/wp\/v2\/posts"}],"about":[{"href":"https:\/\/batijournal.com\/index.php\/wp-json\/wp\/v2\/types\/post"}],"author":[{"embeddable":true,"href":"https:\/\/batijournal.com\/index.php\/wp-json\/wp\/v2\/users\/17"}],"replies":[{"embeddable":true,"href":"https:\/\/batijournal.com\/index.php\/wp-json\/wp\/v2\/comments?post=110612"}],"version-history":[{"count":0,"href":"https:\/\/batijournal.com\/index.php\/wp-json\/wp\/v2\/posts\/110612\/revisions"}],"wp:featuredmedia":[{"embeddable":true,"href":"https:\/\/batijournal.com\/index.php\/wp-json\/wp\/v2\/media\/110613"}],"wp:attachment":[{"href":"https:\/\/batijournal.com\/index.php\/wp-json\/wp\/v2\/media?parent=110612"}],"wp:term":[{"taxonomy":"category","embeddable":true,"href":"https:\/\/batijournal.com\/index.php\/wp-json\/wp\/v2\/categories?post=110612"},{"taxonomy":"post_tag","embeddable":true,"href":"https:\/\/batijournal.com\/index.php\/wp-json\/wp\/v2\/tags?post=110612"}],"curies":[{"name":"wp","href":"https:\/\/api.w.org\/{rel}","templated":true}]}}