{"id":110623,"date":"2024-05-29T08:17:13","date_gmt":"2024-05-29T06:17:13","guid":{"rendered":"https:\/\/batijournal.com\/?p=110623"},"modified":"2024-05-29T08:17:13","modified_gmt":"2024-05-29T06:17:13","slug":"la-parole-au-groupe-deschaumes-avec-samuel-deschaumes-president","status":"publish","type":"post","link":"https:\/\/batijournal.com\/index.php\/la-parole-au-groupe-deschaumes-avec-samuel-deschaumes-president\/110623\/","title":{"rendered":"La parole au Groupe Deschaumes avec Samuel Deschaumes, pr\u00e9sident"},"content":{"rendered":"<p><iframe loading=\"lazy\" title=\"La parole au Groupe Deschaumes\" width=\"1080\" height=\"608\" src=\"https:\/\/www.youtube.com\/embed\/Ln0F1tyqTqE?feature=oembed\"  allow=\"accelerometer; autoplay; clipboard-write; encrypted-media; gyroscope; picture-in-picture; web-share\" referrerpolicy=\"strict-origin-when-cross-origin\" allowfullscreen><\/iframe><\/p>\n<p>Naofloor : le premier parquet massif \u00e0 bilan carbone neutre, un produit \u00e9cocon\u00e7u. Un parquet que l&rsquo;on poser et d\u00e9monter autant de fois que n\u00e9cessaire&#8230;<\/p>\n<p>La parole au Groupe Deschaumes avec Samuel Deschaumes, pr\u00e9sident<\/p>\n<p>Le plateau TV Bati-Joural est organis\u00e9 par \u00c9ditions des Halles et le Carrefour international du bois, avec le soutien du CODIFAB (Comit\u00e9 professionnel de D\u00e9veloppement des Industries Fran\u00e7aises de l\u2019Ameublement et du Bois) et de la FNB (F\u00e9d\u00e9ration nationale du bois), en partenariat avec les magazines Wood Surfer et L\u2019Atelier Bois.<\/p>\n","protected":false},"excerpt":{"rendered":"<p>Naofloor : le premier parquet massif \u00e0 bilan carbone neutre, un produit \u00e9cocon\u00e7u. Un parquet que l&rsquo;on poser et d\u00e9monter autant de fois que n\u00e9cessaire&#8230;<\/p>\n","protected":false},"author":17,"featured_media":110624,"comment_status":"closed","ping_status":"closed","sticky":false,"template":"","format":"standard","meta":{"_et_pb_use_builder":"","_et_pb_old_content":"","_et_gb_content_width":"","footnotes":""},"categories":[10530,11200,6362,10769,10764],"tags":[11505,11054,192],"class_list":["post-110623","post","type-post","status-publish","format-standard","has-post-thumbnail","hentry","category-actualites","category-batijournal-tv","category-services-equipements","category-publications","category-woodsurfer","tag-batijournal-tv","tag-carrefour-international-du-bois","tag-parquet"],"yoast_head":"<!-- This site is optimized with the Yoast SEO plugin v27.4 - https:\/\/yoast.com\/product\/yoast-seo-wordpress\/ -->\n<title>La parole au Groupe Deschaumes avec Samuel Deschaumes, pr\u00e9sident<\/title>\n<meta name=\"robots\" content=\"index, follow, max-snippet:-1, max-image-preview:large, max-video-preview:-1\" \/>\n<link rel=\"canonical\" href=\"https:\/\/batijournal.com\/index.php\/la-parole-au-groupe-deschaumes-avec-samuel-deschaumes-president\/110623\/\" \/>\n<meta property=\"og:locale\" content=\"fr_FR\" \/>\n<meta property=\"og:type\" content=\"article\" \/>\n<meta property=\"og:title\" content=\"La parole au Groupe Deschaumes avec Samuel Deschaumes, pr\u00e9sident\" \/>\n<meta property=\"og:description\" content=\"Naofloor : le premier parquet massif \u00e0 bilan carbone neutre, un produit \u00e9cocon\u00e7u. Un parquet que l&#039;on poser et d\u00e9monter autant de fois que n\u00e9cessaire...\" \/>\n<meta property=\"og:url\" content=\"https:\/\/batijournal.com\/index.php\/la-parole-au-groupe-deschaumes-avec-samuel-deschaumes-president\/110623\/\" \/>\n<meta property=\"og:site_name\" content=\"Batijournal\" \/>\n<meta property=\"article:published_time\" content=\"2024-05-29T06:17:13+00:00\" \/>\n<meta property=\"og:image\" content=\"https:\/\/batijournal.com\/wp-content\/uploads\/2024\/05\/Samuel-Deschaumes.png\" \/>\n\t<meta property=\"og:image:width\" content=\"821\" \/>\n\t<meta property=\"og:image:height\" content=\"460\" \/>\n\t<meta property=\"og:image:type\" content=\"image\/png\" \/>\n<meta name=\"author\" content=\"St\u00e9phane Miget\" \/>\n<meta name=\"twitter:card\" content=\"summary_large_image\" \/>\n<meta name=\"twitter:creator\" content=\"@bati_journal\" \/>\n<meta name=\"twitter:site\" content=\"@bati_journal\" \/>\n<meta name=\"twitter:label1\" content=\"\u00c9crit par\" \/>\n\t<meta name=\"twitter:data1\" content=\"St\u00e9phane Miget\" \/>\n\t<meta name=\"twitter:label2\" content=\"Dur\u00e9e de lecture estim\u00e9e\" \/>\n\t<meta name=\"twitter:data2\" content=\"1 minute\" \/>\n<script type=\"application\/ld+json\" class=\"yoast-schema-graph\">{\"@context\":\"https:\\\/\\\/schema.org\",\"@graph\":[{\"@type\":\"Article\",\"@id\":\"https:\\\/\\\/batijournal.com\\\/index.php\\\/la-parole-au-groupe-deschaumes-avec-samuel-deschaumes-president\\\/110623\\\/#article\",\"isPartOf\":{\"@id\":\"https:\\\/\\\/batijournal.com\\\/index.php\\\/la-parole-au-groupe-deschaumes-avec-samuel-deschaumes-president\\\/110623\\\/\"},\"author\":{\"name\":\"St\u00e9phane Miget\",\"@id\":\"https:\\\/\\\/batijournal.com\\\/#\\\/schema\\\/person\\\/1dc96ec6957aa1ccb25ebe78bb19f100\"},\"headline\":\"La parole au Groupe Deschaumes avec Samuel Deschaumes, pr\u00e9sident\",\"datePublished\":\"2024-05-29T06:17:13+00:00\",\"mainEntityOfPage\":{\"@id\":\"https:\\\/\\\/batijournal.com\\\/index.php\\\/la-parole-au-groupe-deschaumes-avec-samuel-deschaumes-president\\\/110623\\\/\"},\"wordCount\":113,\"image\":{\"@id\":\"https:\\\/\\\/batijournal.com\\\/index.php\\\/la-parole-au-groupe-deschaumes-avec-samuel-deschaumes-president\\\/110623\\\/#primaryimage\"},\"thumbnailUrl\":\"https:\\\/\\\/batijournal.com\\\/wp-content\\\/uploads\\\/2024\\\/05\\\/Samuel-Deschaumes.png\",\"keywords\":[\"batijournal TV\",\"Carrefour international du bois\",\"parquet\"],\"articleSection\":[\"Actualit\u00e9s\",\"batijournal TV\",\"Divers\",\"zz_Actualit\u00e9s - Woodsurfer\",\"zz_Woodsurfer\"],\"inLanguage\":\"fr-FR\"},{\"@type\":\"WebPage\",\"@id\":\"https:\\\/\\\/batijournal.com\\\/index.php\\\/la-parole-au-groupe-deschaumes-avec-samuel-deschaumes-president\\\/110623\\\/\",\"url\":\"https:\\\/\\\/batijournal.com\\\/index.php\\\/la-parole-au-groupe-deschaumes-avec-samuel-deschaumes-president\\\/110623\\\/\",\"name\":\"La parole au Groupe Deschaumes avec Samuel Deschaumes, pr\u00e9sident\",\"isPartOf\":{\"@id\":\"https:\\\/\\\/batijournal.com\\\/#website\"},\"primaryImageOfPage\":{\"@id\":\"https:\\\/\\\/batijournal.com\\\/index.php\\\/la-parole-au-groupe-deschaumes-avec-samuel-deschaumes-president\\\/110623\\\/#primaryimage\"},\"image\":{\"@id\":\"https:\\\/\\\/batijournal.com\\\/index.php\\\/la-parole-au-groupe-deschaumes-avec-samuel-deschaumes-president\\\/110623\\\/#primaryimage\"},\"thumbnailUrl\":\"https:\\\/\\\/batijournal.com\\\/wp-content\\\/uploads\\\/2024\\\/05\\\/Samuel-Deschaumes.png\",\"datePublished\":\"2024-05-29T06:17:13+00:00\",\"author\":{\"@id\":\"https:\\\/\\\/batijournal.com\\\/#\\\/schema\\\/person\\\/1dc96ec6957aa1ccb25ebe78bb19f100\"},\"breadcrumb\":{\"@id\":\"https:\\\/\\\/batijournal.com\\\/index.php\\\/la-parole-au-groupe-deschaumes-avec-samuel-deschaumes-president\\\/110623\\\/#breadcrumb\"},\"inLanguage\":\"fr-FR\",\"potentialAction\":[{\"@type\":\"ReadAction\",\"target\":[\"https:\\\/\\\/batijournal.com\\\/index.php\\\/la-parole-au-groupe-deschaumes-avec-samuel-deschaumes-president\\\/110623\\\/\"]}]},{\"@type\":\"ImageObject\",\"inLanguage\":\"fr-FR\",\"@id\":\"https:\\\/\\\/batijournal.com\\\/index.php\\\/la-parole-au-groupe-deschaumes-avec-samuel-deschaumes-president\\\/110623\\\/#primaryimage\",\"url\":\"https:\\\/\\\/batijournal.com\\\/wp-content\\\/uploads\\\/2024\\\/05\\\/Samuel-Deschaumes.png\",\"contentUrl\":\"https:\\\/\\\/batijournal.com\\\/wp-content\\\/uploads\\\/2024\\\/05\\\/Samuel-Deschaumes.png\",\"width\":821,\"height\":460},{\"@type\":\"BreadcrumbList\",\"@id\":\"https:\\\/\\\/batijournal.com\\\/index.php\\\/la-parole-au-groupe-deschaumes-avec-samuel-deschaumes-president\\\/110623\\\/#breadcrumb\",\"itemListElement\":[{\"@type\":\"ListItem\",\"position\":1,\"name\":\"Accueil\",\"item\":\"https:\\\/\\\/batijournal.com\\\/\"},{\"@type\":\"ListItem\",\"position\":2,\"name\":\"Actualit\u00e9s\",\"item\":\"https:\\\/\\\/batijournal.com\\\/index.php\\\/category\\\/actualites\\\/\"},{\"@type\":\"ListItem\",\"position\":3,\"name\":\"La parole au Groupe Deschaumes avec Samuel Deschaumes, pr\u00e9sident\"}]},{\"@type\":\"WebSite\",\"@id\":\"https:\\\/\\\/batijournal.com\\\/#website\",\"url\":\"https:\\\/\\\/batijournal.com\\\/\",\"name\":\"Batijournal\",\"description\":\"L&#039;actualit\u00e9 du b\u00e2timent\",\"potentialAction\":[{\"@type\":\"SearchAction\",\"target\":{\"@type\":\"EntryPoint\",\"urlTemplate\":\"https:\\\/\\\/batijournal.com\\\/?s={search_term_string}\"},\"query-input\":{\"@type\":\"PropertyValueSpecification\",\"valueRequired\":true,\"valueName\":\"search_term_string\"}}],\"inLanguage\":\"fr-FR\"},{\"@type\":\"Person\",\"@id\":\"https:\\\/\\\/batijournal.com\\\/#\\\/schema\\\/person\\\/1dc96ec6957aa1ccb25ebe78bb19f100\",\"name\":\"St\u00e9phane Miget\",\"image\":{\"@type\":\"ImageObject\",\"inLanguage\":\"fr-FR\",\"@id\":\"https:\\\/\\\/secure.gravatar.com\\\/avatar\\\/89915563d925342126b8ef0281b93d9d7fc337043e8df017f780908eb9644451?s=96&d=mm&r=g\",\"url\":\"https:\\\/\\\/secure.gravatar.com\\\/avatar\\\/89915563d925342126b8ef0281b93d9d7fc337043e8df017f780908eb9644451?s=96&d=mm&r=g\",\"contentUrl\":\"https:\\\/\\\/secure.gravatar.com\\\/avatar\\\/89915563d925342126b8ef0281b93d9d7fc337043e8df017f780908eb9644451?s=96&d=mm&r=g\",\"caption\":\"St\u00e9phane Miget\"},\"url\":\"https:\\\/\\\/batijournal.com\\\/index.php\\\/author\\\/stephane\\\/\"}]}<\/script>\n<!-- \/ Yoast SEO plugin. -->","yoast_head_json":{"title":"La parole au Groupe Deschaumes avec Samuel Deschaumes, pr\u00e9sident","robots":{"index":"index","follow":"follow","max-snippet":"max-snippet:-1","max-image-preview":"max-image-preview:large","max-video-preview":"max-video-preview:-1"},"canonical":"https:\/\/batijournal.com\/index.php\/la-parole-au-groupe-deschaumes-avec-samuel-deschaumes-president\/110623\/","og_locale":"fr_FR","og_type":"article","og_title":"La parole au Groupe Deschaumes avec Samuel Deschaumes, pr\u00e9sident","og_description":"Naofloor : le premier parquet massif \u00e0 bilan carbone neutre, un produit \u00e9cocon\u00e7u. Un parquet que l'on poser et d\u00e9monter autant de fois que n\u00e9cessaire...","og_url":"https:\/\/batijournal.com\/index.php\/la-parole-au-groupe-deschaumes-avec-samuel-deschaumes-president\/110623\/","og_site_name":"Batijournal","article_published_time":"2024-05-29T06:17:13+00:00","og_image":[{"width":821,"height":460,"url":"https:\/\/batijournal.com\/wp-content\/uploads\/2024\/05\/Samuel-Deschaumes.png","type":"image\/png"}],"author":"St\u00e9phane Miget","twitter_card":"summary_large_image","twitter_creator":"@bati_journal","twitter_site":"@bati_journal","twitter_misc":{"\u00c9crit par":"St\u00e9phane Miget","Dur\u00e9e de lecture estim\u00e9e":"1 minute"},"schema":{"@context":"https:\/\/schema.org","@graph":[{"@type":"Article","@id":"https:\/\/batijournal.com\/index.php\/la-parole-au-groupe-deschaumes-avec-samuel-deschaumes-president\/110623\/#article","isPartOf":{"@id":"https:\/\/batijournal.com\/index.php\/la-parole-au-groupe-deschaumes-avec-samuel-deschaumes-president\/110623\/"},"author":{"name":"St\u00e9phane Miget","@id":"https:\/\/batijournal.com\/#\/schema\/person\/1dc96ec6957aa1ccb25ebe78bb19f100"},"headline":"La parole au Groupe Deschaumes avec Samuel Deschaumes, pr\u00e9sident","datePublished":"2024-05-29T06:17:13+00:00","mainEntityOfPage":{"@id":"https:\/\/batijournal.com\/index.php\/la-parole-au-groupe-deschaumes-avec-samuel-deschaumes-president\/110623\/"},"wordCount":113,"image":{"@id":"https:\/\/batijournal.com\/index.php\/la-parole-au-groupe-deschaumes-avec-samuel-deschaumes-president\/110623\/#primaryimage"},"thumbnailUrl":"https:\/\/batijournal.com\/wp-content\/uploads\/2024\/05\/Samuel-Deschaumes.png","keywords":["batijournal TV","Carrefour international du bois","parquet"],"articleSection":["Actualit\u00e9s","batijournal TV","Divers","zz_Actualit\u00e9s - Woodsurfer","zz_Woodsurfer"],"inLanguage":"fr-FR"},{"@type":"WebPage","@id":"https:\/\/batijournal.com\/index.php\/la-parole-au-groupe-deschaumes-avec-samuel-deschaumes-president\/110623\/","url":"https:\/\/batijournal.com\/index.php\/la-parole-au-groupe-deschaumes-avec-samuel-deschaumes-president\/110623\/","name":"La parole au Groupe Deschaumes avec Samuel Deschaumes, pr\u00e9sident","isPartOf":{"@id":"https:\/\/batijournal.com\/#website"},"primaryImageOfPage":{"@id":"https:\/\/batijournal.com\/index.php\/la-parole-au-groupe-deschaumes-avec-samuel-deschaumes-president\/110623\/#primaryimage"},"image":{"@id":"https:\/\/batijournal.com\/index.php\/la-parole-au-groupe-deschaumes-avec-samuel-deschaumes-president\/110623\/#primaryimage"},"thumbnailUrl":"https:\/\/batijournal.com\/wp-content\/uploads\/2024\/05\/Samuel-Deschaumes.png","datePublished":"2024-05-29T06:17:13+00:00","author":{"@id":"https:\/\/batijournal.com\/#\/schema\/person\/1dc96ec6957aa1ccb25ebe78bb19f100"},"breadcrumb":{"@id":"https:\/\/batijournal.com\/index.php\/la-parole-au-groupe-deschaumes-avec-samuel-deschaumes-president\/110623\/#breadcrumb"},"inLanguage":"fr-FR","potentialAction":[{"@type":"ReadAction","target":["https:\/\/batijournal.com\/index.php\/la-parole-au-groupe-deschaumes-avec-samuel-deschaumes-president\/110623\/"]}]},{"@type":"ImageObject","inLanguage":"fr-FR","@id":"https:\/\/batijournal.com\/index.php\/la-parole-au-groupe-deschaumes-avec-samuel-deschaumes-president\/110623\/#primaryimage","url":"https:\/\/batijournal.com\/wp-content\/uploads\/2024\/05\/Samuel-Deschaumes.png","contentUrl":"https:\/\/batijournal.com\/wp-content\/uploads\/2024\/05\/Samuel-Deschaumes.png","width":821,"height":460},{"@type":"BreadcrumbList","@id":"https:\/\/batijournal.com\/index.php\/la-parole-au-groupe-deschaumes-avec-samuel-deschaumes-president\/110623\/#breadcrumb","itemListElement":[{"@type":"ListItem","position":1,"name":"Accueil","item":"https:\/\/batijournal.com\/"},{"@type":"ListItem","position":2,"name":"Actualit\u00e9s","item":"https:\/\/batijournal.com\/index.php\/category\/actualites\/"},{"@type":"ListItem","position":3,"name":"La parole au Groupe Deschaumes avec Samuel Deschaumes, pr\u00e9sident"}]},{"@type":"WebSite","@id":"https:\/\/batijournal.com\/#website","url":"https:\/\/batijournal.com\/","name":"Batijournal","description":"L&#039;actualit\u00e9 du b\u00e2timent","potentialAction":[{"@type":"SearchAction","target":{"@type":"EntryPoint","urlTemplate":"https:\/\/batijournal.com\/?s={search_term_string}"},"query-input":{"@type":"PropertyValueSpecification","valueRequired":true,"valueName":"search_term_string"}}],"inLanguage":"fr-FR"},{"@type":"Person","@id":"https:\/\/batijournal.com\/#\/schema\/person\/1dc96ec6957aa1ccb25ebe78bb19f100","name":"St\u00e9phane Miget","image":{"@type":"ImageObject","inLanguage":"fr-FR","@id":"https:\/\/secure.gravatar.com\/avatar\/89915563d925342126b8ef0281b93d9d7fc337043e8df017f780908eb9644451?s=96&d=mm&r=g","url":"https:\/\/secure.gravatar.com\/avatar\/89915563d925342126b8ef0281b93d9d7fc337043e8df017f780908eb9644451?s=96&d=mm&r=g","contentUrl":"https:\/\/secure.gravatar.com\/avatar\/89915563d925342126b8ef0281b93d9d7fc337043e8df017f780908eb9644451?s=96&d=mm&r=g","caption":"St\u00e9phane Miget"},"url":"https:\/\/batijournal.com\/index.php\/author\/stephane\/"}]}},"_links":{"self":[{"href":"https:\/\/batijournal.com\/index.php\/wp-json\/wp\/v2\/posts\/110623","targetHints":{"allow":["GET"]}}],"collection":[{"href":"https:\/\/batijournal.com\/index.php\/wp-json\/wp\/v2\/posts"}],"about":[{"href":"https:\/\/batijournal.com\/index.php\/wp-json\/wp\/v2\/types\/post"}],"author":[{"embeddable":true,"href":"https:\/\/batijournal.com\/index.php\/wp-json\/wp\/v2\/users\/17"}],"replies":[{"embeddable":true,"href":"https:\/\/batijournal.com\/index.php\/wp-json\/wp\/v2\/comments?post=110623"}],"version-history":[{"count":0,"href":"https:\/\/batijournal.com\/index.php\/wp-json\/wp\/v2\/posts\/110623\/revisions"}],"wp:featuredmedia":[{"embeddable":true,"href":"https:\/\/batijournal.com\/index.php\/wp-json\/wp\/v2\/media\/110624"}],"wp:attachment":[{"href":"https:\/\/batijournal.com\/index.php\/wp-json\/wp\/v2\/media?parent=110623"}],"wp:term":[{"taxonomy":"category","embeddable":true,"href":"https:\/\/batijournal.com\/index.php\/wp-json\/wp\/v2\/categories?post=110623"},{"taxonomy":"post_tag","embeddable":true,"href":"https:\/\/batijournal.com\/index.php\/wp-json\/wp\/v2\/tags?post=110623"}],"curies":[{"name":"wp","href":"https:\/\/api.w.org\/{rel}","templated":true}]}}