{"id":110627,"date":"2024-05-29T08:23:05","date_gmt":"2024-05-29T06:23:05","guid":{"rendered":"https:\/\/batijournal.com\/?p=110627"},"modified":"2024-05-29T08:23:05","modified_gmt":"2024-05-29T06:23:05","slug":"prescrire-le-bois-a-lechelle-des-regions","status":"publish","type":"post","link":"https:\/\/batijournal.com\/index.php\/prescrire-le-bois-a-lechelle-des-regions\/110627\/","title":{"rendered":"Prescrire le bois \u00e0 l\u2019\u00e9chelle des r\u00e9gions"},"content":{"rendered":"<p><iframe loading=\"lazy\" title=\"Prescrire le bois \u00e0 l\u2019\u00e9chelle des r\u00e9gions\" width=\"1080\" height=\"608\" src=\"https:\/\/www.youtube.com\/embed\/4lgE9DqKeFo?feature=oembed\"  allow=\"accelerometer; autoplay; clipboard-write; encrypted-media; gyroscope; picture-in-picture; web-share\" referrerpolicy=\"strict-origin-when-cross-origin\" allowfullscreen><\/iframe><\/p>\n<div dir=\"ltr\">Prescrire le bois \u00e0 l\u2019\u00e9chelle des r\u00e9gions<\/div>\n<div dir=\"ltr\">avec<\/div>\n<div dir=\"ltr\">Lucie Meunier, coordinatrice du R\u00e9seau Prescrition Fibois France<\/div>\n<div dir=\"ltr\">Thomas Baudot, prescripteur bois Fibois Hauts de France<\/div>\n<div dir=\"ltr\">J\u00e9rome Martinez, responsable du label Bois de France<\/div>\n<div dir=\"ltr\"><\/div>\n<div dir=\"ltr\">Le plateau TV Bati-Joural est organis\u00e9 par \u00c9ditions des Halles et le Carrefour international du bois, avec le soutien du CODIFAB (Comit\u00e9 professionnel de D\u00e9veloppement des Industries Fran\u00e7aises de l\u2019Ameublement et du Bois) et de la FNB (F\u00e9d\u00e9ration nationale du bois), en partenariat avec les magazines Wood Surfer et L\u2019Atelier Bois.<\/div>\n<div dir=\"ltr\"><\/div>\n","protected":false},"excerpt":{"rendered":"<p>Prescrire le bois \u00e0 l\u2019\u00e9chelle des r\u00e9gions avec  Lucie Meunier, coordinatrice du R\u00e9seau Prescrition Fibois France, Thomas Baudot, prescripteur bois Fibois Hauts de France, J\u00e9rome Martinez, responsable du label Bois de France<\/p>\n","protected":false},"author":17,"featured_media":110628,"comment_status":"closed","ping_status":"closed","sticky":false,"template":"","format":"standard","meta":{"_et_pb_use_builder":"","_et_pb_old_content":"","_et_gb_content_width":"","footnotes":""},"categories":[10530,11200,6362,10769,10764],"tags":[11505,11054],"class_list":["post-110627","post","type-post","status-publish","format-standard","has-post-thumbnail","hentry","category-actualites","category-batijournal-tv","category-services-equipements","category-publications","category-woodsurfer","tag-batijournal-tv","tag-carrefour-international-du-bois"],"yoast_head":"<!-- This site is optimized with the Yoast SEO plugin v27.4 - https:\/\/yoast.com\/product\/yoast-seo-wordpress\/ -->\n<title>Prescrire le bois \u00e0 l\u2019\u00e9chelle des r\u00e9gions<\/title>\n<meta name=\"robots\" content=\"index, follow, max-snippet:-1, max-image-preview:large, max-video-preview:-1\" \/>\n<link rel=\"canonical\" href=\"https:\/\/batijournal.com\/index.php\/prescrire-le-bois-a-lechelle-des-regions\/110627\/\" \/>\n<meta property=\"og:locale\" content=\"fr_FR\" \/>\n<meta property=\"og:type\" content=\"article\" \/>\n<meta property=\"og:title\" content=\"Prescrire le bois \u00e0 l\u2019\u00e9chelle des r\u00e9gions\" \/>\n<meta property=\"og:description\" content=\"Prescrire le bois \u00e0 l\u2019\u00e9chelle des r\u00e9gions avec Lucie Meunier, coordinatrice du R\u00e9seau Prescrition Fibois France, Thomas Baudot, prescripteur bois Fibois Hauts de France, J\u00e9rome Martinez, responsable du label Bois de France\" \/>\n<meta property=\"og:url\" content=\"https:\/\/batijournal.com\/index.php\/prescrire-le-bois-a-lechelle-des-regions\/110627\/\" \/>\n<meta property=\"og:site_name\" content=\"Batijournal\" \/>\n<meta property=\"article:published_time\" content=\"2024-05-29T06:23:05+00:00\" \/>\n<meta property=\"og:image\" content=\"https:\/\/batijournal.com\/wp-content\/uploads\/2024\/05\/prescrire-le-materiau-bois-fibois-bois-de-france.png\" \/>\n\t<meta property=\"og:image:width\" content=\"819\" \/>\n\t<meta property=\"og:image:height\" content=\"455\" \/>\n\t<meta property=\"og:image:type\" content=\"image\/png\" \/>\n<meta name=\"author\" content=\"St\u00e9phane Miget\" \/>\n<meta name=\"twitter:card\" content=\"summary_large_image\" \/>\n<meta name=\"twitter:creator\" content=\"@bati_journal\" \/>\n<meta name=\"twitter:site\" content=\"@bati_journal\" \/>\n<meta name=\"twitter:label1\" content=\"\u00c9crit par\" \/>\n\t<meta name=\"twitter:data1\" content=\"St\u00e9phane Miget\" \/>\n\t<meta name=\"twitter:label2\" content=\"Dur\u00e9e de lecture estim\u00e9e\" \/>\n\t<meta name=\"twitter:data2\" content=\"1 minute\" \/>\n<script type=\"application\/ld+json\" class=\"yoast-schema-graph\">{\"@context\":\"https:\\\/\\\/schema.org\",\"@graph\":[{\"@type\":\"Article\",\"@id\":\"https:\\\/\\\/batijournal.com\\\/index.php\\\/prescrire-le-bois-a-lechelle-des-regions\\\/110627\\\/#article\",\"isPartOf\":{\"@id\":\"https:\\\/\\\/batijournal.com\\\/index.php\\\/prescrire-le-bois-a-lechelle-des-regions\\\/110627\\\/\"},\"author\":{\"name\":\"St\u00e9phane Miget\",\"@id\":\"https:\\\/\\\/batijournal.com\\\/#\\\/schema\\\/person\\\/1dc96ec6957aa1ccb25ebe78bb19f100\"},\"headline\":\"Prescrire le bois \u00e0 l\u2019\u00e9chelle des r\u00e9gions\",\"datePublished\":\"2024-05-29T06:23:05+00:00\",\"mainEntityOfPage\":{\"@id\":\"https:\\\/\\\/batijournal.com\\\/index.php\\\/prescrire-le-bois-a-lechelle-des-regions\\\/110627\\\/\"},\"wordCount\":108,\"image\":{\"@id\":\"https:\\\/\\\/batijournal.com\\\/index.php\\\/prescrire-le-bois-a-lechelle-des-regions\\\/110627\\\/#primaryimage\"},\"thumbnailUrl\":\"https:\\\/\\\/batijournal.com\\\/wp-content\\\/uploads\\\/2024\\\/05\\\/prescrire-le-materiau-bois-fibois-bois-de-france.png\",\"keywords\":[\"batijournal TV\",\"Carrefour international du bois\"],\"articleSection\":[\"Actualit\u00e9s\",\"batijournal TV\",\"Divers\",\"zz_Actualit\u00e9s - Woodsurfer\",\"zz_Woodsurfer\"],\"inLanguage\":\"fr-FR\"},{\"@type\":\"WebPage\",\"@id\":\"https:\\\/\\\/batijournal.com\\\/index.php\\\/prescrire-le-bois-a-lechelle-des-regions\\\/110627\\\/\",\"url\":\"https:\\\/\\\/batijournal.com\\\/index.php\\\/prescrire-le-bois-a-lechelle-des-regions\\\/110627\\\/\",\"name\":\"Prescrire le bois \u00e0 l\u2019\u00e9chelle des r\u00e9gions\",\"isPartOf\":{\"@id\":\"https:\\\/\\\/batijournal.com\\\/#website\"},\"primaryImageOfPage\":{\"@id\":\"https:\\\/\\\/batijournal.com\\\/index.php\\\/prescrire-le-bois-a-lechelle-des-regions\\\/110627\\\/#primaryimage\"},\"image\":{\"@id\":\"https:\\\/\\\/batijournal.com\\\/index.php\\\/prescrire-le-bois-a-lechelle-des-regions\\\/110627\\\/#primaryimage\"},\"thumbnailUrl\":\"https:\\\/\\\/batijournal.com\\\/wp-content\\\/uploads\\\/2024\\\/05\\\/prescrire-le-materiau-bois-fibois-bois-de-france.png\",\"datePublished\":\"2024-05-29T06:23:05+00:00\",\"author\":{\"@id\":\"https:\\\/\\\/batijournal.com\\\/#\\\/schema\\\/person\\\/1dc96ec6957aa1ccb25ebe78bb19f100\"},\"breadcrumb\":{\"@id\":\"https:\\\/\\\/batijournal.com\\\/index.php\\\/prescrire-le-bois-a-lechelle-des-regions\\\/110627\\\/#breadcrumb\"},\"inLanguage\":\"fr-FR\",\"potentialAction\":[{\"@type\":\"ReadAction\",\"target\":[\"https:\\\/\\\/batijournal.com\\\/index.php\\\/prescrire-le-bois-a-lechelle-des-regions\\\/110627\\\/\"]}]},{\"@type\":\"ImageObject\",\"inLanguage\":\"fr-FR\",\"@id\":\"https:\\\/\\\/batijournal.com\\\/index.php\\\/prescrire-le-bois-a-lechelle-des-regions\\\/110627\\\/#primaryimage\",\"url\":\"https:\\\/\\\/batijournal.com\\\/wp-content\\\/uploads\\\/2024\\\/05\\\/prescrire-le-materiau-bois-fibois-bois-de-france.png\",\"contentUrl\":\"https:\\\/\\\/batijournal.com\\\/wp-content\\\/uploads\\\/2024\\\/05\\\/prescrire-le-materiau-bois-fibois-bois-de-france.png\",\"width\":819,\"height\":455},{\"@type\":\"BreadcrumbList\",\"@id\":\"https:\\\/\\\/batijournal.com\\\/index.php\\\/prescrire-le-bois-a-lechelle-des-regions\\\/110627\\\/#breadcrumb\",\"itemListElement\":[{\"@type\":\"ListItem\",\"position\":1,\"name\":\"Accueil\",\"item\":\"https:\\\/\\\/batijournal.com\\\/\"},{\"@type\":\"ListItem\",\"position\":2,\"name\":\"Actualit\u00e9s\",\"item\":\"https:\\\/\\\/batijournal.com\\\/index.php\\\/category\\\/actualites\\\/\"},{\"@type\":\"ListItem\",\"position\":3,\"name\":\"Prescrire le bois \u00e0 l\u2019\u00e9chelle des r\u00e9gions\"}]},{\"@type\":\"WebSite\",\"@id\":\"https:\\\/\\\/batijournal.com\\\/#website\",\"url\":\"https:\\\/\\\/batijournal.com\\\/\",\"name\":\"Batijournal\",\"description\":\"L&#039;actualit\u00e9 du b\u00e2timent\",\"potentialAction\":[{\"@type\":\"SearchAction\",\"target\":{\"@type\":\"EntryPoint\",\"urlTemplate\":\"https:\\\/\\\/batijournal.com\\\/?s={search_term_string}\"},\"query-input\":{\"@type\":\"PropertyValueSpecification\",\"valueRequired\":true,\"valueName\":\"search_term_string\"}}],\"inLanguage\":\"fr-FR\"},{\"@type\":\"Person\",\"@id\":\"https:\\\/\\\/batijournal.com\\\/#\\\/schema\\\/person\\\/1dc96ec6957aa1ccb25ebe78bb19f100\",\"name\":\"St\u00e9phane Miget\",\"image\":{\"@type\":\"ImageObject\",\"inLanguage\":\"fr-FR\",\"@id\":\"https:\\\/\\\/secure.gravatar.com\\\/avatar\\\/89915563d925342126b8ef0281b93d9d7fc337043e8df017f780908eb9644451?s=96&d=mm&r=g\",\"url\":\"https:\\\/\\\/secure.gravatar.com\\\/avatar\\\/89915563d925342126b8ef0281b93d9d7fc337043e8df017f780908eb9644451?s=96&d=mm&r=g\",\"contentUrl\":\"https:\\\/\\\/secure.gravatar.com\\\/avatar\\\/89915563d925342126b8ef0281b93d9d7fc337043e8df017f780908eb9644451?s=96&d=mm&r=g\",\"caption\":\"St\u00e9phane Miget\"},\"url\":\"https:\\\/\\\/batijournal.com\\\/index.php\\\/author\\\/stephane\\\/\"}]}<\/script>\n<!-- \/ Yoast SEO plugin. -->","yoast_head_json":{"title":"Prescrire le bois \u00e0 l\u2019\u00e9chelle des r\u00e9gions","robots":{"index":"index","follow":"follow","max-snippet":"max-snippet:-1","max-image-preview":"max-image-preview:large","max-video-preview":"max-video-preview:-1"},"canonical":"https:\/\/batijournal.com\/index.php\/prescrire-le-bois-a-lechelle-des-regions\/110627\/","og_locale":"fr_FR","og_type":"article","og_title":"Prescrire le bois \u00e0 l\u2019\u00e9chelle des r\u00e9gions","og_description":"Prescrire le bois \u00e0 l\u2019\u00e9chelle des r\u00e9gions avec Lucie Meunier, coordinatrice du R\u00e9seau Prescrition Fibois France, Thomas Baudot, prescripteur bois Fibois Hauts de France, J\u00e9rome Martinez, responsable du label Bois de France","og_url":"https:\/\/batijournal.com\/index.php\/prescrire-le-bois-a-lechelle-des-regions\/110627\/","og_site_name":"Batijournal","article_published_time":"2024-05-29T06:23:05+00:00","og_image":[{"width":819,"height":455,"url":"https:\/\/batijournal.com\/wp-content\/uploads\/2024\/05\/prescrire-le-materiau-bois-fibois-bois-de-france.png","type":"image\/png"}],"author":"St\u00e9phane Miget","twitter_card":"summary_large_image","twitter_creator":"@bati_journal","twitter_site":"@bati_journal","twitter_misc":{"\u00c9crit par":"St\u00e9phane Miget","Dur\u00e9e de lecture estim\u00e9e":"1 minute"},"schema":{"@context":"https:\/\/schema.org","@graph":[{"@type":"Article","@id":"https:\/\/batijournal.com\/index.php\/prescrire-le-bois-a-lechelle-des-regions\/110627\/#article","isPartOf":{"@id":"https:\/\/batijournal.com\/index.php\/prescrire-le-bois-a-lechelle-des-regions\/110627\/"},"author":{"name":"St\u00e9phane Miget","@id":"https:\/\/batijournal.com\/#\/schema\/person\/1dc96ec6957aa1ccb25ebe78bb19f100"},"headline":"Prescrire le bois \u00e0 l\u2019\u00e9chelle des r\u00e9gions","datePublished":"2024-05-29T06:23:05+00:00","mainEntityOfPage":{"@id":"https:\/\/batijournal.com\/index.php\/prescrire-le-bois-a-lechelle-des-regions\/110627\/"},"wordCount":108,"image":{"@id":"https:\/\/batijournal.com\/index.php\/prescrire-le-bois-a-lechelle-des-regions\/110627\/#primaryimage"},"thumbnailUrl":"https:\/\/batijournal.com\/wp-content\/uploads\/2024\/05\/prescrire-le-materiau-bois-fibois-bois-de-france.png","keywords":["batijournal TV","Carrefour international du bois"],"articleSection":["Actualit\u00e9s","batijournal TV","Divers","zz_Actualit\u00e9s - Woodsurfer","zz_Woodsurfer"],"inLanguage":"fr-FR"},{"@type":"WebPage","@id":"https:\/\/batijournal.com\/index.php\/prescrire-le-bois-a-lechelle-des-regions\/110627\/","url":"https:\/\/batijournal.com\/index.php\/prescrire-le-bois-a-lechelle-des-regions\/110627\/","name":"Prescrire le bois \u00e0 l\u2019\u00e9chelle des r\u00e9gions","isPartOf":{"@id":"https:\/\/batijournal.com\/#website"},"primaryImageOfPage":{"@id":"https:\/\/batijournal.com\/index.php\/prescrire-le-bois-a-lechelle-des-regions\/110627\/#primaryimage"},"image":{"@id":"https:\/\/batijournal.com\/index.php\/prescrire-le-bois-a-lechelle-des-regions\/110627\/#primaryimage"},"thumbnailUrl":"https:\/\/batijournal.com\/wp-content\/uploads\/2024\/05\/prescrire-le-materiau-bois-fibois-bois-de-france.png","datePublished":"2024-05-29T06:23:05+00:00","author":{"@id":"https:\/\/batijournal.com\/#\/schema\/person\/1dc96ec6957aa1ccb25ebe78bb19f100"},"breadcrumb":{"@id":"https:\/\/batijournal.com\/index.php\/prescrire-le-bois-a-lechelle-des-regions\/110627\/#breadcrumb"},"inLanguage":"fr-FR","potentialAction":[{"@type":"ReadAction","target":["https:\/\/batijournal.com\/index.php\/prescrire-le-bois-a-lechelle-des-regions\/110627\/"]}]},{"@type":"ImageObject","inLanguage":"fr-FR","@id":"https:\/\/batijournal.com\/index.php\/prescrire-le-bois-a-lechelle-des-regions\/110627\/#primaryimage","url":"https:\/\/batijournal.com\/wp-content\/uploads\/2024\/05\/prescrire-le-materiau-bois-fibois-bois-de-france.png","contentUrl":"https:\/\/batijournal.com\/wp-content\/uploads\/2024\/05\/prescrire-le-materiau-bois-fibois-bois-de-france.png","width":819,"height":455},{"@type":"BreadcrumbList","@id":"https:\/\/batijournal.com\/index.php\/prescrire-le-bois-a-lechelle-des-regions\/110627\/#breadcrumb","itemListElement":[{"@type":"ListItem","position":1,"name":"Accueil","item":"https:\/\/batijournal.com\/"},{"@type":"ListItem","position":2,"name":"Actualit\u00e9s","item":"https:\/\/batijournal.com\/index.php\/category\/actualites\/"},{"@type":"ListItem","position":3,"name":"Prescrire le bois \u00e0 l\u2019\u00e9chelle des r\u00e9gions"}]},{"@type":"WebSite","@id":"https:\/\/batijournal.com\/#website","url":"https:\/\/batijournal.com\/","name":"Batijournal","description":"L&#039;actualit\u00e9 du b\u00e2timent","potentialAction":[{"@type":"SearchAction","target":{"@type":"EntryPoint","urlTemplate":"https:\/\/batijournal.com\/?s={search_term_string}"},"query-input":{"@type":"PropertyValueSpecification","valueRequired":true,"valueName":"search_term_string"}}],"inLanguage":"fr-FR"},{"@type":"Person","@id":"https:\/\/batijournal.com\/#\/schema\/person\/1dc96ec6957aa1ccb25ebe78bb19f100","name":"St\u00e9phane Miget","image":{"@type":"ImageObject","inLanguage":"fr-FR","@id":"https:\/\/secure.gravatar.com\/avatar\/89915563d925342126b8ef0281b93d9d7fc337043e8df017f780908eb9644451?s=96&d=mm&r=g","url":"https:\/\/secure.gravatar.com\/avatar\/89915563d925342126b8ef0281b93d9d7fc337043e8df017f780908eb9644451?s=96&d=mm&r=g","contentUrl":"https:\/\/secure.gravatar.com\/avatar\/89915563d925342126b8ef0281b93d9d7fc337043e8df017f780908eb9644451?s=96&d=mm&r=g","caption":"St\u00e9phane Miget"},"url":"https:\/\/batijournal.com\/index.php\/author\/stephane\/"}]}},"_links":{"self":[{"href":"https:\/\/batijournal.com\/index.php\/wp-json\/wp\/v2\/posts\/110627","targetHints":{"allow":["GET"]}}],"collection":[{"href":"https:\/\/batijournal.com\/index.php\/wp-json\/wp\/v2\/posts"}],"about":[{"href":"https:\/\/batijournal.com\/index.php\/wp-json\/wp\/v2\/types\/post"}],"author":[{"embeddable":true,"href":"https:\/\/batijournal.com\/index.php\/wp-json\/wp\/v2\/users\/17"}],"replies":[{"embeddable":true,"href":"https:\/\/batijournal.com\/index.php\/wp-json\/wp\/v2\/comments?post=110627"}],"version-history":[{"count":0,"href":"https:\/\/batijournal.com\/index.php\/wp-json\/wp\/v2\/posts\/110627\/revisions"}],"wp:featuredmedia":[{"embeddable":true,"href":"https:\/\/batijournal.com\/index.php\/wp-json\/wp\/v2\/media\/110628"}],"wp:attachment":[{"href":"https:\/\/batijournal.com\/index.php\/wp-json\/wp\/v2\/media?parent=110627"}],"wp:term":[{"taxonomy":"category","embeddable":true,"href":"https:\/\/batijournal.com\/index.php\/wp-json\/wp\/v2\/categories?post=110627"},{"taxonomy":"post_tag","embeddable":true,"href":"https:\/\/batijournal.com\/index.php\/wp-json\/wp\/v2\/tags?post=110627"}],"curies":[{"name":"wp","href":"https:\/\/api.w.org\/{rel}","templated":true}]}}