{"id":110642,"date":"2024-05-30T07:35:34","date_gmt":"2024-05-30T05:35:34","guid":{"rendered":"https:\/\/batijournal.com\/?p=110642"},"modified":"2024-05-30T07:35:34","modified_gmt":"2024-05-30T05:35:34","slug":"la-parole-a-swiss-krono","status":"publish","type":"post","link":"https:\/\/batijournal.com\/index.php\/la-parole-a-swiss-krono\/110642\/","title":{"rendered":"La parole \u00e0 Swiss Krono"},"content":{"rendered":"<p><iframe loading=\"lazy\" title=\"La parole \u00e0 Swiss Krono\" width=\"1080\" height=\"608\" src=\"https:\/\/www.youtube.com\/embed\/iPrz4Hv76G0?feature=oembed\"  allow=\"accelerometer; autoplay; clipboard-write; encrypted-media; gyroscope; picture-in-picture; web-share\" referrerpolicy=\"strict-origin-when-cross-origin\" allowfullscreen><\/iframe><\/p>\n<div>Le groupe SWISS KRONO, dont le si\u00e8ge est \u00e0 Lucerne, en Suisse, est l&rsquo;un des principaux fabricants mondiaux de mat\u00e9riaux d\u00e9riv\u00e9s du bois. L&rsquo;entreprise propose une large gamme de produits dans les domaines de l&rsquo;am\u00e9nagement int\u00e9rieur, des sols et des mat\u00e9riaux de construction. Le groupe SWISS KRONO a r\u00e9alis\u00e9 un chiffre d&rsquo;affaires de plus de 1,8 milliards de CHF au cours du dernier exercice. Le groupe d&rsquo;entreprises emploie environ 5 000 personnes sur dix sites de production dans le monde. Les huit entreprises nationales du groupe SWISS KRONO sont actives en Suisse, en France, en Allemagne, en Pologne, en Hongrie, en Ukraine, en Russie et aux \u00c9tats-Unis et fournissent des clients dans plus de 120 pays. En France le bois utilis\u00e9 est fran\u00e7ais.<\/div>\n<div><\/div>\n<div>avec<\/div>\n<div>\n<div>S\u00e9bastien Marchal, Responsable ventes industrie &amp; Conseiller Technique &#8211; Swiss Krono<\/div>\n<div>Vincent Adam, Pr\u00e9sident de Swiss Krono<\/div>\n<\/div>\n<div><\/div>\n<div>Le plateau TV Bati-Journal est organis\u00e9 par \u00c9ditions des Halles et le Carrefour international du bois, avec le soutien du CODIFAB (Comit\u00e9 professionnel de D\u00e9veloppement des Industries Fran\u00e7aises de l\u2019Ameublement et du Bois) et de la FNB (F\u00e9d\u00e9ration nationale du bois), en partenariat avec les magazines Wood Surfer et L\u2019Atelier Bois.<\/div>\n<div><\/div>\n","protected":false},"excerpt":{"rendered":"<p>Le groupe SWISS KRONO est l&rsquo;un des principaux fabricants mondiaux de mat\u00e9riaux d\u00e9riv\u00e9s du bois<\/p>\n","protected":false},"author":17,"featured_media":110643,"comment_status":"closed","ping_status":"closed","sticky":false,"template":"","format":"standard","meta":{"_et_pb_use_builder":"","_et_pb_old_content":"","_et_gb_content_width":"","footnotes":""},"categories":[10530,6362],"tags":[11505,11054],"class_list":["post-110642","post","type-post","status-publish","format-standard","has-post-thumbnail","hentry","category-actualites","category-services-equipements","tag-batijournal-tv","tag-carrefour-international-du-bois"],"yoast_head":"<!-- This site is optimized with the Yoast SEO plugin v27.4 - https:\/\/yoast.com\/product\/yoast-seo-wordpress\/ -->\n<title>La parole \u00e0 Swiss Krono<\/title>\n<meta name=\"robots\" content=\"index, follow, max-snippet:-1, max-image-preview:large, max-video-preview:-1\" \/>\n<link rel=\"canonical\" href=\"https:\/\/batijournal.com\/index.php\/la-parole-a-swiss-krono\/110642\/\" \/>\n<meta property=\"og:locale\" content=\"fr_FR\" \/>\n<meta property=\"og:type\" content=\"article\" \/>\n<meta property=\"og:title\" content=\"La parole \u00e0 Swiss Krono\" \/>\n<meta property=\"og:description\" content=\"Le groupe SWISS KRONO est l&#039;un des principaux fabricants mondiaux de mat\u00e9riaux d\u00e9riv\u00e9s du bois\" \/>\n<meta property=\"og:url\" content=\"https:\/\/batijournal.com\/index.php\/la-parole-a-swiss-krono\/110642\/\" \/>\n<meta property=\"og:site_name\" content=\"Batijournal\" \/>\n<meta property=\"article:published_time\" content=\"2024-05-30T05:35:34+00:00\" \/>\n<meta property=\"og:image\" content=\"https:\/\/batijournal.com\/wp-content\/uploads\/2024\/05\/Swiss-Krono.png\" \/>\n\t<meta property=\"og:image:width\" content=\"820\" \/>\n\t<meta property=\"og:image:height\" content=\"462\" \/>\n\t<meta property=\"og:image:type\" content=\"image\/png\" \/>\n<meta name=\"author\" content=\"St\u00e9phane Miget\" \/>\n<meta name=\"twitter:card\" content=\"summary_large_image\" \/>\n<meta name=\"twitter:creator\" content=\"@bati_journal\" \/>\n<meta name=\"twitter:site\" content=\"@bati_journal\" \/>\n<meta name=\"twitter:label1\" content=\"\u00c9crit par\" \/>\n\t<meta name=\"twitter:data1\" content=\"St\u00e9phane Miget\" \/>\n\t<meta name=\"twitter:label2\" content=\"Dur\u00e9e de lecture estim\u00e9e\" \/>\n\t<meta name=\"twitter:data2\" content=\"1 minute\" \/>\n<script type=\"application\/ld+json\" class=\"yoast-schema-graph\">{\"@context\":\"https:\\\/\\\/schema.org\",\"@graph\":[{\"@type\":\"Article\",\"@id\":\"https:\\\/\\\/batijournal.com\\\/index.php\\\/la-parole-a-swiss-krono\\\/110642\\\/#article\",\"isPartOf\":{\"@id\":\"https:\\\/\\\/batijournal.com\\\/index.php\\\/la-parole-a-swiss-krono\\\/110642\\\/\"},\"author\":{\"name\":\"St\u00e9phane Miget\",\"@id\":\"https:\\\/\\\/batijournal.com\\\/#\\\/schema\\\/person\\\/1dc96ec6957aa1ccb25ebe78bb19f100\"},\"headline\":\"La parole \u00e0 Swiss Krono\",\"datePublished\":\"2024-05-30T05:35:34+00:00\",\"mainEntityOfPage\":{\"@id\":\"https:\\\/\\\/batijournal.com\\\/index.php\\\/la-parole-a-swiss-krono\\\/110642\\\/\"},\"wordCount\":222,\"image\":{\"@id\":\"https:\\\/\\\/batijournal.com\\\/index.php\\\/la-parole-a-swiss-krono\\\/110642\\\/#primaryimage\"},\"thumbnailUrl\":\"https:\\\/\\\/batijournal.com\\\/wp-content\\\/uploads\\\/2024\\\/05\\\/Swiss-Krono.png\",\"keywords\":[\"batijournal TV\",\"Carrefour international du bois\"],\"articleSection\":[\"Actualit\u00e9s\",\"Divers\"],\"inLanguage\":\"fr-FR\"},{\"@type\":\"WebPage\",\"@id\":\"https:\\\/\\\/batijournal.com\\\/index.php\\\/la-parole-a-swiss-krono\\\/110642\\\/\",\"url\":\"https:\\\/\\\/batijournal.com\\\/index.php\\\/la-parole-a-swiss-krono\\\/110642\\\/\",\"name\":\"La parole \u00e0 Swiss Krono\",\"isPartOf\":{\"@id\":\"https:\\\/\\\/batijournal.com\\\/#website\"},\"primaryImageOfPage\":{\"@id\":\"https:\\\/\\\/batijournal.com\\\/index.php\\\/la-parole-a-swiss-krono\\\/110642\\\/#primaryimage\"},\"image\":{\"@id\":\"https:\\\/\\\/batijournal.com\\\/index.php\\\/la-parole-a-swiss-krono\\\/110642\\\/#primaryimage\"},\"thumbnailUrl\":\"https:\\\/\\\/batijournal.com\\\/wp-content\\\/uploads\\\/2024\\\/05\\\/Swiss-Krono.png\",\"datePublished\":\"2024-05-30T05:35:34+00:00\",\"author\":{\"@id\":\"https:\\\/\\\/batijournal.com\\\/#\\\/schema\\\/person\\\/1dc96ec6957aa1ccb25ebe78bb19f100\"},\"breadcrumb\":{\"@id\":\"https:\\\/\\\/batijournal.com\\\/index.php\\\/la-parole-a-swiss-krono\\\/110642\\\/#breadcrumb\"},\"inLanguage\":\"fr-FR\",\"potentialAction\":[{\"@type\":\"ReadAction\",\"target\":[\"https:\\\/\\\/batijournal.com\\\/index.php\\\/la-parole-a-swiss-krono\\\/110642\\\/\"]}]},{\"@type\":\"ImageObject\",\"inLanguage\":\"fr-FR\",\"@id\":\"https:\\\/\\\/batijournal.com\\\/index.php\\\/la-parole-a-swiss-krono\\\/110642\\\/#primaryimage\",\"url\":\"https:\\\/\\\/batijournal.com\\\/wp-content\\\/uploads\\\/2024\\\/05\\\/Swiss-Krono.png\",\"contentUrl\":\"https:\\\/\\\/batijournal.com\\\/wp-content\\\/uploads\\\/2024\\\/05\\\/Swiss-Krono.png\",\"width\":820,\"height\":462},{\"@type\":\"BreadcrumbList\",\"@id\":\"https:\\\/\\\/batijournal.com\\\/index.php\\\/la-parole-a-swiss-krono\\\/110642\\\/#breadcrumb\",\"itemListElement\":[{\"@type\":\"ListItem\",\"position\":1,\"name\":\"Accueil\",\"item\":\"https:\\\/\\\/batijournal.com\\\/\"},{\"@type\":\"ListItem\",\"position\":2,\"name\":\"Actualit\u00e9s\",\"item\":\"https:\\\/\\\/batijournal.com\\\/index.php\\\/category\\\/actualites\\\/\"},{\"@type\":\"ListItem\",\"position\":3,\"name\":\"La parole \u00e0 Swiss Krono\"}]},{\"@type\":\"WebSite\",\"@id\":\"https:\\\/\\\/batijournal.com\\\/#website\",\"url\":\"https:\\\/\\\/batijournal.com\\\/\",\"name\":\"Batijournal\",\"description\":\"L&#039;actualit\u00e9 du b\u00e2timent\",\"potentialAction\":[{\"@type\":\"SearchAction\",\"target\":{\"@type\":\"EntryPoint\",\"urlTemplate\":\"https:\\\/\\\/batijournal.com\\\/?s={search_term_string}\"},\"query-input\":{\"@type\":\"PropertyValueSpecification\",\"valueRequired\":true,\"valueName\":\"search_term_string\"}}],\"inLanguage\":\"fr-FR\"},{\"@type\":\"Person\",\"@id\":\"https:\\\/\\\/batijournal.com\\\/#\\\/schema\\\/person\\\/1dc96ec6957aa1ccb25ebe78bb19f100\",\"name\":\"St\u00e9phane Miget\",\"image\":{\"@type\":\"ImageObject\",\"inLanguage\":\"fr-FR\",\"@id\":\"https:\\\/\\\/secure.gravatar.com\\\/avatar\\\/89915563d925342126b8ef0281b93d9d7fc337043e8df017f780908eb9644451?s=96&d=mm&r=g\",\"url\":\"https:\\\/\\\/secure.gravatar.com\\\/avatar\\\/89915563d925342126b8ef0281b93d9d7fc337043e8df017f780908eb9644451?s=96&d=mm&r=g\",\"contentUrl\":\"https:\\\/\\\/secure.gravatar.com\\\/avatar\\\/89915563d925342126b8ef0281b93d9d7fc337043e8df017f780908eb9644451?s=96&d=mm&r=g\",\"caption\":\"St\u00e9phane Miget\"},\"url\":\"https:\\\/\\\/batijournal.com\\\/index.php\\\/author\\\/stephane\\\/\"}]}<\/script>\n<!-- \/ Yoast SEO plugin. -->","yoast_head_json":{"title":"La parole \u00e0 Swiss Krono","robots":{"index":"index","follow":"follow","max-snippet":"max-snippet:-1","max-image-preview":"max-image-preview:large","max-video-preview":"max-video-preview:-1"},"canonical":"https:\/\/batijournal.com\/index.php\/la-parole-a-swiss-krono\/110642\/","og_locale":"fr_FR","og_type":"article","og_title":"La parole \u00e0 Swiss Krono","og_description":"Le groupe SWISS KRONO est l'un des principaux fabricants mondiaux de mat\u00e9riaux d\u00e9riv\u00e9s du bois","og_url":"https:\/\/batijournal.com\/index.php\/la-parole-a-swiss-krono\/110642\/","og_site_name":"Batijournal","article_published_time":"2024-05-30T05:35:34+00:00","og_image":[{"width":820,"height":462,"url":"https:\/\/batijournal.com\/wp-content\/uploads\/2024\/05\/Swiss-Krono.png","type":"image\/png"}],"author":"St\u00e9phane Miget","twitter_card":"summary_large_image","twitter_creator":"@bati_journal","twitter_site":"@bati_journal","twitter_misc":{"\u00c9crit par":"St\u00e9phane Miget","Dur\u00e9e de lecture estim\u00e9e":"1 minute"},"schema":{"@context":"https:\/\/schema.org","@graph":[{"@type":"Article","@id":"https:\/\/batijournal.com\/index.php\/la-parole-a-swiss-krono\/110642\/#article","isPartOf":{"@id":"https:\/\/batijournal.com\/index.php\/la-parole-a-swiss-krono\/110642\/"},"author":{"name":"St\u00e9phane Miget","@id":"https:\/\/batijournal.com\/#\/schema\/person\/1dc96ec6957aa1ccb25ebe78bb19f100"},"headline":"La parole \u00e0 Swiss Krono","datePublished":"2024-05-30T05:35:34+00:00","mainEntityOfPage":{"@id":"https:\/\/batijournal.com\/index.php\/la-parole-a-swiss-krono\/110642\/"},"wordCount":222,"image":{"@id":"https:\/\/batijournal.com\/index.php\/la-parole-a-swiss-krono\/110642\/#primaryimage"},"thumbnailUrl":"https:\/\/batijournal.com\/wp-content\/uploads\/2024\/05\/Swiss-Krono.png","keywords":["batijournal TV","Carrefour international du bois"],"articleSection":["Actualit\u00e9s","Divers"],"inLanguage":"fr-FR"},{"@type":"WebPage","@id":"https:\/\/batijournal.com\/index.php\/la-parole-a-swiss-krono\/110642\/","url":"https:\/\/batijournal.com\/index.php\/la-parole-a-swiss-krono\/110642\/","name":"La parole \u00e0 Swiss Krono","isPartOf":{"@id":"https:\/\/batijournal.com\/#website"},"primaryImageOfPage":{"@id":"https:\/\/batijournal.com\/index.php\/la-parole-a-swiss-krono\/110642\/#primaryimage"},"image":{"@id":"https:\/\/batijournal.com\/index.php\/la-parole-a-swiss-krono\/110642\/#primaryimage"},"thumbnailUrl":"https:\/\/batijournal.com\/wp-content\/uploads\/2024\/05\/Swiss-Krono.png","datePublished":"2024-05-30T05:35:34+00:00","author":{"@id":"https:\/\/batijournal.com\/#\/schema\/person\/1dc96ec6957aa1ccb25ebe78bb19f100"},"breadcrumb":{"@id":"https:\/\/batijournal.com\/index.php\/la-parole-a-swiss-krono\/110642\/#breadcrumb"},"inLanguage":"fr-FR","potentialAction":[{"@type":"ReadAction","target":["https:\/\/batijournal.com\/index.php\/la-parole-a-swiss-krono\/110642\/"]}]},{"@type":"ImageObject","inLanguage":"fr-FR","@id":"https:\/\/batijournal.com\/index.php\/la-parole-a-swiss-krono\/110642\/#primaryimage","url":"https:\/\/batijournal.com\/wp-content\/uploads\/2024\/05\/Swiss-Krono.png","contentUrl":"https:\/\/batijournal.com\/wp-content\/uploads\/2024\/05\/Swiss-Krono.png","width":820,"height":462},{"@type":"BreadcrumbList","@id":"https:\/\/batijournal.com\/index.php\/la-parole-a-swiss-krono\/110642\/#breadcrumb","itemListElement":[{"@type":"ListItem","position":1,"name":"Accueil","item":"https:\/\/batijournal.com\/"},{"@type":"ListItem","position":2,"name":"Actualit\u00e9s","item":"https:\/\/batijournal.com\/index.php\/category\/actualites\/"},{"@type":"ListItem","position":3,"name":"La parole \u00e0 Swiss Krono"}]},{"@type":"WebSite","@id":"https:\/\/batijournal.com\/#website","url":"https:\/\/batijournal.com\/","name":"Batijournal","description":"L&#039;actualit\u00e9 du b\u00e2timent","potentialAction":[{"@type":"SearchAction","target":{"@type":"EntryPoint","urlTemplate":"https:\/\/batijournal.com\/?s={search_term_string}"},"query-input":{"@type":"PropertyValueSpecification","valueRequired":true,"valueName":"search_term_string"}}],"inLanguage":"fr-FR"},{"@type":"Person","@id":"https:\/\/batijournal.com\/#\/schema\/person\/1dc96ec6957aa1ccb25ebe78bb19f100","name":"St\u00e9phane Miget","image":{"@type":"ImageObject","inLanguage":"fr-FR","@id":"https:\/\/secure.gravatar.com\/avatar\/89915563d925342126b8ef0281b93d9d7fc337043e8df017f780908eb9644451?s=96&d=mm&r=g","url":"https:\/\/secure.gravatar.com\/avatar\/89915563d925342126b8ef0281b93d9d7fc337043e8df017f780908eb9644451?s=96&d=mm&r=g","contentUrl":"https:\/\/secure.gravatar.com\/avatar\/89915563d925342126b8ef0281b93d9d7fc337043e8df017f780908eb9644451?s=96&d=mm&r=g","caption":"St\u00e9phane Miget"},"url":"https:\/\/batijournal.com\/index.php\/author\/stephane\/"}]}},"_links":{"self":[{"href":"https:\/\/batijournal.com\/index.php\/wp-json\/wp\/v2\/posts\/110642","targetHints":{"allow":["GET"]}}],"collection":[{"href":"https:\/\/batijournal.com\/index.php\/wp-json\/wp\/v2\/posts"}],"about":[{"href":"https:\/\/batijournal.com\/index.php\/wp-json\/wp\/v2\/types\/post"}],"author":[{"embeddable":true,"href":"https:\/\/batijournal.com\/index.php\/wp-json\/wp\/v2\/users\/17"}],"replies":[{"embeddable":true,"href":"https:\/\/batijournal.com\/index.php\/wp-json\/wp\/v2\/comments?post=110642"}],"version-history":[{"count":0,"href":"https:\/\/batijournal.com\/index.php\/wp-json\/wp\/v2\/posts\/110642\/revisions"}],"wp:featuredmedia":[{"embeddable":true,"href":"https:\/\/batijournal.com\/index.php\/wp-json\/wp\/v2\/media\/110643"}],"wp:attachment":[{"href":"https:\/\/batijournal.com\/index.php\/wp-json\/wp\/v2\/media?parent=110642"}],"wp:term":[{"taxonomy":"category","embeddable":true,"href":"https:\/\/batijournal.com\/index.php\/wp-json\/wp\/v2\/categories?post=110642"},{"taxonomy":"post_tag","embeddable":true,"href":"https:\/\/batijournal.com\/index.php\/wp-json\/wp\/v2\/tags?post=110642"}],"curies":[{"name":"wp","href":"https:\/\/api.w.org\/{rel}","templated":true}]}}