{"id":110704,"date":"2024-06-05T21:14:19","date_gmt":"2024-06-05T19:14:19","guid":{"rendered":"https:\/\/batijournal.com\/?p=110704"},"modified":"2024-06-07T14:47:35","modified_gmt":"2024-06-07T12:47:35","slug":"nouvelle-tuile-plein-sud-reabilis-gelis","status":"publish","type":"post","link":"https:\/\/batijournal.com\/index.php\/nouvelle-tuile-plein-sud-reabilis-gelis\/110704\/","title":{"rendered":"Nouvelle tuile Plein Sud R\u00e9abilis G\u00e9lis"},"content":{"rendered":"<div class=\"page\" title=\"Page 1\">\n<div class=\"section\">\n<div class=\"layoutArea\">\n<div class=\"column\">\n<p>Depuis toujours, <a href=\"https:\/\/edilians.com\/\" target=\"_blank\" rel=\"noopener\">EDILIANS<\/a> s\u2019attache a\u0300 cre\u0301er de nouvelles typologies de produits qui s\u2019inscrivent dans les grandes tendances architecturales tant au niveau des formes, des coloris que des aspects de surface. Aujourd\u2019hui, pour retrouver le caracte\u0300re unique des toitures traditionnelles du bassin me\u0301diterrane\u0301en ou sublimer les habitations par des tuiles de grande qualite\u0301, le leader historique et marque de re\u0301fe\u0301rence de la toiture terre cuite en France enrichit sa gamme de tuiles canal avec la <a href=\"https:\/\/edilians.com\/plein-sud-reabilis-gelis.html\" target=\"_blank\" rel=\"noopener\">PLEIN SUD RE\u0301ABILIS Ge\u0301lis<\/a>, un mode\u0300le d\u2019exception qui marie esthe\u0301tique haut de gamme et grande souplesse de pose, en neuf comme en re\u0301novation.<\/p>\n<p><strong>PLEIN SUD RE\u0301ABILIS GE\u0301LIS, DU GRAND ART SUR LES TOITURES !<\/strong><\/p>\n<div class=\"page\" title=\"Page 2\">\n<div class=\"section\">\n<div class=\"layoutArea\">\n<div class=\"column\">\n<p>Fabrique\u0301e sur le site <a href=\"https:\/\/edilians.com\/\" target=\"_blank\" rel=\"noopener\">Edilians<\/a> de Le\u0301guevin en re\u0301gion toulousaine, la nouvelle tuile <a href=\"https:\/\/edilians.com\/plein-sud-reabilis-gelis.html\" target=\"_blank\" rel=\"noopener\">PLEIN SUD RE\u0301ABILIS Ge\u0301lis<\/a> restitue, tout en nuances et e\u0301le\u0301gance, l\u2019esthe\u0301tique grand moule galbe\u0301e des toitures traditionnelles du Sud de la France, tout en be\u0301ne\u0301ficiant des avantages techniques des mode\u0300les a\u0300 emboi\u0302tement de dernie\u0300re ge\u0301ne\u0301ration.<\/p>\n<p>Avec 6 empreintes comple\u0301mentaires composant le jeu de de\u0301structuration le plus e\u0301tendu du marche\u0301, elle dispose d\u2019un nez e\u0301pais, vieilli et e\u0301rode\u0301. Couple\u0301 a\u0300 sa surface strie\u0301e et irre\u0301gulie\u0300re, celui-ci reproduit fide\u0300lement le caracte\u0300re authentique des tuiles de re\u0301cupe\u0301ration provenc\u0327ale, devenues tre\u0300s rares pour la re\u0301novation.<\/p>\n<p><img loading=\"lazy\" decoding=\"async\" class=\"aligncenter wp-image-110699 size-large\" src=\"https:\/\/batijournal.com\/wp-content\/uploads\/2024\/06\/107-plein_sud_reabilis-sainte_madeleine-composition-edilians-1-1024x683.jpeg\" alt=\"\" width=\"1024\" height=\"683\" srcset=\"https:\/\/batijournal.com\/wp-content\/uploads\/2024\/06\/107-plein_sud_reabilis-sainte_madeleine-composition-edilians-1-980x653.jpeg 980w, https:\/\/batijournal.com\/wp-content\/uploads\/2024\/06\/107-plein_sud_reabilis-sainte_madeleine-composition-edilians-1-480x320.jpeg 480w\" sizes=\"(min-width: 0px) and (max-width: 480px) 480px, (min-width: 481px) and (max-width: 980px) 980px, (min-width: 981px) 1024px, 100vw\" \/><\/p>\n<\/div>\n<div class=\"page\" title=\"Page 2\">\n<div class=\"section\">\n<div class=\"layoutArea\">\n<div class=\"column\">\n<p>Disponible dans le coloris exclusif Sainte Madeleine, ple\u0301biscite\u0301 sur le bassin me\u0301diterrane\u0301en, elle affiche un panachage ge\u0301ne\u0301reux qui confe\u0300re a\u0300 chaque toiture un aspect unique et chromatique tre\u0300s vivant. \u00c0 travers un camai\u0308eu de nuances de rouge, de paille, de rose\u0301 et de tuiles noircies par le temps, rehausse\u0301es par un poudrage effet lichen, il incarne parfaitement l\u2019esprit des vieilles tuiles patine\u0301es de la re\u0301gion PACA, ancre\u0301 dans la tradition architecturale me\u0301ridionale.<\/p>\n<p>&nbsp;<\/p>\n<div class=\"page\" title=\"Page 2\">\n<div class=\"section\">\n<div class=\"layoutArea\">\n<div class=\"column\">\n<p><strong>UNE FINITION IRRE\u0301PROCHABLE JUSQUE DANS LES MOINDRES DE\u0301TAILS<\/strong><img loading=\"lazy\" decoding=\"async\" class=\"wp-image-110703 size-medium alignright\" src=\"https:\/\/batijournal.com\/wp-content\/uploads\/2024\/06\/finition_egout_etape2-300x200.jpeg\" alt=\"\" width=\"300\" height=\"200\" \/><\/p>\n<p>\u00c0 l\u2019esthe\u0301tique haut de gamme reprenant les caracte\u0301ristiques fortes des tuiles canal en termes de coloris et de structures, mais dans un format plus e\u0301conomique, la <a href=\"https:\/\/edilians.com\/plein-sud-reabilis-gelis.html\" target=\"_blank\" rel=\"noopener\">PLEIN SUD RE\u0301ABILIS Ge\u0301lis<\/a> est propose\u0301e avec un syste\u0300me de finition a\u0300 l\u2019e\u0301gout fac\u0327on \u00ab canal \u00bb. \u00c0 cela s\u2019ajoute une gamme comple\u0300te d\u2019accessoires en terre cuite (faitie\u0300res et abouts de faitie\u0300res, 1\/2 tuile, 1\/2 tuile sablie\u0300re, ventilation&#8230;) reprenant son jeu de de\u0301structurations pour une finition soigne\u0301e.<\/p>\n<div class=\"page\" title=\"Page 3\">\n<div class=\"section\">\n<div class=\"layoutArea\">\n<div class=\"column\">\n<p>&nbsp;<\/p>\n<p><strong>UNE GRANDE SOUPLESSE DE POSE<\/strong><\/p>\n<p>Gra\u0302ce a\u0300 un jeu late\u0301ral (26 mm) et longitudinal (24 mm) important, la nouvelle tuile<a href=\"https:\/\/edilians.com\/plein-sud-reabilis-gelis.html\" target=\"_blank\" rel=\"noopener\"> PLEIN SUD RE\u0301ABILIS Ge\u0301lis d\u2019EDILIANS<\/a> offre un confort de mise en \u0153uvre qui lui permet de s\u2019adapter facilement a\u0300 toutes les configurations. Cette flexibilite\u0301 en fait la pie\u0300ce mai\u0302tresse de tous les projets de construction, et plus encore de re\u0301novation.<\/p>\n<p>Pour accompagner le lancement de la nouvelle tuile <a href=\"https:\/\/edilians.com\/plein-sud-reabilis-gelis.html\" target=\"_blank\" rel=\"noopener\">PLEIN SUD RE\u0301ABILIS Ge\u0301lis<\/a> aupre\u0300s des couvreurs, <a href=\"https:\/\/edilians.com\/\" target=\"_blank\" rel=\"noopener\">EDILIANS<\/a> met en place du 1\u1d49\u02b3 juin au 31 de\u0301cembre 2024 un jeu concours intitule\u0301 \u00ab Les Ge\u0301lis d\u2019or \u00bb. Pour tenter sa chance, rien de plus simple ! Il suffit a\u0300 l\u2019artisan de trouver, en de\u0301ballant sa palette de <a href=\"https:\/\/edilians.com\/plein-sud-reabilis-gelis.html\" target=\"_blank\" rel=\"noopener\">PLEIN SUD RE\u0301ABILIS Ge\u0301lis<\/a>, un sticker ale\u0301atoirement appose\u0301 sur les tuiles lors de leur fabrication. Si par chance, il de\u0301couvre un Ge\u0301lis d\u2019Or, il peut alors gagner l\u2019un des lots mis en jeu (machine a\u0300 cafe\u0301 professionnelle, barbecue&#8230;). L\u2019ope\u0301ration, relaye\u0301e sous forme de flyers remis par la force commerciale d\u2019<a href=\"https:\/\/edilians.com\/\" target=\"_blank\" rel=\"noopener\">EDILIANS<\/a> aux artisans, fera e\u0301galement l\u2019objet d\u2019une campagne de communication sous forme d\u2019emailing et de sms.<\/p>\n<div class=\"page\" title=\"Page 3\">\n<div class=\"section\">\n<div class=\"layoutArea\">\n<div class=\"column\">\n<p>&nbsp;<\/p>\n<p><img loading=\"lazy\" decoding=\"async\" class=\"wp-image-110701 size-medium alignright\" src=\"https:\/\/batijournal.com\/wp-content\/uploads\/2024\/06\/107-plein_sud_reabilis-sainte_madeleine-produit_unitaire-edilians-2-191x300.jpeg\" alt=\"\" width=\"191\" height=\"300\" \/><strong>Caracte\u0301ristiques techniques :<\/strong><\/p>\n<p>. Longueur hors tout : 480 mm<br \/>\n. Largeur hors tout : 316 mm<br \/>\n. Largeur utile : de 231 a\u0300 257 mm<br \/>\n. Nombre au m2 : de 9,6 a\u0300 11,4 selon recouvrement<br \/>\n. Pureau variable de 380 a\u0300 404 mm<br \/>\n. Type de pose : a\u0300 joints droits<br \/>\n. Poids unitaire : 4,4 kg<br \/>\n. Poidsaum2 :44kg (10tuilesaum2)<br \/>\n. DTU : 40-21<\/p>\n<\/div>\n<\/div>\n<\/div>\n<\/div>\n<\/div>\n<\/div>\n<\/div>\n<\/div>\n<\/div>\n<\/div>\n<\/div>\n<\/div>\n<\/div>\n<\/div>\n<\/div>\n<\/div>\n<\/div>\n<p><a href=\"https:\/\/edilians.com\/\" target=\"_blank\" rel=\"noopener\"><img loading=\"lazy\" decoding=\"async\" class=\"aligncenter wp-image-110705 size-medium\" src=\"https:\/\/batijournal.com\/wp-content\/uploads\/2024\/06\/logo_edilians_hd_cmjn_vertical_1__047664400_1014_20052019-300x211.jpeg\" alt=\"\" width=\"300\" height=\"211\" \/><\/a><\/p>\n<\/div>\n<\/div>\n<\/div>\n<\/div>\n<\/div>\n<\/div>\n","protected":false},"excerpt":{"rendered":"<p>Depuis toujours, EDILIANS s\u2019attache a\u0300 cre\u0301er de nouvelles typologies de produits qui s\u2019inscrivent dans les grandes tendances architecturales tant au niveau des formes, des coloris que des aspects de surface. Aujourd\u2019hui, pour retrouver le caracte\u0300re unique des toitures traditionnelles du bassin me\u0301diterrane\u0301en ou sublimer les habitations par des tuiles de grande qualite\u0301, le leader historique [&hellip;]<\/p>\n","protected":false},"author":17,"featured_media":110700,"comment_status":"closed","ping_status":"closed","sticky":false,"template":"","format":"standard","meta":{"_et_pb_use_builder":"","_et_pb_old_content":"","_et_gb_content_width":"","footnotes":""},"categories":[10530,10903,10789,10785],"tags":[12903,940],"class_list":["post-110704","post","type-post","status-publish","format-standard","has-post-thumbnail","hentry","category-actualites","category-publi-info","category-publications-atrium","category-atrium","tag-edilians","tag-tuile"],"yoast_head":"<!-- This site is optimized with the Yoast SEO plugin v27.4 - https:\/\/yoast.com\/product\/yoast-seo-wordpress\/ -->\n<title>Nouvelle tuile Plein Sud R\u00e9abilis G\u00e9lis<\/title>\n<meta name=\"robots\" content=\"index, follow, max-snippet:-1, max-image-preview:large, max-video-preview:-1\" \/>\n<link rel=\"canonical\" href=\"https:\/\/batijournal.com\/index.php\/nouvelle-tuile-plein-sud-reabilis-gelis\/110704\/\" \/>\n<meta property=\"og:locale\" content=\"fr_FR\" \/>\n<meta property=\"og:type\" content=\"article\" \/>\n<meta property=\"og:title\" content=\"Nouvelle tuile Plein Sud R\u00e9abilis G\u00e9lis\" \/>\n<meta property=\"og:description\" content=\"Depuis toujours, EDILIANS s\u2019attache a\u0300 cre\u0301er de nouvelles typologies de produits qui s\u2019inscrivent dans les grandes tendances architecturales tant au niveau des formes, des coloris que des aspects de surface. Aujourd\u2019hui, pour retrouver le caracte\u0300re unique des toitures traditionnelles du bassin me\u0301diterrane\u0301en ou sublimer les habitations par des tuiles de grande qualite\u0301, le leader historique [&hellip;]\" \/>\n<meta property=\"og:url\" content=\"https:\/\/batijournal.com\/index.php\/nouvelle-tuile-plein-sud-reabilis-gelis\/110704\/\" \/>\n<meta property=\"og:site_name\" content=\"Batijournal\" \/>\n<meta property=\"article:published_time\" content=\"2024-06-05T19:14:19+00:00\" \/>\n<meta property=\"article:modified_time\" content=\"2024-06-07T12:47:35+00:00\" \/>\n<meta property=\"og:image\" content=\"https:\/\/batijournal.com\/wp-content\/uploads\/2024\/06\/107-plein_sud_reabilis-sainte_madeleine-plain_carre-edilians-1-1024x1024.jpeg\" \/>\n\t<meta property=\"og:image:width\" content=\"1024\" \/>\n\t<meta property=\"og:image:height\" content=\"1024\" \/>\n\t<meta property=\"og:image:type\" content=\"image\/jpeg\" \/>\n<meta name=\"author\" content=\"St\u00e9phane Miget\" \/>\n<meta name=\"twitter:card\" content=\"summary_large_image\" \/>\n<meta name=\"twitter:creator\" content=\"@bati_journal\" \/>\n<meta name=\"twitter:site\" content=\"@bati_journal\" \/>\n<meta name=\"twitter:label1\" content=\"\u00c9crit par\" \/>\n\t<meta name=\"twitter:data1\" content=\"St\u00e9phane Miget\" \/>\n\t<meta name=\"twitter:label2\" content=\"Dur\u00e9e de lecture estim\u00e9e\" \/>\n\t<meta name=\"twitter:data2\" content=\"3 minutes\" \/>\n<script type=\"application\/ld+json\" class=\"yoast-schema-graph\">{\"@context\":\"https:\\\/\\\/schema.org\",\"@graph\":[{\"@type\":\"Article\",\"@id\":\"https:\\\/\\\/batijournal.com\\\/index.php\\\/nouvelle-tuile-plein-sud-reabilis-gelis\\\/110704\\\/#article\",\"isPartOf\":{\"@id\":\"https:\\\/\\\/batijournal.com\\\/index.php\\\/nouvelle-tuile-plein-sud-reabilis-gelis\\\/110704\\\/\"},\"author\":{\"name\":\"St\u00e9phane Miget\",\"@id\":\"https:\\\/\\\/batijournal.com\\\/#\\\/schema\\\/person\\\/1dc96ec6957aa1ccb25ebe78bb19f100\"},\"headline\":\"Nouvelle tuile Plein Sud R\u00e9abilis G\u00e9lis\",\"datePublished\":\"2024-06-05T19:14:19+00:00\",\"dateModified\":\"2024-06-07T12:47:35+00:00\",\"mainEntityOfPage\":{\"@id\":\"https:\\\/\\\/batijournal.com\\\/index.php\\\/nouvelle-tuile-plein-sud-reabilis-gelis\\\/110704\\\/\"},\"wordCount\":687,\"image\":{\"@id\":\"https:\\\/\\\/batijournal.com\\\/index.php\\\/nouvelle-tuile-plein-sud-reabilis-gelis\\\/110704\\\/#primaryimage\"},\"thumbnailUrl\":\"https:\\\/\\\/batijournal.com\\\/wp-content\\\/uploads\\\/2024\\\/06\\\/107-plein_sud_reabilis-sainte_madeleine-plain_carre-edilians-1-e1717591003724.jpeg\",\"keywords\":[\"Edilians\",\"tuile\"],\"articleSection\":[\"Actualit\u00e9s\",\"Publi-info\",\"zz_Actualit\u00e9s - Atrium\",\"zz_Atrium Patrimoine\"],\"inLanguage\":\"fr-FR\"},{\"@type\":\"WebPage\",\"@id\":\"https:\\\/\\\/batijournal.com\\\/index.php\\\/nouvelle-tuile-plein-sud-reabilis-gelis\\\/110704\\\/\",\"url\":\"https:\\\/\\\/batijournal.com\\\/index.php\\\/nouvelle-tuile-plein-sud-reabilis-gelis\\\/110704\\\/\",\"name\":\"Nouvelle tuile Plein Sud R\u00e9abilis G\u00e9lis\",\"isPartOf\":{\"@id\":\"https:\\\/\\\/batijournal.com\\\/#website\"},\"primaryImageOfPage\":{\"@id\":\"https:\\\/\\\/batijournal.com\\\/index.php\\\/nouvelle-tuile-plein-sud-reabilis-gelis\\\/110704\\\/#primaryimage\"},\"image\":{\"@id\":\"https:\\\/\\\/batijournal.com\\\/index.php\\\/nouvelle-tuile-plein-sud-reabilis-gelis\\\/110704\\\/#primaryimage\"},\"thumbnailUrl\":\"https:\\\/\\\/batijournal.com\\\/wp-content\\\/uploads\\\/2024\\\/06\\\/107-plein_sud_reabilis-sainte_madeleine-plain_carre-edilians-1-e1717591003724.jpeg\",\"datePublished\":\"2024-06-05T19:14:19+00:00\",\"dateModified\":\"2024-06-07T12:47:35+00:00\",\"author\":{\"@id\":\"https:\\\/\\\/batijournal.com\\\/#\\\/schema\\\/person\\\/1dc96ec6957aa1ccb25ebe78bb19f100\"},\"breadcrumb\":{\"@id\":\"https:\\\/\\\/batijournal.com\\\/index.php\\\/nouvelle-tuile-plein-sud-reabilis-gelis\\\/110704\\\/#breadcrumb\"},\"inLanguage\":\"fr-FR\",\"potentialAction\":[{\"@type\":\"ReadAction\",\"target\":[\"https:\\\/\\\/batijournal.com\\\/index.php\\\/nouvelle-tuile-plein-sud-reabilis-gelis\\\/110704\\\/\"]}]},{\"@type\":\"ImageObject\",\"inLanguage\":\"fr-FR\",\"@id\":\"https:\\\/\\\/batijournal.com\\\/index.php\\\/nouvelle-tuile-plein-sud-reabilis-gelis\\\/110704\\\/#primaryimage\",\"url\":\"https:\\\/\\\/batijournal.com\\\/wp-content\\\/uploads\\\/2024\\\/06\\\/107-plein_sud_reabilis-sainte_madeleine-plain_carre-edilians-1-e1717591003724.jpeg\",\"contentUrl\":\"https:\\\/\\\/batijournal.com\\\/wp-content\\\/uploads\\\/2024\\\/06\\\/107-plein_sud_reabilis-sainte_madeleine-plain_carre-edilians-1-e1717591003724.jpeg\",\"width\":900,\"height\":900},{\"@type\":\"BreadcrumbList\",\"@id\":\"https:\\\/\\\/batijournal.com\\\/index.php\\\/nouvelle-tuile-plein-sud-reabilis-gelis\\\/110704\\\/#breadcrumb\",\"itemListElement\":[{\"@type\":\"ListItem\",\"position\":1,\"name\":\"Accueil\",\"item\":\"https:\\\/\\\/batijournal.com\\\/\"},{\"@type\":\"ListItem\",\"position\":2,\"name\":\"zz_Atrium Patrimoine\",\"item\":\"https:\\\/\\\/batijournal.com\\\/index.php\\\/category\\\/atrium\\\/\"},{\"@type\":\"ListItem\",\"position\":3,\"name\":\"zz_Actualit\u00e9s - Atrium\",\"item\":\"https:\\\/\\\/batijournal.com\\\/index.php\\\/category\\\/atrium\\\/publications-atrium\\\/\"},{\"@type\":\"ListItem\",\"position\":4,\"name\":\"Nouvelle tuile Plein Sud R\u00e9abilis G\u00e9lis\"}]},{\"@type\":\"WebSite\",\"@id\":\"https:\\\/\\\/batijournal.com\\\/#website\",\"url\":\"https:\\\/\\\/batijournal.com\\\/\",\"name\":\"Batijournal\",\"description\":\"L&#039;actualit\u00e9 du b\u00e2timent\",\"potentialAction\":[{\"@type\":\"SearchAction\",\"target\":{\"@type\":\"EntryPoint\",\"urlTemplate\":\"https:\\\/\\\/batijournal.com\\\/?s={search_term_string}\"},\"query-input\":{\"@type\":\"PropertyValueSpecification\",\"valueRequired\":true,\"valueName\":\"search_term_string\"}}],\"inLanguage\":\"fr-FR\"},{\"@type\":\"Person\",\"@id\":\"https:\\\/\\\/batijournal.com\\\/#\\\/schema\\\/person\\\/1dc96ec6957aa1ccb25ebe78bb19f100\",\"name\":\"St\u00e9phane Miget\",\"image\":{\"@type\":\"ImageObject\",\"inLanguage\":\"fr-FR\",\"@id\":\"https:\\\/\\\/secure.gravatar.com\\\/avatar\\\/89915563d925342126b8ef0281b93d9d7fc337043e8df017f780908eb9644451?s=96&d=mm&r=g\",\"url\":\"https:\\\/\\\/secure.gravatar.com\\\/avatar\\\/89915563d925342126b8ef0281b93d9d7fc337043e8df017f780908eb9644451?s=96&d=mm&r=g\",\"contentUrl\":\"https:\\\/\\\/secure.gravatar.com\\\/avatar\\\/89915563d925342126b8ef0281b93d9d7fc337043e8df017f780908eb9644451?s=96&d=mm&r=g\",\"caption\":\"St\u00e9phane Miget\"},\"url\":\"https:\\\/\\\/batijournal.com\\\/index.php\\\/author\\\/stephane\\\/\"}]}<\/script>\n<!-- \/ Yoast SEO plugin. -->","yoast_head_json":{"title":"Nouvelle tuile Plein Sud R\u00e9abilis G\u00e9lis","robots":{"index":"index","follow":"follow","max-snippet":"max-snippet:-1","max-image-preview":"max-image-preview:large","max-video-preview":"max-video-preview:-1"},"canonical":"https:\/\/batijournal.com\/index.php\/nouvelle-tuile-plein-sud-reabilis-gelis\/110704\/","og_locale":"fr_FR","og_type":"article","og_title":"Nouvelle tuile Plein Sud R\u00e9abilis G\u00e9lis","og_description":"Depuis toujours, EDILIANS s\u2019attache a\u0300 cre\u0301er de nouvelles typologies de produits qui s\u2019inscrivent dans les grandes tendances architecturales tant au niveau des formes, des coloris que des aspects de surface. Aujourd\u2019hui, pour retrouver le caracte\u0300re unique des toitures traditionnelles du bassin me\u0301diterrane\u0301en ou sublimer les habitations par des tuiles de grande qualite\u0301, le leader historique [&hellip;]","og_url":"https:\/\/batijournal.com\/index.php\/nouvelle-tuile-plein-sud-reabilis-gelis\/110704\/","og_site_name":"Batijournal","article_published_time":"2024-06-05T19:14:19+00:00","article_modified_time":"2024-06-07T12:47:35+00:00","og_image":[{"width":1024,"height":1024,"url":"https:\/\/batijournal.com\/wp-content\/uploads\/2024\/06\/107-plein_sud_reabilis-sainte_madeleine-plain_carre-edilians-1-1024x1024.jpeg","type":"image\/jpeg"}],"author":"St\u00e9phane Miget","twitter_card":"summary_large_image","twitter_creator":"@bati_journal","twitter_site":"@bati_journal","twitter_misc":{"\u00c9crit par":"St\u00e9phane Miget","Dur\u00e9e de lecture estim\u00e9e":"3 minutes"},"schema":{"@context":"https:\/\/schema.org","@graph":[{"@type":"Article","@id":"https:\/\/batijournal.com\/index.php\/nouvelle-tuile-plein-sud-reabilis-gelis\/110704\/#article","isPartOf":{"@id":"https:\/\/batijournal.com\/index.php\/nouvelle-tuile-plein-sud-reabilis-gelis\/110704\/"},"author":{"name":"St\u00e9phane Miget","@id":"https:\/\/batijournal.com\/#\/schema\/person\/1dc96ec6957aa1ccb25ebe78bb19f100"},"headline":"Nouvelle tuile Plein Sud R\u00e9abilis G\u00e9lis","datePublished":"2024-06-05T19:14:19+00:00","dateModified":"2024-06-07T12:47:35+00:00","mainEntityOfPage":{"@id":"https:\/\/batijournal.com\/index.php\/nouvelle-tuile-plein-sud-reabilis-gelis\/110704\/"},"wordCount":687,"image":{"@id":"https:\/\/batijournal.com\/index.php\/nouvelle-tuile-plein-sud-reabilis-gelis\/110704\/#primaryimage"},"thumbnailUrl":"https:\/\/batijournal.com\/wp-content\/uploads\/2024\/06\/107-plein_sud_reabilis-sainte_madeleine-plain_carre-edilians-1-e1717591003724.jpeg","keywords":["Edilians","tuile"],"articleSection":["Actualit\u00e9s","Publi-info","zz_Actualit\u00e9s - Atrium","zz_Atrium Patrimoine"],"inLanguage":"fr-FR"},{"@type":"WebPage","@id":"https:\/\/batijournal.com\/index.php\/nouvelle-tuile-plein-sud-reabilis-gelis\/110704\/","url":"https:\/\/batijournal.com\/index.php\/nouvelle-tuile-plein-sud-reabilis-gelis\/110704\/","name":"Nouvelle tuile Plein Sud R\u00e9abilis G\u00e9lis","isPartOf":{"@id":"https:\/\/batijournal.com\/#website"},"primaryImageOfPage":{"@id":"https:\/\/batijournal.com\/index.php\/nouvelle-tuile-plein-sud-reabilis-gelis\/110704\/#primaryimage"},"image":{"@id":"https:\/\/batijournal.com\/index.php\/nouvelle-tuile-plein-sud-reabilis-gelis\/110704\/#primaryimage"},"thumbnailUrl":"https:\/\/batijournal.com\/wp-content\/uploads\/2024\/06\/107-plein_sud_reabilis-sainte_madeleine-plain_carre-edilians-1-e1717591003724.jpeg","datePublished":"2024-06-05T19:14:19+00:00","dateModified":"2024-06-07T12:47:35+00:00","author":{"@id":"https:\/\/batijournal.com\/#\/schema\/person\/1dc96ec6957aa1ccb25ebe78bb19f100"},"breadcrumb":{"@id":"https:\/\/batijournal.com\/index.php\/nouvelle-tuile-plein-sud-reabilis-gelis\/110704\/#breadcrumb"},"inLanguage":"fr-FR","potentialAction":[{"@type":"ReadAction","target":["https:\/\/batijournal.com\/index.php\/nouvelle-tuile-plein-sud-reabilis-gelis\/110704\/"]}]},{"@type":"ImageObject","inLanguage":"fr-FR","@id":"https:\/\/batijournal.com\/index.php\/nouvelle-tuile-plein-sud-reabilis-gelis\/110704\/#primaryimage","url":"https:\/\/batijournal.com\/wp-content\/uploads\/2024\/06\/107-plein_sud_reabilis-sainte_madeleine-plain_carre-edilians-1-e1717591003724.jpeg","contentUrl":"https:\/\/batijournal.com\/wp-content\/uploads\/2024\/06\/107-plein_sud_reabilis-sainte_madeleine-plain_carre-edilians-1-e1717591003724.jpeg","width":900,"height":900},{"@type":"BreadcrumbList","@id":"https:\/\/batijournal.com\/index.php\/nouvelle-tuile-plein-sud-reabilis-gelis\/110704\/#breadcrumb","itemListElement":[{"@type":"ListItem","position":1,"name":"Accueil","item":"https:\/\/batijournal.com\/"},{"@type":"ListItem","position":2,"name":"zz_Atrium Patrimoine","item":"https:\/\/batijournal.com\/index.php\/category\/atrium\/"},{"@type":"ListItem","position":3,"name":"zz_Actualit\u00e9s - Atrium","item":"https:\/\/batijournal.com\/index.php\/category\/atrium\/publications-atrium\/"},{"@type":"ListItem","position":4,"name":"Nouvelle tuile Plein Sud R\u00e9abilis G\u00e9lis"}]},{"@type":"WebSite","@id":"https:\/\/batijournal.com\/#website","url":"https:\/\/batijournal.com\/","name":"Batijournal","description":"L&#039;actualit\u00e9 du b\u00e2timent","potentialAction":[{"@type":"SearchAction","target":{"@type":"EntryPoint","urlTemplate":"https:\/\/batijournal.com\/?s={search_term_string}"},"query-input":{"@type":"PropertyValueSpecification","valueRequired":true,"valueName":"search_term_string"}}],"inLanguage":"fr-FR"},{"@type":"Person","@id":"https:\/\/batijournal.com\/#\/schema\/person\/1dc96ec6957aa1ccb25ebe78bb19f100","name":"St\u00e9phane Miget","image":{"@type":"ImageObject","inLanguage":"fr-FR","@id":"https:\/\/secure.gravatar.com\/avatar\/89915563d925342126b8ef0281b93d9d7fc337043e8df017f780908eb9644451?s=96&d=mm&r=g","url":"https:\/\/secure.gravatar.com\/avatar\/89915563d925342126b8ef0281b93d9d7fc337043e8df017f780908eb9644451?s=96&d=mm&r=g","contentUrl":"https:\/\/secure.gravatar.com\/avatar\/89915563d925342126b8ef0281b93d9d7fc337043e8df017f780908eb9644451?s=96&d=mm&r=g","caption":"St\u00e9phane Miget"},"url":"https:\/\/batijournal.com\/index.php\/author\/stephane\/"}]}},"_links":{"self":[{"href":"https:\/\/batijournal.com\/index.php\/wp-json\/wp\/v2\/posts\/110704","targetHints":{"allow":["GET"]}}],"collection":[{"href":"https:\/\/batijournal.com\/index.php\/wp-json\/wp\/v2\/posts"}],"about":[{"href":"https:\/\/batijournal.com\/index.php\/wp-json\/wp\/v2\/types\/post"}],"author":[{"embeddable":true,"href":"https:\/\/batijournal.com\/index.php\/wp-json\/wp\/v2\/users\/17"}],"replies":[{"embeddable":true,"href":"https:\/\/batijournal.com\/index.php\/wp-json\/wp\/v2\/comments?post=110704"}],"version-history":[{"count":0,"href":"https:\/\/batijournal.com\/index.php\/wp-json\/wp\/v2\/posts\/110704\/revisions"}],"wp:featuredmedia":[{"embeddable":true,"href":"https:\/\/batijournal.com\/index.php\/wp-json\/wp\/v2\/media\/110700"}],"wp:attachment":[{"href":"https:\/\/batijournal.com\/index.php\/wp-json\/wp\/v2\/media?parent=110704"}],"wp:term":[{"taxonomy":"category","embeddable":true,"href":"https:\/\/batijournal.com\/index.php\/wp-json\/wp\/v2\/categories?post=110704"},{"taxonomy":"post_tag","embeddable":true,"href":"https:\/\/batijournal.com\/index.php\/wp-json\/wp\/v2\/tags?post=110704"}],"curies":[{"name":"wp","href":"https:\/\/api.w.org\/{rel}","templated":true}]}}