{"id":110712,"date":"2024-06-06T14:21:46","date_gmt":"2024-06-06T12:21:46","guid":{"rendered":"https:\/\/batijournal.com\/?p=110712"},"modified":"2024-06-06T14:22:24","modified_gmt":"2024-06-06T12:22:24","slug":"journee-europeennes-de-larcheologie-2024","status":"publish","type":"post","link":"https:\/\/batijournal.com\/index.php\/journee-europeennes-de-larcheologie-2024\/110712\/","title":{"rendered":"Journ\u00e9e europ\u00e9ennes de l&rsquo;arch\u00e9ologie 2024"},"content":{"rendered":"<p>Chaque ann\u00e9e, les Journ\u00e9es europ\u00e9ennes de l\u2019arch\u00e9ologie (JEA) invitent le public \u00e0 explorer le pass\u00e9 dans toute sa diversit\u00e9. \u00c0 cette occasion, plus d\u2019un millier de manifestations sont propos\u00e9es partout en France : ouvertures <wbr \/>exceptionnelles de chantiers de fouilles, Villages de l\u2019arch\u00e9ologie, activit\u00e9s p\u00e9dagogiques et ludiques, rencontres avec des chercheurs, visites de laboratoires, expositions, projections\u2026 Du 14 au 16 juin, tous les acteurs de l\u2019arch\u00e9ologie se mobilisent afin de partager leurs connaissances, leurs m\u00e9tiers et leurs d\u00e9couvertes.<\/p>\n<p><b>Un \u00e9v\u00e9nement europ\u00e9en<\/b><br \/>\nEn 2023, 30 pays ont particip\u00e9 aux JEA et pour la premi\u00e8re fois l\u2019\u00e9dition 2024 b\u00e9n\u00e9ficie du parrainage du Conseil de l\u2019Europe.<\/p>\n<p><b>2024, ann\u00e9e olympique<\/b><b>\u00a0et paralympique<\/b><br \/>\nExpositions, animations, d\u00e9monstrations mettent le sport \u00e0 l\u2019honneur lors des JEA, en cette ann\u00e9e olympique et paralympique. Des \u00ab\u00a0Jeux pr\u00e9historiques\u00a0\u00bb, m\u00ealant arch\u00e9ologie exp\u00e9rimentale et \u00e9preuves sportives, proposent notamment des championnats de tirs aux armes pr\u00e9historiques et des r\u00e9gates de pirogues n\u00e9olithiques.<\/p>\n<p><b>Sur\u00a0Arte<\/b>, <strong>samedi\u00a015\u00a0juin<\/strong><br \/>\nDepuis leur cr\u00e9ation, les Journ\u00e9es europ\u00e9ennes de l\u2019arch\u00e9ologie b\u00e9n\u00e9ficient du partenariat de la cha\u00eene Arte, qui consacrera, cette ann\u00e9e encore, une programmation d\u00e9di\u00e9e \u00e0 l\u2019arch\u00e9ologie le samedi 15 juin. Les Journ\u00e9es europ\u00e9ennes de l&rsquo;arch\u00e9ologie b\u00e9n\u00e9ficient du soutien de Bouygues Travaux Publics, de Promogim, de Demathieu Bard immobilier et du groupe Pichet.<\/p>\n<p>Tout le programme et toutes les informations\u00a0sur\u00a0<b><a href=\"https:\/\/journees-archeologie.eu\/\" target=\"_blank\" rel=\"noopener\" data-saferedirecturl=\"https:\/\/www.google.com\/url?q=https:\/\/journees-archeologie.eu\/&amp;source=gmail&amp;ust=1717752786896000&amp;usg=AOvVaw2S_wgrlVpWaFopq81V73bI\">https:\/\/<wbr \/>journees-archeologie.eu<br \/>\n<\/a><\/b><\/p>\n","protected":false},"excerpt":{"rendered":"<p>Chaque ann\u00e9e, les Journ\u00e9es europ\u00e9ennes de l\u2019arch\u00e9ologie (JEA) invitent le public \u00e0 explorer le pass\u00e9 dans toute sa diversit\u00e9. \u00c0 cette occasion, plus d\u2019un millier de manifestations sont propos\u00e9es partout en France : ouvertures exceptionnelles de chantiers de fouilles, Villages de l\u2019arch\u00e9ologie, activit\u00e9s p\u00e9dagogiques et ludiques, rencontres avec des chercheurs, visites de laboratoires, expositions, projections\u2026 [&hellip;]<\/p>\n","protected":false},"author":17,"featured_media":110713,"comment_status":"closed","ping_status":"closed","sticky":false,"template":"","format":"standard","meta":{"_et_pb_use_builder":"","_et_pb_old_content":"","_et_gb_content_width":"","footnotes":""},"categories":[10530],"tags":[12875,12801],"class_list":["post-110712","post","type-post","status-publish","format-standard","has-post-thumbnail","hentry","category-actualites","tag-archeologie","tag-journees-de-larcheologie"],"yoast_head":"<!-- This site is optimized with the Yoast SEO plugin v27.4 - https:\/\/yoast.com\/product\/yoast-seo-wordpress\/ -->\n<title>Journ\u00e9e europ\u00e9ennes de l&#039;arch\u00e9ologie 2024<\/title>\n<meta name=\"robots\" content=\"index, follow, max-snippet:-1, max-image-preview:large, max-video-preview:-1\" \/>\n<link rel=\"canonical\" href=\"https:\/\/batijournal.com\/index.php\/journee-europeennes-de-larcheologie-2024\/110712\/\" \/>\n<meta property=\"og:locale\" content=\"fr_FR\" \/>\n<meta property=\"og:type\" content=\"article\" \/>\n<meta property=\"og:title\" content=\"Journ\u00e9e europ\u00e9ennes de l&#039;arch\u00e9ologie 2024\" \/>\n<meta property=\"og:description\" content=\"Chaque ann\u00e9e, les Journ\u00e9es europ\u00e9ennes de l\u2019arch\u00e9ologie (JEA) invitent le public \u00e0 explorer le pass\u00e9 dans toute sa diversit\u00e9. \u00c0 cette occasion, plus d\u2019un millier de manifestations sont propos\u00e9es partout en France : ouvertures exceptionnelles de chantiers de fouilles, Villages de l\u2019arch\u00e9ologie, activit\u00e9s p\u00e9dagogiques et ludiques, rencontres avec des chercheurs, visites de laboratoires, expositions, projections\u2026 [&hellip;]\" \/>\n<meta property=\"og:url\" content=\"https:\/\/batijournal.com\/index.php\/journee-europeennes-de-larcheologie-2024\/110712\/\" \/>\n<meta property=\"og:site_name\" content=\"Batijournal\" \/>\n<meta property=\"article:published_time\" content=\"2024-06-06T12:21:46+00:00\" \/>\n<meta property=\"article:modified_time\" content=\"2024-06-06T12:22:24+00:00\" \/>\n<meta property=\"og:image\" content=\"https:\/\/batijournal.com\/wp-content\/uploads\/2024\/06\/image-20240604154247-1.png\" \/>\n\t<meta property=\"og:image:width\" content=\"1387\" \/>\n\t<meta property=\"og:image:height\" content=\"584\" \/>\n\t<meta property=\"og:image:type\" content=\"image\/png\" \/>\n<meta name=\"author\" content=\"St\u00e9phane Miget\" \/>\n<meta name=\"twitter:card\" content=\"summary_large_image\" \/>\n<meta name=\"twitter:creator\" content=\"@bati_journal\" \/>\n<meta name=\"twitter:site\" content=\"@bati_journal\" \/>\n<meta name=\"twitter:label1\" content=\"\u00c9crit par\" \/>\n\t<meta name=\"twitter:data1\" content=\"St\u00e9phane Miget\" \/>\n\t<meta name=\"twitter:label2\" content=\"Dur\u00e9e de lecture estim\u00e9e\" \/>\n\t<meta name=\"twitter:data2\" content=\"1 minute\" \/>\n<script type=\"application\/ld+json\" class=\"yoast-schema-graph\">{\"@context\":\"https:\\\/\\\/schema.org\",\"@graph\":[{\"@type\":\"Article\",\"@id\":\"https:\\\/\\\/batijournal.com\\\/index.php\\\/journee-europeennes-de-larcheologie-2024\\\/110712\\\/#article\",\"isPartOf\":{\"@id\":\"https:\\\/\\\/batijournal.com\\\/index.php\\\/journee-europeennes-de-larcheologie-2024\\\/110712\\\/\"},\"author\":{\"name\":\"St\u00e9phane Miget\",\"@id\":\"https:\\\/\\\/batijournal.com\\\/#\\\/schema\\\/person\\\/1dc96ec6957aa1ccb25ebe78bb19f100\"},\"headline\":\"Journ\u00e9e europ\u00e9ennes de l&rsquo;arch\u00e9ologie 2024\",\"datePublished\":\"2024-06-06T12:21:46+00:00\",\"dateModified\":\"2024-06-06T12:22:24+00:00\",\"mainEntityOfPage\":{\"@id\":\"https:\\\/\\\/batijournal.com\\\/index.php\\\/journee-europeennes-de-larcheologie-2024\\\/110712\\\/\"},\"wordCount\":262,\"image\":{\"@id\":\"https:\\\/\\\/batijournal.com\\\/index.php\\\/journee-europeennes-de-larcheologie-2024\\\/110712\\\/#primaryimage\"},\"thumbnailUrl\":\"https:\\\/\\\/batijournal.com\\\/wp-content\\\/uploads\\\/2024\\\/06\\\/image-20240604154247-1.png\",\"keywords\":[\"arch\u00e9ologie\",\"Journ\u00e9es de l\u2019arch\u00e9ologie\"],\"articleSection\":[\"Actualit\u00e9s\"],\"inLanguage\":\"fr-FR\"},{\"@type\":\"WebPage\",\"@id\":\"https:\\\/\\\/batijournal.com\\\/index.php\\\/journee-europeennes-de-larcheologie-2024\\\/110712\\\/\",\"url\":\"https:\\\/\\\/batijournal.com\\\/index.php\\\/journee-europeennes-de-larcheologie-2024\\\/110712\\\/\",\"name\":\"Journ\u00e9e europ\u00e9ennes de l'arch\u00e9ologie 2024\",\"isPartOf\":{\"@id\":\"https:\\\/\\\/batijournal.com\\\/#website\"},\"primaryImageOfPage\":{\"@id\":\"https:\\\/\\\/batijournal.com\\\/index.php\\\/journee-europeennes-de-larcheologie-2024\\\/110712\\\/#primaryimage\"},\"image\":{\"@id\":\"https:\\\/\\\/batijournal.com\\\/index.php\\\/journee-europeennes-de-larcheologie-2024\\\/110712\\\/#primaryimage\"},\"thumbnailUrl\":\"https:\\\/\\\/batijournal.com\\\/wp-content\\\/uploads\\\/2024\\\/06\\\/image-20240604154247-1.png\",\"datePublished\":\"2024-06-06T12:21:46+00:00\",\"dateModified\":\"2024-06-06T12:22:24+00:00\",\"author\":{\"@id\":\"https:\\\/\\\/batijournal.com\\\/#\\\/schema\\\/person\\\/1dc96ec6957aa1ccb25ebe78bb19f100\"},\"breadcrumb\":{\"@id\":\"https:\\\/\\\/batijournal.com\\\/index.php\\\/journee-europeennes-de-larcheologie-2024\\\/110712\\\/#breadcrumb\"},\"inLanguage\":\"fr-FR\",\"potentialAction\":[{\"@type\":\"ReadAction\",\"target\":[\"https:\\\/\\\/batijournal.com\\\/index.php\\\/journee-europeennes-de-larcheologie-2024\\\/110712\\\/\"]}]},{\"@type\":\"ImageObject\",\"inLanguage\":\"fr-FR\",\"@id\":\"https:\\\/\\\/batijournal.com\\\/index.php\\\/journee-europeennes-de-larcheologie-2024\\\/110712\\\/#primaryimage\",\"url\":\"https:\\\/\\\/batijournal.com\\\/wp-content\\\/uploads\\\/2024\\\/06\\\/image-20240604154247-1.png\",\"contentUrl\":\"https:\\\/\\\/batijournal.com\\\/wp-content\\\/uploads\\\/2024\\\/06\\\/image-20240604154247-1.png\",\"width\":1387,\"height\":584},{\"@type\":\"BreadcrumbList\",\"@id\":\"https:\\\/\\\/batijournal.com\\\/index.php\\\/journee-europeennes-de-larcheologie-2024\\\/110712\\\/#breadcrumb\",\"itemListElement\":[{\"@type\":\"ListItem\",\"position\":1,\"name\":\"Accueil\",\"item\":\"https:\\\/\\\/batijournal.com\\\/\"},{\"@type\":\"ListItem\",\"position\":2,\"name\":\"Actualit\u00e9s\",\"item\":\"https:\\\/\\\/batijournal.com\\\/index.php\\\/category\\\/actualites\\\/\"},{\"@type\":\"ListItem\",\"position\":3,\"name\":\"Journ\u00e9e europ\u00e9ennes de l&rsquo;arch\u00e9ologie 2024\"}]},{\"@type\":\"WebSite\",\"@id\":\"https:\\\/\\\/batijournal.com\\\/#website\",\"url\":\"https:\\\/\\\/batijournal.com\\\/\",\"name\":\"Batijournal\",\"description\":\"L&#039;actualit\u00e9 du b\u00e2timent\",\"potentialAction\":[{\"@type\":\"SearchAction\",\"target\":{\"@type\":\"EntryPoint\",\"urlTemplate\":\"https:\\\/\\\/batijournal.com\\\/?s={search_term_string}\"},\"query-input\":{\"@type\":\"PropertyValueSpecification\",\"valueRequired\":true,\"valueName\":\"search_term_string\"}}],\"inLanguage\":\"fr-FR\"},{\"@type\":\"Person\",\"@id\":\"https:\\\/\\\/batijournal.com\\\/#\\\/schema\\\/person\\\/1dc96ec6957aa1ccb25ebe78bb19f100\",\"name\":\"St\u00e9phane Miget\",\"image\":{\"@type\":\"ImageObject\",\"inLanguage\":\"fr-FR\",\"@id\":\"https:\\\/\\\/secure.gravatar.com\\\/avatar\\\/89915563d925342126b8ef0281b93d9d7fc337043e8df017f780908eb9644451?s=96&d=mm&r=g\",\"url\":\"https:\\\/\\\/secure.gravatar.com\\\/avatar\\\/89915563d925342126b8ef0281b93d9d7fc337043e8df017f780908eb9644451?s=96&d=mm&r=g\",\"contentUrl\":\"https:\\\/\\\/secure.gravatar.com\\\/avatar\\\/89915563d925342126b8ef0281b93d9d7fc337043e8df017f780908eb9644451?s=96&d=mm&r=g\",\"caption\":\"St\u00e9phane Miget\"},\"url\":\"https:\\\/\\\/batijournal.com\\\/index.php\\\/author\\\/stephane\\\/\"}]}<\/script>\n<!-- \/ Yoast SEO plugin. -->","yoast_head_json":{"title":"Journ\u00e9e europ\u00e9ennes de l'arch\u00e9ologie 2024","robots":{"index":"index","follow":"follow","max-snippet":"max-snippet:-1","max-image-preview":"max-image-preview:large","max-video-preview":"max-video-preview:-1"},"canonical":"https:\/\/batijournal.com\/index.php\/journee-europeennes-de-larcheologie-2024\/110712\/","og_locale":"fr_FR","og_type":"article","og_title":"Journ\u00e9e europ\u00e9ennes de l'arch\u00e9ologie 2024","og_description":"Chaque ann\u00e9e, les Journ\u00e9es europ\u00e9ennes de l\u2019arch\u00e9ologie (JEA) invitent le public \u00e0 explorer le pass\u00e9 dans toute sa diversit\u00e9. \u00c0 cette occasion, plus d\u2019un millier de manifestations sont propos\u00e9es partout en France : ouvertures exceptionnelles de chantiers de fouilles, Villages de l\u2019arch\u00e9ologie, activit\u00e9s p\u00e9dagogiques et ludiques, rencontres avec des chercheurs, visites de laboratoires, expositions, projections\u2026 [&hellip;]","og_url":"https:\/\/batijournal.com\/index.php\/journee-europeennes-de-larcheologie-2024\/110712\/","og_site_name":"Batijournal","article_published_time":"2024-06-06T12:21:46+00:00","article_modified_time":"2024-06-06T12:22:24+00:00","og_image":[{"width":1387,"height":584,"url":"https:\/\/batijournal.com\/wp-content\/uploads\/2024\/06\/image-20240604154247-1.png","type":"image\/png"}],"author":"St\u00e9phane Miget","twitter_card":"summary_large_image","twitter_creator":"@bati_journal","twitter_site":"@bati_journal","twitter_misc":{"\u00c9crit par":"St\u00e9phane Miget","Dur\u00e9e de lecture estim\u00e9e":"1 minute"},"schema":{"@context":"https:\/\/schema.org","@graph":[{"@type":"Article","@id":"https:\/\/batijournal.com\/index.php\/journee-europeennes-de-larcheologie-2024\/110712\/#article","isPartOf":{"@id":"https:\/\/batijournal.com\/index.php\/journee-europeennes-de-larcheologie-2024\/110712\/"},"author":{"name":"St\u00e9phane Miget","@id":"https:\/\/batijournal.com\/#\/schema\/person\/1dc96ec6957aa1ccb25ebe78bb19f100"},"headline":"Journ\u00e9e europ\u00e9ennes de l&rsquo;arch\u00e9ologie 2024","datePublished":"2024-06-06T12:21:46+00:00","dateModified":"2024-06-06T12:22:24+00:00","mainEntityOfPage":{"@id":"https:\/\/batijournal.com\/index.php\/journee-europeennes-de-larcheologie-2024\/110712\/"},"wordCount":262,"image":{"@id":"https:\/\/batijournal.com\/index.php\/journee-europeennes-de-larcheologie-2024\/110712\/#primaryimage"},"thumbnailUrl":"https:\/\/batijournal.com\/wp-content\/uploads\/2024\/06\/image-20240604154247-1.png","keywords":["arch\u00e9ologie","Journ\u00e9es de l\u2019arch\u00e9ologie"],"articleSection":["Actualit\u00e9s"],"inLanguage":"fr-FR"},{"@type":"WebPage","@id":"https:\/\/batijournal.com\/index.php\/journee-europeennes-de-larcheologie-2024\/110712\/","url":"https:\/\/batijournal.com\/index.php\/journee-europeennes-de-larcheologie-2024\/110712\/","name":"Journ\u00e9e europ\u00e9ennes de l'arch\u00e9ologie 2024","isPartOf":{"@id":"https:\/\/batijournal.com\/#website"},"primaryImageOfPage":{"@id":"https:\/\/batijournal.com\/index.php\/journee-europeennes-de-larcheologie-2024\/110712\/#primaryimage"},"image":{"@id":"https:\/\/batijournal.com\/index.php\/journee-europeennes-de-larcheologie-2024\/110712\/#primaryimage"},"thumbnailUrl":"https:\/\/batijournal.com\/wp-content\/uploads\/2024\/06\/image-20240604154247-1.png","datePublished":"2024-06-06T12:21:46+00:00","dateModified":"2024-06-06T12:22:24+00:00","author":{"@id":"https:\/\/batijournal.com\/#\/schema\/person\/1dc96ec6957aa1ccb25ebe78bb19f100"},"breadcrumb":{"@id":"https:\/\/batijournal.com\/index.php\/journee-europeennes-de-larcheologie-2024\/110712\/#breadcrumb"},"inLanguage":"fr-FR","potentialAction":[{"@type":"ReadAction","target":["https:\/\/batijournal.com\/index.php\/journee-europeennes-de-larcheologie-2024\/110712\/"]}]},{"@type":"ImageObject","inLanguage":"fr-FR","@id":"https:\/\/batijournal.com\/index.php\/journee-europeennes-de-larcheologie-2024\/110712\/#primaryimage","url":"https:\/\/batijournal.com\/wp-content\/uploads\/2024\/06\/image-20240604154247-1.png","contentUrl":"https:\/\/batijournal.com\/wp-content\/uploads\/2024\/06\/image-20240604154247-1.png","width":1387,"height":584},{"@type":"BreadcrumbList","@id":"https:\/\/batijournal.com\/index.php\/journee-europeennes-de-larcheologie-2024\/110712\/#breadcrumb","itemListElement":[{"@type":"ListItem","position":1,"name":"Accueil","item":"https:\/\/batijournal.com\/"},{"@type":"ListItem","position":2,"name":"Actualit\u00e9s","item":"https:\/\/batijournal.com\/index.php\/category\/actualites\/"},{"@type":"ListItem","position":3,"name":"Journ\u00e9e europ\u00e9ennes de l&rsquo;arch\u00e9ologie 2024"}]},{"@type":"WebSite","@id":"https:\/\/batijournal.com\/#website","url":"https:\/\/batijournal.com\/","name":"Batijournal","description":"L&#039;actualit\u00e9 du b\u00e2timent","potentialAction":[{"@type":"SearchAction","target":{"@type":"EntryPoint","urlTemplate":"https:\/\/batijournal.com\/?s={search_term_string}"},"query-input":{"@type":"PropertyValueSpecification","valueRequired":true,"valueName":"search_term_string"}}],"inLanguage":"fr-FR"},{"@type":"Person","@id":"https:\/\/batijournal.com\/#\/schema\/person\/1dc96ec6957aa1ccb25ebe78bb19f100","name":"St\u00e9phane Miget","image":{"@type":"ImageObject","inLanguage":"fr-FR","@id":"https:\/\/secure.gravatar.com\/avatar\/89915563d925342126b8ef0281b93d9d7fc337043e8df017f780908eb9644451?s=96&d=mm&r=g","url":"https:\/\/secure.gravatar.com\/avatar\/89915563d925342126b8ef0281b93d9d7fc337043e8df017f780908eb9644451?s=96&d=mm&r=g","contentUrl":"https:\/\/secure.gravatar.com\/avatar\/89915563d925342126b8ef0281b93d9d7fc337043e8df017f780908eb9644451?s=96&d=mm&r=g","caption":"St\u00e9phane Miget"},"url":"https:\/\/batijournal.com\/index.php\/author\/stephane\/"}]}},"_links":{"self":[{"href":"https:\/\/batijournal.com\/index.php\/wp-json\/wp\/v2\/posts\/110712","targetHints":{"allow":["GET"]}}],"collection":[{"href":"https:\/\/batijournal.com\/index.php\/wp-json\/wp\/v2\/posts"}],"about":[{"href":"https:\/\/batijournal.com\/index.php\/wp-json\/wp\/v2\/types\/post"}],"author":[{"embeddable":true,"href":"https:\/\/batijournal.com\/index.php\/wp-json\/wp\/v2\/users\/17"}],"replies":[{"embeddable":true,"href":"https:\/\/batijournal.com\/index.php\/wp-json\/wp\/v2\/comments?post=110712"}],"version-history":[{"count":0,"href":"https:\/\/batijournal.com\/index.php\/wp-json\/wp\/v2\/posts\/110712\/revisions"}],"wp:featuredmedia":[{"embeddable":true,"href":"https:\/\/batijournal.com\/index.php\/wp-json\/wp\/v2\/media\/110713"}],"wp:attachment":[{"href":"https:\/\/batijournal.com\/index.php\/wp-json\/wp\/v2\/media?parent=110712"}],"wp:term":[{"taxonomy":"category","embeddable":true,"href":"https:\/\/batijournal.com\/index.php\/wp-json\/wp\/v2\/categories?post=110712"},{"taxonomy":"post_tag","embeddable":true,"href":"https:\/\/batijournal.com\/index.php\/wp-json\/wp\/v2\/tags?post=110712"}],"curies":[{"name":"wp","href":"https:\/\/api.w.org\/{rel}","templated":true}]}}