{"id":110714,"date":"2024-06-06T18:21:26","date_gmt":"2024-06-06T16:21:26","guid":{"rendered":"https:\/\/batijournal.com\/?p=110714"},"modified":"2024-06-06T18:21:26","modified_gmt":"2024-06-06T16:21:26","slug":"riou-glass-cree-une-cellule-dediee-a-la-facade","status":"publish","type":"post","link":"https:\/\/batijournal.com\/index.php\/riou-glass-cree-une-cellule-dediee-a-la-facade\/110714\/","title":{"rendered":"RIOU Glass cr\u00e9e une cellule d\u00e9di\u00e9e \u00e0 la fa\u00e7ade"},"content":{"rendered":"<p>RIOU Glass, sp\u00e9cialiste de la transformation de vitrages isolants \u00e0 hautes performances \u00e9nerg\u00e9tiques et environnementales annonce la cr\u00e9ation d\u2019une cellule enti\u00e8rement d\u00e9di\u00e9e \u00e0 la fa\u00e7ade. Le nouveau CHU de Nantes, la tour Ycone \u00e0 Lyon ou encore la gare de la Part-Dieu\u2026 RIOU Glass multiplie les grands chantiers avec des fa\u00e7ades vitr\u00e9es. Pour accompagner ses clients sur ce segment de march\u00e9, qui n\u00e9cessite un savoir-faire de plus en plus technique maitris\u00e9 par le transformateur verrier, l&rsquo;entreprise vient de cr\u00e9er une cellule transversale \u00e0 ses 16 sites de transformation qui lui sera enti\u00e8rement d\u00e9di\u00e9e. <em>\u00ab Le march\u00e9 de la fa\u00e7ade est un march\u00e9 sur lequel nous avons \u00e0 notre actif de belles r\u00e9alisations. La cr\u00e9ation de cette cellule s\u2019inscrit dans notre plan strat\u00e9gique de d\u00e9veloppement dont l\u2019un des pans est la consolidation de notre savoir-faire. Elle va nous permettre d\u2019avoir une offre encore plus globale afin de mieux servir nos clients, les entreprises du b\u00e2timent, architectes et collectivit\u00e9s, en les accompagnant dans la r\u00e9alisation de grands chantiers vitr\u00e9s n\u00e9cessitant des produits techniques dans le respect du nouveau d\u00e9cret tertiaire en r\u00e9novation \u00e9nerg\u00e9tique \u00bb<\/em> explique Christine Riou Feron, Pr\u00e9sidente de RIOU Glass.<\/p>\n<p>Photo : Hangar 105 \u00e0 Rouen. Architecte : Marc Mimram Architecture &amp; Associ\u00e9s. Cr\u00e9dit photo : RIOU Glass<\/p>\n<p>&nbsp;<\/p>\n","protected":false},"excerpt":{"rendered":"<p>RIOU Glass, sp\u00e9cialiste de la transformation de vitrages isolants \u00e0 hautes performances \u00e9nerg\u00e9tiques et environnementales annonce la cr\u00e9ation d\u2019une cellule enti\u00e8rement d\u00e9di\u00e9e \u00e0 la fa\u00e7ade. Le nouveau CHU de Nantes, la tour Ycone \u00e0 Lyon ou encore la gare de la Part-Dieu\u2026 RIOU Glass multiplie les grands chantiers avec des fa\u00e7ades vitr\u00e9es. Pour accompagner ses [&hellip;]<\/p>\n","protected":false},"author":17,"featured_media":110715,"comment_status":"closed","ping_status":"closed","sticky":false,"template":"","format":"standard","meta":{"_et_pb_use_builder":"","_et_pb_old_content":"","_et_gb_content_width":"","footnotes":""},"categories":[10530,6345,10771,10775],"tags":[126],"class_list":["post-110714","post","type-post","status-publish","format-standard","has-post-thumbnail","hentry","category-actualites","category-economie-marches","category-5facades","category-actualites-5facades","tag-facade"],"yoast_head":"<!-- This site is optimized with the Yoast SEO plugin v27.4 - https:\/\/yoast.com\/product\/yoast-seo-wordpress\/ -->\n<title>RIOU Glass cr\u00e9e une cellule d\u00e9di\u00e9e \u00e0 la fa\u00e7ade<\/title>\n<meta name=\"robots\" content=\"index, follow, max-snippet:-1, max-image-preview:large, max-video-preview:-1\" \/>\n<link rel=\"canonical\" href=\"https:\/\/batijournal.com\/index.php\/riou-glass-cree-une-cellule-dediee-a-la-facade\/110714\/\" \/>\n<meta property=\"og:locale\" content=\"fr_FR\" \/>\n<meta property=\"og:type\" content=\"article\" \/>\n<meta property=\"og:title\" content=\"RIOU Glass cr\u00e9e une cellule d\u00e9di\u00e9e \u00e0 la fa\u00e7ade\" \/>\n<meta property=\"og:description\" content=\"RIOU Glass, sp\u00e9cialiste de la transformation de vitrages isolants \u00e0 hautes performances \u00e9nerg\u00e9tiques et environnementales annonce la cr\u00e9ation d\u2019une cellule enti\u00e8rement d\u00e9di\u00e9e \u00e0 la fa\u00e7ade. Le nouveau CHU de Nantes, la tour Ycone \u00e0 Lyon ou encore la gare de la Part-Dieu\u2026 RIOU Glass multiplie les grands chantiers avec des fa\u00e7ades vitr\u00e9es. Pour accompagner ses [&hellip;]\" \/>\n<meta property=\"og:url\" content=\"https:\/\/batijournal.com\/index.php\/riou-glass-cree-une-cellule-dediee-a-la-facade\/110714\/\" \/>\n<meta property=\"og:site_name\" content=\"Batijournal\" \/>\n<meta property=\"article:published_time\" content=\"2024-06-06T16:21:26+00:00\" \/>\n<meta property=\"og:image\" content=\"https:\/\/batijournal.com\/wp-content\/uploads\/2024\/06\/riou-glass-Hangar-105-Rouen-Marc-Mimram-Architecture-et-Associes.jpg\" \/>\n\t<meta property=\"og:image:width\" content=\"1126\" \/>\n\t<meta property=\"og:image:height\" content=\"638\" \/>\n\t<meta property=\"og:image:type\" content=\"image\/jpeg\" \/>\n<meta name=\"author\" content=\"St\u00e9phane Miget\" \/>\n<meta name=\"twitter:card\" content=\"summary_large_image\" \/>\n<meta name=\"twitter:creator\" content=\"@bati_journal\" \/>\n<meta name=\"twitter:site\" content=\"@bati_journal\" \/>\n<meta name=\"twitter:label1\" content=\"\u00c9crit par\" \/>\n\t<meta name=\"twitter:data1\" content=\"St\u00e9phane Miget\" \/>\n\t<meta name=\"twitter:label2\" content=\"Dur\u00e9e de lecture estim\u00e9e\" \/>\n\t<meta name=\"twitter:data2\" content=\"1 minute\" \/>\n<script type=\"application\/ld+json\" class=\"yoast-schema-graph\">{\"@context\":\"https:\\\/\\\/schema.org\",\"@graph\":[{\"@type\":\"Article\",\"@id\":\"https:\\\/\\\/batijournal.com\\\/index.php\\\/riou-glass-cree-une-cellule-dediee-a-la-facade\\\/110714\\\/#article\",\"isPartOf\":{\"@id\":\"https:\\\/\\\/batijournal.com\\\/index.php\\\/riou-glass-cree-une-cellule-dediee-a-la-facade\\\/110714\\\/\"},\"author\":{\"name\":\"St\u00e9phane Miget\",\"@id\":\"https:\\\/\\\/batijournal.com\\\/#\\\/schema\\\/person\\\/1dc96ec6957aa1ccb25ebe78bb19f100\"},\"headline\":\"RIOU Glass cr\u00e9e une cellule d\u00e9di\u00e9e \u00e0 la fa\u00e7ade\",\"datePublished\":\"2024-06-06T16:21:26+00:00\",\"mainEntityOfPage\":{\"@id\":\"https:\\\/\\\/batijournal.com\\\/index.php\\\/riou-glass-cree-une-cellule-dediee-a-la-facade\\\/110714\\\/\"},\"wordCount\":243,\"image\":{\"@id\":\"https:\\\/\\\/batijournal.com\\\/index.php\\\/riou-glass-cree-une-cellule-dediee-a-la-facade\\\/110714\\\/#primaryimage\"},\"thumbnailUrl\":\"https:\\\/\\\/batijournal.com\\\/wp-content\\\/uploads\\\/2024\\\/06\\\/riou-glass-Hangar-105-Rouen-Marc-Mimram-Architecture-et-Associes.jpg\",\"keywords\":[\"fa\u00e7ade\"],\"articleSection\":[\"Actualit\u00e9s\",\"\u00c9conomie &amp; March\u00e9s\",\"zz_5fa\u00e7ades\",\"zz_Actualit\u00e9s - 5fa\u00e7ades\"],\"inLanguage\":\"fr-FR\"},{\"@type\":\"WebPage\",\"@id\":\"https:\\\/\\\/batijournal.com\\\/index.php\\\/riou-glass-cree-une-cellule-dediee-a-la-facade\\\/110714\\\/\",\"url\":\"https:\\\/\\\/batijournal.com\\\/index.php\\\/riou-glass-cree-une-cellule-dediee-a-la-facade\\\/110714\\\/\",\"name\":\"RIOU Glass cr\u00e9e une cellule d\u00e9di\u00e9e \u00e0 la fa\u00e7ade\",\"isPartOf\":{\"@id\":\"https:\\\/\\\/batijournal.com\\\/#website\"},\"primaryImageOfPage\":{\"@id\":\"https:\\\/\\\/batijournal.com\\\/index.php\\\/riou-glass-cree-une-cellule-dediee-a-la-facade\\\/110714\\\/#primaryimage\"},\"image\":{\"@id\":\"https:\\\/\\\/batijournal.com\\\/index.php\\\/riou-glass-cree-une-cellule-dediee-a-la-facade\\\/110714\\\/#primaryimage\"},\"thumbnailUrl\":\"https:\\\/\\\/batijournal.com\\\/wp-content\\\/uploads\\\/2024\\\/06\\\/riou-glass-Hangar-105-Rouen-Marc-Mimram-Architecture-et-Associes.jpg\",\"datePublished\":\"2024-06-06T16:21:26+00:00\",\"author\":{\"@id\":\"https:\\\/\\\/batijournal.com\\\/#\\\/schema\\\/person\\\/1dc96ec6957aa1ccb25ebe78bb19f100\"},\"breadcrumb\":{\"@id\":\"https:\\\/\\\/batijournal.com\\\/index.php\\\/riou-glass-cree-une-cellule-dediee-a-la-facade\\\/110714\\\/#breadcrumb\"},\"inLanguage\":\"fr-FR\",\"potentialAction\":[{\"@type\":\"ReadAction\",\"target\":[\"https:\\\/\\\/batijournal.com\\\/index.php\\\/riou-glass-cree-une-cellule-dediee-a-la-facade\\\/110714\\\/\"]}]},{\"@type\":\"ImageObject\",\"inLanguage\":\"fr-FR\",\"@id\":\"https:\\\/\\\/batijournal.com\\\/index.php\\\/riou-glass-cree-une-cellule-dediee-a-la-facade\\\/110714\\\/#primaryimage\",\"url\":\"https:\\\/\\\/batijournal.com\\\/wp-content\\\/uploads\\\/2024\\\/06\\\/riou-glass-Hangar-105-Rouen-Marc-Mimram-Architecture-et-Associes.jpg\",\"contentUrl\":\"https:\\\/\\\/batijournal.com\\\/wp-content\\\/uploads\\\/2024\\\/06\\\/riou-glass-Hangar-105-Rouen-Marc-Mimram-Architecture-et-Associes.jpg\",\"width\":1126,\"height\":638},{\"@type\":\"BreadcrumbList\",\"@id\":\"https:\\\/\\\/batijournal.com\\\/index.php\\\/riou-glass-cree-une-cellule-dediee-a-la-facade\\\/110714\\\/#breadcrumb\",\"itemListElement\":[{\"@type\":\"ListItem\",\"position\":1,\"name\":\"Accueil\",\"item\":\"https:\\\/\\\/batijournal.com\\\/\"},{\"@type\":\"ListItem\",\"position\":2,\"name\":\"Actualit\u00e9s\",\"item\":\"https:\\\/\\\/batijournal.com\\\/index.php\\\/category\\\/actualites\\\/\"},{\"@type\":\"ListItem\",\"position\":3,\"name\":\"RIOU Glass cr\u00e9e une cellule d\u00e9di\u00e9e \u00e0 la fa\u00e7ade\"}]},{\"@type\":\"WebSite\",\"@id\":\"https:\\\/\\\/batijournal.com\\\/#website\",\"url\":\"https:\\\/\\\/batijournal.com\\\/\",\"name\":\"Batijournal\",\"description\":\"L&#039;actualit\u00e9 du b\u00e2timent\",\"potentialAction\":[{\"@type\":\"SearchAction\",\"target\":{\"@type\":\"EntryPoint\",\"urlTemplate\":\"https:\\\/\\\/batijournal.com\\\/?s={search_term_string}\"},\"query-input\":{\"@type\":\"PropertyValueSpecification\",\"valueRequired\":true,\"valueName\":\"search_term_string\"}}],\"inLanguage\":\"fr-FR\"},{\"@type\":\"Person\",\"@id\":\"https:\\\/\\\/batijournal.com\\\/#\\\/schema\\\/person\\\/1dc96ec6957aa1ccb25ebe78bb19f100\",\"name\":\"St\u00e9phane Miget\",\"image\":{\"@type\":\"ImageObject\",\"inLanguage\":\"fr-FR\",\"@id\":\"https:\\\/\\\/secure.gravatar.com\\\/avatar\\\/89915563d925342126b8ef0281b93d9d7fc337043e8df017f780908eb9644451?s=96&d=mm&r=g\",\"url\":\"https:\\\/\\\/secure.gravatar.com\\\/avatar\\\/89915563d925342126b8ef0281b93d9d7fc337043e8df017f780908eb9644451?s=96&d=mm&r=g\",\"contentUrl\":\"https:\\\/\\\/secure.gravatar.com\\\/avatar\\\/89915563d925342126b8ef0281b93d9d7fc337043e8df017f780908eb9644451?s=96&d=mm&r=g\",\"caption\":\"St\u00e9phane Miget\"},\"url\":\"https:\\\/\\\/batijournal.com\\\/index.php\\\/author\\\/stephane\\\/\"}]}<\/script>\n<!-- \/ Yoast SEO plugin. -->","yoast_head_json":{"title":"RIOU Glass cr\u00e9e une cellule d\u00e9di\u00e9e \u00e0 la fa\u00e7ade","robots":{"index":"index","follow":"follow","max-snippet":"max-snippet:-1","max-image-preview":"max-image-preview:large","max-video-preview":"max-video-preview:-1"},"canonical":"https:\/\/batijournal.com\/index.php\/riou-glass-cree-une-cellule-dediee-a-la-facade\/110714\/","og_locale":"fr_FR","og_type":"article","og_title":"RIOU Glass cr\u00e9e une cellule d\u00e9di\u00e9e \u00e0 la fa\u00e7ade","og_description":"RIOU Glass, sp\u00e9cialiste de la transformation de vitrages isolants \u00e0 hautes performances \u00e9nerg\u00e9tiques et environnementales annonce la cr\u00e9ation d\u2019une cellule enti\u00e8rement d\u00e9di\u00e9e \u00e0 la fa\u00e7ade. Le nouveau CHU de Nantes, la tour Ycone \u00e0 Lyon ou encore la gare de la Part-Dieu\u2026 RIOU Glass multiplie les grands chantiers avec des fa\u00e7ades vitr\u00e9es. Pour accompagner ses [&hellip;]","og_url":"https:\/\/batijournal.com\/index.php\/riou-glass-cree-une-cellule-dediee-a-la-facade\/110714\/","og_site_name":"Batijournal","article_published_time":"2024-06-06T16:21:26+00:00","og_image":[{"width":1126,"height":638,"url":"https:\/\/batijournal.com\/wp-content\/uploads\/2024\/06\/riou-glass-Hangar-105-Rouen-Marc-Mimram-Architecture-et-Associes.jpg","type":"image\/jpeg"}],"author":"St\u00e9phane Miget","twitter_card":"summary_large_image","twitter_creator":"@bati_journal","twitter_site":"@bati_journal","twitter_misc":{"\u00c9crit par":"St\u00e9phane Miget","Dur\u00e9e de lecture estim\u00e9e":"1 minute"},"schema":{"@context":"https:\/\/schema.org","@graph":[{"@type":"Article","@id":"https:\/\/batijournal.com\/index.php\/riou-glass-cree-une-cellule-dediee-a-la-facade\/110714\/#article","isPartOf":{"@id":"https:\/\/batijournal.com\/index.php\/riou-glass-cree-une-cellule-dediee-a-la-facade\/110714\/"},"author":{"name":"St\u00e9phane Miget","@id":"https:\/\/batijournal.com\/#\/schema\/person\/1dc96ec6957aa1ccb25ebe78bb19f100"},"headline":"RIOU Glass cr\u00e9e une cellule d\u00e9di\u00e9e \u00e0 la fa\u00e7ade","datePublished":"2024-06-06T16:21:26+00:00","mainEntityOfPage":{"@id":"https:\/\/batijournal.com\/index.php\/riou-glass-cree-une-cellule-dediee-a-la-facade\/110714\/"},"wordCount":243,"image":{"@id":"https:\/\/batijournal.com\/index.php\/riou-glass-cree-une-cellule-dediee-a-la-facade\/110714\/#primaryimage"},"thumbnailUrl":"https:\/\/batijournal.com\/wp-content\/uploads\/2024\/06\/riou-glass-Hangar-105-Rouen-Marc-Mimram-Architecture-et-Associes.jpg","keywords":["fa\u00e7ade"],"articleSection":["Actualit\u00e9s","\u00c9conomie &amp; March\u00e9s","zz_5fa\u00e7ades","zz_Actualit\u00e9s - 5fa\u00e7ades"],"inLanguage":"fr-FR"},{"@type":"WebPage","@id":"https:\/\/batijournal.com\/index.php\/riou-glass-cree-une-cellule-dediee-a-la-facade\/110714\/","url":"https:\/\/batijournal.com\/index.php\/riou-glass-cree-une-cellule-dediee-a-la-facade\/110714\/","name":"RIOU Glass cr\u00e9e une cellule d\u00e9di\u00e9e \u00e0 la fa\u00e7ade","isPartOf":{"@id":"https:\/\/batijournal.com\/#website"},"primaryImageOfPage":{"@id":"https:\/\/batijournal.com\/index.php\/riou-glass-cree-une-cellule-dediee-a-la-facade\/110714\/#primaryimage"},"image":{"@id":"https:\/\/batijournal.com\/index.php\/riou-glass-cree-une-cellule-dediee-a-la-facade\/110714\/#primaryimage"},"thumbnailUrl":"https:\/\/batijournal.com\/wp-content\/uploads\/2024\/06\/riou-glass-Hangar-105-Rouen-Marc-Mimram-Architecture-et-Associes.jpg","datePublished":"2024-06-06T16:21:26+00:00","author":{"@id":"https:\/\/batijournal.com\/#\/schema\/person\/1dc96ec6957aa1ccb25ebe78bb19f100"},"breadcrumb":{"@id":"https:\/\/batijournal.com\/index.php\/riou-glass-cree-une-cellule-dediee-a-la-facade\/110714\/#breadcrumb"},"inLanguage":"fr-FR","potentialAction":[{"@type":"ReadAction","target":["https:\/\/batijournal.com\/index.php\/riou-glass-cree-une-cellule-dediee-a-la-facade\/110714\/"]}]},{"@type":"ImageObject","inLanguage":"fr-FR","@id":"https:\/\/batijournal.com\/index.php\/riou-glass-cree-une-cellule-dediee-a-la-facade\/110714\/#primaryimage","url":"https:\/\/batijournal.com\/wp-content\/uploads\/2024\/06\/riou-glass-Hangar-105-Rouen-Marc-Mimram-Architecture-et-Associes.jpg","contentUrl":"https:\/\/batijournal.com\/wp-content\/uploads\/2024\/06\/riou-glass-Hangar-105-Rouen-Marc-Mimram-Architecture-et-Associes.jpg","width":1126,"height":638},{"@type":"BreadcrumbList","@id":"https:\/\/batijournal.com\/index.php\/riou-glass-cree-une-cellule-dediee-a-la-facade\/110714\/#breadcrumb","itemListElement":[{"@type":"ListItem","position":1,"name":"Accueil","item":"https:\/\/batijournal.com\/"},{"@type":"ListItem","position":2,"name":"Actualit\u00e9s","item":"https:\/\/batijournal.com\/index.php\/category\/actualites\/"},{"@type":"ListItem","position":3,"name":"RIOU Glass cr\u00e9e une cellule d\u00e9di\u00e9e \u00e0 la fa\u00e7ade"}]},{"@type":"WebSite","@id":"https:\/\/batijournal.com\/#website","url":"https:\/\/batijournal.com\/","name":"Batijournal","description":"L&#039;actualit\u00e9 du b\u00e2timent","potentialAction":[{"@type":"SearchAction","target":{"@type":"EntryPoint","urlTemplate":"https:\/\/batijournal.com\/?s={search_term_string}"},"query-input":{"@type":"PropertyValueSpecification","valueRequired":true,"valueName":"search_term_string"}}],"inLanguage":"fr-FR"},{"@type":"Person","@id":"https:\/\/batijournal.com\/#\/schema\/person\/1dc96ec6957aa1ccb25ebe78bb19f100","name":"St\u00e9phane Miget","image":{"@type":"ImageObject","inLanguage":"fr-FR","@id":"https:\/\/secure.gravatar.com\/avatar\/89915563d925342126b8ef0281b93d9d7fc337043e8df017f780908eb9644451?s=96&d=mm&r=g","url":"https:\/\/secure.gravatar.com\/avatar\/89915563d925342126b8ef0281b93d9d7fc337043e8df017f780908eb9644451?s=96&d=mm&r=g","contentUrl":"https:\/\/secure.gravatar.com\/avatar\/89915563d925342126b8ef0281b93d9d7fc337043e8df017f780908eb9644451?s=96&d=mm&r=g","caption":"St\u00e9phane Miget"},"url":"https:\/\/batijournal.com\/index.php\/author\/stephane\/"}]}},"_links":{"self":[{"href":"https:\/\/batijournal.com\/index.php\/wp-json\/wp\/v2\/posts\/110714","targetHints":{"allow":["GET"]}}],"collection":[{"href":"https:\/\/batijournal.com\/index.php\/wp-json\/wp\/v2\/posts"}],"about":[{"href":"https:\/\/batijournal.com\/index.php\/wp-json\/wp\/v2\/types\/post"}],"author":[{"embeddable":true,"href":"https:\/\/batijournal.com\/index.php\/wp-json\/wp\/v2\/users\/17"}],"replies":[{"embeddable":true,"href":"https:\/\/batijournal.com\/index.php\/wp-json\/wp\/v2\/comments?post=110714"}],"version-history":[{"count":0,"href":"https:\/\/batijournal.com\/index.php\/wp-json\/wp\/v2\/posts\/110714\/revisions"}],"wp:featuredmedia":[{"embeddable":true,"href":"https:\/\/batijournal.com\/index.php\/wp-json\/wp\/v2\/media\/110715"}],"wp:attachment":[{"href":"https:\/\/batijournal.com\/index.php\/wp-json\/wp\/v2\/media?parent=110714"}],"wp:term":[{"taxonomy":"category","embeddable":true,"href":"https:\/\/batijournal.com\/index.php\/wp-json\/wp\/v2\/categories?post=110714"},{"taxonomy":"post_tag","embeddable":true,"href":"https:\/\/batijournal.com\/index.php\/wp-json\/wp\/v2\/tags?post=110714"}],"curies":[{"name":"wp","href":"https:\/\/api.w.org\/{rel}","templated":true}]}}