{"id":110730,"date":"2024-06-10T14:30:59","date_gmt":"2024-06-10T12:30:59","guid":{"rendered":"https:\/\/batijournal.com\/?p=110730"},"modified":"2024-06-10T14:30:59","modified_gmt":"2024-06-10T12:30:59","slug":"1-milliard-deuros-de-pertes-annuelles-engendrees-par-les-vols-dans-le-secteur-de-la-construction","status":"publish","type":"post","link":"https:\/\/batijournal.com\/index.php\/1-milliard-deuros-de-pertes-annuelles-engendrees-par-les-vols-dans-le-secteur-de-la-construction\/110730\/","title":{"rendered":"1 Milliard d&rsquo;euros de pertes annuelles engendr\u00e9es par les vols dans le secteur de la construction"},"content":{"rendered":"<p>BauWatch, sp\u00e9cialiste de la s\u00e9curit\u00e9 et de la vid\u00e9osurveillance temporaire a r\u00e9alis\u00e9 une \u00e9tude \u00ab\u00a0Menaces sur les chantiers\u00a0\u00bb\u00a0\u00bb, bas\u00e9e sur les r\u00e9ponses de 500 professionnels fran\u00e7ais de la construction, qui r\u00e9v\u00e8le que 60% des sond\u00e9s constatent une augmentation de la criminalit\u00e9 sur les chantiers au cours de l\u2019ann\u00e9e 2023, soulignant ainsi l\u2019urgence croissante de cette probl\u00e9matique. Le vol repr\u00e9sente un d\u00e9fi majeur pour le secteur de la construction, engendrant des pertes estim\u00e9es \u00e0 plus d\u2019un milliard d\u2019euros annuellement, soit environ 1% du chiffre d\u2019affaires total du secteur. Cette estimation ne prend pas en compte les incidents non d\u00e9clar\u00e9s. L\u2019intensit\u00e9 de la criminalit\u00e9 sur les chantiers est alarmante car environ 68% des r\u00e9pondants attestent avoir observ\u00e9 au moins un vol sur leur lieu de travail chaque ann\u00e9e. De plus, pr\u00e8s d\u2019un cinqui\u00e8me (23%) signalent \u00eatre confront\u00e9s \u00e0 ces actes d\u00e9lictueux tous les deux \u00e0 trois mois, soulignant une fr\u00e9quence inqui\u00e9tante de ces incidents. 41% des professionnels interrog\u00e9s ont indiqu\u00e9 que plus d\u2019un tiers des chantiers (33%) ont subi desretards \u00e0 cause d\u2019incidents criminels, tels que le vol et le vandalisme. Dans un cas sur quatre, ces actes ont engendr\u00e9 le remplacement de mat\u00e9riaux, provoquant d\u2019importants retards. Dans 9% des cas, les m\u00e9faits ont conduit \u00e0 une suspension compl\u00e8te des op\u00e9rations.<\/p>\n<p>39% des vols recens\u00e9s dans le secteur de la construction concernent le c\u00e2blage. Le cuivre et les c\u00e2bles, en raison de leur r\u00f4le cl\u00e9 dans la transition \u00e9nerg\u00e9tique et leur prix, se distinguent comme \u00e9tant des cibles convoit\u00e9es. Malgr\u00e9 leur taille imposante, les engins de chantier sont la cible de r\u00e9seaux criminels organis\u00e9s. Ces derniers ont la capacit\u00e9 de charger ces engins \u00e0 bord de camion afin de les conduire hors des fronti\u00e8res. 25% des v\u00e9hicules dans le domaine du BTP ne b\u00e9n\u00e9ficient pas d\u2019un niveau de s\u00e9curit\u00e9 suffisant. Une grande majorit\u00e9 des engins professionnels vol\u00e9s (96%) ne sont jamais retrouv\u00e9s. Le petit outillage repr\u00e9sente 66% des objets vol\u00e9s. Sa taille r\u00e9duite, facilitant \u00e0 la fois le vol et la revente discr\u00e8te.<\/p>\n<p>La faiblesse des mesures de s\u00e9curit\u00e9 sur les chantiers contribue \u00e0 l\u2019escalade de la criminalit\u00e9,r\u00e9v\u00e9lant un cercle vicieux o\u00f9 l\u2019absence de mesures ad\u00e9quates facilite le larcin. L\u2019\u00e9tude met en lumi\u00e8re une confiance vacillante dans les strat\u00e9gies de pr\u00e9vention adopt\u00e9es par les entrepreneurs, ainsi que dans l\u2019efficacit\u00e9 des interventions des soci\u00e9t\u00e9s de s\u00e9curit\u00e9. \u00c9tonnamment, plus d\u2019un tiers des professionnels interrog\u00e9s consid\u00e8rent la s\u00e9curit\u00e9 comme une priorit\u00e9 secondaire, malgr\u00e9 le fait que 37% soulignent l\u2019importance de planifier les mesures de s\u00e9curit\u00e9 d\u00e8s le d\u00e9but du projet.<\/p>\n","protected":false},"excerpt":{"rendered":"<p>BauWatch, sp\u00e9cialiste de la s\u00e9curit\u00e9 et de la vid\u00e9osurveillance temporaire a r\u00e9alis\u00e9 une \u00e9tude \u00ab\u00a0Menaces sur les chantiers\u00a0\u00bb\u00a0\u00bb, bas\u00e9e sur les r\u00e9ponses de 500 professionnels fran\u00e7ais de la construction, qui r\u00e9v\u00e8le que 60% des sond\u00e9s constatent une augmentation de la criminalit\u00e9 sur les chantiers au cours de l\u2019ann\u00e9e 2023, soulignant ainsi l\u2019urgence croissante de cette [&hellip;]<\/p>\n","protected":false},"author":17,"featured_media":110731,"comment_status":"closed","ping_status":"closed","sticky":false,"template":"","format":"standard","meta":{"_et_pb_use_builder":"","_et_pb_old_content":"","_et_gb_content_width":"","footnotes":""},"categories":[10530,6345],"tags":[13258],"class_list":["post-110730","post","type-post","status-publish","format-standard","has-post-thumbnail","hentry","category-actualites","category-economie-marches","tag-vols"],"yoast_head":"<!-- This site is optimized with the Yoast SEO plugin v27.4 - https:\/\/yoast.com\/product\/yoast-seo-wordpress\/ -->\n<title>1 Milliard d&#039;euros de pertes annuelles engendr\u00e9es par les vols dans le secteur de la construction<\/title>\n<meta name=\"robots\" content=\"index, follow, max-snippet:-1, max-image-preview:large, max-video-preview:-1\" \/>\n<link rel=\"canonical\" href=\"https:\/\/batijournal.com\/index.php\/1-milliard-deuros-de-pertes-annuelles-engendrees-par-les-vols-dans-le-secteur-de-la-construction\/110730\/\" \/>\n<meta property=\"og:locale\" content=\"fr_FR\" \/>\n<meta property=\"og:type\" content=\"article\" \/>\n<meta property=\"og:title\" content=\"1 Milliard d&#039;euros de pertes annuelles engendr\u00e9es par les vols dans le secteur de la construction\" \/>\n<meta property=\"og:description\" content=\"BauWatch, sp\u00e9cialiste de la s\u00e9curit\u00e9 et de la vid\u00e9osurveillance temporaire a r\u00e9alis\u00e9 une \u00e9tude \u00ab\u00a0Menaces sur les chantiers\u00a0\u00bb\u00a0\u00bb, bas\u00e9e sur les r\u00e9ponses de 500 professionnels fran\u00e7ais de la construction, qui r\u00e9v\u00e8le que 60% des sond\u00e9s constatent une augmentation de la criminalit\u00e9 sur les chantiers au cours de l\u2019ann\u00e9e 2023, soulignant ainsi l\u2019urgence croissante de cette [&hellip;]\" \/>\n<meta property=\"og:url\" content=\"https:\/\/batijournal.com\/index.php\/1-milliard-deuros-de-pertes-annuelles-engendrees-par-les-vols-dans-le-secteur-de-la-construction\/110730\/\" \/>\n<meta property=\"og:site_name\" content=\"Batijournal\" \/>\n<meta property=\"article:published_time\" content=\"2024-06-10T12:30:59+00:00\" \/>\n<meta property=\"og:image\" content=\"https:\/\/batijournal.com\/wp-content\/uploads\/2024\/06\/vols-chantiers-construction.jpg\" \/>\n\t<meta property=\"og:image:width\" content=\"600\" \/>\n\t<meta property=\"og:image:height\" content=\"399\" \/>\n\t<meta property=\"og:image:type\" content=\"image\/jpeg\" \/>\n<meta name=\"author\" content=\"St\u00e9phane Miget\" \/>\n<meta name=\"twitter:card\" content=\"summary_large_image\" \/>\n<meta name=\"twitter:creator\" content=\"@bati_journal\" \/>\n<meta name=\"twitter:site\" content=\"@bati_journal\" \/>\n<meta name=\"twitter:label1\" content=\"\u00c9crit par\" \/>\n\t<meta name=\"twitter:data1\" content=\"St\u00e9phane Miget\" \/>\n\t<meta name=\"twitter:label2\" content=\"Dur\u00e9e de lecture estim\u00e9e\" \/>\n\t<meta name=\"twitter:data2\" content=\"2 minutes\" \/>\n<script type=\"application\/ld+json\" class=\"yoast-schema-graph\">{\"@context\":\"https:\\\/\\\/schema.org\",\"@graph\":[{\"@type\":\"Article\",\"@id\":\"https:\\\/\\\/batijournal.com\\\/index.php\\\/1-milliard-deuros-de-pertes-annuelles-engendrees-par-les-vols-dans-le-secteur-de-la-construction\\\/110730\\\/#article\",\"isPartOf\":{\"@id\":\"https:\\\/\\\/batijournal.com\\\/index.php\\\/1-milliard-deuros-de-pertes-annuelles-engendrees-par-les-vols-dans-le-secteur-de-la-construction\\\/110730\\\/\"},\"author\":{\"name\":\"St\u00e9phane Miget\",\"@id\":\"https:\\\/\\\/batijournal.com\\\/#\\\/schema\\\/person\\\/1dc96ec6957aa1ccb25ebe78bb19f100\"},\"headline\":\"1 Milliard d&rsquo;euros de pertes annuelles engendr\u00e9es par les vols dans le secteur de la construction\",\"datePublished\":\"2024-06-10T12:30:59+00:00\",\"mainEntityOfPage\":{\"@id\":\"https:\\\/\\\/batijournal.com\\\/index.php\\\/1-milliard-deuros-de-pertes-annuelles-engendrees-par-les-vols-dans-le-secteur-de-la-construction\\\/110730\\\/\"},\"wordCount\":494,\"image\":{\"@id\":\"https:\\\/\\\/batijournal.com\\\/index.php\\\/1-milliard-deuros-de-pertes-annuelles-engendrees-par-les-vols-dans-le-secteur-de-la-construction\\\/110730\\\/#primaryimage\"},\"thumbnailUrl\":\"https:\\\/\\\/batijournal.com\\\/wp-content\\\/uploads\\\/2024\\\/06\\\/vols-chantiers-construction.jpg\",\"keywords\":[\"vols\"],\"articleSection\":[\"Actualit\u00e9s\",\"\u00c9conomie &amp; March\u00e9s\"],\"inLanguage\":\"fr-FR\"},{\"@type\":\"WebPage\",\"@id\":\"https:\\\/\\\/batijournal.com\\\/index.php\\\/1-milliard-deuros-de-pertes-annuelles-engendrees-par-les-vols-dans-le-secteur-de-la-construction\\\/110730\\\/\",\"url\":\"https:\\\/\\\/batijournal.com\\\/index.php\\\/1-milliard-deuros-de-pertes-annuelles-engendrees-par-les-vols-dans-le-secteur-de-la-construction\\\/110730\\\/\",\"name\":\"1 Milliard d'euros de pertes annuelles engendr\u00e9es par les vols dans le secteur de la construction\",\"isPartOf\":{\"@id\":\"https:\\\/\\\/batijournal.com\\\/#website\"},\"primaryImageOfPage\":{\"@id\":\"https:\\\/\\\/batijournal.com\\\/index.php\\\/1-milliard-deuros-de-pertes-annuelles-engendrees-par-les-vols-dans-le-secteur-de-la-construction\\\/110730\\\/#primaryimage\"},\"image\":{\"@id\":\"https:\\\/\\\/batijournal.com\\\/index.php\\\/1-milliard-deuros-de-pertes-annuelles-engendrees-par-les-vols-dans-le-secteur-de-la-construction\\\/110730\\\/#primaryimage\"},\"thumbnailUrl\":\"https:\\\/\\\/batijournal.com\\\/wp-content\\\/uploads\\\/2024\\\/06\\\/vols-chantiers-construction.jpg\",\"datePublished\":\"2024-06-10T12:30:59+00:00\",\"author\":{\"@id\":\"https:\\\/\\\/batijournal.com\\\/#\\\/schema\\\/person\\\/1dc96ec6957aa1ccb25ebe78bb19f100\"},\"breadcrumb\":{\"@id\":\"https:\\\/\\\/batijournal.com\\\/index.php\\\/1-milliard-deuros-de-pertes-annuelles-engendrees-par-les-vols-dans-le-secteur-de-la-construction\\\/110730\\\/#breadcrumb\"},\"inLanguage\":\"fr-FR\",\"potentialAction\":[{\"@type\":\"ReadAction\",\"target\":[\"https:\\\/\\\/batijournal.com\\\/index.php\\\/1-milliard-deuros-de-pertes-annuelles-engendrees-par-les-vols-dans-le-secteur-de-la-construction\\\/110730\\\/\"]}]},{\"@type\":\"ImageObject\",\"inLanguage\":\"fr-FR\",\"@id\":\"https:\\\/\\\/batijournal.com\\\/index.php\\\/1-milliard-deuros-de-pertes-annuelles-engendrees-par-les-vols-dans-le-secteur-de-la-construction\\\/110730\\\/#primaryimage\",\"url\":\"https:\\\/\\\/batijournal.com\\\/wp-content\\\/uploads\\\/2024\\\/06\\\/vols-chantiers-construction.jpg\",\"contentUrl\":\"https:\\\/\\\/batijournal.com\\\/wp-content\\\/uploads\\\/2024\\\/06\\\/vols-chantiers-construction.jpg\",\"width\":600,\"height\":399},{\"@type\":\"BreadcrumbList\",\"@id\":\"https:\\\/\\\/batijournal.com\\\/index.php\\\/1-milliard-deuros-de-pertes-annuelles-engendrees-par-les-vols-dans-le-secteur-de-la-construction\\\/110730\\\/#breadcrumb\",\"itemListElement\":[{\"@type\":\"ListItem\",\"position\":1,\"name\":\"Accueil\",\"item\":\"https:\\\/\\\/batijournal.com\\\/\"},{\"@type\":\"ListItem\",\"position\":2,\"name\":\"Actualit\u00e9s\",\"item\":\"https:\\\/\\\/batijournal.com\\\/index.php\\\/category\\\/actualites\\\/\"},{\"@type\":\"ListItem\",\"position\":3,\"name\":\"1 Milliard d&rsquo;euros de pertes annuelles engendr\u00e9es par les vols dans le secteur de la construction\"}]},{\"@type\":\"WebSite\",\"@id\":\"https:\\\/\\\/batijournal.com\\\/#website\",\"url\":\"https:\\\/\\\/batijournal.com\\\/\",\"name\":\"Batijournal\",\"description\":\"L&#039;actualit\u00e9 du b\u00e2timent\",\"potentialAction\":[{\"@type\":\"SearchAction\",\"target\":{\"@type\":\"EntryPoint\",\"urlTemplate\":\"https:\\\/\\\/batijournal.com\\\/?s={search_term_string}\"},\"query-input\":{\"@type\":\"PropertyValueSpecification\",\"valueRequired\":true,\"valueName\":\"search_term_string\"}}],\"inLanguage\":\"fr-FR\"},{\"@type\":\"Person\",\"@id\":\"https:\\\/\\\/batijournal.com\\\/#\\\/schema\\\/person\\\/1dc96ec6957aa1ccb25ebe78bb19f100\",\"name\":\"St\u00e9phane Miget\",\"image\":{\"@type\":\"ImageObject\",\"inLanguage\":\"fr-FR\",\"@id\":\"https:\\\/\\\/secure.gravatar.com\\\/avatar\\\/89915563d925342126b8ef0281b93d9d7fc337043e8df017f780908eb9644451?s=96&d=mm&r=g\",\"url\":\"https:\\\/\\\/secure.gravatar.com\\\/avatar\\\/89915563d925342126b8ef0281b93d9d7fc337043e8df017f780908eb9644451?s=96&d=mm&r=g\",\"contentUrl\":\"https:\\\/\\\/secure.gravatar.com\\\/avatar\\\/89915563d925342126b8ef0281b93d9d7fc337043e8df017f780908eb9644451?s=96&d=mm&r=g\",\"caption\":\"St\u00e9phane Miget\"},\"url\":\"https:\\\/\\\/batijournal.com\\\/index.php\\\/author\\\/stephane\\\/\"}]}<\/script>\n<!-- \/ Yoast SEO plugin. -->","yoast_head_json":{"title":"1 Milliard d'euros de pertes annuelles engendr\u00e9es par les vols dans le secteur de la construction","robots":{"index":"index","follow":"follow","max-snippet":"max-snippet:-1","max-image-preview":"max-image-preview:large","max-video-preview":"max-video-preview:-1"},"canonical":"https:\/\/batijournal.com\/index.php\/1-milliard-deuros-de-pertes-annuelles-engendrees-par-les-vols-dans-le-secteur-de-la-construction\/110730\/","og_locale":"fr_FR","og_type":"article","og_title":"1 Milliard d'euros de pertes annuelles engendr\u00e9es par les vols dans le secteur de la construction","og_description":"BauWatch, sp\u00e9cialiste de la s\u00e9curit\u00e9 et de la vid\u00e9osurveillance temporaire a r\u00e9alis\u00e9 une \u00e9tude \u00ab\u00a0Menaces sur les chantiers\u00a0\u00bb\u00a0\u00bb, bas\u00e9e sur les r\u00e9ponses de 500 professionnels fran\u00e7ais de la construction, qui r\u00e9v\u00e8le que 60% des sond\u00e9s constatent une augmentation de la criminalit\u00e9 sur les chantiers au cours de l\u2019ann\u00e9e 2023, soulignant ainsi l\u2019urgence croissante de cette [&hellip;]","og_url":"https:\/\/batijournal.com\/index.php\/1-milliard-deuros-de-pertes-annuelles-engendrees-par-les-vols-dans-le-secteur-de-la-construction\/110730\/","og_site_name":"Batijournal","article_published_time":"2024-06-10T12:30:59+00:00","og_image":[{"width":600,"height":399,"url":"https:\/\/batijournal.com\/wp-content\/uploads\/2024\/06\/vols-chantiers-construction.jpg","type":"image\/jpeg"}],"author":"St\u00e9phane Miget","twitter_card":"summary_large_image","twitter_creator":"@bati_journal","twitter_site":"@bati_journal","twitter_misc":{"\u00c9crit par":"St\u00e9phane Miget","Dur\u00e9e de lecture estim\u00e9e":"2 minutes"},"schema":{"@context":"https:\/\/schema.org","@graph":[{"@type":"Article","@id":"https:\/\/batijournal.com\/index.php\/1-milliard-deuros-de-pertes-annuelles-engendrees-par-les-vols-dans-le-secteur-de-la-construction\/110730\/#article","isPartOf":{"@id":"https:\/\/batijournal.com\/index.php\/1-milliard-deuros-de-pertes-annuelles-engendrees-par-les-vols-dans-le-secteur-de-la-construction\/110730\/"},"author":{"name":"St\u00e9phane Miget","@id":"https:\/\/batijournal.com\/#\/schema\/person\/1dc96ec6957aa1ccb25ebe78bb19f100"},"headline":"1 Milliard d&rsquo;euros de pertes annuelles engendr\u00e9es par les vols dans le secteur de la construction","datePublished":"2024-06-10T12:30:59+00:00","mainEntityOfPage":{"@id":"https:\/\/batijournal.com\/index.php\/1-milliard-deuros-de-pertes-annuelles-engendrees-par-les-vols-dans-le-secteur-de-la-construction\/110730\/"},"wordCount":494,"image":{"@id":"https:\/\/batijournal.com\/index.php\/1-milliard-deuros-de-pertes-annuelles-engendrees-par-les-vols-dans-le-secteur-de-la-construction\/110730\/#primaryimage"},"thumbnailUrl":"https:\/\/batijournal.com\/wp-content\/uploads\/2024\/06\/vols-chantiers-construction.jpg","keywords":["vols"],"articleSection":["Actualit\u00e9s","\u00c9conomie &amp; March\u00e9s"],"inLanguage":"fr-FR"},{"@type":"WebPage","@id":"https:\/\/batijournal.com\/index.php\/1-milliard-deuros-de-pertes-annuelles-engendrees-par-les-vols-dans-le-secteur-de-la-construction\/110730\/","url":"https:\/\/batijournal.com\/index.php\/1-milliard-deuros-de-pertes-annuelles-engendrees-par-les-vols-dans-le-secteur-de-la-construction\/110730\/","name":"1 Milliard d'euros de pertes annuelles engendr\u00e9es par les vols dans le secteur de la construction","isPartOf":{"@id":"https:\/\/batijournal.com\/#website"},"primaryImageOfPage":{"@id":"https:\/\/batijournal.com\/index.php\/1-milliard-deuros-de-pertes-annuelles-engendrees-par-les-vols-dans-le-secteur-de-la-construction\/110730\/#primaryimage"},"image":{"@id":"https:\/\/batijournal.com\/index.php\/1-milliard-deuros-de-pertes-annuelles-engendrees-par-les-vols-dans-le-secteur-de-la-construction\/110730\/#primaryimage"},"thumbnailUrl":"https:\/\/batijournal.com\/wp-content\/uploads\/2024\/06\/vols-chantiers-construction.jpg","datePublished":"2024-06-10T12:30:59+00:00","author":{"@id":"https:\/\/batijournal.com\/#\/schema\/person\/1dc96ec6957aa1ccb25ebe78bb19f100"},"breadcrumb":{"@id":"https:\/\/batijournal.com\/index.php\/1-milliard-deuros-de-pertes-annuelles-engendrees-par-les-vols-dans-le-secteur-de-la-construction\/110730\/#breadcrumb"},"inLanguage":"fr-FR","potentialAction":[{"@type":"ReadAction","target":["https:\/\/batijournal.com\/index.php\/1-milliard-deuros-de-pertes-annuelles-engendrees-par-les-vols-dans-le-secteur-de-la-construction\/110730\/"]}]},{"@type":"ImageObject","inLanguage":"fr-FR","@id":"https:\/\/batijournal.com\/index.php\/1-milliard-deuros-de-pertes-annuelles-engendrees-par-les-vols-dans-le-secteur-de-la-construction\/110730\/#primaryimage","url":"https:\/\/batijournal.com\/wp-content\/uploads\/2024\/06\/vols-chantiers-construction.jpg","contentUrl":"https:\/\/batijournal.com\/wp-content\/uploads\/2024\/06\/vols-chantiers-construction.jpg","width":600,"height":399},{"@type":"BreadcrumbList","@id":"https:\/\/batijournal.com\/index.php\/1-milliard-deuros-de-pertes-annuelles-engendrees-par-les-vols-dans-le-secteur-de-la-construction\/110730\/#breadcrumb","itemListElement":[{"@type":"ListItem","position":1,"name":"Accueil","item":"https:\/\/batijournal.com\/"},{"@type":"ListItem","position":2,"name":"Actualit\u00e9s","item":"https:\/\/batijournal.com\/index.php\/category\/actualites\/"},{"@type":"ListItem","position":3,"name":"1 Milliard d&rsquo;euros de pertes annuelles engendr\u00e9es par les vols dans le secteur de la construction"}]},{"@type":"WebSite","@id":"https:\/\/batijournal.com\/#website","url":"https:\/\/batijournal.com\/","name":"Batijournal","description":"L&#039;actualit\u00e9 du b\u00e2timent","potentialAction":[{"@type":"SearchAction","target":{"@type":"EntryPoint","urlTemplate":"https:\/\/batijournal.com\/?s={search_term_string}"},"query-input":{"@type":"PropertyValueSpecification","valueRequired":true,"valueName":"search_term_string"}}],"inLanguage":"fr-FR"},{"@type":"Person","@id":"https:\/\/batijournal.com\/#\/schema\/person\/1dc96ec6957aa1ccb25ebe78bb19f100","name":"St\u00e9phane Miget","image":{"@type":"ImageObject","inLanguage":"fr-FR","@id":"https:\/\/secure.gravatar.com\/avatar\/89915563d925342126b8ef0281b93d9d7fc337043e8df017f780908eb9644451?s=96&d=mm&r=g","url":"https:\/\/secure.gravatar.com\/avatar\/89915563d925342126b8ef0281b93d9d7fc337043e8df017f780908eb9644451?s=96&d=mm&r=g","contentUrl":"https:\/\/secure.gravatar.com\/avatar\/89915563d925342126b8ef0281b93d9d7fc337043e8df017f780908eb9644451?s=96&d=mm&r=g","caption":"St\u00e9phane Miget"},"url":"https:\/\/batijournal.com\/index.php\/author\/stephane\/"}]}},"_links":{"self":[{"href":"https:\/\/batijournal.com\/index.php\/wp-json\/wp\/v2\/posts\/110730","targetHints":{"allow":["GET"]}}],"collection":[{"href":"https:\/\/batijournal.com\/index.php\/wp-json\/wp\/v2\/posts"}],"about":[{"href":"https:\/\/batijournal.com\/index.php\/wp-json\/wp\/v2\/types\/post"}],"author":[{"embeddable":true,"href":"https:\/\/batijournal.com\/index.php\/wp-json\/wp\/v2\/users\/17"}],"replies":[{"embeddable":true,"href":"https:\/\/batijournal.com\/index.php\/wp-json\/wp\/v2\/comments?post=110730"}],"version-history":[{"count":0,"href":"https:\/\/batijournal.com\/index.php\/wp-json\/wp\/v2\/posts\/110730\/revisions"}],"wp:featuredmedia":[{"embeddable":true,"href":"https:\/\/batijournal.com\/index.php\/wp-json\/wp\/v2\/media\/110731"}],"wp:attachment":[{"href":"https:\/\/batijournal.com\/index.php\/wp-json\/wp\/v2\/media?parent=110730"}],"wp:term":[{"taxonomy":"category","embeddable":true,"href":"https:\/\/batijournal.com\/index.php\/wp-json\/wp\/v2\/categories?post=110730"},{"taxonomy":"post_tag","embeddable":true,"href":"https:\/\/batijournal.com\/index.php\/wp-json\/wp\/v2\/tags?post=110730"}],"curies":[{"name":"wp","href":"https:\/\/api.w.org\/{rel}","templated":true}]}}