{"id":110736,"date":"2024-06-11T13:55:16","date_gmt":"2024-06-11T11:55:16","guid":{"rendered":"https:\/\/batijournal.com\/?p=110736"},"modified":"2024-06-11T13:55:16","modified_gmt":"2024-06-11T11:55:16","slug":"ite-avec-des-blocs-de-pse-prefabriques-pour-sadapter-au-millimetre-pres-aux-facades-dorigine","status":"publish","type":"post","link":"https:\/\/batijournal.com\/index.php\/ite-avec-des-blocs-de-pse-prefabriques-pour-sadapter-au-millimetre-pres-aux-facades-dorigine\/110736\/","title":{"rendered":"ITE avec des blocs de PSE pr\u00e9fabriqu\u00e9s pour s\u2019adapter au millim\u00e8tre pr\u00e8s aux fa\u00e7ades d\u2019origine"},"content":{"rendered":"<p>Pour la r\u00e9novation \u00e9nerg\u00e9tique du coll\u00e8ge de Mutzig, en Alsace, l\u2019isolation thermique par l\u2019ext\u00e9rieur a \u00e9t\u00e9 r\u00e9alis\u00e9e avec des blocs de PSE pr\u00e9fabriqu\u00e9s en usine pour s\u2019adapter au millim\u00e8tre pr\u00e8s aux fa\u00e7ades d\u2019origine. Choisie pour piloter cette r\u00e9novation, l\u2019agence d\u2019architecture Atelier G5 a d\u00e9fini un programme de travaux concernant tous les \u00e9l\u00e9ments de l\u2019enveloppe : la toiture, avec des travaux d\u2019isolation et d\u2019\u00e9tanch\u00e9it\u00e9, les menuiseries ex t\u00e9rieures, et l\u2019ITE des fa\u00e7ades b\u00e9ton. Ces derni\u00e8res pr\u00e9sentaient une g\u00e9om\u00e9trie particuli\u00e8re, typique de la construction pr\u00e9fabriqu\u00e9e des ann\u00e9es 70, avec un retrait de 4 cm entre les fen\u00eatres et la jonction entre \u00e9tages. Tout l\u2019enjeu a donc \u00e9t\u00e9 d\u2019adapter la solution d\u2019isolation \u00e0 ces fa\u00e7ades concaves. L\u2019agence Atelier G5 a fait appel au service de conseil technique de Sto pour d\u00e9finir une m\u00e9thode performante \u00e0 la fois au plan technique et \u00e9conomique. La solution retenue s\u2019appuie sur l\u2019utilisation de blocs de PSE graphit\u00e9 noir fabriqu\u00e9s sur mesure par Innolation, la filiale de production de Sto. La pr\u00e9cision des d\u00e9coupes en usine a permis d\u2019adapter au millim\u00e8tre pr\u00e8s les isolants aux fa\u00e7ades d\u2019origine. \u00ab Ce mode op\u00e9rationnel r\u00e9pond parfaitement \u00e0 la r\u00e9glementation sur l\u2019ITE en assurant une continuit\u00e9 de l\u2019isolant qui supprime les ponts thermiques, pointe l\u2019architecte Samuel Richard de l\u2019Atelier G5. En compl\u00e9ment, un bardage innovant en fibres-ciment prot\u00e8ge les zones les plus expos\u00e9es de l\u2019\u00e9tablissement.<\/p>\n<p>Ma\u00eetre d\u2019ouvrage : Collectivit\u00e9 europ\u00e9enne d\u2019Alsace<br \/>\nMa\u00eetre d\u2019oeuvre : Atelier G5<br \/>\nEntreprise applicatrice : D\u00e9copeint<\/p>\n","protected":false},"excerpt":{"rendered":"<p>Pour la r\u00e9novation \u00e9nerg\u00e9tique du coll\u00e8ge de Mutzig, en Alsace, l\u2019isolation thermique par l\u2019ext\u00e9rieur a \u00e9t\u00e9 r\u00e9alis\u00e9e avec des blocs de PSE pr\u00e9fabriqu\u00e9s en usine pour s\u2019adapter au millim\u00e8tre pr\u00e8s aux fa\u00e7ades d\u2019origine. Choisie pour piloter cette r\u00e9novation, l\u2019agence d\u2019architecture Atelier G5 a d\u00e9fini un programme de travaux concernant tous les \u00e9l\u00e9ments de l\u2019enveloppe : [&hellip;]<\/p>\n","protected":false},"author":17,"featured_media":110738,"comment_status":"closed","ping_status":"closed","sticky":false,"template":"","format":"standard","meta":{"_et_pb_use_builder":"","_et_pb_old_content":"","_et_gb_content_width":"","footnotes":""},"categories":[10530,6351,10771,10775,10781,10778],"tags":[70],"class_list":["post-110736","post","type-post","status-publish","format-standard","has-post-thumbnail","hentry","category-actualites","category-energie-environnement","category-5facades","category-actualites-5facades","category-publications-planete","category-planete","tag-ite"],"yoast_head":"<!-- This site is optimized with the Yoast SEO plugin v27.4 - https:\/\/yoast.com\/product\/yoast-seo-wordpress\/ -->\n<title>ITE avec des blocs de PSE pr\u00e9fabriqu\u00e9s pour s\u2019adapter au millim\u00e8tre pr\u00e8s aux fa\u00e7ades d\u2019origine<\/title>\n<meta name=\"robots\" content=\"index, follow, max-snippet:-1, max-image-preview:large, max-video-preview:-1\" \/>\n<link rel=\"canonical\" href=\"https:\/\/batijournal.com\/index.php\/ite-avec-des-blocs-de-pse-prefabriques-pour-sadapter-au-millimetre-pres-aux-facades-dorigine\/110736\/\" \/>\n<meta property=\"og:locale\" content=\"fr_FR\" \/>\n<meta property=\"og:type\" content=\"article\" \/>\n<meta property=\"og:title\" content=\"ITE avec des blocs de PSE pr\u00e9fabriqu\u00e9s pour s\u2019adapter au millim\u00e8tre pr\u00e8s aux fa\u00e7ades d\u2019origine\" \/>\n<meta property=\"og:description\" content=\"Pour la r\u00e9novation \u00e9nerg\u00e9tique du coll\u00e8ge de Mutzig, en Alsace, l\u2019isolation thermique par l\u2019ext\u00e9rieur a \u00e9t\u00e9 r\u00e9alis\u00e9e avec des blocs de PSE pr\u00e9fabriqu\u00e9s en usine pour s\u2019adapter au millim\u00e8tre pr\u00e8s aux fa\u00e7ades d\u2019origine. Choisie pour piloter cette r\u00e9novation, l\u2019agence d\u2019architecture Atelier G5 a d\u00e9fini un programme de travaux concernant tous les \u00e9l\u00e9ments de l\u2019enveloppe : [&hellip;]\" \/>\n<meta property=\"og:url\" content=\"https:\/\/batijournal.com\/index.php\/ite-avec-des-blocs-de-pse-prefabriques-pour-sadapter-au-millimetre-pres-aux-facades-dorigine\/110736\/\" \/>\n<meta property=\"og:site_name\" content=\"Batijournal\" \/>\n<meta property=\"article:published_time\" content=\"2024-06-11T11:55:16+00:00\" \/>\n<meta property=\"og:image\" content=\"https:\/\/batijournal.com\/wp-content\/uploads\/2024\/06\/Mutzig-2024-Levaillant.jpg\" \/>\n\t<meta property=\"og:image:width\" content=\"1000\" \/>\n\t<meta property=\"og:image:height\" content=\"750\" \/>\n\t<meta property=\"og:image:type\" content=\"image\/jpeg\" \/>\n<meta name=\"author\" content=\"St\u00e9phane Miget\" \/>\n<meta name=\"twitter:card\" content=\"summary_large_image\" \/>\n<meta name=\"twitter:creator\" content=\"@bati_journal\" \/>\n<meta name=\"twitter:site\" content=\"@bati_journal\" \/>\n<meta name=\"twitter:label1\" content=\"\u00c9crit par\" \/>\n\t<meta name=\"twitter:data1\" content=\"St\u00e9phane Miget\" \/>\n\t<meta name=\"twitter:label2\" content=\"Dur\u00e9e de lecture estim\u00e9e\" \/>\n\t<meta name=\"twitter:data2\" content=\"2 minutes\" \/>\n<script type=\"application\/ld+json\" class=\"yoast-schema-graph\">{\"@context\":\"https:\\\/\\\/schema.org\",\"@graph\":[{\"@type\":\"Article\",\"@id\":\"https:\\\/\\\/batijournal.com\\\/index.php\\\/ite-avec-des-blocs-de-pse-prefabriques-pour-sadapter-au-millimetre-pres-aux-facades-dorigine\\\/110736\\\/#article\",\"isPartOf\":{\"@id\":\"https:\\\/\\\/batijournal.com\\\/index.php\\\/ite-avec-des-blocs-de-pse-prefabriques-pour-sadapter-au-millimetre-pres-aux-facades-dorigine\\\/110736\\\/\"},\"author\":{\"name\":\"St\u00e9phane Miget\",\"@id\":\"https:\\\/\\\/batijournal.com\\\/#\\\/schema\\\/person\\\/1dc96ec6957aa1ccb25ebe78bb19f100\"},\"headline\":\"ITE avec des blocs de PSE pr\u00e9fabriqu\u00e9s pour s\u2019adapter au millim\u00e8tre pr\u00e8s aux fa\u00e7ades d\u2019origine\",\"datePublished\":\"2024-06-11T11:55:16+00:00\",\"mainEntityOfPage\":{\"@id\":\"https:\\\/\\\/batijournal.com\\\/index.php\\\/ite-avec-des-blocs-de-pse-prefabriques-pour-sadapter-au-millimetre-pres-aux-facades-dorigine\\\/110736\\\/\"},\"wordCount\":322,\"image\":{\"@id\":\"https:\\\/\\\/batijournal.com\\\/index.php\\\/ite-avec-des-blocs-de-pse-prefabriques-pour-sadapter-au-millimetre-pres-aux-facades-dorigine\\\/110736\\\/#primaryimage\"},\"thumbnailUrl\":\"https:\\\/\\\/batijournal.com\\\/wp-content\\\/uploads\\\/2024\\\/06\\\/Mutzig-2024-Levaillant.jpg\",\"keywords\":[\"ITE\"],\"articleSection\":[\"Actualit\u00e9s\",\"\u00c9nergie &amp; Environnement\",\"zz_5fa\u00e7ades\",\"zz_Actualit\u00e9s - 5fa\u00e7ades\",\"zz_Actualit\u00e9s - Plan\u00e8te\",\"zz_Plan\u00e8te B\u00e2timent\"],\"inLanguage\":\"fr-FR\"},{\"@type\":\"WebPage\",\"@id\":\"https:\\\/\\\/batijournal.com\\\/index.php\\\/ite-avec-des-blocs-de-pse-prefabriques-pour-sadapter-au-millimetre-pres-aux-facades-dorigine\\\/110736\\\/\",\"url\":\"https:\\\/\\\/batijournal.com\\\/index.php\\\/ite-avec-des-blocs-de-pse-prefabriques-pour-sadapter-au-millimetre-pres-aux-facades-dorigine\\\/110736\\\/\",\"name\":\"ITE avec des blocs de PSE pr\u00e9fabriqu\u00e9s pour s\u2019adapter au millim\u00e8tre pr\u00e8s aux fa\u00e7ades d\u2019origine\",\"isPartOf\":{\"@id\":\"https:\\\/\\\/batijournal.com\\\/#website\"},\"primaryImageOfPage\":{\"@id\":\"https:\\\/\\\/batijournal.com\\\/index.php\\\/ite-avec-des-blocs-de-pse-prefabriques-pour-sadapter-au-millimetre-pres-aux-facades-dorigine\\\/110736\\\/#primaryimage\"},\"image\":{\"@id\":\"https:\\\/\\\/batijournal.com\\\/index.php\\\/ite-avec-des-blocs-de-pse-prefabriques-pour-sadapter-au-millimetre-pres-aux-facades-dorigine\\\/110736\\\/#primaryimage\"},\"thumbnailUrl\":\"https:\\\/\\\/batijournal.com\\\/wp-content\\\/uploads\\\/2024\\\/06\\\/Mutzig-2024-Levaillant.jpg\",\"datePublished\":\"2024-06-11T11:55:16+00:00\",\"author\":{\"@id\":\"https:\\\/\\\/batijournal.com\\\/#\\\/schema\\\/person\\\/1dc96ec6957aa1ccb25ebe78bb19f100\"},\"breadcrumb\":{\"@id\":\"https:\\\/\\\/batijournal.com\\\/index.php\\\/ite-avec-des-blocs-de-pse-prefabriques-pour-sadapter-au-millimetre-pres-aux-facades-dorigine\\\/110736\\\/#breadcrumb\"},\"inLanguage\":\"fr-FR\",\"potentialAction\":[{\"@type\":\"ReadAction\",\"target\":[\"https:\\\/\\\/batijournal.com\\\/index.php\\\/ite-avec-des-blocs-de-pse-prefabriques-pour-sadapter-au-millimetre-pres-aux-facades-dorigine\\\/110736\\\/\"]}]},{\"@type\":\"ImageObject\",\"inLanguage\":\"fr-FR\",\"@id\":\"https:\\\/\\\/batijournal.com\\\/index.php\\\/ite-avec-des-blocs-de-pse-prefabriques-pour-sadapter-au-millimetre-pres-aux-facades-dorigine\\\/110736\\\/#primaryimage\",\"url\":\"https:\\\/\\\/batijournal.com\\\/wp-content\\\/uploads\\\/2024\\\/06\\\/Mutzig-2024-Levaillant.jpg\",\"contentUrl\":\"https:\\\/\\\/batijournal.com\\\/wp-content\\\/uploads\\\/2024\\\/06\\\/Mutzig-2024-Levaillant.jpg\",\"width\":1000,\"height\":750},{\"@type\":\"BreadcrumbList\",\"@id\":\"https:\\\/\\\/batijournal.com\\\/index.php\\\/ite-avec-des-blocs-de-pse-prefabriques-pour-sadapter-au-millimetre-pres-aux-facades-dorigine\\\/110736\\\/#breadcrumb\",\"itemListElement\":[{\"@type\":\"ListItem\",\"position\":1,\"name\":\"Accueil\",\"item\":\"https:\\\/\\\/batijournal.com\\\/\"},{\"@type\":\"ListItem\",\"position\":2,\"name\":\"Actualit\u00e9s\",\"item\":\"https:\\\/\\\/batijournal.com\\\/index.php\\\/category\\\/actualites\\\/\"},{\"@type\":\"ListItem\",\"position\":3,\"name\":\"ITE avec des blocs de PSE pr\u00e9fabriqu\u00e9s pour s\u2019adapter au millim\u00e8tre pr\u00e8s aux fa\u00e7ades d\u2019origine\"}]},{\"@type\":\"WebSite\",\"@id\":\"https:\\\/\\\/batijournal.com\\\/#website\",\"url\":\"https:\\\/\\\/batijournal.com\\\/\",\"name\":\"Batijournal\",\"description\":\"L&#039;actualit\u00e9 du b\u00e2timent\",\"potentialAction\":[{\"@type\":\"SearchAction\",\"target\":{\"@type\":\"EntryPoint\",\"urlTemplate\":\"https:\\\/\\\/batijournal.com\\\/?s={search_term_string}\"},\"query-input\":{\"@type\":\"PropertyValueSpecification\",\"valueRequired\":true,\"valueName\":\"search_term_string\"}}],\"inLanguage\":\"fr-FR\"},{\"@type\":\"Person\",\"@id\":\"https:\\\/\\\/batijournal.com\\\/#\\\/schema\\\/person\\\/1dc96ec6957aa1ccb25ebe78bb19f100\",\"name\":\"St\u00e9phane Miget\",\"image\":{\"@type\":\"ImageObject\",\"inLanguage\":\"fr-FR\",\"@id\":\"https:\\\/\\\/secure.gravatar.com\\\/avatar\\\/89915563d925342126b8ef0281b93d9d7fc337043e8df017f780908eb9644451?s=96&d=mm&r=g\",\"url\":\"https:\\\/\\\/secure.gravatar.com\\\/avatar\\\/89915563d925342126b8ef0281b93d9d7fc337043e8df017f780908eb9644451?s=96&d=mm&r=g\",\"contentUrl\":\"https:\\\/\\\/secure.gravatar.com\\\/avatar\\\/89915563d925342126b8ef0281b93d9d7fc337043e8df017f780908eb9644451?s=96&d=mm&r=g\",\"caption\":\"St\u00e9phane Miget\"},\"url\":\"https:\\\/\\\/batijournal.com\\\/index.php\\\/author\\\/stephane\\\/\"}]}<\/script>\n<!-- \/ Yoast SEO plugin. -->","yoast_head_json":{"title":"ITE avec des blocs de PSE pr\u00e9fabriqu\u00e9s pour s\u2019adapter au millim\u00e8tre pr\u00e8s aux fa\u00e7ades d\u2019origine","robots":{"index":"index","follow":"follow","max-snippet":"max-snippet:-1","max-image-preview":"max-image-preview:large","max-video-preview":"max-video-preview:-1"},"canonical":"https:\/\/batijournal.com\/index.php\/ite-avec-des-blocs-de-pse-prefabriques-pour-sadapter-au-millimetre-pres-aux-facades-dorigine\/110736\/","og_locale":"fr_FR","og_type":"article","og_title":"ITE avec des blocs de PSE pr\u00e9fabriqu\u00e9s pour s\u2019adapter au millim\u00e8tre pr\u00e8s aux fa\u00e7ades d\u2019origine","og_description":"Pour la r\u00e9novation \u00e9nerg\u00e9tique du coll\u00e8ge de Mutzig, en Alsace, l\u2019isolation thermique par l\u2019ext\u00e9rieur a \u00e9t\u00e9 r\u00e9alis\u00e9e avec des blocs de PSE pr\u00e9fabriqu\u00e9s en usine pour s\u2019adapter au millim\u00e8tre pr\u00e8s aux fa\u00e7ades d\u2019origine. Choisie pour piloter cette r\u00e9novation, l\u2019agence d\u2019architecture Atelier G5 a d\u00e9fini un programme de travaux concernant tous les \u00e9l\u00e9ments de l\u2019enveloppe : [&hellip;]","og_url":"https:\/\/batijournal.com\/index.php\/ite-avec-des-blocs-de-pse-prefabriques-pour-sadapter-au-millimetre-pres-aux-facades-dorigine\/110736\/","og_site_name":"Batijournal","article_published_time":"2024-06-11T11:55:16+00:00","og_image":[{"width":1000,"height":750,"url":"https:\/\/batijournal.com\/wp-content\/uploads\/2024\/06\/Mutzig-2024-Levaillant.jpg","type":"image\/jpeg"}],"author":"St\u00e9phane Miget","twitter_card":"summary_large_image","twitter_creator":"@bati_journal","twitter_site":"@bati_journal","twitter_misc":{"\u00c9crit par":"St\u00e9phane Miget","Dur\u00e9e de lecture estim\u00e9e":"2 minutes"},"schema":{"@context":"https:\/\/schema.org","@graph":[{"@type":"Article","@id":"https:\/\/batijournal.com\/index.php\/ite-avec-des-blocs-de-pse-prefabriques-pour-sadapter-au-millimetre-pres-aux-facades-dorigine\/110736\/#article","isPartOf":{"@id":"https:\/\/batijournal.com\/index.php\/ite-avec-des-blocs-de-pse-prefabriques-pour-sadapter-au-millimetre-pres-aux-facades-dorigine\/110736\/"},"author":{"name":"St\u00e9phane Miget","@id":"https:\/\/batijournal.com\/#\/schema\/person\/1dc96ec6957aa1ccb25ebe78bb19f100"},"headline":"ITE avec des blocs de PSE pr\u00e9fabriqu\u00e9s pour s\u2019adapter au millim\u00e8tre pr\u00e8s aux fa\u00e7ades d\u2019origine","datePublished":"2024-06-11T11:55:16+00:00","mainEntityOfPage":{"@id":"https:\/\/batijournal.com\/index.php\/ite-avec-des-blocs-de-pse-prefabriques-pour-sadapter-au-millimetre-pres-aux-facades-dorigine\/110736\/"},"wordCount":322,"image":{"@id":"https:\/\/batijournal.com\/index.php\/ite-avec-des-blocs-de-pse-prefabriques-pour-sadapter-au-millimetre-pres-aux-facades-dorigine\/110736\/#primaryimage"},"thumbnailUrl":"https:\/\/batijournal.com\/wp-content\/uploads\/2024\/06\/Mutzig-2024-Levaillant.jpg","keywords":["ITE"],"articleSection":["Actualit\u00e9s","\u00c9nergie &amp; Environnement","zz_5fa\u00e7ades","zz_Actualit\u00e9s - 5fa\u00e7ades","zz_Actualit\u00e9s - Plan\u00e8te","zz_Plan\u00e8te B\u00e2timent"],"inLanguage":"fr-FR"},{"@type":"WebPage","@id":"https:\/\/batijournal.com\/index.php\/ite-avec-des-blocs-de-pse-prefabriques-pour-sadapter-au-millimetre-pres-aux-facades-dorigine\/110736\/","url":"https:\/\/batijournal.com\/index.php\/ite-avec-des-blocs-de-pse-prefabriques-pour-sadapter-au-millimetre-pres-aux-facades-dorigine\/110736\/","name":"ITE avec des blocs de PSE pr\u00e9fabriqu\u00e9s pour s\u2019adapter au millim\u00e8tre pr\u00e8s aux fa\u00e7ades d\u2019origine","isPartOf":{"@id":"https:\/\/batijournal.com\/#website"},"primaryImageOfPage":{"@id":"https:\/\/batijournal.com\/index.php\/ite-avec-des-blocs-de-pse-prefabriques-pour-sadapter-au-millimetre-pres-aux-facades-dorigine\/110736\/#primaryimage"},"image":{"@id":"https:\/\/batijournal.com\/index.php\/ite-avec-des-blocs-de-pse-prefabriques-pour-sadapter-au-millimetre-pres-aux-facades-dorigine\/110736\/#primaryimage"},"thumbnailUrl":"https:\/\/batijournal.com\/wp-content\/uploads\/2024\/06\/Mutzig-2024-Levaillant.jpg","datePublished":"2024-06-11T11:55:16+00:00","author":{"@id":"https:\/\/batijournal.com\/#\/schema\/person\/1dc96ec6957aa1ccb25ebe78bb19f100"},"breadcrumb":{"@id":"https:\/\/batijournal.com\/index.php\/ite-avec-des-blocs-de-pse-prefabriques-pour-sadapter-au-millimetre-pres-aux-facades-dorigine\/110736\/#breadcrumb"},"inLanguage":"fr-FR","potentialAction":[{"@type":"ReadAction","target":["https:\/\/batijournal.com\/index.php\/ite-avec-des-blocs-de-pse-prefabriques-pour-sadapter-au-millimetre-pres-aux-facades-dorigine\/110736\/"]}]},{"@type":"ImageObject","inLanguage":"fr-FR","@id":"https:\/\/batijournal.com\/index.php\/ite-avec-des-blocs-de-pse-prefabriques-pour-sadapter-au-millimetre-pres-aux-facades-dorigine\/110736\/#primaryimage","url":"https:\/\/batijournal.com\/wp-content\/uploads\/2024\/06\/Mutzig-2024-Levaillant.jpg","contentUrl":"https:\/\/batijournal.com\/wp-content\/uploads\/2024\/06\/Mutzig-2024-Levaillant.jpg","width":1000,"height":750},{"@type":"BreadcrumbList","@id":"https:\/\/batijournal.com\/index.php\/ite-avec-des-blocs-de-pse-prefabriques-pour-sadapter-au-millimetre-pres-aux-facades-dorigine\/110736\/#breadcrumb","itemListElement":[{"@type":"ListItem","position":1,"name":"Accueil","item":"https:\/\/batijournal.com\/"},{"@type":"ListItem","position":2,"name":"Actualit\u00e9s","item":"https:\/\/batijournal.com\/index.php\/category\/actualites\/"},{"@type":"ListItem","position":3,"name":"ITE avec des blocs de PSE pr\u00e9fabriqu\u00e9s pour s\u2019adapter au millim\u00e8tre pr\u00e8s aux fa\u00e7ades d\u2019origine"}]},{"@type":"WebSite","@id":"https:\/\/batijournal.com\/#website","url":"https:\/\/batijournal.com\/","name":"Batijournal","description":"L&#039;actualit\u00e9 du b\u00e2timent","potentialAction":[{"@type":"SearchAction","target":{"@type":"EntryPoint","urlTemplate":"https:\/\/batijournal.com\/?s={search_term_string}"},"query-input":{"@type":"PropertyValueSpecification","valueRequired":true,"valueName":"search_term_string"}}],"inLanguage":"fr-FR"},{"@type":"Person","@id":"https:\/\/batijournal.com\/#\/schema\/person\/1dc96ec6957aa1ccb25ebe78bb19f100","name":"St\u00e9phane Miget","image":{"@type":"ImageObject","inLanguage":"fr-FR","@id":"https:\/\/secure.gravatar.com\/avatar\/89915563d925342126b8ef0281b93d9d7fc337043e8df017f780908eb9644451?s=96&d=mm&r=g","url":"https:\/\/secure.gravatar.com\/avatar\/89915563d925342126b8ef0281b93d9d7fc337043e8df017f780908eb9644451?s=96&d=mm&r=g","contentUrl":"https:\/\/secure.gravatar.com\/avatar\/89915563d925342126b8ef0281b93d9d7fc337043e8df017f780908eb9644451?s=96&d=mm&r=g","caption":"St\u00e9phane Miget"},"url":"https:\/\/batijournal.com\/index.php\/author\/stephane\/"}]}},"_links":{"self":[{"href":"https:\/\/batijournal.com\/index.php\/wp-json\/wp\/v2\/posts\/110736","targetHints":{"allow":["GET"]}}],"collection":[{"href":"https:\/\/batijournal.com\/index.php\/wp-json\/wp\/v2\/posts"}],"about":[{"href":"https:\/\/batijournal.com\/index.php\/wp-json\/wp\/v2\/types\/post"}],"author":[{"embeddable":true,"href":"https:\/\/batijournal.com\/index.php\/wp-json\/wp\/v2\/users\/17"}],"replies":[{"embeddable":true,"href":"https:\/\/batijournal.com\/index.php\/wp-json\/wp\/v2\/comments?post=110736"}],"version-history":[{"count":0,"href":"https:\/\/batijournal.com\/index.php\/wp-json\/wp\/v2\/posts\/110736\/revisions"}],"wp:featuredmedia":[{"embeddable":true,"href":"https:\/\/batijournal.com\/index.php\/wp-json\/wp\/v2\/media\/110738"}],"wp:attachment":[{"href":"https:\/\/batijournal.com\/index.php\/wp-json\/wp\/v2\/media?parent=110736"}],"wp:term":[{"taxonomy":"category","embeddable":true,"href":"https:\/\/batijournal.com\/index.php\/wp-json\/wp\/v2\/categories?post=110736"},{"taxonomy":"post_tag","embeddable":true,"href":"https:\/\/batijournal.com\/index.php\/wp-json\/wp\/v2\/tags?post=110736"}],"curies":[{"name":"wp","href":"https:\/\/api.w.org\/{rel}","templated":true}]}}