{"id":110835,"date":"2024-08-30T15:30:36","date_gmt":"2024-08-30T13:30:36","guid":{"rendered":"https:\/\/batijournal.com\/?p=110835"},"modified":"2024-08-30T15:30:36","modified_gmt":"2024-08-30T13:30:36","slug":"architectwork-paris-2024","status":"publish","type":"post","link":"https:\/\/batijournal.com\/index.php\/architectwork-paris-2024\/110835\/","title":{"rendered":"Architect@work Paris 2024"},"content":{"rendered":"<div class=\"flex max-w-full flex-col flex-grow\">\n<div class=\"min-h-[20px] text-message flex w-full flex-col items-end gap-2 break-words [.text-message+&amp;]:mt-5 overflow-x-auto whitespace-normal\" dir=\"auto\" data-message-author-role=\"assistant\" data-message-id=\"2f9d0fa9-806f-41cf-889a-c001c19cdb4d\">\n<div class=\"flex w-full flex-col gap-1 empty:hidden first:pt-[3px]\">\n<div class=\"markdown prose w-full break-words dark:prose-invert dark\">\n<p>ARCHITECT@WORK Paris ouvrira ses portes les mercredi 23 et jeudi 24 octobre 2024. Cet \u00e9v\u00e9nement, r\u00e9serv\u00e9 aux architectes et prescripteurs, proposera plus de 800 nouveaux produits innovants, pr\u00e9sent\u00e9s par 256 industriels. Les visiteurs pourront \u00e9galement profiter d\u2019un programme riche d\u2019interventions et d\u2019expositions ax\u00e9es sur l\u2019architecture.<\/p>\n<h5><strong>Un Concept Exclusif et Innovant<\/strong><\/h5>\n<p>ARCHITECT@WORK se distingue par son concept haut de gamme, exclusivement destin\u00e9 aux architectes et architectes d\u2019int\u00e9rieur. La sc\u00e9nographie originale conf\u00e8re \u00e0 l\u2019\u00e9v\u00e9nement une atmosph\u00e8re feutr\u00e9e et raffin\u00e9e. Un comit\u00e9 de s\u00e9lection rigoureux garantit que seuls les produits les plus innovants sont expos\u00e9s, assurant une exp\u00e9rience enrichissante pour les visiteurs. L\u2019\u00e9dition 2024 mettra l\u2019accent sur les solutions architecturales visant \u00e0 r\u00e9duire l\u2019impact environnemental de la construction.<\/p>\n<h5><strong>Exposition Mat\u00e9riaux : Climatera \u2013 Innover pour Pr\u00e9server<\/strong><\/h5>\n<p>L\u2019exposition \u00ab Climatera \u00bb pr\u00e9sentera des projets et solutions ax\u00e9s sur l\u2019att\u00e9nuation et l\u2019adaptation face au changement climatique. Organis\u00e9e par le Centre de Ressources INNOVATHEQUE, cette exposition soulignera comment des choix d\u2019am\u00e9nagement r\u00e9fl\u00e9chis peuvent contribuer \u00e0 des pratiques durables et pr\u00e9server la sant\u00e9 de notre plan\u00e8te.<\/p>\n<h5><strong>Expositions Photographiques : Regards sur l\u2019Architecture<\/strong><\/h5>\n<p>Deux expositions photographiques marqueront l\u2019\u00e9v\u00e9nement. \u00ab Regard sur 10 ans d\u2019architecture par Gilles Alonso \u00bb mettra en lumi\u00e8re une d\u00e9cennie de r\u00e9alisations architecturales, tandis que \u00ab Regards sur la maison contemporaine \u00bb offrira une r\u00e9flexion sur l\u2019int\u00e9gration harmonieuse des maisons modernes dans leur environnement, avec un focus sur les mat\u00e9riaux et les enjeux \u00e9nerg\u00e9tiques.<\/p>\n<h5><strong>Programme d\u2019Interventions<\/strong><\/h5>\n<p>Un programme de conf\u00e9rences animera ces journ\u00e9es, avec des interventions de figures \u00e9minentes de l\u2019architecture telles que Olivier Camus et Lyd\u00e9ric Veauvy de TANK, B\u00e9reng\u00e8re Tabutin de BBonus, et bien d\u2019autres. La traditionnelle Carte Blanche Archinov, cette ann\u00e9e confi\u00e9e \u00e0 Amelia Tavella, promet \u00e9galement des \u00e9changes passionnants.<\/p>\n<h5><strong>Remise des Prix des Maisons \u00c0 Vivre<\/strong><\/h5>\n<p>Les Journ\u00e9es Architectures \u00c0 Vivre, organis\u00e9es par le magazine Architectures \u00c0 Vivre, c\u00e9l\u00e8brent depuis plus de 20 ans les rencontres entre le public et les architectes. Les Prix des Maisons \u00c0 Vivre r\u00e9compenseront les r\u00e9alisations architecturales les plus marquantes inscrites \u00e0 ces journ\u00e9es.<\/p>\n<h5><strong>Art et Architecture : ART by Conrad Willems<\/strong><\/h5>\n<p>Enfin, ARCHITECT@WORK 2024 mettra en avant les \u0153uvres de Conrad Willems, sculpteur belge dont le travail se caract\u00e9rise par la g\u00e9om\u00e9trie et la modularit\u00e9. Son art, expos\u00e9 internationalement, offrira aux visiteurs une exp\u00e9rience visuelle unique \u00e0 la crois\u00e9e de l\u2019art et de l\u2019architecture.<\/p>\n<\/div>\n<p>Plus d&rsquo;information sur le site d&rsquo;<a href=\"https:\/\/www.architectatwork.com\/\">architect@work<\/a><\/p>\n<\/div>\n<\/div>\n<\/div>\n","protected":false},"excerpt":{"rendered":"<p>ARCHITECT@WORK Paris ouvrira ses portes les mercredi 23 et jeudi 24 octobre 2024. Cet \u00e9v\u00e9nement, r\u00e9serv\u00e9 aux architectes et prescripteurs, proposera plus de 800 nouveaux produits innovants, pr\u00e9sent\u00e9s par 256 industriels. Les visiteurs pourront \u00e9galement profiter d\u2019un programme riche d\u2019interventions et d\u2019expositions ax\u00e9es sur l\u2019architecture. Un Concept Exclusif et Innovant ARCHITECT@WORK se distingue par son [&hellip;]<\/p>\n","protected":false},"author":17,"featured_media":110836,"comment_status":"closed","ping_status":"closed","sticky":false,"template":"","format":"standard","meta":{"_et_pb_use_builder":"","_et_pb_old_content":"","_et_gb_content_width":"","footnotes":""},"categories":[10736],"tags":[13124,386],"class_list":["post-110835","post","type-post","status-publish","format-standard","has-post-thumbnail","hentry","category-a-la-une","tag-architectwork","tag-salon"],"yoast_head":"<!-- This site is optimized with the Yoast SEO plugin v27.4 - https:\/\/yoast.com\/product\/yoast-seo-wordpress\/ -->\n<title>Architect@work Paris 2024<\/title>\n<meta name=\"robots\" content=\"index, follow, max-snippet:-1, max-image-preview:large, max-video-preview:-1\" \/>\n<link rel=\"canonical\" href=\"https:\/\/batijournal.com\/index.php\/architectwork-paris-2024\/110835\/\" \/>\n<meta property=\"og:locale\" content=\"fr_FR\" \/>\n<meta property=\"og:type\" content=\"article\" \/>\n<meta property=\"og:title\" content=\"Architect@work Paris 2024\" \/>\n<meta property=\"og:description\" content=\"ARCHITECT@WORK Paris ouvrira ses portes les mercredi 23 et jeudi 24 octobre 2024. Cet \u00e9v\u00e9nement, r\u00e9serv\u00e9 aux architectes et prescripteurs, proposera plus de 800 nouveaux produits innovants, pr\u00e9sent\u00e9s par 256 industriels. Les visiteurs pourront \u00e9galement profiter d\u2019un programme riche d\u2019interventions et d\u2019expositions ax\u00e9es sur l\u2019architecture. Un Concept Exclusif et Innovant ARCHITECT@WORK se distingue par son [&hellip;]\" \/>\n<meta property=\"og:url\" content=\"https:\/\/batijournal.com\/index.php\/architectwork-paris-2024\/110835\/\" \/>\n<meta property=\"og:site_name\" content=\"Batijournal\" \/>\n<meta property=\"article:published_time\" content=\"2024-08-30T13:30:36+00:00\" \/>\n<meta property=\"og:image\" content=\"https:\/\/batijournal.com\/wp-content\/uploads\/2024\/08\/Architect_at_work_2024_Nikon_D850-05062024-444-Web.jpg\" \/>\n\t<meta property=\"og:image:width\" content=\"1920\" \/>\n\t<meta property=\"og:image:height\" content=\"1282\" \/>\n\t<meta property=\"og:image:type\" content=\"image\/jpeg\" \/>\n<meta name=\"author\" content=\"St\u00e9phane Miget\" \/>\n<meta name=\"twitter:card\" content=\"summary_large_image\" \/>\n<meta name=\"twitter:creator\" content=\"@bati_journal\" \/>\n<meta name=\"twitter:site\" content=\"@bati_journal\" \/>\n<meta name=\"twitter:label1\" content=\"\u00c9crit par\" \/>\n\t<meta name=\"twitter:data1\" content=\"St\u00e9phane Miget\" \/>\n\t<meta name=\"twitter:label2\" content=\"Dur\u00e9e de lecture estim\u00e9e\" \/>\n\t<meta name=\"twitter:data2\" content=\"2 minutes\" \/>\n<script type=\"application\/ld+json\" class=\"yoast-schema-graph\">{\"@context\":\"https:\\\/\\\/schema.org\",\"@graph\":[{\"@type\":\"Article\",\"@id\":\"https:\\\/\\\/batijournal.com\\\/index.php\\\/architectwork-paris-2024\\\/110835\\\/#article\",\"isPartOf\":{\"@id\":\"https:\\\/\\\/batijournal.com\\\/index.php\\\/architectwork-paris-2024\\\/110835\\\/\"},\"author\":{\"name\":\"St\u00e9phane Miget\",\"@id\":\"https:\\\/\\\/batijournal.com\\\/#\\\/schema\\\/person\\\/1dc96ec6957aa1ccb25ebe78bb19f100\"},\"headline\":\"Architect@work Paris 2024\",\"datePublished\":\"2024-08-30T13:30:36+00:00\",\"mainEntityOfPage\":{\"@id\":\"https:\\\/\\\/batijournal.com\\\/index.php\\\/architectwork-paris-2024\\\/110835\\\/\"},\"wordCount\":441,\"image\":{\"@id\":\"https:\\\/\\\/batijournal.com\\\/index.php\\\/architectwork-paris-2024\\\/110835\\\/#primaryimage\"},\"thumbnailUrl\":\"https:\\\/\\\/batijournal.com\\\/wp-content\\\/uploads\\\/2024\\\/08\\\/Architect_at_work_2024_Nikon_D850-05062024-444-Web.jpg\",\"keywords\":[\"architect@work\",\"salon\"],\"articleSection\":[\"A la Une\"],\"inLanguage\":\"fr-FR\"},{\"@type\":\"WebPage\",\"@id\":\"https:\\\/\\\/batijournal.com\\\/index.php\\\/architectwork-paris-2024\\\/110835\\\/\",\"url\":\"https:\\\/\\\/batijournal.com\\\/index.php\\\/architectwork-paris-2024\\\/110835\\\/\",\"name\":\"Architect@work Paris 2024\",\"isPartOf\":{\"@id\":\"https:\\\/\\\/batijournal.com\\\/#website\"},\"primaryImageOfPage\":{\"@id\":\"https:\\\/\\\/batijournal.com\\\/index.php\\\/architectwork-paris-2024\\\/110835\\\/#primaryimage\"},\"image\":{\"@id\":\"https:\\\/\\\/batijournal.com\\\/index.php\\\/architectwork-paris-2024\\\/110835\\\/#primaryimage\"},\"thumbnailUrl\":\"https:\\\/\\\/batijournal.com\\\/wp-content\\\/uploads\\\/2024\\\/08\\\/Architect_at_work_2024_Nikon_D850-05062024-444-Web.jpg\",\"datePublished\":\"2024-08-30T13:30:36+00:00\",\"author\":{\"@id\":\"https:\\\/\\\/batijournal.com\\\/#\\\/schema\\\/person\\\/1dc96ec6957aa1ccb25ebe78bb19f100\"},\"breadcrumb\":{\"@id\":\"https:\\\/\\\/batijournal.com\\\/index.php\\\/architectwork-paris-2024\\\/110835\\\/#breadcrumb\"},\"inLanguage\":\"fr-FR\",\"potentialAction\":[{\"@type\":\"ReadAction\",\"target\":[\"https:\\\/\\\/batijournal.com\\\/index.php\\\/architectwork-paris-2024\\\/110835\\\/\"]}]},{\"@type\":\"ImageObject\",\"inLanguage\":\"fr-FR\",\"@id\":\"https:\\\/\\\/batijournal.com\\\/index.php\\\/architectwork-paris-2024\\\/110835\\\/#primaryimage\",\"url\":\"https:\\\/\\\/batijournal.com\\\/wp-content\\\/uploads\\\/2024\\\/08\\\/Architect_at_work_2024_Nikon_D850-05062024-444-Web.jpg\",\"contentUrl\":\"https:\\\/\\\/batijournal.com\\\/wp-content\\\/uploads\\\/2024\\\/08\\\/Architect_at_work_2024_Nikon_D850-05062024-444-Web.jpg\",\"width\":1920,\"height\":1282},{\"@type\":\"BreadcrumbList\",\"@id\":\"https:\\\/\\\/batijournal.com\\\/index.php\\\/architectwork-paris-2024\\\/110835\\\/#breadcrumb\",\"itemListElement\":[{\"@type\":\"ListItem\",\"position\":1,\"name\":\"Accueil\",\"item\":\"https:\\\/\\\/batijournal.com\\\/\"},{\"@type\":\"ListItem\",\"position\":2,\"name\":\"A la Une\",\"item\":\"https:\\\/\\\/batijournal.com\\\/index.php\\\/category\\\/a-la-une\\\/\"},{\"@type\":\"ListItem\",\"position\":3,\"name\":\"Architect@work Paris 2024\"}]},{\"@type\":\"WebSite\",\"@id\":\"https:\\\/\\\/batijournal.com\\\/#website\",\"url\":\"https:\\\/\\\/batijournal.com\\\/\",\"name\":\"Batijournal\",\"description\":\"L&#039;actualit\u00e9 du b\u00e2timent\",\"potentialAction\":[{\"@type\":\"SearchAction\",\"target\":{\"@type\":\"EntryPoint\",\"urlTemplate\":\"https:\\\/\\\/batijournal.com\\\/?s={search_term_string}\"},\"query-input\":{\"@type\":\"PropertyValueSpecification\",\"valueRequired\":true,\"valueName\":\"search_term_string\"}}],\"inLanguage\":\"fr-FR\"},{\"@type\":\"Person\",\"@id\":\"https:\\\/\\\/batijournal.com\\\/#\\\/schema\\\/person\\\/1dc96ec6957aa1ccb25ebe78bb19f100\",\"name\":\"St\u00e9phane Miget\",\"image\":{\"@type\":\"ImageObject\",\"inLanguage\":\"fr-FR\",\"@id\":\"https:\\\/\\\/secure.gravatar.com\\\/avatar\\\/89915563d925342126b8ef0281b93d9d7fc337043e8df017f780908eb9644451?s=96&d=mm&r=g\",\"url\":\"https:\\\/\\\/secure.gravatar.com\\\/avatar\\\/89915563d925342126b8ef0281b93d9d7fc337043e8df017f780908eb9644451?s=96&d=mm&r=g\",\"contentUrl\":\"https:\\\/\\\/secure.gravatar.com\\\/avatar\\\/89915563d925342126b8ef0281b93d9d7fc337043e8df017f780908eb9644451?s=96&d=mm&r=g\",\"caption\":\"St\u00e9phane Miget\"},\"url\":\"https:\\\/\\\/batijournal.com\\\/index.php\\\/author\\\/stephane\\\/\"}]}<\/script>\n<!-- \/ Yoast SEO plugin. -->","yoast_head_json":{"title":"Architect@work Paris 2024","robots":{"index":"index","follow":"follow","max-snippet":"max-snippet:-1","max-image-preview":"max-image-preview:large","max-video-preview":"max-video-preview:-1"},"canonical":"https:\/\/batijournal.com\/index.php\/architectwork-paris-2024\/110835\/","og_locale":"fr_FR","og_type":"article","og_title":"Architect@work Paris 2024","og_description":"ARCHITECT@WORK Paris ouvrira ses portes les mercredi 23 et jeudi 24 octobre 2024. Cet \u00e9v\u00e9nement, r\u00e9serv\u00e9 aux architectes et prescripteurs, proposera plus de 800 nouveaux produits innovants, pr\u00e9sent\u00e9s par 256 industriels. Les visiteurs pourront \u00e9galement profiter d\u2019un programme riche d\u2019interventions et d\u2019expositions ax\u00e9es sur l\u2019architecture. Un Concept Exclusif et Innovant ARCHITECT@WORK se distingue par son [&hellip;]","og_url":"https:\/\/batijournal.com\/index.php\/architectwork-paris-2024\/110835\/","og_site_name":"Batijournal","article_published_time":"2024-08-30T13:30:36+00:00","og_image":[{"width":1920,"height":1282,"url":"https:\/\/batijournal.com\/wp-content\/uploads\/2024\/08\/Architect_at_work_2024_Nikon_D850-05062024-444-Web.jpg","type":"image\/jpeg"}],"author":"St\u00e9phane Miget","twitter_card":"summary_large_image","twitter_creator":"@bati_journal","twitter_site":"@bati_journal","twitter_misc":{"\u00c9crit par":"St\u00e9phane Miget","Dur\u00e9e de lecture estim\u00e9e":"2 minutes"},"schema":{"@context":"https:\/\/schema.org","@graph":[{"@type":"Article","@id":"https:\/\/batijournal.com\/index.php\/architectwork-paris-2024\/110835\/#article","isPartOf":{"@id":"https:\/\/batijournal.com\/index.php\/architectwork-paris-2024\/110835\/"},"author":{"name":"St\u00e9phane Miget","@id":"https:\/\/batijournal.com\/#\/schema\/person\/1dc96ec6957aa1ccb25ebe78bb19f100"},"headline":"Architect@work Paris 2024","datePublished":"2024-08-30T13:30:36+00:00","mainEntityOfPage":{"@id":"https:\/\/batijournal.com\/index.php\/architectwork-paris-2024\/110835\/"},"wordCount":441,"image":{"@id":"https:\/\/batijournal.com\/index.php\/architectwork-paris-2024\/110835\/#primaryimage"},"thumbnailUrl":"https:\/\/batijournal.com\/wp-content\/uploads\/2024\/08\/Architect_at_work_2024_Nikon_D850-05062024-444-Web.jpg","keywords":["architect@work","salon"],"articleSection":["A la Une"],"inLanguage":"fr-FR"},{"@type":"WebPage","@id":"https:\/\/batijournal.com\/index.php\/architectwork-paris-2024\/110835\/","url":"https:\/\/batijournal.com\/index.php\/architectwork-paris-2024\/110835\/","name":"Architect@work Paris 2024","isPartOf":{"@id":"https:\/\/batijournal.com\/#website"},"primaryImageOfPage":{"@id":"https:\/\/batijournal.com\/index.php\/architectwork-paris-2024\/110835\/#primaryimage"},"image":{"@id":"https:\/\/batijournal.com\/index.php\/architectwork-paris-2024\/110835\/#primaryimage"},"thumbnailUrl":"https:\/\/batijournal.com\/wp-content\/uploads\/2024\/08\/Architect_at_work_2024_Nikon_D850-05062024-444-Web.jpg","datePublished":"2024-08-30T13:30:36+00:00","author":{"@id":"https:\/\/batijournal.com\/#\/schema\/person\/1dc96ec6957aa1ccb25ebe78bb19f100"},"breadcrumb":{"@id":"https:\/\/batijournal.com\/index.php\/architectwork-paris-2024\/110835\/#breadcrumb"},"inLanguage":"fr-FR","potentialAction":[{"@type":"ReadAction","target":["https:\/\/batijournal.com\/index.php\/architectwork-paris-2024\/110835\/"]}]},{"@type":"ImageObject","inLanguage":"fr-FR","@id":"https:\/\/batijournal.com\/index.php\/architectwork-paris-2024\/110835\/#primaryimage","url":"https:\/\/batijournal.com\/wp-content\/uploads\/2024\/08\/Architect_at_work_2024_Nikon_D850-05062024-444-Web.jpg","contentUrl":"https:\/\/batijournal.com\/wp-content\/uploads\/2024\/08\/Architect_at_work_2024_Nikon_D850-05062024-444-Web.jpg","width":1920,"height":1282},{"@type":"BreadcrumbList","@id":"https:\/\/batijournal.com\/index.php\/architectwork-paris-2024\/110835\/#breadcrumb","itemListElement":[{"@type":"ListItem","position":1,"name":"Accueil","item":"https:\/\/batijournal.com\/"},{"@type":"ListItem","position":2,"name":"A la Une","item":"https:\/\/batijournal.com\/index.php\/category\/a-la-une\/"},{"@type":"ListItem","position":3,"name":"Architect@work Paris 2024"}]},{"@type":"WebSite","@id":"https:\/\/batijournal.com\/#website","url":"https:\/\/batijournal.com\/","name":"Batijournal","description":"L&#039;actualit\u00e9 du b\u00e2timent","potentialAction":[{"@type":"SearchAction","target":{"@type":"EntryPoint","urlTemplate":"https:\/\/batijournal.com\/?s={search_term_string}"},"query-input":{"@type":"PropertyValueSpecification","valueRequired":true,"valueName":"search_term_string"}}],"inLanguage":"fr-FR"},{"@type":"Person","@id":"https:\/\/batijournal.com\/#\/schema\/person\/1dc96ec6957aa1ccb25ebe78bb19f100","name":"St\u00e9phane Miget","image":{"@type":"ImageObject","inLanguage":"fr-FR","@id":"https:\/\/secure.gravatar.com\/avatar\/89915563d925342126b8ef0281b93d9d7fc337043e8df017f780908eb9644451?s=96&d=mm&r=g","url":"https:\/\/secure.gravatar.com\/avatar\/89915563d925342126b8ef0281b93d9d7fc337043e8df017f780908eb9644451?s=96&d=mm&r=g","contentUrl":"https:\/\/secure.gravatar.com\/avatar\/89915563d925342126b8ef0281b93d9d7fc337043e8df017f780908eb9644451?s=96&d=mm&r=g","caption":"St\u00e9phane Miget"},"url":"https:\/\/batijournal.com\/index.php\/author\/stephane\/"}]}},"_links":{"self":[{"href":"https:\/\/batijournal.com\/index.php\/wp-json\/wp\/v2\/posts\/110835","targetHints":{"allow":["GET"]}}],"collection":[{"href":"https:\/\/batijournal.com\/index.php\/wp-json\/wp\/v2\/posts"}],"about":[{"href":"https:\/\/batijournal.com\/index.php\/wp-json\/wp\/v2\/types\/post"}],"author":[{"embeddable":true,"href":"https:\/\/batijournal.com\/index.php\/wp-json\/wp\/v2\/users\/17"}],"replies":[{"embeddable":true,"href":"https:\/\/batijournal.com\/index.php\/wp-json\/wp\/v2\/comments?post=110835"}],"version-history":[{"count":0,"href":"https:\/\/batijournal.com\/index.php\/wp-json\/wp\/v2\/posts\/110835\/revisions"}],"wp:featuredmedia":[{"embeddable":true,"href":"https:\/\/batijournal.com\/index.php\/wp-json\/wp\/v2\/media\/110836"}],"wp:attachment":[{"href":"https:\/\/batijournal.com\/index.php\/wp-json\/wp\/v2\/media?parent=110835"}],"wp:term":[{"taxonomy":"category","embeddable":true,"href":"https:\/\/batijournal.com\/index.php\/wp-json\/wp\/v2\/categories?post=110835"},{"taxonomy":"post_tag","embeddable":true,"href":"https:\/\/batijournal.com\/index.php\/wp-json\/wp\/v2\/tags?post=110835"}],"curies":[{"name":"wp","href":"https:\/\/api.w.org\/{rel}","templated":true}]}}