{"id":110853,"date":"2024-09-02T08:13:20","date_gmt":"2024-09-02T06:13:20","guid":{"rendered":"https:\/\/batijournal.com\/?p=110853"},"modified":"2024-09-02T08:13:20","modified_gmt":"2024-09-02T06:13:20","slug":"immobilier-en-ile-de-france-la-baisse-des-ventes-se-prolonge","status":"publish","type":"post","link":"https:\/\/batijournal.com\/index.php\/immobilier-en-ile-de-france-la-baisse-des-ventes-se-prolonge\/110853\/","title":{"rendered":"Immobilier en Ile de France : la baisse des ventes se prolonge"},"content":{"rendered":"<p>Le march\u00e9 n\u2019a pas retrouv\u00e9 de fluidit\u00e9 et reste ancr\u00e9 dans une activit\u00e9 tr\u00e8s faible annonce la Chambre des Notaire de Paris. La baisse des volumes de ventes est devenue chaque mois un peu moins s\u00e9v\u00e8re mais sans que l\u2019on n\u2019entrevoie encore de rebond dans les statistiques. Ces nouvelles baisses interviennent sur un march\u00e9 qui s\u2019est d\u00e9j\u00e0 fortement contract\u00e9 l\u2019an dernier. 23 860 logements anciens ont \u00e9t\u00e9 vendus en Ile-de-France de mars \u00e0 mai 2024, soit 20% de moins qu\u2019\u00e0 la m\u00eame p\u00e9riode il y a un an mais surtout 39% de moins qu\u2019il y a deux ans. De mars \u00e0 mai 2024, les tendances d\u00e9j\u00e0 observ\u00e9es les mois pr\u00e9c\u00e9dents par secteur g\u00e9ographique et par type de bien se sont prolong\u00e9es. Le recul des volumes de ventes reste plus marqu\u00e9 pour les maisons (-23%) que pour les appartements (-19%). Il est toujours un peu plus limit\u00e9 dans la Capitale (-13%) que dans les autres march\u00e9s.<\/p>\n<p>Les incertitudes ouvertes par la dissolution de l\u2019Assembl\u00e9e nationale, la recomposition attendue du paysage politique et de possibles \u00e9volutions r\u00e9glementaires pourraient inciter les m\u00e9nages \u00e0 diff\u00e9rer une nouvelle fois leur achat dans l\u2019attente d\u2019un peu plus de lisibilit\u00e9. Le mouvement de desserrement des contraintes financi\u00e8res pour les m\u00e9nages, amorc\u00e9 au printemps, avec un acc\u00e8s au cr\u00e9dit moins restrictif et une petite \u00e9rosion des taux de cr\u00e9dit \u00e0 l\u2019habitat, doit \u00eatre confirm\u00e9 dans ce nouveau contexte. Les prix restent orient\u00e9s \u00e0 la baisse en un an mais avec une correction qui va en se mod\u00e9rant ces derniers mois et ne permet qu\u2019une am\u00e9lioration tr\u00e8s faible de la solvabilit\u00e9.<\/p>\n<p>&nbsp;<\/p>\n","protected":false},"excerpt":{"rendered":"<p>Le march\u00e9 n\u2019a pas retrouv\u00e9 de fluidit\u00e9 et reste ancr\u00e9 dans une activit\u00e9 tr\u00e8s faible annonce la Chambre des Notaire de Paris. La baisse des volumes de ventes est devenue chaque mois un peu moins s\u00e9v\u00e8re mais sans que l\u2019on n\u2019entrevoie encore de rebond dans les statistiques. Ces nouvelles baisses interviennent sur un march\u00e9 qui [&hellip;]<\/p>\n","protected":false},"author":17,"featured_media":95906,"comment_status":"closed","ping_status":"closed","sticky":false,"template":"","format":"standard","meta":{"_et_pb_use_builder":"","_et_pb_old_content":"","_et_gb_content_width":"","footnotes":""},"categories":[10736,10530,6345],"tags":[1364],"class_list":["post-110853","post","type-post","status-publish","format-standard","has-post-thumbnail","hentry","category-a-la-une","category-actualites","category-economie-marches","tag-immobilier"],"yoast_head":"<!-- This site is optimized with the Yoast SEO plugin v27.4 - https:\/\/yoast.com\/product\/yoast-seo-wordpress\/ -->\n<title>Immobilier en Ile de France : la baisse des ventes se prolonge<\/title>\n<meta name=\"robots\" content=\"index, follow, max-snippet:-1, max-image-preview:large, max-video-preview:-1\" \/>\n<link rel=\"canonical\" href=\"https:\/\/batijournal.com\/index.php\/immobilier-en-ile-de-france-la-baisse-des-ventes-se-prolonge\/110853\/\" \/>\n<meta property=\"og:locale\" content=\"fr_FR\" \/>\n<meta property=\"og:type\" content=\"article\" \/>\n<meta property=\"og:title\" content=\"Immobilier en Ile de France : la baisse des ventes se prolonge\" \/>\n<meta property=\"og:description\" content=\"Le march\u00e9 n\u2019a pas retrouv\u00e9 de fluidit\u00e9 et reste ancr\u00e9 dans une activit\u00e9 tr\u00e8s faible annonce la Chambre des Notaire de Paris. La baisse des volumes de ventes est devenue chaque mois un peu moins s\u00e9v\u00e8re mais sans que l\u2019on n\u2019entrevoie encore de rebond dans les statistiques. Ces nouvelles baisses interviennent sur un march\u00e9 qui [&hellip;]\" \/>\n<meta property=\"og:url\" content=\"https:\/\/batijournal.com\/index.php\/immobilier-en-ile-de-france-la-baisse-des-ventes-se-prolonge\/110853\/\" \/>\n<meta property=\"og:site_name\" content=\"Batijournal\" \/>\n<meta property=\"article:published_time\" content=\"2024-09-02T06:13:20+00:00\" \/>\n<meta property=\"og:image\" content=\"https:\/\/batijournal.com\/wp-content\/uploads\/2017\/05\/Logements-sociaux-et-equipements-sportifs-dans-le-10eme-arrondissement-de-Paris.jpg\" \/>\n\t<meta property=\"og:image:width\" content=\"1200\" \/>\n\t<meta property=\"og:image:height\" content=\"587\" \/>\n\t<meta property=\"og:image:type\" content=\"image\/jpeg\" \/>\n<meta name=\"author\" content=\"St\u00e9phane Miget\" \/>\n<meta name=\"twitter:card\" content=\"summary_large_image\" \/>\n<meta name=\"twitter:creator\" content=\"@bati_journal\" \/>\n<meta name=\"twitter:site\" content=\"@bati_journal\" \/>\n<meta name=\"twitter:label1\" content=\"\u00c9crit par\" \/>\n\t<meta name=\"twitter:data1\" content=\"St\u00e9phane Miget\" \/>\n\t<meta name=\"twitter:label2\" content=\"Dur\u00e9e de lecture estim\u00e9e\" \/>\n\t<meta name=\"twitter:data2\" content=\"1 minute\" \/>\n<script type=\"application\/ld+json\" class=\"yoast-schema-graph\">{\"@context\":\"https:\\\/\\\/schema.org\",\"@graph\":[{\"@type\":\"Article\",\"@id\":\"https:\\\/\\\/batijournal.com\\\/index.php\\\/immobilier-en-ile-de-france-la-baisse-des-ventes-se-prolonge\\\/110853\\\/#article\",\"isPartOf\":{\"@id\":\"https:\\\/\\\/batijournal.com\\\/index.php\\\/immobilier-en-ile-de-france-la-baisse-des-ventes-se-prolonge\\\/110853\\\/\"},\"author\":{\"name\":\"St\u00e9phane Miget\",\"@id\":\"https:\\\/\\\/batijournal.com\\\/#\\\/schema\\\/person\\\/1dc96ec6957aa1ccb25ebe78bb19f100\"},\"headline\":\"Immobilier en Ile de France : la baisse des ventes se prolonge\",\"datePublished\":\"2024-09-02T06:13:20+00:00\",\"mainEntityOfPage\":{\"@id\":\"https:\\\/\\\/batijournal.com\\\/index.php\\\/immobilier-en-ile-de-france-la-baisse-des-ventes-se-prolonge\\\/110853\\\/\"},\"wordCount\":300,\"image\":{\"@id\":\"https:\\\/\\\/batijournal.com\\\/index.php\\\/immobilier-en-ile-de-france-la-baisse-des-ventes-se-prolonge\\\/110853\\\/#primaryimage\"},\"thumbnailUrl\":\"https:\\\/\\\/batijournal.com\\\/wp-content\\\/uploads\\\/2017\\\/05\\\/Logements-sociaux-et-equipements-sportifs-dans-le-10eme-arrondissement-de-Paris.jpg\",\"keywords\":[\"immobilier\"],\"articleSection\":[\"A la Une\",\"Actualit\u00e9s\",\"\u00c9conomie &amp; March\u00e9s\"],\"inLanguage\":\"fr-FR\"},{\"@type\":\"WebPage\",\"@id\":\"https:\\\/\\\/batijournal.com\\\/index.php\\\/immobilier-en-ile-de-france-la-baisse-des-ventes-se-prolonge\\\/110853\\\/\",\"url\":\"https:\\\/\\\/batijournal.com\\\/index.php\\\/immobilier-en-ile-de-france-la-baisse-des-ventes-se-prolonge\\\/110853\\\/\",\"name\":\"Immobilier en Ile de France : la baisse des ventes se prolonge\",\"isPartOf\":{\"@id\":\"https:\\\/\\\/batijournal.com\\\/#website\"},\"primaryImageOfPage\":{\"@id\":\"https:\\\/\\\/batijournal.com\\\/index.php\\\/immobilier-en-ile-de-france-la-baisse-des-ventes-se-prolonge\\\/110853\\\/#primaryimage\"},\"image\":{\"@id\":\"https:\\\/\\\/batijournal.com\\\/index.php\\\/immobilier-en-ile-de-france-la-baisse-des-ventes-se-prolonge\\\/110853\\\/#primaryimage\"},\"thumbnailUrl\":\"https:\\\/\\\/batijournal.com\\\/wp-content\\\/uploads\\\/2017\\\/05\\\/Logements-sociaux-et-equipements-sportifs-dans-le-10eme-arrondissement-de-Paris.jpg\",\"datePublished\":\"2024-09-02T06:13:20+00:00\",\"author\":{\"@id\":\"https:\\\/\\\/batijournal.com\\\/#\\\/schema\\\/person\\\/1dc96ec6957aa1ccb25ebe78bb19f100\"},\"breadcrumb\":{\"@id\":\"https:\\\/\\\/batijournal.com\\\/index.php\\\/immobilier-en-ile-de-france-la-baisse-des-ventes-se-prolonge\\\/110853\\\/#breadcrumb\"},\"inLanguage\":\"fr-FR\",\"potentialAction\":[{\"@type\":\"ReadAction\",\"target\":[\"https:\\\/\\\/batijournal.com\\\/index.php\\\/immobilier-en-ile-de-france-la-baisse-des-ventes-se-prolonge\\\/110853\\\/\"]}]},{\"@type\":\"ImageObject\",\"inLanguage\":\"fr-FR\",\"@id\":\"https:\\\/\\\/batijournal.com\\\/index.php\\\/immobilier-en-ile-de-france-la-baisse-des-ventes-se-prolonge\\\/110853\\\/#primaryimage\",\"url\":\"https:\\\/\\\/batijournal.com\\\/wp-content\\\/uploads\\\/2017\\\/05\\\/Logements-sociaux-et-equipements-sportifs-dans-le-10eme-arrondissement-de-Paris.jpg\",\"contentUrl\":\"https:\\\/\\\/batijournal.com\\\/wp-content\\\/uploads\\\/2017\\\/05\\\/Logements-sociaux-et-equipements-sportifs-dans-le-10eme-arrondissement-de-Paris.jpg\",\"width\":1200,\"height\":587},{\"@type\":\"BreadcrumbList\",\"@id\":\"https:\\\/\\\/batijournal.com\\\/index.php\\\/immobilier-en-ile-de-france-la-baisse-des-ventes-se-prolonge\\\/110853\\\/#breadcrumb\",\"itemListElement\":[{\"@type\":\"ListItem\",\"position\":1,\"name\":\"Accueil\",\"item\":\"https:\\\/\\\/batijournal.com\\\/\"},{\"@type\":\"ListItem\",\"position\":2,\"name\":\"Actualit\u00e9s\",\"item\":\"https:\\\/\\\/batijournal.com\\\/index.php\\\/category\\\/actualites\\\/\"},{\"@type\":\"ListItem\",\"position\":3,\"name\":\"Immobilier en Ile de France : la baisse des ventes se prolonge\"}]},{\"@type\":\"WebSite\",\"@id\":\"https:\\\/\\\/batijournal.com\\\/#website\",\"url\":\"https:\\\/\\\/batijournal.com\\\/\",\"name\":\"Batijournal\",\"description\":\"L&#039;actualit\u00e9 du b\u00e2timent\",\"potentialAction\":[{\"@type\":\"SearchAction\",\"target\":{\"@type\":\"EntryPoint\",\"urlTemplate\":\"https:\\\/\\\/batijournal.com\\\/?s={search_term_string}\"},\"query-input\":{\"@type\":\"PropertyValueSpecification\",\"valueRequired\":true,\"valueName\":\"search_term_string\"}}],\"inLanguage\":\"fr-FR\"},{\"@type\":\"Person\",\"@id\":\"https:\\\/\\\/batijournal.com\\\/#\\\/schema\\\/person\\\/1dc96ec6957aa1ccb25ebe78bb19f100\",\"name\":\"St\u00e9phane Miget\",\"image\":{\"@type\":\"ImageObject\",\"inLanguage\":\"fr-FR\",\"@id\":\"https:\\\/\\\/secure.gravatar.com\\\/avatar\\\/89915563d925342126b8ef0281b93d9d7fc337043e8df017f780908eb9644451?s=96&d=mm&r=g\",\"url\":\"https:\\\/\\\/secure.gravatar.com\\\/avatar\\\/89915563d925342126b8ef0281b93d9d7fc337043e8df017f780908eb9644451?s=96&d=mm&r=g\",\"contentUrl\":\"https:\\\/\\\/secure.gravatar.com\\\/avatar\\\/89915563d925342126b8ef0281b93d9d7fc337043e8df017f780908eb9644451?s=96&d=mm&r=g\",\"caption\":\"St\u00e9phane Miget\"},\"url\":\"https:\\\/\\\/batijournal.com\\\/index.php\\\/author\\\/stephane\\\/\"}]}<\/script>\n<!-- \/ Yoast SEO plugin. -->","yoast_head_json":{"title":"Immobilier en Ile de France : la baisse des ventes se prolonge","robots":{"index":"index","follow":"follow","max-snippet":"max-snippet:-1","max-image-preview":"max-image-preview:large","max-video-preview":"max-video-preview:-1"},"canonical":"https:\/\/batijournal.com\/index.php\/immobilier-en-ile-de-france-la-baisse-des-ventes-se-prolonge\/110853\/","og_locale":"fr_FR","og_type":"article","og_title":"Immobilier en Ile de France : la baisse des ventes se prolonge","og_description":"Le march\u00e9 n\u2019a pas retrouv\u00e9 de fluidit\u00e9 et reste ancr\u00e9 dans une activit\u00e9 tr\u00e8s faible annonce la Chambre des Notaire de Paris. La baisse des volumes de ventes est devenue chaque mois un peu moins s\u00e9v\u00e8re mais sans que l\u2019on n\u2019entrevoie encore de rebond dans les statistiques. Ces nouvelles baisses interviennent sur un march\u00e9 qui [&hellip;]","og_url":"https:\/\/batijournal.com\/index.php\/immobilier-en-ile-de-france-la-baisse-des-ventes-se-prolonge\/110853\/","og_site_name":"Batijournal","article_published_time":"2024-09-02T06:13:20+00:00","og_image":[{"width":1200,"height":587,"url":"https:\/\/batijournal.com\/wp-content\/uploads\/2017\/05\/Logements-sociaux-et-equipements-sportifs-dans-le-10eme-arrondissement-de-Paris.jpg","type":"image\/jpeg"}],"author":"St\u00e9phane Miget","twitter_card":"summary_large_image","twitter_creator":"@bati_journal","twitter_site":"@bati_journal","twitter_misc":{"\u00c9crit par":"St\u00e9phane Miget","Dur\u00e9e de lecture estim\u00e9e":"1 minute"},"schema":{"@context":"https:\/\/schema.org","@graph":[{"@type":"Article","@id":"https:\/\/batijournal.com\/index.php\/immobilier-en-ile-de-france-la-baisse-des-ventes-se-prolonge\/110853\/#article","isPartOf":{"@id":"https:\/\/batijournal.com\/index.php\/immobilier-en-ile-de-france-la-baisse-des-ventes-se-prolonge\/110853\/"},"author":{"name":"St\u00e9phane Miget","@id":"https:\/\/batijournal.com\/#\/schema\/person\/1dc96ec6957aa1ccb25ebe78bb19f100"},"headline":"Immobilier en Ile de France : la baisse des ventes se prolonge","datePublished":"2024-09-02T06:13:20+00:00","mainEntityOfPage":{"@id":"https:\/\/batijournal.com\/index.php\/immobilier-en-ile-de-france-la-baisse-des-ventes-se-prolonge\/110853\/"},"wordCount":300,"image":{"@id":"https:\/\/batijournal.com\/index.php\/immobilier-en-ile-de-france-la-baisse-des-ventes-se-prolonge\/110853\/#primaryimage"},"thumbnailUrl":"https:\/\/batijournal.com\/wp-content\/uploads\/2017\/05\/Logements-sociaux-et-equipements-sportifs-dans-le-10eme-arrondissement-de-Paris.jpg","keywords":["immobilier"],"articleSection":["A la Une","Actualit\u00e9s","\u00c9conomie &amp; March\u00e9s"],"inLanguage":"fr-FR"},{"@type":"WebPage","@id":"https:\/\/batijournal.com\/index.php\/immobilier-en-ile-de-france-la-baisse-des-ventes-se-prolonge\/110853\/","url":"https:\/\/batijournal.com\/index.php\/immobilier-en-ile-de-france-la-baisse-des-ventes-se-prolonge\/110853\/","name":"Immobilier en Ile de France : la baisse des ventes se prolonge","isPartOf":{"@id":"https:\/\/batijournal.com\/#website"},"primaryImageOfPage":{"@id":"https:\/\/batijournal.com\/index.php\/immobilier-en-ile-de-france-la-baisse-des-ventes-se-prolonge\/110853\/#primaryimage"},"image":{"@id":"https:\/\/batijournal.com\/index.php\/immobilier-en-ile-de-france-la-baisse-des-ventes-se-prolonge\/110853\/#primaryimage"},"thumbnailUrl":"https:\/\/batijournal.com\/wp-content\/uploads\/2017\/05\/Logements-sociaux-et-equipements-sportifs-dans-le-10eme-arrondissement-de-Paris.jpg","datePublished":"2024-09-02T06:13:20+00:00","author":{"@id":"https:\/\/batijournal.com\/#\/schema\/person\/1dc96ec6957aa1ccb25ebe78bb19f100"},"breadcrumb":{"@id":"https:\/\/batijournal.com\/index.php\/immobilier-en-ile-de-france-la-baisse-des-ventes-se-prolonge\/110853\/#breadcrumb"},"inLanguage":"fr-FR","potentialAction":[{"@type":"ReadAction","target":["https:\/\/batijournal.com\/index.php\/immobilier-en-ile-de-france-la-baisse-des-ventes-se-prolonge\/110853\/"]}]},{"@type":"ImageObject","inLanguage":"fr-FR","@id":"https:\/\/batijournal.com\/index.php\/immobilier-en-ile-de-france-la-baisse-des-ventes-se-prolonge\/110853\/#primaryimage","url":"https:\/\/batijournal.com\/wp-content\/uploads\/2017\/05\/Logements-sociaux-et-equipements-sportifs-dans-le-10eme-arrondissement-de-Paris.jpg","contentUrl":"https:\/\/batijournal.com\/wp-content\/uploads\/2017\/05\/Logements-sociaux-et-equipements-sportifs-dans-le-10eme-arrondissement-de-Paris.jpg","width":1200,"height":587},{"@type":"BreadcrumbList","@id":"https:\/\/batijournal.com\/index.php\/immobilier-en-ile-de-france-la-baisse-des-ventes-se-prolonge\/110853\/#breadcrumb","itemListElement":[{"@type":"ListItem","position":1,"name":"Accueil","item":"https:\/\/batijournal.com\/"},{"@type":"ListItem","position":2,"name":"Actualit\u00e9s","item":"https:\/\/batijournal.com\/index.php\/category\/actualites\/"},{"@type":"ListItem","position":3,"name":"Immobilier en Ile de France : la baisse des ventes se prolonge"}]},{"@type":"WebSite","@id":"https:\/\/batijournal.com\/#website","url":"https:\/\/batijournal.com\/","name":"Batijournal","description":"L&#039;actualit\u00e9 du b\u00e2timent","potentialAction":[{"@type":"SearchAction","target":{"@type":"EntryPoint","urlTemplate":"https:\/\/batijournal.com\/?s={search_term_string}"},"query-input":{"@type":"PropertyValueSpecification","valueRequired":true,"valueName":"search_term_string"}}],"inLanguage":"fr-FR"},{"@type":"Person","@id":"https:\/\/batijournal.com\/#\/schema\/person\/1dc96ec6957aa1ccb25ebe78bb19f100","name":"St\u00e9phane Miget","image":{"@type":"ImageObject","inLanguage":"fr-FR","@id":"https:\/\/secure.gravatar.com\/avatar\/89915563d925342126b8ef0281b93d9d7fc337043e8df017f780908eb9644451?s=96&d=mm&r=g","url":"https:\/\/secure.gravatar.com\/avatar\/89915563d925342126b8ef0281b93d9d7fc337043e8df017f780908eb9644451?s=96&d=mm&r=g","contentUrl":"https:\/\/secure.gravatar.com\/avatar\/89915563d925342126b8ef0281b93d9d7fc337043e8df017f780908eb9644451?s=96&d=mm&r=g","caption":"St\u00e9phane Miget"},"url":"https:\/\/batijournal.com\/index.php\/author\/stephane\/"}]}},"_links":{"self":[{"href":"https:\/\/batijournal.com\/index.php\/wp-json\/wp\/v2\/posts\/110853","targetHints":{"allow":["GET"]}}],"collection":[{"href":"https:\/\/batijournal.com\/index.php\/wp-json\/wp\/v2\/posts"}],"about":[{"href":"https:\/\/batijournal.com\/index.php\/wp-json\/wp\/v2\/types\/post"}],"author":[{"embeddable":true,"href":"https:\/\/batijournal.com\/index.php\/wp-json\/wp\/v2\/users\/17"}],"replies":[{"embeddable":true,"href":"https:\/\/batijournal.com\/index.php\/wp-json\/wp\/v2\/comments?post=110853"}],"version-history":[{"count":0,"href":"https:\/\/batijournal.com\/index.php\/wp-json\/wp\/v2\/posts\/110853\/revisions"}],"wp:featuredmedia":[{"embeddable":true,"href":"https:\/\/batijournal.com\/index.php\/wp-json\/wp\/v2\/media\/95906"}],"wp:attachment":[{"href":"https:\/\/batijournal.com\/index.php\/wp-json\/wp\/v2\/media?parent=110853"}],"wp:term":[{"taxonomy":"category","embeddable":true,"href":"https:\/\/batijournal.com\/index.php\/wp-json\/wp\/v2\/categories?post=110853"},{"taxonomy":"post_tag","embeddable":true,"href":"https:\/\/batijournal.com\/index.php\/wp-json\/wp\/v2\/tags?post=110853"}],"curies":[{"name":"wp","href":"https:\/\/api.w.org\/{rel}","templated":true}]}}