{"id":110891,"date":"2024-09-11T19:43:48","date_gmt":"2024-09-11T17:43:48","guid":{"rendered":"https:\/\/batijournal.com\/?p=110891"},"modified":"2024-09-11T19:43:48","modified_gmt":"2024-09-11T17:43:48","slug":"ronsart-au-prieure-saint-cosme-les-500-ans-du-prince-des-poetes","status":"publish","type":"post","link":"https:\/\/batijournal.com\/index.php\/ronsart-au-prieure-saint-cosme-les-500-ans-du-prince-des-poetes\/110891\/","title":{"rendered":"RonsART au prieur\u00e9 Saint-Cosme : les 500 ans du prince des po\u00e8tes"},"content":{"rendered":"<p>Ce 11 septembre 2024, Pierre de Ronsard f\u00eate ses 500 ans. L\u2019occasion de lui rendre visite dans sa propre maison, o\u00f9 il eut le privil\u00e8ge d\u2019\u00eatre inhum\u00e9 et o\u00f9 il repose depuis 1585. Une maison un peu particuli\u00e8re, puisqu\u2019il s\u2019agit d\u2019un prieur\u00e9 fond\u00e9 au IXe si\u00e8cle, qui abrita des moines jusqu\u2019en 1742. Le po\u00e8te y v\u00e9cut les vingt derni\u00e8res ann\u00e9es de sa vie. Vincent Guidault, responsable du Prieur\u00e9 Saint-Cosme, en assure avec son \u00e9quipe les missions de conservation, d\u2019animation et de gestion depuis 2004. Depuis lors, \u00e0 La Riche, cette banlieue de Tours o\u00f9 se situe ce prieur\u00e9 labellis\u00e9 \u00ab Maisons des Illustres \u00bb par le minist\u00e8re de la Culture, il n\u2019a cess\u00e9 de rendre la maison de Ronsard plus attractive pour tous les publics. Pour 2024, ann\u00e9e exceptionnelle des 500 ans de Ronsard, le prieur\u00e9 aborde, dans une belle exposition, la r\u00e9ception du po\u00e8te par les artistes anciens et contemporains.<\/p>\n<p>Photo : Les vitraux de Zao wou ki \u00a9CD37<\/p>\n<p>&nbsp;<\/p>\n","protected":false},"excerpt":{"rendered":"<p>Ce 11 septembre 2024, Pierre de Ronsard f\u00eate ses 500 ans. L\u2019occasion de lui rendre visite dans sa propre maison, o\u00f9 il eut le privil\u00e8ge d\u2019\u00eatre inhum\u00e9 et o\u00f9 il repose depuis 1585. Une maison un peu particuli\u00e8re, puisqu\u2019il s\u2019agit d\u2019un prieur\u00e9 fond\u00e9 au IXe si\u00e8cle, qui abrita des moines jusqu\u2019en 1742. Le po\u00e8te y [&hellip;]<\/p>\n","protected":false},"author":17,"featured_media":110892,"comment_status":"closed","ping_status":"closed","sticky":false,"template":"","format":"standard","meta":{"_et_pb_use_builder":"","_et_pb_old_content":"","_et_gb_content_width":"","footnotes":""},"categories":[10530,6362,10789,10785],"tags":[8393],"class_list":["post-110891","post","type-post","status-publish","format-standard","has-post-thumbnail","hentry","category-actualites","category-services-equipements","category-publications-atrium","category-atrium","tag-les-maisons-des-illustres"],"yoast_head":"<!-- This site is optimized with the Yoast SEO plugin v27.4 - https:\/\/yoast.com\/product\/yoast-seo-wordpress\/ -->\n<title>RonsART au prieur\u00e9 Saint-Cosme : les 500 ans du prince des po\u00e8tes<\/title>\n<meta name=\"robots\" content=\"index, follow, max-snippet:-1, max-image-preview:large, max-video-preview:-1\" \/>\n<link rel=\"canonical\" href=\"https:\/\/batijournal.com\/index.php\/ronsart-au-prieure-saint-cosme-les-500-ans-du-prince-des-poetes\/110891\/\" \/>\n<meta property=\"og:locale\" content=\"fr_FR\" \/>\n<meta property=\"og:type\" content=\"article\" \/>\n<meta property=\"og:title\" content=\"RonsART au prieur\u00e9 Saint-Cosme : les 500 ans du prince des po\u00e8tes\" \/>\n<meta property=\"og:description\" content=\"Ce 11 septembre 2024, Pierre de Ronsard f\u00eate ses 500 ans. L\u2019occasion de lui rendre visite dans sa propre maison, o\u00f9 il eut le privil\u00e8ge d\u2019\u00eatre inhum\u00e9 et o\u00f9 il repose depuis 1585. Une maison un peu particuli\u00e8re, puisqu\u2019il s\u2019agit d\u2019un prieur\u00e9 fond\u00e9 au IXe si\u00e8cle, qui abrita des moines jusqu\u2019en 1742. Le po\u00e8te y [&hellip;]\" \/>\n<meta property=\"og:url\" content=\"https:\/\/batijournal.com\/index.php\/ronsart-au-prieure-saint-cosme-les-500-ans-du-prince-des-poetes\/110891\/\" \/>\n<meta property=\"og:site_name\" content=\"Batijournal\" \/>\n<meta property=\"article:published_time\" content=\"2024-09-11T17:43:48+00:00\" \/>\n<meta property=\"og:image\" content=\"https:\/\/batijournal.com\/wp-content\/uploads\/2024\/09\/prieure-saint-cosme-vitraux_zao_wou_ki.jpg\" \/>\n\t<meta property=\"og:image:width\" content=\"825\" \/>\n\t<meta property=\"og:image:height\" content=\"537\" \/>\n\t<meta property=\"og:image:type\" content=\"image\/jpeg\" \/>\n<meta name=\"author\" content=\"St\u00e9phane Miget\" \/>\n<meta name=\"twitter:card\" content=\"summary_large_image\" \/>\n<meta name=\"twitter:creator\" content=\"@bati_journal\" \/>\n<meta name=\"twitter:site\" content=\"@bati_journal\" \/>\n<meta name=\"twitter:label1\" content=\"\u00c9crit par\" \/>\n\t<meta name=\"twitter:data1\" content=\"St\u00e9phane Miget\" \/>\n\t<meta name=\"twitter:label2\" content=\"Dur\u00e9e de lecture estim\u00e9e\" \/>\n\t<meta name=\"twitter:data2\" content=\"1 minute\" \/>\n<script type=\"application\/ld+json\" class=\"yoast-schema-graph\">{\"@context\":\"https:\\\/\\\/schema.org\",\"@graph\":[{\"@type\":\"Article\",\"@id\":\"https:\\\/\\\/batijournal.com\\\/index.php\\\/ronsart-au-prieure-saint-cosme-les-500-ans-du-prince-des-poetes\\\/110891\\\/#article\",\"isPartOf\":{\"@id\":\"https:\\\/\\\/batijournal.com\\\/index.php\\\/ronsart-au-prieure-saint-cosme-les-500-ans-du-prince-des-poetes\\\/110891\\\/\"},\"author\":{\"name\":\"St\u00e9phane Miget\",\"@id\":\"https:\\\/\\\/batijournal.com\\\/#\\\/schema\\\/person\\\/1dc96ec6957aa1ccb25ebe78bb19f100\"},\"headline\":\"RonsART au prieur\u00e9 Saint-Cosme : les 500 ans du prince des po\u00e8tes\",\"datePublished\":\"2024-09-11T17:43:48+00:00\",\"mainEntityOfPage\":{\"@id\":\"https:\\\/\\\/batijournal.com\\\/index.php\\\/ronsart-au-prieure-saint-cosme-les-500-ans-du-prince-des-poetes\\\/110891\\\/\"},\"wordCount\":180,\"image\":{\"@id\":\"https:\\\/\\\/batijournal.com\\\/index.php\\\/ronsart-au-prieure-saint-cosme-les-500-ans-du-prince-des-poetes\\\/110891\\\/#primaryimage\"},\"thumbnailUrl\":\"https:\\\/\\\/batijournal.com\\\/wp-content\\\/uploads\\\/2024\\\/09\\\/prieure-saint-cosme-vitraux_zao_wou_ki.jpg\",\"keywords\":[\"les maisons des illustres\"],\"articleSection\":[\"Actualit\u00e9s\",\"Divers\",\"zz_Actualit\u00e9s - Atrium\",\"zz_Atrium Patrimoine\"],\"inLanguage\":\"fr-FR\"},{\"@type\":\"WebPage\",\"@id\":\"https:\\\/\\\/batijournal.com\\\/index.php\\\/ronsart-au-prieure-saint-cosme-les-500-ans-du-prince-des-poetes\\\/110891\\\/\",\"url\":\"https:\\\/\\\/batijournal.com\\\/index.php\\\/ronsart-au-prieure-saint-cosme-les-500-ans-du-prince-des-poetes\\\/110891\\\/\",\"name\":\"RonsART au prieur\u00e9 Saint-Cosme : les 500 ans du prince des po\u00e8tes\",\"isPartOf\":{\"@id\":\"https:\\\/\\\/batijournal.com\\\/#website\"},\"primaryImageOfPage\":{\"@id\":\"https:\\\/\\\/batijournal.com\\\/index.php\\\/ronsart-au-prieure-saint-cosme-les-500-ans-du-prince-des-poetes\\\/110891\\\/#primaryimage\"},\"image\":{\"@id\":\"https:\\\/\\\/batijournal.com\\\/index.php\\\/ronsart-au-prieure-saint-cosme-les-500-ans-du-prince-des-poetes\\\/110891\\\/#primaryimage\"},\"thumbnailUrl\":\"https:\\\/\\\/batijournal.com\\\/wp-content\\\/uploads\\\/2024\\\/09\\\/prieure-saint-cosme-vitraux_zao_wou_ki.jpg\",\"datePublished\":\"2024-09-11T17:43:48+00:00\",\"author\":{\"@id\":\"https:\\\/\\\/batijournal.com\\\/#\\\/schema\\\/person\\\/1dc96ec6957aa1ccb25ebe78bb19f100\"},\"breadcrumb\":{\"@id\":\"https:\\\/\\\/batijournal.com\\\/index.php\\\/ronsart-au-prieure-saint-cosme-les-500-ans-du-prince-des-poetes\\\/110891\\\/#breadcrumb\"},\"inLanguage\":\"fr-FR\",\"potentialAction\":[{\"@type\":\"ReadAction\",\"target\":[\"https:\\\/\\\/batijournal.com\\\/index.php\\\/ronsart-au-prieure-saint-cosme-les-500-ans-du-prince-des-poetes\\\/110891\\\/\"]}]},{\"@type\":\"ImageObject\",\"inLanguage\":\"fr-FR\",\"@id\":\"https:\\\/\\\/batijournal.com\\\/index.php\\\/ronsart-au-prieure-saint-cosme-les-500-ans-du-prince-des-poetes\\\/110891\\\/#primaryimage\",\"url\":\"https:\\\/\\\/batijournal.com\\\/wp-content\\\/uploads\\\/2024\\\/09\\\/prieure-saint-cosme-vitraux_zao_wou_ki.jpg\",\"contentUrl\":\"https:\\\/\\\/batijournal.com\\\/wp-content\\\/uploads\\\/2024\\\/09\\\/prieure-saint-cosme-vitraux_zao_wou_ki.jpg\",\"width\":825,\"height\":537},{\"@type\":\"BreadcrumbList\",\"@id\":\"https:\\\/\\\/batijournal.com\\\/index.php\\\/ronsart-au-prieure-saint-cosme-les-500-ans-du-prince-des-poetes\\\/110891\\\/#breadcrumb\",\"itemListElement\":[{\"@type\":\"ListItem\",\"position\":1,\"name\":\"Accueil\",\"item\":\"https:\\\/\\\/batijournal.com\\\/\"},{\"@type\":\"ListItem\",\"position\":2,\"name\":\"Actualit\u00e9s\",\"item\":\"https:\\\/\\\/batijournal.com\\\/index.php\\\/category\\\/actualites\\\/\"},{\"@type\":\"ListItem\",\"position\":3,\"name\":\"RonsART au prieur\u00e9 Saint-Cosme : les 500 ans du prince des po\u00e8tes\"}]},{\"@type\":\"WebSite\",\"@id\":\"https:\\\/\\\/batijournal.com\\\/#website\",\"url\":\"https:\\\/\\\/batijournal.com\\\/\",\"name\":\"Batijournal\",\"description\":\"L&#039;actualit\u00e9 du b\u00e2timent\",\"potentialAction\":[{\"@type\":\"SearchAction\",\"target\":{\"@type\":\"EntryPoint\",\"urlTemplate\":\"https:\\\/\\\/batijournal.com\\\/?s={search_term_string}\"},\"query-input\":{\"@type\":\"PropertyValueSpecification\",\"valueRequired\":true,\"valueName\":\"search_term_string\"}}],\"inLanguage\":\"fr-FR\"},{\"@type\":\"Person\",\"@id\":\"https:\\\/\\\/batijournal.com\\\/#\\\/schema\\\/person\\\/1dc96ec6957aa1ccb25ebe78bb19f100\",\"name\":\"St\u00e9phane Miget\",\"image\":{\"@type\":\"ImageObject\",\"inLanguage\":\"fr-FR\",\"@id\":\"https:\\\/\\\/secure.gravatar.com\\\/avatar\\\/89915563d925342126b8ef0281b93d9d7fc337043e8df017f780908eb9644451?s=96&d=mm&r=g\",\"url\":\"https:\\\/\\\/secure.gravatar.com\\\/avatar\\\/89915563d925342126b8ef0281b93d9d7fc337043e8df017f780908eb9644451?s=96&d=mm&r=g\",\"contentUrl\":\"https:\\\/\\\/secure.gravatar.com\\\/avatar\\\/89915563d925342126b8ef0281b93d9d7fc337043e8df017f780908eb9644451?s=96&d=mm&r=g\",\"caption\":\"St\u00e9phane Miget\"},\"url\":\"https:\\\/\\\/batijournal.com\\\/index.php\\\/author\\\/stephane\\\/\"}]}<\/script>\n<!-- \/ Yoast SEO plugin. -->","yoast_head_json":{"title":"RonsART au prieur\u00e9 Saint-Cosme : les 500 ans du prince des po\u00e8tes","robots":{"index":"index","follow":"follow","max-snippet":"max-snippet:-1","max-image-preview":"max-image-preview:large","max-video-preview":"max-video-preview:-1"},"canonical":"https:\/\/batijournal.com\/index.php\/ronsart-au-prieure-saint-cosme-les-500-ans-du-prince-des-poetes\/110891\/","og_locale":"fr_FR","og_type":"article","og_title":"RonsART au prieur\u00e9 Saint-Cosme : les 500 ans du prince des po\u00e8tes","og_description":"Ce 11 septembre 2024, Pierre de Ronsard f\u00eate ses 500 ans. L\u2019occasion de lui rendre visite dans sa propre maison, o\u00f9 il eut le privil\u00e8ge d\u2019\u00eatre inhum\u00e9 et o\u00f9 il repose depuis 1585. Une maison un peu particuli\u00e8re, puisqu\u2019il s\u2019agit d\u2019un prieur\u00e9 fond\u00e9 au IXe si\u00e8cle, qui abrita des moines jusqu\u2019en 1742. Le po\u00e8te y [&hellip;]","og_url":"https:\/\/batijournal.com\/index.php\/ronsart-au-prieure-saint-cosme-les-500-ans-du-prince-des-poetes\/110891\/","og_site_name":"Batijournal","article_published_time":"2024-09-11T17:43:48+00:00","og_image":[{"width":825,"height":537,"url":"https:\/\/batijournal.com\/wp-content\/uploads\/2024\/09\/prieure-saint-cosme-vitraux_zao_wou_ki.jpg","type":"image\/jpeg"}],"author":"St\u00e9phane Miget","twitter_card":"summary_large_image","twitter_creator":"@bati_journal","twitter_site":"@bati_journal","twitter_misc":{"\u00c9crit par":"St\u00e9phane Miget","Dur\u00e9e de lecture estim\u00e9e":"1 minute"},"schema":{"@context":"https:\/\/schema.org","@graph":[{"@type":"Article","@id":"https:\/\/batijournal.com\/index.php\/ronsart-au-prieure-saint-cosme-les-500-ans-du-prince-des-poetes\/110891\/#article","isPartOf":{"@id":"https:\/\/batijournal.com\/index.php\/ronsart-au-prieure-saint-cosme-les-500-ans-du-prince-des-poetes\/110891\/"},"author":{"name":"St\u00e9phane Miget","@id":"https:\/\/batijournal.com\/#\/schema\/person\/1dc96ec6957aa1ccb25ebe78bb19f100"},"headline":"RonsART au prieur\u00e9 Saint-Cosme : les 500 ans du prince des po\u00e8tes","datePublished":"2024-09-11T17:43:48+00:00","mainEntityOfPage":{"@id":"https:\/\/batijournal.com\/index.php\/ronsart-au-prieure-saint-cosme-les-500-ans-du-prince-des-poetes\/110891\/"},"wordCount":180,"image":{"@id":"https:\/\/batijournal.com\/index.php\/ronsart-au-prieure-saint-cosme-les-500-ans-du-prince-des-poetes\/110891\/#primaryimage"},"thumbnailUrl":"https:\/\/batijournal.com\/wp-content\/uploads\/2024\/09\/prieure-saint-cosme-vitraux_zao_wou_ki.jpg","keywords":["les maisons des illustres"],"articleSection":["Actualit\u00e9s","Divers","zz_Actualit\u00e9s - Atrium","zz_Atrium Patrimoine"],"inLanguage":"fr-FR"},{"@type":"WebPage","@id":"https:\/\/batijournal.com\/index.php\/ronsart-au-prieure-saint-cosme-les-500-ans-du-prince-des-poetes\/110891\/","url":"https:\/\/batijournal.com\/index.php\/ronsart-au-prieure-saint-cosme-les-500-ans-du-prince-des-poetes\/110891\/","name":"RonsART au prieur\u00e9 Saint-Cosme : les 500 ans du prince des po\u00e8tes","isPartOf":{"@id":"https:\/\/batijournal.com\/#website"},"primaryImageOfPage":{"@id":"https:\/\/batijournal.com\/index.php\/ronsart-au-prieure-saint-cosme-les-500-ans-du-prince-des-poetes\/110891\/#primaryimage"},"image":{"@id":"https:\/\/batijournal.com\/index.php\/ronsart-au-prieure-saint-cosme-les-500-ans-du-prince-des-poetes\/110891\/#primaryimage"},"thumbnailUrl":"https:\/\/batijournal.com\/wp-content\/uploads\/2024\/09\/prieure-saint-cosme-vitraux_zao_wou_ki.jpg","datePublished":"2024-09-11T17:43:48+00:00","author":{"@id":"https:\/\/batijournal.com\/#\/schema\/person\/1dc96ec6957aa1ccb25ebe78bb19f100"},"breadcrumb":{"@id":"https:\/\/batijournal.com\/index.php\/ronsart-au-prieure-saint-cosme-les-500-ans-du-prince-des-poetes\/110891\/#breadcrumb"},"inLanguage":"fr-FR","potentialAction":[{"@type":"ReadAction","target":["https:\/\/batijournal.com\/index.php\/ronsart-au-prieure-saint-cosme-les-500-ans-du-prince-des-poetes\/110891\/"]}]},{"@type":"ImageObject","inLanguage":"fr-FR","@id":"https:\/\/batijournal.com\/index.php\/ronsart-au-prieure-saint-cosme-les-500-ans-du-prince-des-poetes\/110891\/#primaryimage","url":"https:\/\/batijournal.com\/wp-content\/uploads\/2024\/09\/prieure-saint-cosme-vitraux_zao_wou_ki.jpg","contentUrl":"https:\/\/batijournal.com\/wp-content\/uploads\/2024\/09\/prieure-saint-cosme-vitraux_zao_wou_ki.jpg","width":825,"height":537},{"@type":"BreadcrumbList","@id":"https:\/\/batijournal.com\/index.php\/ronsart-au-prieure-saint-cosme-les-500-ans-du-prince-des-poetes\/110891\/#breadcrumb","itemListElement":[{"@type":"ListItem","position":1,"name":"Accueil","item":"https:\/\/batijournal.com\/"},{"@type":"ListItem","position":2,"name":"Actualit\u00e9s","item":"https:\/\/batijournal.com\/index.php\/category\/actualites\/"},{"@type":"ListItem","position":3,"name":"RonsART au prieur\u00e9 Saint-Cosme : les 500 ans du prince des po\u00e8tes"}]},{"@type":"WebSite","@id":"https:\/\/batijournal.com\/#website","url":"https:\/\/batijournal.com\/","name":"Batijournal","description":"L&#039;actualit\u00e9 du b\u00e2timent","potentialAction":[{"@type":"SearchAction","target":{"@type":"EntryPoint","urlTemplate":"https:\/\/batijournal.com\/?s={search_term_string}"},"query-input":{"@type":"PropertyValueSpecification","valueRequired":true,"valueName":"search_term_string"}}],"inLanguage":"fr-FR"},{"@type":"Person","@id":"https:\/\/batijournal.com\/#\/schema\/person\/1dc96ec6957aa1ccb25ebe78bb19f100","name":"St\u00e9phane Miget","image":{"@type":"ImageObject","inLanguage":"fr-FR","@id":"https:\/\/secure.gravatar.com\/avatar\/89915563d925342126b8ef0281b93d9d7fc337043e8df017f780908eb9644451?s=96&d=mm&r=g","url":"https:\/\/secure.gravatar.com\/avatar\/89915563d925342126b8ef0281b93d9d7fc337043e8df017f780908eb9644451?s=96&d=mm&r=g","contentUrl":"https:\/\/secure.gravatar.com\/avatar\/89915563d925342126b8ef0281b93d9d7fc337043e8df017f780908eb9644451?s=96&d=mm&r=g","caption":"St\u00e9phane Miget"},"url":"https:\/\/batijournal.com\/index.php\/author\/stephane\/"}]}},"_links":{"self":[{"href":"https:\/\/batijournal.com\/index.php\/wp-json\/wp\/v2\/posts\/110891","targetHints":{"allow":["GET"]}}],"collection":[{"href":"https:\/\/batijournal.com\/index.php\/wp-json\/wp\/v2\/posts"}],"about":[{"href":"https:\/\/batijournal.com\/index.php\/wp-json\/wp\/v2\/types\/post"}],"author":[{"embeddable":true,"href":"https:\/\/batijournal.com\/index.php\/wp-json\/wp\/v2\/users\/17"}],"replies":[{"embeddable":true,"href":"https:\/\/batijournal.com\/index.php\/wp-json\/wp\/v2\/comments?post=110891"}],"version-history":[{"count":0,"href":"https:\/\/batijournal.com\/index.php\/wp-json\/wp\/v2\/posts\/110891\/revisions"}],"wp:featuredmedia":[{"embeddable":true,"href":"https:\/\/batijournal.com\/index.php\/wp-json\/wp\/v2\/media\/110892"}],"wp:attachment":[{"href":"https:\/\/batijournal.com\/index.php\/wp-json\/wp\/v2\/media?parent=110891"}],"wp:term":[{"taxonomy":"category","embeddable":true,"href":"https:\/\/batijournal.com\/index.php\/wp-json\/wp\/v2\/categories?post=110891"},{"taxonomy":"post_tag","embeddable":true,"href":"https:\/\/batijournal.com\/index.php\/wp-json\/wp\/v2\/tags?post=110891"}],"curies":[{"name":"wp","href":"https:\/\/api.w.org\/{rel}","templated":true}]}}