{"id":110893,"date":"2024-09-11T19:50:54","date_gmt":"2024-09-11T17:50:54","guid":{"rendered":"https:\/\/batijournal.com\/?p=110893"},"modified":"2024-09-11T19:50:54","modified_gmt":"2024-09-11T17:50:54","slug":"le-velodrome-de-commercy-labellise-architecture-contemporaine-remarquable","status":"publish","type":"post","link":"https:\/\/batijournal.com\/index.php\/le-velodrome-de-commercy-labellise-architecture-contemporaine-remarquable\/110893\/","title":{"rendered":"Le v\u00e9lodrome de Commercy labellis\u00e9 Architecture contemporaine remarquable"},"content":{"rendered":"<p>Le v\u00e9lodrome de Commercy (Meuse), l&rsquo;incroyable piste au gabarit olympique, cr\u00e9\u00e9e en 1946 par l\u2019architecte De Coll, figure parmi les 15 architectures sportives du Grand Est \u00e0 avoir obtenu r\u00e9cemment le label Architecture contemporaine remarquable. Surnomm\u00e9e l\u2019\u00ab Anneau rose \u00bb, le v\u00e9lodrome \u00e0 Commercy s\u2019inscrit dans le sillon de l\u2019aventure industrielle de Pierre et Ernest Michaux, inventeur meusien du v\u00e9locip\u00e8de en 1861, anc\u00eatre de la bicyclette. La piste pr\u00e9sente la particularit\u00e9 d\u2019\u00eatre construite avec un m\u00e9lange de ciment et de brique pil\u00e9e qui lui conf\u00e8re une excellente adh\u00e9rence et cette teinte qui lui vaut son surnom. Les deux grands virages relev\u00e9s de l\u2019anneau permettent aux cyclistes d\u2019atteindre une vitesse de 80 km\/h. Toujours en usage, le v\u00e9lodrome a \u00e9t\u00e9 restaur\u00e9 dans les ann\u00e9es 2000, par Philippe Fraysse et Philippe Tondon, en collaboration avec Pierre Tollini, sous la houlette de la ville de Commercy.<\/p>\n<p>Source : Drac Grand Est<\/p>\n<p>&nbsp;<\/p>\n","protected":false},"excerpt":{"rendered":"<p>Le v\u00e9lodrome de Commercy (Meuse), l&rsquo;incroyable piste au gabarit olympique, cr\u00e9\u00e9e en 1946 par l\u2019architecte De Coll, figure parmi les 15 architectures sportives du Grand Est \u00e0 avoir obtenu r\u00e9cemment le label Architecture contemporaine remarquable. Surnomm\u00e9e l\u2019\u00ab Anneau rose \u00bb, le v\u00e9lodrome \u00e0 Commercy s\u2019inscrit dans le sillon de l\u2019aventure industrielle de Pierre et Ernest [&hellip;]<\/p>\n","protected":false},"author":17,"featured_media":110894,"comment_status":"closed","ping_status":"closed","sticky":false,"template":"","format":"standard","meta":{"_et_pb_use_builder":"","_et_pb_old_content":"","_et_gb_content_width":"","footnotes":""},"categories":[10530,6340,10789,10785],"tags":[12976],"class_list":["post-110893","post","type-post","status-publish","format-standard","has-post-thumbnail","hentry","category-actualites","category-architecture-conception","category-publications-atrium","category-atrium","tag-architecture-contemporaine"],"yoast_head":"<!-- This site is optimized with the Yoast SEO plugin v27.4 - https:\/\/yoast.com\/product\/yoast-seo-wordpress\/ -->\n<title>Le v\u00e9lodrome de Commercy labellis\u00e9 Architecture contemporaine remarquable<\/title>\n<meta name=\"robots\" content=\"index, follow, max-snippet:-1, max-image-preview:large, max-video-preview:-1\" \/>\n<link rel=\"canonical\" href=\"https:\/\/batijournal.com\/index.php\/le-velodrome-de-commercy-labellise-architecture-contemporaine-remarquable\/110893\/\" \/>\n<meta property=\"og:locale\" content=\"fr_FR\" \/>\n<meta property=\"og:type\" content=\"article\" \/>\n<meta property=\"og:title\" content=\"Le v\u00e9lodrome de Commercy labellis\u00e9 Architecture contemporaine remarquable\" \/>\n<meta property=\"og:description\" content=\"Le v\u00e9lodrome de Commercy (Meuse), l&rsquo;incroyable piste au gabarit olympique, cr\u00e9\u00e9e en 1946 par l\u2019architecte De Coll, figure parmi les 15 architectures sportives du Grand Est \u00e0 avoir obtenu r\u00e9cemment le label Architecture contemporaine remarquable. Surnomm\u00e9e l\u2019\u00ab Anneau rose \u00bb, le v\u00e9lodrome \u00e0 Commercy s\u2019inscrit dans le sillon de l\u2019aventure industrielle de Pierre et Ernest [&hellip;]\" \/>\n<meta property=\"og:url\" content=\"https:\/\/batijournal.com\/index.php\/le-velodrome-de-commercy-labellise-architecture-contemporaine-remarquable\/110893\/\" \/>\n<meta property=\"og:site_name\" content=\"Batijournal\" \/>\n<meta property=\"article:published_time\" content=\"2024-09-11T17:50:54+00:00\" \/>\n<meta property=\"og:image\" content=\"https:\/\/batijournal.com\/wp-content\/uploads\/2024\/09\/velodrome_commercy.jpg\" \/>\n\t<meta property=\"og:image:width\" content=\"1992\" \/>\n\t<meta property=\"og:image:height\" content=\"1120\" \/>\n\t<meta property=\"og:image:type\" content=\"image\/jpeg\" \/>\n<meta name=\"author\" content=\"St\u00e9phane Miget\" \/>\n<meta name=\"twitter:card\" content=\"summary_large_image\" \/>\n<meta name=\"twitter:creator\" content=\"@bati_journal\" \/>\n<meta name=\"twitter:site\" content=\"@bati_journal\" \/>\n<meta name=\"twitter:label1\" content=\"\u00c9crit par\" \/>\n\t<meta name=\"twitter:data1\" content=\"St\u00e9phane Miget\" \/>\n\t<meta name=\"twitter:label2\" content=\"Dur\u00e9e de lecture estim\u00e9e\" \/>\n\t<meta name=\"twitter:data2\" content=\"1 minute\" \/>\n<script type=\"application\/ld+json\" class=\"yoast-schema-graph\">{\"@context\":\"https:\\\/\\\/schema.org\",\"@graph\":[{\"@type\":\"Article\",\"@id\":\"https:\\\/\\\/batijournal.com\\\/index.php\\\/le-velodrome-de-commercy-labellise-architecture-contemporaine-remarquable\\\/110893\\\/#article\",\"isPartOf\":{\"@id\":\"https:\\\/\\\/batijournal.com\\\/index.php\\\/le-velodrome-de-commercy-labellise-architecture-contemporaine-remarquable\\\/110893\\\/\"},\"author\":{\"name\":\"St\u00e9phane Miget\",\"@id\":\"https:\\\/\\\/batijournal.com\\\/#\\\/schema\\\/person\\\/1dc96ec6957aa1ccb25ebe78bb19f100\"},\"headline\":\"Le v\u00e9lodrome de Commercy labellis\u00e9 Architecture contemporaine remarquable\",\"datePublished\":\"2024-09-11T17:50:54+00:00\",\"mainEntityOfPage\":{\"@id\":\"https:\\\/\\\/batijournal.com\\\/index.php\\\/le-velodrome-de-commercy-labellise-architecture-contemporaine-remarquable\\\/110893\\\/\"},\"wordCount\":173,\"image\":{\"@id\":\"https:\\\/\\\/batijournal.com\\\/index.php\\\/le-velodrome-de-commercy-labellise-architecture-contemporaine-remarquable\\\/110893\\\/#primaryimage\"},\"thumbnailUrl\":\"https:\\\/\\\/batijournal.com\\\/wp-content\\\/uploads\\\/2024\\\/09\\\/velodrome_commercy.jpg\",\"keywords\":[\"Architecture contemporaine\"],\"articleSection\":[\"Actualit\u00e9s\",\"Architecture &amp; Conception\",\"zz_Actualit\u00e9s - Atrium\",\"zz_Atrium Patrimoine\"],\"inLanguage\":\"fr-FR\"},{\"@type\":\"WebPage\",\"@id\":\"https:\\\/\\\/batijournal.com\\\/index.php\\\/le-velodrome-de-commercy-labellise-architecture-contemporaine-remarquable\\\/110893\\\/\",\"url\":\"https:\\\/\\\/batijournal.com\\\/index.php\\\/le-velodrome-de-commercy-labellise-architecture-contemporaine-remarquable\\\/110893\\\/\",\"name\":\"Le v\u00e9lodrome de Commercy labellis\u00e9 Architecture contemporaine remarquable\",\"isPartOf\":{\"@id\":\"https:\\\/\\\/batijournal.com\\\/#website\"},\"primaryImageOfPage\":{\"@id\":\"https:\\\/\\\/batijournal.com\\\/index.php\\\/le-velodrome-de-commercy-labellise-architecture-contemporaine-remarquable\\\/110893\\\/#primaryimage\"},\"image\":{\"@id\":\"https:\\\/\\\/batijournal.com\\\/index.php\\\/le-velodrome-de-commercy-labellise-architecture-contemporaine-remarquable\\\/110893\\\/#primaryimage\"},\"thumbnailUrl\":\"https:\\\/\\\/batijournal.com\\\/wp-content\\\/uploads\\\/2024\\\/09\\\/velodrome_commercy.jpg\",\"datePublished\":\"2024-09-11T17:50:54+00:00\",\"author\":{\"@id\":\"https:\\\/\\\/batijournal.com\\\/#\\\/schema\\\/person\\\/1dc96ec6957aa1ccb25ebe78bb19f100\"},\"breadcrumb\":{\"@id\":\"https:\\\/\\\/batijournal.com\\\/index.php\\\/le-velodrome-de-commercy-labellise-architecture-contemporaine-remarquable\\\/110893\\\/#breadcrumb\"},\"inLanguage\":\"fr-FR\",\"potentialAction\":[{\"@type\":\"ReadAction\",\"target\":[\"https:\\\/\\\/batijournal.com\\\/index.php\\\/le-velodrome-de-commercy-labellise-architecture-contemporaine-remarquable\\\/110893\\\/\"]}]},{\"@type\":\"ImageObject\",\"inLanguage\":\"fr-FR\",\"@id\":\"https:\\\/\\\/batijournal.com\\\/index.php\\\/le-velodrome-de-commercy-labellise-architecture-contemporaine-remarquable\\\/110893\\\/#primaryimage\",\"url\":\"https:\\\/\\\/batijournal.com\\\/wp-content\\\/uploads\\\/2024\\\/09\\\/velodrome_commercy.jpg\",\"contentUrl\":\"https:\\\/\\\/batijournal.com\\\/wp-content\\\/uploads\\\/2024\\\/09\\\/velodrome_commercy.jpg\",\"width\":1992,\"height\":1120},{\"@type\":\"BreadcrumbList\",\"@id\":\"https:\\\/\\\/batijournal.com\\\/index.php\\\/le-velodrome-de-commercy-labellise-architecture-contemporaine-remarquable\\\/110893\\\/#breadcrumb\",\"itemListElement\":[{\"@type\":\"ListItem\",\"position\":1,\"name\":\"Accueil\",\"item\":\"https:\\\/\\\/batijournal.com\\\/\"},{\"@type\":\"ListItem\",\"position\":2,\"name\":\"Actualit\u00e9s\",\"item\":\"https:\\\/\\\/batijournal.com\\\/index.php\\\/category\\\/actualites\\\/\"},{\"@type\":\"ListItem\",\"position\":3,\"name\":\"Le v\u00e9lodrome de Commercy labellis\u00e9 Architecture contemporaine remarquable\"}]},{\"@type\":\"WebSite\",\"@id\":\"https:\\\/\\\/batijournal.com\\\/#website\",\"url\":\"https:\\\/\\\/batijournal.com\\\/\",\"name\":\"Batijournal\",\"description\":\"L&#039;actualit\u00e9 du b\u00e2timent\",\"potentialAction\":[{\"@type\":\"SearchAction\",\"target\":{\"@type\":\"EntryPoint\",\"urlTemplate\":\"https:\\\/\\\/batijournal.com\\\/?s={search_term_string}\"},\"query-input\":{\"@type\":\"PropertyValueSpecification\",\"valueRequired\":true,\"valueName\":\"search_term_string\"}}],\"inLanguage\":\"fr-FR\"},{\"@type\":\"Person\",\"@id\":\"https:\\\/\\\/batijournal.com\\\/#\\\/schema\\\/person\\\/1dc96ec6957aa1ccb25ebe78bb19f100\",\"name\":\"St\u00e9phane Miget\",\"image\":{\"@type\":\"ImageObject\",\"inLanguage\":\"fr-FR\",\"@id\":\"https:\\\/\\\/secure.gravatar.com\\\/avatar\\\/89915563d925342126b8ef0281b93d9d7fc337043e8df017f780908eb9644451?s=96&d=mm&r=g\",\"url\":\"https:\\\/\\\/secure.gravatar.com\\\/avatar\\\/89915563d925342126b8ef0281b93d9d7fc337043e8df017f780908eb9644451?s=96&d=mm&r=g\",\"contentUrl\":\"https:\\\/\\\/secure.gravatar.com\\\/avatar\\\/89915563d925342126b8ef0281b93d9d7fc337043e8df017f780908eb9644451?s=96&d=mm&r=g\",\"caption\":\"St\u00e9phane Miget\"},\"url\":\"https:\\\/\\\/batijournal.com\\\/index.php\\\/author\\\/stephane\\\/\"}]}<\/script>\n<!-- \/ Yoast SEO plugin. -->","yoast_head_json":{"title":"Le v\u00e9lodrome de Commercy labellis\u00e9 Architecture contemporaine remarquable","robots":{"index":"index","follow":"follow","max-snippet":"max-snippet:-1","max-image-preview":"max-image-preview:large","max-video-preview":"max-video-preview:-1"},"canonical":"https:\/\/batijournal.com\/index.php\/le-velodrome-de-commercy-labellise-architecture-contemporaine-remarquable\/110893\/","og_locale":"fr_FR","og_type":"article","og_title":"Le v\u00e9lodrome de Commercy labellis\u00e9 Architecture contemporaine remarquable","og_description":"Le v\u00e9lodrome de Commercy (Meuse), l&rsquo;incroyable piste au gabarit olympique, cr\u00e9\u00e9e en 1946 par l\u2019architecte De Coll, figure parmi les 15 architectures sportives du Grand Est \u00e0 avoir obtenu r\u00e9cemment le label Architecture contemporaine remarquable. Surnomm\u00e9e l\u2019\u00ab Anneau rose \u00bb, le v\u00e9lodrome \u00e0 Commercy s\u2019inscrit dans le sillon de l\u2019aventure industrielle de Pierre et Ernest [&hellip;]","og_url":"https:\/\/batijournal.com\/index.php\/le-velodrome-de-commercy-labellise-architecture-contemporaine-remarquable\/110893\/","og_site_name":"Batijournal","article_published_time":"2024-09-11T17:50:54+00:00","og_image":[{"width":1992,"height":1120,"url":"https:\/\/batijournal.com\/wp-content\/uploads\/2024\/09\/velodrome_commercy.jpg","type":"image\/jpeg"}],"author":"St\u00e9phane Miget","twitter_card":"summary_large_image","twitter_creator":"@bati_journal","twitter_site":"@bati_journal","twitter_misc":{"\u00c9crit par":"St\u00e9phane Miget","Dur\u00e9e de lecture estim\u00e9e":"1 minute"},"schema":{"@context":"https:\/\/schema.org","@graph":[{"@type":"Article","@id":"https:\/\/batijournal.com\/index.php\/le-velodrome-de-commercy-labellise-architecture-contemporaine-remarquable\/110893\/#article","isPartOf":{"@id":"https:\/\/batijournal.com\/index.php\/le-velodrome-de-commercy-labellise-architecture-contemporaine-remarquable\/110893\/"},"author":{"name":"St\u00e9phane Miget","@id":"https:\/\/batijournal.com\/#\/schema\/person\/1dc96ec6957aa1ccb25ebe78bb19f100"},"headline":"Le v\u00e9lodrome de Commercy labellis\u00e9 Architecture contemporaine remarquable","datePublished":"2024-09-11T17:50:54+00:00","mainEntityOfPage":{"@id":"https:\/\/batijournal.com\/index.php\/le-velodrome-de-commercy-labellise-architecture-contemporaine-remarquable\/110893\/"},"wordCount":173,"image":{"@id":"https:\/\/batijournal.com\/index.php\/le-velodrome-de-commercy-labellise-architecture-contemporaine-remarquable\/110893\/#primaryimage"},"thumbnailUrl":"https:\/\/batijournal.com\/wp-content\/uploads\/2024\/09\/velodrome_commercy.jpg","keywords":["Architecture contemporaine"],"articleSection":["Actualit\u00e9s","Architecture &amp; Conception","zz_Actualit\u00e9s - Atrium","zz_Atrium Patrimoine"],"inLanguage":"fr-FR"},{"@type":"WebPage","@id":"https:\/\/batijournal.com\/index.php\/le-velodrome-de-commercy-labellise-architecture-contemporaine-remarquable\/110893\/","url":"https:\/\/batijournal.com\/index.php\/le-velodrome-de-commercy-labellise-architecture-contemporaine-remarquable\/110893\/","name":"Le v\u00e9lodrome de Commercy labellis\u00e9 Architecture contemporaine remarquable","isPartOf":{"@id":"https:\/\/batijournal.com\/#website"},"primaryImageOfPage":{"@id":"https:\/\/batijournal.com\/index.php\/le-velodrome-de-commercy-labellise-architecture-contemporaine-remarquable\/110893\/#primaryimage"},"image":{"@id":"https:\/\/batijournal.com\/index.php\/le-velodrome-de-commercy-labellise-architecture-contemporaine-remarquable\/110893\/#primaryimage"},"thumbnailUrl":"https:\/\/batijournal.com\/wp-content\/uploads\/2024\/09\/velodrome_commercy.jpg","datePublished":"2024-09-11T17:50:54+00:00","author":{"@id":"https:\/\/batijournal.com\/#\/schema\/person\/1dc96ec6957aa1ccb25ebe78bb19f100"},"breadcrumb":{"@id":"https:\/\/batijournal.com\/index.php\/le-velodrome-de-commercy-labellise-architecture-contemporaine-remarquable\/110893\/#breadcrumb"},"inLanguage":"fr-FR","potentialAction":[{"@type":"ReadAction","target":["https:\/\/batijournal.com\/index.php\/le-velodrome-de-commercy-labellise-architecture-contemporaine-remarquable\/110893\/"]}]},{"@type":"ImageObject","inLanguage":"fr-FR","@id":"https:\/\/batijournal.com\/index.php\/le-velodrome-de-commercy-labellise-architecture-contemporaine-remarquable\/110893\/#primaryimage","url":"https:\/\/batijournal.com\/wp-content\/uploads\/2024\/09\/velodrome_commercy.jpg","contentUrl":"https:\/\/batijournal.com\/wp-content\/uploads\/2024\/09\/velodrome_commercy.jpg","width":1992,"height":1120},{"@type":"BreadcrumbList","@id":"https:\/\/batijournal.com\/index.php\/le-velodrome-de-commercy-labellise-architecture-contemporaine-remarquable\/110893\/#breadcrumb","itemListElement":[{"@type":"ListItem","position":1,"name":"Accueil","item":"https:\/\/batijournal.com\/"},{"@type":"ListItem","position":2,"name":"Actualit\u00e9s","item":"https:\/\/batijournal.com\/index.php\/category\/actualites\/"},{"@type":"ListItem","position":3,"name":"Le v\u00e9lodrome de Commercy labellis\u00e9 Architecture contemporaine remarquable"}]},{"@type":"WebSite","@id":"https:\/\/batijournal.com\/#website","url":"https:\/\/batijournal.com\/","name":"Batijournal","description":"L&#039;actualit\u00e9 du b\u00e2timent","potentialAction":[{"@type":"SearchAction","target":{"@type":"EntryPoint","urlTemplate":"https:\/\/batijournal.com\/?s={search_term_string}"},"query-input":{"@type":"PropertyValueSpecification","valueRequired":true,"valueName":"search_term_string"}}],"inLanguage":"fr-FR"},{"@type":"Person","@id":"https:\/\/batijournal.com\/#\/schema\/person\/1dc96ec6957aa1ccb25ebe78bb19f100","name":"St\u00e9phane Miget","image":{"@type":"ImageObject","inLanguage":"fr-FR","@id":"https:\/\/secure.gravatar.com\/avatar\/89915563d925342126b8ef0281b93d9d7fc337043e8df017f780908eb9644451?s=96&d=mm&r=g","url":"https:\/\/secure.gravatar.com\/avatar\/89915563d925342126b8ef0281b93d9d7fc337043e8df017f780908eb9644451?s=96&d=mm&r=g","contentUrl":"https:\/\/secure.gravatar.com\/avatar\/89915563d925342126b8ef0281b93d9d7fc337043e8df017f780908eb9644451?s=96&d=mm&r=g","caption":"St\u00e9phane Miget"},"url":"https:\/\/batijournal.com\/index.php\/author\/stephane\/"}]}},"_links":{"self":[{"href":"https:\/\/batijournal.com\/index.php\/wp-json\/wp\/v2\/posts\/110893","targetHints":{"allow":["GET"]}}],"collection":[{"href":"https:\/\/batijournal.com\/index.php\/wp-json\/wp\/v2\/posts"}],"about":[{"href":"https:\/\/batijournal.com\/index.php\/wp-json\/wp\/v2\/types\/post"}],"author":[{"embeddable":true,"href":"https:\/\/batijournal.com\/index.php\/wp-json\/wp\/v2\/users\/17"}],"replies":[{"embeddable":true,"href":"https:\/\/batijournal.com\/index.php\/wp-json\/wp\/v2\/comments?post=110893"}],"version-history":[{"count":0,"href":"https:\/\/batijournal.com\/index.php\/wp-json\/wp\/v2\/posts\/110893\/revisions"}],"wp:featuredmedia":[{"embeddable":true,"href":"https:\/\/batijournal.com\/index.php\/wp-json\/wp\/v2\/media\/110894"}],"wp:attachment":[{"href":"https:\/\/batijournal.com\/index.php\/wp-json\/wp\/v2\/media?parent=110893"}],"wp:term":[{"taxonomy":"category","embeddable":true,"href":"https:\/\/batijournal.com\/index.php\/wp-json\/wp\/v2\/categories?post=110893"},{"taxonomy":"post_tag","embeddable":true,"href":"https:\/\/batijournal.com\/index.php\/wp-json\/wp\/v2\/tags?post=110893"}],"curies":[{"name":"wp","href":"https:\/\/api.w.org\/{rel}","templated":true}]}}